{"id":53569,"date":"2022-08-03T10:01:34","date_gmt":"2022-08-03T15:01:34","guid":{"rendered":"https:\/\/mexicocodigorojo.com.mx\/?p=53569"},"modified":"2022-08-03T10:01:34","modified_gmt":"2022-08-03T15:01:34","slug":"tampoco-confio-en-ustedes-adan-augusto-lopez-a-madres-de-desaparecidos","status":"publish","type":"post","link":"https:\/\/mexicocodigorojo.com.mx\/?p=53569","title":{"rendered":"\u2018Tampoco conf\u00edo en ustedes\u2019, Ad\u00e1n Augusto L\u00f3pez a madres de desaparecidos"},"content":{"rendered":"<p>Luego de que distintos grupos y colectivos de madres de personas desaparecidas se manifestaran a las afueras de la Secretar\u00eda de Gobernaci\u00f3n (Segob) este martes, el titular de la dependencia, Ad\u00e1n Augusto L\u00f3pez, sali\u00f3 a dialogar con las manifestantes y dijo que no conf\u00eda en ellas.<\/p>\n<p>Lo anterior, luego de que los colectivos solicitaran atender los casos de sus familiares por las autoridades de la dependencia, as\u00ed como una charla formal con los miembros de la dependencia.<\/p>\n<p>\u201c\u00bfA ver, se\u00f1ora, usted conf\u00eda en m\u00ed?\u201d, pregunt\u00f3 el secretario de Gobernaci\u00f3n, Ad\u00e1n Augusto L\u00f3pez, a la madre de un desaparecido, durante un di\u00e1logo que sosten\u00edan en las puertas de la dependencia.<\/p>\n<p>\u201cPues la verdad yo no confi\u00f3 en nadie\u201d, respondi\u00f3 la mujer que se encontraba con el grupo de manifestantes de colectivos feministas y de familiares de desaparecidos.<\/p>\n<p>\u201cPues yo tampoco conf\u00edo en ustedes\u201d, dijo Ad\u00e1n Augusto L\u00f3pez a la mujer. Despu\u00e9s de cavilar por unos segundos, el funcionario puntualiz\u00f3: \u201cesto es de confianza\u201d.<\/p>\n<p>\u201cYo soy la madre de un desaparecido y por ello no conf\u00edo en las autoridades, necesito un documento con firma y sello\u201d, dijo la mujer con la que charlaba el titular de la Segob.<\/p>\n<p>Ante la respuesta, Ad\u00e1n Augusto coment\u00f3 que \u00e9l sellar\u00eda y firmar\u00eda los acuerdos a los que el y la mujer llegaran.<\/p>\n<p>Ante casos de Morelos, Chiapas y San Luis Potos\u00ed que le externaron, L\u00f3pez Hern\u00e1ndez se comprometi\u00f3 a dar seguimiento a \u00e9stos.<\/p>\n<p>\u201cNo se preocupe, vamos a atender a todos, hoy empezamos con el asunto de Carmen\u201d, dijo el titular de la Segob.<\/p>\n<p>Del mismo modo, la Segob comunic\u00f3 a trav\u00e9s de redes sociales que el titular de la dependencia reiter\u00f3 que el Gobierno de M\u00e9xico prioriza el di\u00e1logo, por lo que se atender\u00e1n las demandas que se dieron hoy.<\/p>\n<p>\u201cEl secretario de Gobernaci\u00f3n, @adan_augusto dialog\u00f3 con diversos colectivos que se manifiestan a las afueras de esta dependencia. Reiter\u00f3 que el @GobiernoMX prioriza el di\u00e1logo y refrend\u00f3 el seguimiento a sus demandas con las instancias correspondientes en un marco de legalidad\u201d, escribi\u00f3 la dependencia en Twitter.<\/p>\n<blockquote class=\"twitter-tweet\" data-width=\"550\" data-dnt=\"true\">\n<p lang=\"es\" dir=\"ltr\">El secretario de Gobernaci\u00f3n, <a href=\"https:\/\/twitter.com\/adan_augusto?ref_src=twsrc%5Etfw\">@adan_augusto<\/a> dialog\u00f3 con diversos colectivos que se manifiestan a las afueras de esta dependencia. Reiter\u00f3 que el <a href=\"https:\/\/twitter.com\/GobiernoMX?ref_src=twsrc%5Etfw\">@GobiernoMX<\/a> prioriza el di\u00e1logo y refrend\u00f3 el seguimiento a sus demandas con las instancias correspondientes en un marco de legalidad. <a href=\"https:\/\/t.co\/bI5T3wS2MZ\">pic.twitter.com\/bI5T3wS2MZ<\/a><\/p>\n<p>&mdash; Gobernaci\u00f3n (@SEGOB_mx) <a href=\"https:\/\/twitter.com\/SEGOB_mx\/status\/1554546184265428993?ref_src=twsrc%5Etfw\">August 2, 2022<\/a><\/p><\/blockquote>\n<p><script async src=\"https:\/\/platform.twitter.com\/widgets.js\" charset=\"utf-8\"><\/script><\/p>\n","protected":false},"excerpt":{"rendered":"<p>Luego de que distintos grupos y colectivos de madres de personas desaparecidas se manifestaran a las afueras de la Secretar\u00eda de Gobernaci\u00f3n (Segob) este martes, el titular de la dependencia, Ad\u00e1n Augusto L\u00f3pez, sali\u00f3 a dialogar con las manifestantes y dijo que no conf\u00eda en ellas. Lo anterior, luego de que los colectivos solicitaran atender [&hellip;]<\/p>\n","protected":false},"author":5,"featured_media":53570,"comment_status":"closed","ping_status":"closed","sticky":false,"template":"","format":"standard","meta":{"_uf_show_specific_survey":0,"_uf_disable_surveys":false,"advanced_seo_description":"","jetpack_seo_html_title":"","jetpack_seo_noindex":false,"jetpack_post_was_ever_published":false,"_jetpack_newsletter_access":"","_jetpack_dont_email_post_to_subs":false,"_jetpack_newsletter_tier_id":0,"_jetpack_memberships_contains_paywalled_content":false,"_jetpack_memberships_contains_paid_content":false,"footnotes":"","jetpack_publicize_message":"#CdMx | Ad\u00e1n Augusto L\u00f3pez sostuvo un di\u00e1logo con un grupo de mujeres que se manifestaba a las afueras de la Segob para exigir que atendieran los casos de sus familiares desaparecidos.","jetpack_publicize_feature_enabled":true,"jetpack_social_post_already_shared":true,"jetpack_social_options":{"image_generator_settings":{"template":"highway","default_image_id":0,"font":"","enabled":false},"version":2}},"categories":[101,1724],"tags":[2016],"class_list":{"0":"post-53569","1":"post","2":"type-post","3":"status-publish","4":"format-standard","5":"has-post-thumbnail","7":"category-ciudad-de-mexico","8":"category-featured","9":"tag-desaparecidos-2"},"jetpack_publicize_connections":[],"jetpack_featured_media_url":"https:\/\/i0.wp.com\/mexicocodigorojo.com.mx\/wp-content\/uploads\/2022\/08\/adan-augusto-lopez-dio-positivo-a-covid-19.webp?fit=1200%2C628&ssl=1","jetpack-related-posts":[{"id":56238,"url":"https:\/\/mexicocodigorojo.com.mx\/?p=56238","url_meta":{"origin":53569,"position":0},"title":"Viajes de Ad\u00e1n Augusto en aviones oficiales: &#8216;no hay nombres, se registra peso&#8217;: Guardia Nacional","author":"Staff","date":"junio 2, 2023","format":false,"excerpt":"Durante un viaje a Torre\u00f3n, Coahuila, el\u00a0secretario de Gobernaci\u00f3n, Ad\u00e1n Augusto L\u00f3pez, fue captado utilizando un avi\u00f3n de la\u00a0Guardia Nacional,\u00a0junto con otros funcionarios federales; sin embargo, ahora la\u00a0Guardia Nacional\u00a0dice no tener datos sobre los viajes que ha hecho el tabasque\u00f1o en aeronaves de la instituci\u00f3n. La\u00a0Guardia Nacional\u00a0desconoce los nombres y\u2026","rel":"","context":"En \u00abCiudad de M\u00e9xico\u00bb","block_context":{"text":"Ciudad de M\u00e9xico","link":"https:\/\/mexicocodigorojo.com.mx\/?cat=101"},"img":{"alt_text":"","src":"https:\/\/i0.wp.com\/mexicocodigorojo.com.mx\/wp-content\/uploads\/2023\/06\/f960x540-447617_521692_15.jpg?fit=960%2C540&ssl=1&resize=350%2C200","width":350,"height":200,"srcset":"https:\/\/i0.wp.com\/mexicocodigorojo.com.mx\/wp-content\/uploads\/2023\/06\/f960x540-447617_521692_15.jpg?fit=960%2C540&ssl=1&resize=350%2C200 1x, https:\/\/i0.wp.com\/mexicocodigorojo.com.mx\/wp-content\/uploads\/2023\/06\/f960x540-447617_521692_15.jpg?fit=960%2C540&ssl=1&resize=525%2C300 1.5x, https:\/\/i0.wp.com\/mexicocodigorojo.com.mx\/wp-content\/uploads\/2023\/06\/f960x540-447617_521692_15.jpg?fit=960%2C540&ssl=1&resize=700%2C400 2x"},"classes":[]},{"id":39781,"url":"https:\/\/mexicocodigorojo.com.mx\/?p=39781","url_meta":{"origin":53569,"position":1},"title":"Rescataron a Griselda y Ad\u00e1n, la pareja de artistas que desapareci\u00f3 en Jalisco","author":"Staff","date":"junio 16, 2020","format":false,"excerpt":"La Fiscal\u00eda de Jalisco inform\u00f3 que tambi\u00e9n hallaron a Wenceslao y a otras cinco personas en buenas condiciones de salud Griselda y Ad\u00e1n fueron localizados con vida y en buenas condiciones de salud, ambos se encontraban\u00a0privados de su libertad en una finca junto con seis personas m\u00e1s, entre ellas, Wenceslao,\u2026","rel":"","context":"En \u00abJalisco\u00bb","block_context":{"text":"Jalisco","link":"https:\/\/mexicocodigorojo.com.mx\/?cat=8"},"img":{"alt_text":"","src":"","width":0,"height":0},"classes":[]},{"id":45162,"url":"https:\/\/mexicocodigorojo.com.mx\/?p=45162","url_meta":{"origin":53569,"position":2},"title":"Tabasco inundado: sobreviven sin ayuda del gobernador Ad\u00e1n Augusto L\u00f3pez Hern\u00e1ndez","author":"Staff","date":"noviembre 18, 2020","format":false,"excerpt":"El desfogue de la presa Pe\u00f1itas provocaron inundaciones en 15 de los 17 municipios de Tabasco Tabasco\u00a0vive una situaci\u00f3n de crisis por la\u00a0inundaciones\u00a0provocadas por las lluvias y los\u00a0desbordamientos de r\u00edos\u00a0en la entidad, as\u00ed como por la falta de ayuda del gobierno de\u00a0Andr\u00e9s Manuel L\u00f3pez Obrador. Protecci\u00f3n Civil\u00a0report\u00f3\u00a0que los municipios de\u00a0Nacajuca,\u00a0Jalpa\u2026","rel":"","context":"En \u00abFeatured\u00bb","block_context":{"text":"Featured","link":"https:\/\/mexicocodigorojo.com.mx\/?cat=1724"},"img":{"alt_text":"","src":"https:\/\/i0.wp.com\/mexicocodigorojo.com.mx\/wp-content\/uploads\/2020\/11\/unnamed.jpg?fit=512%2C309&ssl=1&resize=350%2C200","width":350,"height":200},"classes":[]},{"id":54292,"url":"https:\/\/mexicocodigorojo.com.mx\/?p=54292","url_meta":{"origin":53569,"position":3},"title":"FUNCIONARIO NOMBRADO POR AD\u00c1N AUGUSTO ES ACUSADO DE PROTEGER A GRUPO CRIMINAL","author":"Staff","date":"octubre 7, 2022","format":false,"excerpt":"Informes de inteligencia hackeados a la Sedena identificaron como c\u00f3mplice de un grupo criminal al Secretario de Seguridad y Protecci\u00f3n Ciudadana de Tabasco (SSPC), Hern\u00e1n Berm\u00fadez Requena, quien fue nombrado en ese cargo por el actual secretario de Gobernaci\u00f3n, Ad\u00e1n Augusto L\u00f3pez. Los reportes se\u00f1alan que el titular de la\u2026","rel":"","context":"En \u00abFeatured\u00bb","block_context":{"text":"Featured","link":"https:\/\/mexicocodigorojo.com.mx\/?cat=1724"},"img":{"alt_text":"","src":"https:\/\/i0.wp.com\/mexicocodigorojo.com.mx\/wp-content\/uploads\/2022\/10\/portada_02_1005b-scaled-1.jpg?fit=1200%2C675&ssl=1&resize=350%2C200","width":350,"height":200,"srcset":"https:\/\/i0.wp.com\/mexicocodigorojo.com.mx\/wp-content\/uploads\/2022\/10\/portada_02_1005b-scaled-1.jpg?fit=1200%2C675&ssl=1&resize=350%2C200 1x, https:\/\/i0.wp.com\/mexicocodigorojo.com.mx\/wp-content\/uploads\/2022\/10\/portada_02_1005b-scaled-1.jpg?fit=1200%2C675&ssl=1&resize=525%2C300 1.5x, https:\/\/i0.wp.com\/mexicocodigorojo.com.mx\/wp-content\/uploads\/2022\/10\/portada_02_1005b-scaled-1.jpg?fit=1200%2C675&ssl=1&resize=700%2C400 2x, https:\/\/i0.wp.com\/mexicocodigorojo.com.mx\/wp-content\/uploads\/2022\/10\/portada_02_1005b-scaled-1.jpg?fit=1200%2C675&ssl=1&resize=1050%2C600 3x"},"classes":[]},{"id":55763,"url":"https:\/\/mexicocodigorojo.com.mx\/?p=55763","url_meta":{"origin":53569,"position":4},"title":"Echa Ad\u00e1n Augusto bolita de tragedia en Chihuahua a Ebrard","author":"MexicoRojoCvmx","date":"marzo 28, 2023","format":false,"excerpt":"A 17 horas del incendio en una estaci\u00f3n migratoria de Ciudad Ju\u00e1rez, que dej\u00f3 como saldo 40 muertos, el Secretario de Gobernaci\u00f3n, Ad\u00e1n Augusto L\u00f3pez, asegur\u00f3 que el responsable de la pol\u00edtica migratoria en el Pa\u00eds es el Canciller Marcelo Ebrard. El funcionario sostuvo que, a\u00fan cuando el Instituto Nacional\u2026","rel":"","context":"En \u00abFeatured\u00bb","block_context":{"text":"Featured","link":"https:\/\/mexicocodigorojo.com.mx\/?cat=1724"},"img":{"alt_text":"","src":"https:\/\/i0.wp.com\/mexicocodigorojo.com.mx\/wp-content\/uploads\/2023\/03\/5457243.jpg?fit=960%2C640&ssl=1&resize=350%2C200","width":350,"height":200,"srcset":"https:\/\/i0.wp.com\/mexicocodigorojo.com.mx\/wp-content\/uploads\/2023\/03\/5457243.jpg?fit=960%2C640&ssl=1&resize=350%2C200 1x, https:\/\/i0.wp.com\/mexicocodigorojo.com.mx\/wp-content\/uploads\/2023\/03\/5457243.jpg?fit=960%2C640&ssl=1&resize=525%2C300 1.5x, https:\/\/i0.wp.com\/mexicocodigorojo.com.mx\/wp-content\/uploads\/2023\/03\/5457243.jpg?fit=960%2C640&ssl=1&resize=700%2C400 2x"},"classes":[]},{"id":64733,"url":"https:\/\/mexicocodigorojo.com.mx\/?p=64733","url_meta":{"origin":53569,"position":5},"title":"Expulsan a Hern\u00e1n \u201cN\u201d de Paraguay: exsecretario de Seguridad y capo de \u201cLa Barredora\u201d ya va rumbo a M\u00e9xico","author":"Staff","date":"septiembre 17, 2025","format":false,"excerpt":"Ciudad de M\u00e9xico, 17 de septiembre de 2025. El gobierno de Paraguay notific\u00f3 oficialmente a M\u00e9xico la expulsi\u00f3n de Hern\u00e1n \u201cN\u201d, alias \u201cEl Abuelo\u201d, exsecretario de Seguridad de Tabasco durante la administraci\u00f3n de Ad\u00e1n Augusto L\u00f3pez y se\u00f1alado como presunto l\u00edder del grupo delictivo \u201cLa Barredora\u201d. La medida se dio\u2026","rel":"","context":"En \u00abCiudad de M\u00e9xico\u00bb","block_context":{"text":"Ciudad de M\u00e9xico","link":"https:\/\/mexicocodigorojo.com.mx\/?cat=101"},"img":{"alt_text":"","src":"https:\/\/i0.wp.com\/mexicocodigorojo.com.mx\/wp-content\/uploads\/2025\/09\/e3932f0d-ac82-4798-aa65-40d853278318.jpg?fit=554%2C1200&ssl=1&resize=350%2C200","width":350,"height":200,"srcset":"https:\/\/i0.wp.com\/mexicocodigorojo.com.mx\/wp-content\/uploads\/2025\/09\/e3932f0d-ac82-4798-aa65-40d853278318.jpg?fit=554%2C1200&ssl=1&resize=350%2C200 1x, https:\/\/i0.wp.com\/mexicocodigorojo.com.mx\/wp-content\/uploads\/2025\/09\/e3932f0d-ac82-4798-aa65-40d853278318.jpg?fit=554%2C1200&ssl=1&resize=525%2C300 1.5x"},"classes":[]}],"jetpack_sharing_enabled":true,"jetpack_likes_enabled":true,"jetpack_shortlink":"https:\/\/wp.me\/p9TedA-dW1","_links":{"self":[{"href":"https:\/\/mexicocodigorojo.com.mx\/index.php?rest_route=\/wp\/v2\/posts\/53569","targetHints":{"allow":["GET"]}}],"collection":[{"href":"https:\/\/mexicocodigorojo.com.mx\/index.php?rest_route=\/wp\/v2\/posts"}],"about":[{"href":"https:\/\/mexicocodigorojo.com.mx\/index.php?rest_route=\/wp\/v2\/types\/post"}],"author":[{"embeddable":true,"href":"https:\/\/mexicocodigorojo.com.mx\/index.php?rest_route=\/wp\/v2\/users\/5"}],"replies":[{"embeddable":true,"href":"https:\/\/mexicocodigorojo.com.mx\/index.php?rest_route=%2Fwp%2Fv2%2Fcomments&post=53569"}],"version-history":[{"count":1,"href":"https:\/\/mexicocodigorojo.com.mx\/index.php?rest_route=\/wp\/v2\/posts\/53569\/revisions"}],"predecessor-version":[{"id":53571,"href":"https:\/\/mexicocodigorojo.com.mx\/index.php?rest_route=\/wp\/v2\/posts\/53569\/revisions\/53571"}],"wp:featuredmedia":[{"embeddable":true,"href":"https:\/\/mexicocodigorojo.com.mx\/index.php?rest_route=\/wp\/v2\/media\/53570"}],"wp:attachment":[{"href":"https:\/\/mexicocodigorojo.com.mx\/index.php?rest_route=%2Fwp%2Fv2%2Fmedia&parent=53569"}],"wp:term":[{"taxonomy":"category","embeddable":true,"href":"https:\/\/mexicocodigorojo.com.mx\/index.php?rest_route=%2Fwp%2Fv2%2Fcategories&post=53569"},{"taxonomy":"post_tag","embeddable":true,"href":"https:\/\/mexicocodigorojo.com.mx\/index.php?rest_route=%2Fwp%2Fv2%2Ftags&post=53569"}],"curies":[{"name":"wp","href":"https:\/\/api.w.org\/{rel}","templated":true}]}}