{"id":53550,"date":"2022-07-31T15:16:00","date_gmt":"2022-07-31T20:16:00","guid":{"rendered":"https:\/\/mexicocodigorojo.com.mx\/?p=53550"},"modified":"2022-07-31T15:16:59","modified_gmt":"2022-07-31T20:16:59","slug":"ejecutan-a-presidente-de-la-asociacion-de-bares-de-acapulco","status":"publish","type":"post","link":"https:\/\/mexicocodigorojo.com.mx\/?p=53550","title":{"rendered":"Ejecutan a presidente de la Asociaci\u00f3n de Bares de Acapulco"},"content":{"rendered":"<p>Jes\u00fas Rivera Rojas, empresario y presidente de la Asociaci\u00f3n de Bares, Restaurantes y Discotecas de la Costera, fue asesinado en la Costera Miguel Alem\u00e1n, a la altura del fraccionamiento Costa Azul del puerto de Acapulco.<\/p>\n<p>\u201cEl Chuy\u201d, como era conocido el empresario, fue atacado cuando sal\u00eda del bar \u201cT\u00f3xica\u201d, de su propiedad, alrededor de las 4:30 horas de este domingo.<\/p>\n<p>La Fiscal\u00eda de Guerrero inici\u00f3 Carpeta de Investigaci\u00f3n en contra de quienes resulten responsables por el delito de Homicidio Calificado.<\/p>\n<p>Agentes de la Polic\u00eda Investigadora Ministerial y personal de Servicios Periciales se trasladaron al lugar de los hechos, con la finalidad de realizar los actos de investigaci\u00f3n que permitan esclarecer el il\u00edcito.<\/p>\n<p>Omar Elias Azar, del Consejo Coordinador Empresarial del estado de Guerrero, lament\u00f3 el asesinato y dijo que el ataque se registr\u00f3 despu\u00e9s de una reuni\u00f3n con autoridades, donde \u201clevantamos la voz por la barbarie y violencia en nuestro estado\u201d.<\/p>\n","protected":false},"excerpt":{"rendered":"<p>Jes\u00fas Rivera Rojas, empresario y presidente de la Asociaci\u00f3n de Bares, Restaurantes y Discotecas de la Costera, fue asesinado en la Costera Miguel Alem\u00e1n, a la altura del fraccionamiento Costa Azul del puerto de Acapulco. \u201cEl Chuy\u201d, como era conocido el empresario, fue atacado cuando sal\u00eda del bar \u201cT\u00f3xica\u201d, de su propiedad, alrededor de las [&hellip;]<\/p>\n","protected":false},"author":21,"featured_media":53551,"comment_status":"closed","ping_status":"closed","sticky":false,"template":"","format":"standard","meta":{"_uf_show_specific_survey":0,"_uf_disable_surveys":false,"advanced_seo_description":"","jetpack_seo_html_title":"","jetpack_seo_noindex":false,"jetpack_post_was_ever_published":false,"_jetpack_newsletter_access":"","_jetpack_dont_email_post_to_subs":false,"_jetpack_newsletter_tier_id":0,"_jetpack_memberships_contains_paywalled_content":false,"_jetpack_memberships_contains_paid_content":false,"footnotes":"","jetpack_publicize_message":"Ejecutan a presidente de la Asociaci\u00f3n de Bares de #Acapulco #Guerrero","jetpack_publicize_feature_enabled":true,"jetpack_social_post_already_shared":true,"jetpack_social_options":{"image_generator_settings":{"template":"highway","default_image_id":0,"font":"","enabled":false},"version":2}},"categories":[1724],"tags":[],"class_list":{"0":"post-53550","1":"post","2":"type-post","3":"status-publish","4":"format-standard","5":"has-post-thumbnail","7":"category-featured"},"jetpack_publicize_connections":[],"jetpack_featured_media_url":"https:\/\/i0.wp.com\/mexicocodigorojo.com.mx\/wp-content\/uploads\/2022\/07\/AA109UtS.jpg?fit=600%2C387&ssl=1","jetpack-related-posts":[{"id":11426,"url":"https:\/\/mexicocodigorojo.com.mx\/?p=11426","url_meta":{"origin":53550,"position":0},"title":"Dos muertos y cuatro heridos dejan dos ataques a bares en Acapulco","author":"Staff","date":"diciembre 30, 2018","format":false,"excerpt":"CHILPANCINGO, Gro. (proceso.com.mx).- Al menos dos j\u00f3venes fueron asesinados y cuatro m\u00e1s resultaron heridos durante dos ataques armados ocurridos en dos bares de la avenida costera en el puerto de Acapulco. Reportes oficiales indican que los hechos de violencia se registraron, el primero a la 01:30 horas y el segundo\u2026","rel":"","context":"En \u00abGuerrero\u00bb","block_context":{"text":"Guerrero","link":"https:\/\/mexicocodigorojo.com.mx\/?cat=26"},"img":{"alt_text":"","src":"","width":0,"height":0},"classes":[]},{"id":6183,"url":"https:\/\/mexicocodigorojo.com.mx\/?p=6183","url_meta":{"origin":53550,"position":1},"title":"HALLAN EL CUERPO DE LA MAESTRA DESAPARECIDA EN ACAPULCO GUERRERO","author":"Staff","date":"octubre 16, 2018","format":false,"excerpt":"La maestra Itzel Vega Radilla, desaparecida desde el pasado 8 de octubre, fue localizada muerta en una vivienda del fraccionamiento Magallanes, de el municipio de Acapulco, Guerrero,De acuerdo con la Fiscal\u00eda General del Estado (FGE), este d\u00eda agentes ministeriales encontraron el cuerpo de una mujer en el fraccionamiento la Bocana\u2026","rel":"","context":"En \u00abGuerrero\u00bb","block_context":{"text":"Guerrero","link":"https:\/\/mexicocodigorojo.com.mx\/?cat=26"},"img":{"alt_text":"","src":"https:\/\/i0.wp.com\/mexicocodigorojo.com.mx\/wp-content\/uploads\/2018\/10\/DplV7y8UwAAKVcr-1.jpg?resize=350%2C200&ssl=1","width":350,"height":200,"srcset":"https:\/\/i0.wp.com\/mexicocodigorojo.com.mx\/wp-content\/uploads\/2018\/10\/DplV7y8UwAAKVcr-1.jpg?resize=350%2C200&ssl=1 1x, https:\/\/i0.wp.com\/mexicocodigorojo.com.mx\/wp-content\/uploads\/2018\/10\/DplV7y8UwAAKVcr-1.jpg?resize=525%2C300&ssl=1 1.5x"},"classes":[]},{"id":25085,"url":"https:\/\/mexicocodigorojo.com.mx\/?p=25085","url_meta":{"origin":53550,"position":2},"title":"Queman cami\u00f3n de pasajeros en plena costera de Acapulco, Guerrero","author":"Staff","date":"octubre 10, 2019","format":false,"excerpt":"Un cami\u00f3n de pasajeros de la ruta Base-Caleta fue incendiado en plena Costera Miguel Alem\u00e1n, casi frente a la playa Tamarindos GUERRERO Despu\u00e9s de las cinco de la tarde, un\u00a0cami\u00f3n de pasajeros\u00a0de la ruta Base-Caleta fue incendiado en plena Costera Miguel Alem\u00e1n, casi frente a la playa Tamarindos de\u00a0Acapulco, Guerrero.\u2026","rel":"","context":"En \u00abGuerrero\u00bb","block_context":{"text":"Guerrero","link":"https:\/\/mexicocodigorojo.com.mx\/?cat=26"},"img":{"alt_text":"","src":"https:\/\/i0.wp.com\/mexicocodigorojo.com.mx\/wp-content\/uploads\/2019\/10\/2233552.jpg?fit=1200%2C900&ssl=1&resize=350%2C200","width":350,"height":200,"srcset":"https:\/\/i0.wp.com\/mexicocodigorojo.com.mx\/wp-content\/uploads\/2019\/10\/2233552.jpg?fit=1200%2C900&ssl=1&resize=350%2C200 1x, https:\/\/i0.wp.com\/mexicocodigorojo.com.mx\/wp-content\/uploads\/2019\/10\/2233552.jpg?fit=1200%2C900&ssl=1&resize=525%2C300 1.5x, https:\/\/i0.wp.com\/mexicocodigorojo.com.mx\/wp-content\/uploads\/2019\/10\/2233552.jpg?fit=1200%2C900&ssl=1&resize=700%2C400 2x, https:\/\/i0.wp.com\/mexicocodigorojo.com.mx\/wp-content\/uploads\/2019\/10\/2233552.jpg?fit=1200%2C900&ssl=1&resize=1050%2C600 3x"},"classes":[]},{"id":7533,"url":"https:\/\/mexicocodigorojo.com.mx\/?p=7533","url_meta":{"origin":53550,"position":3},"title":"Empresario es enterrado en Acapulco luego de ser asesinado en su casa","author":"Staff","date":"octubre 29, 2018","format":false,"excerpt":"CHILPANCINGO, Gro.- Entre aplausos y expresiones de indignaci\u00f3n, esta tarde fue despedido el cuerpo del empresario y fil\u00e1ntropo, C\u00e9sar Zambrano P\u00e9rez, quien fue asesinado a tiros hace dos d\u00edas en Acapulco. Este asesinato se registra en el contexto de m\u00e1s de seis mil homicidios dolosos durante la administraci\u00f3n del gobernador\u2026","rel":"","context":"En \u00abGuerrero\u00bb","block_context":{"text":"Guerrero","link":"https:\/\/mexicocodigorojo.com.mx\/?cat=26"},"img":{"alt_text":"","src":"https:\/\/i0.wp.com\/mexicocodigorojo.com.mx\/wp-content\/uploads\/2018\/10\/WhatsApp-Image-2018-10-28-at-15.57.54.jpeg?fit=479%2C640&ssl=1&resize=350%2C200","width":350,"height":200},"classes":[]},{"id":60623,"url":"https:\/\/mexicocodigorojo.com.mx\/?p=60623","url_meta":{"origin":53550,"position":4},"title":"Hallan cuatro cuerpos desmembrados en Acapulco","author":"Staff","date":"mayo 16, 2024","format":false,"excerpt":"Chilpancingo, M\u00e9xico.- Los cuerpos desmembrados de tres hombres y una mujer fueron hallados a unos metros de una camioneta Urvan calcinada en la colonia Ciudad Renacimiento en Acapulco, inform\u00f3 la Fiscal\u00eda General del Estado (FGE) de Guerrero. \"La Fiscal\u00eda General del Estado inici\u00f3 carpeta de investigaci\u00f3n en contra de quien\u2026","rel":"","context":"En \u00abFeatured\u00bb","block_context":{"text":"Featured","link":"https:\/\/mexicocodigorojo.com.mx\/?cat=1724"},"img":{"alt_text":"","src":"https:\/\/i0.wp.com\/mexicocodigorojo.com.mx\/wp-content\/uploads\/2024\/05\/20240516094748119-0-2176616.jpg?fit=1016%2C640&ssl=1&resize=350%2C200","width":350,"height":200,"srcset":"https:\/\/i0.wp.com\/mexicocodigorojo.com.mx\/wp-content\/uploads\/2024\/05\/20240516094748119-0-2176616.jpg?fit=1016%2C640&ssl=1&resize=350%2C200 1x, https:\/\/i0.wp.com\/mexicocodigorojo.com.mx\/wp-content\/uploads\/2024\/05\/20240516094748119-0-2176616.jpg?fit=1016%2C640&ssl=1&resize=525%2C300 1.5x, https:\/\/i0.wp.com\/mexicocodigorojo.com.mx\/wp-content\/uploads\/2024\/05\/20240516094748119-0-2176616.jpg?fit=1016%2C640&ssl=1&resize=700%2C400 2x"},"classes":[]},{"id":5318,"url":"https:\/\/mexicocodigorojo.com.mx\/?p=5318","url_meta":{"origin":53550,"position":5},"title":"Marinos dejaron parapl\u00e9jico a joven inocente tras disparar durante una persecuci\u00f3n en Acapulco: CNDH","author":"Staff","date":"octubre 6, 2018","format":false,"excerpt":"Elementos de la Secretar\u00eda de Marina (Semar) fueron los responsables de dejar a un joven de 21 a\u00f1os parapl\u00e9jico, tras dispararle durante una persecuci\u00f3n a un presunto delincuente en Acapulco, Guerrero. \u00a0 Esto revel\u00f3 una investigaci\u00f3n de la Comisi\u00f3n Nacional de los Derechos Humanos (CNDH), tras atender una queja de\u2026","rel":"","context":"En \u00abGuerrero\u00bb","block_context":{"text":"Guerrero","link":"https:\/\/mexicocodigorojo.com.mx\/?cat=26"},"img":{"alt_text":"","src":"https:\/\/i0.wp.com\/mexicocodigorojo.com.mx\/wp-content\/uploads\/2018\/10\/AA1BA9EB-7A74-460C-9EF7-DA32C2ED082C.jpeg?fit=536%2C268&ssl=1&resize=350%2C200","width":350,"height":200,"srcset":"https:\/\/i0.wp.com\/mexicocodigorojo.com.mx\/wp-content\/uploads\/2018\/10\/AA1BA9EB-7A74-460C-9EF7-DA32C2ED082C.jpeg?fit=536%2C268&ssl=1&resize=350%2C200 1x, https:\/\/i0.wp.com\/mexicocodigorojo.com.mx\/wp-content\/uploads\/2018\/10\/AA1BA9EB-7A74-460C-9EF7-DA32C2ED082C.jpeg?fit=536%2C268&ssl=1&resize=525%2C300 1.5x"},"classes":[]}],"jetpack_sharing_enabled":true,"jetpack_likes_enabled":true,"jetpack_shortlink":"https:\/\/wp.me\/p9TedA-dVI","_links":{"self":[{"href":"https:\/\/mexicocodigorojo.com.mx\/index.php?rest_route=\/wp\/v2\/posts\/53550","targetHints":{"allow":["GET"]}}],"collection":[{"href":"https:\/\/mexicocodigorojo.com.mx\/index.php?rest_route=\/wp\/v2\/posts"}],"about":[{"href":"https:\/\/mexicocodigorojo.com.mx\/index.php?rest_route=\/wp\/v2\/types\/post"}],"author":[{"embeddable":true,"href":"https:\/\/mexicocodigorojo.com.mx\/index.php?rest_route=\/wp\/v2\/users\/21"}],"replies":[{"embeddable":true,"href":"https:\/\/mexicocodigorojo.com.mx\/index.php?rest_route=%2Fwp%2Fv2%2Fcomments&post=53550"}],"version-history":[{"count":1,"href":"https:\/\/mexicocodigorojo.com.mx\/index.php?rest_route=\/wp\/v2\/posts\/53550\/revisions"}],"predecessor-version":[{"id":53552,"href":"https:\/\/mexicocodigorojo.com.mx\/index.php?rest_route=\/wp\/v2\/posts\/53550\/revisions\/53552"}],"wp:featuredmedia":[{"embeddable":true,"href":"https:\/\/mexicocodigorojo.com.mx\/index.php?rest_route=\/wp\/v2\/media\/53551"}],"wp:attachment":[{"href":"https:\/\/mexicocodigorojo.com.mx\/index.php?rest_route=%2Fwp%2Fv2%2Fmedia&parent=53550"}],"wp:term":[{"taxonomy":"category","embeddable":true,"href":"https:\/\/mexicocodigorojo.com.mx\/index.php?rest_route=%2Fwp%2Fv2%2Fcategories&post=53550"},{"taxonomy":"post_tag","embeddable":true,"href":"https:\/\/mexicocodigorojo.com.mx\/index.php?rest_route=%2Fwp%2Fv2%2Ftags&post=53550"}],"curies":[{"name":"wp","href":"https:\/\/api.w.org\/{rel}","templated":true}]}}