{"id":53535,"date":"2022-07-28T20:53:45","date_gmt":"2022-07-29T01:53:45","guid":{"rendered":"https:\/\/mexicocodigorojo.com.mx\/?p=53535"},"modified":"2022-07-28T22:33:12","modified_gmt":"2022-07-29T03:33:12","slug":"balean-acceso-principal-de-penal-de-ciudad-victoria-y-queman-automovil","status":"publish","type":"post","link":"https:\/\/mexicocodigorojo.com.mx\/?p=53535","title":{"rendered":"Balean acceso principal de penal de Ciudad Victoria y queman autom\u00f3vil"},"content":{"rendered":"<p>Ciudad Victoria.- Un grupo de sujetos armados a bordo de un autom\u00f3vil dispararon armas de fuego contra el acceso principal del Centro de Ejecuci\u00f3n de Sanciones (Cedes) de esta capital.<\/p>\n<p>La Secretar\u00eda de Seguridad P\u00fablica de Tamaulipas inform\u00f3 que esto ocurri\u00f3 a las 17:00 horas, sin que se registraran v\u00edctimas, pero s\u00ed hubo algunos da\u00f1os materiales en el exterior de dicho penal.<\/p>\n<p>Tras los disparos se inici\u00f3 un despliegue operativo por tierra y aire, con elementos de la Polic\u00eda Estatal y la Polic\u00eda Investigadora de la Fiscal\u00eda General de Justicia del Estado; as\u00ed como con apoyo de las fuerzas armadas. Buscaban a los autores de los disparos.<\/p>\n<p>El reporte preliminar indica que luego de realizar los disparos los sujetos huyeron hacia la periferia de la ciudad y en un paraje incendiaron el veh\u00edculo en el que iban, para luego irse a pie.<\/p>\n<p>El fuego del autom\u00f3vil incendiado fue apagado por personal de Protecci\u00f3n Civil, mientras que peritos de la FGJE acudieron al exterior del penal para recolectar evidencias e iniciar las investigaciones correspondientes.<\/p>\n<blockquote class=\"twitter-tweet\" data-width=\"550\" data-dnt=\"true\">\n<p lang=\"qme\" dir=\"ltr\"> <a href=\"https:\/\/t.co\/4KS71B4GP6\">pic.twitter.com\/4KS71B4GP6<\/a><\/p>\n<p>&mdash; ElGuzman (@FuriaNegra77) <a href=\"https:\/\/twitter.com\/FuriaNegra77\/status\/1552808406666264576?ref_src=twsrc%5Etfw\">July 29, 2022<\/a><\/p><\/blockquote>\n<p><script async src=\"https:\/\/platform.twitter.com\/widgets.js\" charset=\"utf-8\"><\/script><\/p>\n","protected":false},"excerpt":{"rendered":"<p>Ciudad Victoria.- Un grupo de sujetos armados a bordo de un autom\u00f3vil dispararon armas de fuego contra el acceso principal del Centro de Ejecuci\u00f3n de Sanciones (Cedes) de esta capital. La Secretar\u00eda de Seguridad P\u00fablica de Tamaulipas inform\u00f3 que esto ocurri\u00f3 a las 17:00 horas, sin que se registraran v\u00edctimas, pero s\u00ed hubo algunos da\u00f1os [&hellip;]<\/p>\n","protected":false},"author":21,"featured_media":53536,"comment_status":"closed","ping_status":"closed","sticky":false,"template":"","format":"standard","meta":{"_uf_show_specific_survey":0,"_uf_disable_surveys":false,"advanced_seo_description":"","jetpack_seo_html_title":"","jetpack_seo_noindex":false,"jetpack_post_was_ever_published":false,"_jetpack_newsletter_access":"","_jetpack_dont_email_post_to_subs":false,"_jetpack_newsletter_tier_id":0,"_jetpack_memberships_contains_paywalled_content":false,"_jetpack_memberships_contains_paid_content":false,"footnotes":"","jetpack_publicize_message":"Balean acceso principal de penal de #CdVictoria y queman autom\u00f3vil #Tamaulipas","jetpack_publicize_feature_enabled":true,"jetpack_social_post_already_shared":true,"jetpack_social_options":{"image_generator_settings":{"template":"highway","default_image_id":0,"font":"","enabled":false},"version":2}},"categories":[1724,2],"tags":[],"class_list":{"0":"post-53535","1":"post","2":"type-post","3":"status-publish","4":"format-standard","5":"has-post-thumbnail","7":"category-featured","8":"category-tamaulipas"},"jetpack_publicize_connections":[],"jetpack_featured_media_url":"https:\/\/i0.wp.com\/mexicocodigorojo.com.mx\/wp-content\/uploads\/2022\/07\/Captura-de-pantalla-2022-07-28-205221.jpg?fit=1170%2C717&ssl=1","jetpack-related-posts":[{"id":52287,"url":"https:\/\/mexicocodigorojo.com.mx\/?p=52287","url_meta":{"origin":53535,"position":0},"title":"POLIC\u00cdAS ESTATALES REPELEN ATAQUE Y ABATEN A TRES","author":"Staff","date":"febrero 2, 2022","format":false,"excerpt":"Ciudad Victoria, Tamaulipas. (Febrero 01 de 2022)\u2013 La Secretar\u00eda de Seguridad P\u00fablica del estado informa que polic\u00edas estatales detuvieron hoy a un masculino, aseguraron 4 armas largas, equipo t\u00e1ctico y un autom\u00f3vil, como resultado de acciones posteriores a un reporte de agresi\u00f3n a elementos de la corporaci\u00f3n y de la\u2026","rel":"","context":"En \u00abFeatured\u00bb","block_context":{"text":"Featured","link":"https:\/\/mexicocodigorojo.com.mx\/?cat=1724"},"img":{"alt_text":"","src":"https:\/\/i0.wp.com\/mexicocodigorojo.com.mx\/wp-content\/uploads\/2022\/02\/273208062_398996075359343_2847139590953348274_n.jpg?fit=1024%2C768&ssl=1&resize=350%2C200","width":350,"height":200,"srcset":"https:\/\/i0.wp.com\/mexicocodigorojo.com.mx\/wp-content\/uploads\/2022\/02\/273208062_398996075359343_2847139590953348274_n.jpg?fit=1024%2C768&ssl=1&resize=350%2C200 1x, https:\/\/i0.wp.com\/mexicocodigorojo.com.mx\/wp-content\/uploads\/2022\/02\/273208062_398996075359343_2847139590953348274_n.jpg?fit=1024%2C768&ssl=1&resize=525%2C300 1.5x, https:\/\/i0.wp.com\/mexicocodigorojo.com.mx\/wp-content\/uploads\/2022\/02\/273208062_398996075359343_2847139590953348274_n.jpg?fit=1024%2C768&ssl=1&resize=700%2C400 2x"},"classes":[]},{"id":22874,"url":"https:\/\/mexicocodigorojo.com.mx\/?p=22874","url_meta":{"origin":53535,"position":1},"title":"CIUDAD VICTORIA: SICARIOS ATACAN LA TORRE BICENTENARIO","author":"Staff","date":"septiembre 1, 2019","format":false,"excerpt":"Ciudad Victoria, Tamaulipas Siendo las 5:30 am, sicarios dispararon contra la fachada de la Torre Bicentenario ubicada en Bulevar Praxedis Balboa con Libramiento Naciones Unidas, Colonia Azteca en la Torre Bicentenario. Se localizaron 36 casquillos y dos cartucho calibre, la torre Bicentenario cuenta con da\u00f1os producidos por proyectil de arma\u2026","rel":"","context":"En \u00abTamaulipas\u00bb","block_context":{"text":"Tamaulipas","link":"https:\/\/mexicocodigorojo.com.mx\/?cat=2"},"img":{"alt_text":"","src":"https:\/\/i0.wp.com\/mexicocodigorojo.com.mx\/wp-content\/uploads\/2019\/09\/8a17628d-61d5-4e44-9169-0ef018f7aeb5.jpg?resize=350%2C200&ssl=1","width":350,"height":200,"srcset":"https:\/\/i0.wp.com\/mexicocodigorojo.com.mx\/wp-content\/uploads\/2019\/09\/8a17628d-61d5-4e44-9169-0ef018f7aeb5.jpg?resize=350%2C200&ssl=1 1x, https:\/\/i0.wp.com\/mexicocodigorojo.com.mx\/wp-content\/uploads\/2019\/09\/8a17628d-61d5-4e44-9169-0ef018f7aeb5.jpg?resize=525%2C300&ssl=1 1.5x, https:\/\/i0.wp.com\/mexicocodigorojo.com.mx\/wp-content\/uploads\/2019\/09\/8a17628d-61d5-4e44-9169-0ef018f7aeb5.jpg?resize=700%2C400&ssl=1 2x"},"classes":[]},{"id":23083,"url":"https:\/\/mexicocodigorojo.com.mx\/?p=23083","url_meta":{"origin":53535,"position":2},"title":"GRUPO DE OPERACIONES ESPECIALES Y POLIC\u00cdA INVESTIGADORA REPELEN AGRESI\u00d3N Y MUEREN CUATRO QUE ESTAR\u00cdAN INVOLUCRADOS EN ATAQUE DE LA TORRE BICENTENARIO","author":"Staff","date":"septiembre 3, 2019","format":false,"excerpt":"Ciudad Victoria, Tamaulipas.- La Procuradur\u00eda General de Justicia de Tamaulipas informa que la madrugada de este martes, elementos de la Secretar\u00eda de Seguridad P\u00fablica y Agentes de la Polic\u00eda Investigadora al estar realizando labores de investigaci\u00f3n referentes al ataque ocurrido contra la Torre Bicentenario el pasado 1 de septiembre, lograron\u2026","rel":"","context":"En \u00abTamaulipas\u00bb","block_context":{"text":"Tamaulipas","link":"https:\/\/mexicocodigorojo.com.mx\/?cat=2"},"img":{"alt_text":"","src":"https:\/\/i0.wp.com\/mexicocodigorojo.com.mx\/wp-content\/uploads\/2019\/09\/d668f043-1e26-4171-a632-fd8f4b9037ef.jpg?fit=1200%2C598&ssl=1&resize=350%2C200","width":350,"height":200,"srcset":"https:\/\/i0.wp.com\/mexicocodigorojo.com.mx\/wp-content\/uploads\/2019\/09\/d668f043-1e26-4171-a632-fd8f4b9037ef.jpg?fit=1200%2C598&ssl=1&resize=350%2C200 1x, https:\/\/i0.wp.com\/mexicocodigorojo.com.mx\/wp-content\/uploads\/2019\/09\/d668f043-1e26-4171-a632-fd8f4b9037ef.jpg?fit=1200%2C598&ssl=1&resize=525%2C300 1.5x, https:\/\/i0.wp.com\/mexicocodigorojo.com.mx\/wp-content\/uploads\/2019\/09\/d668f043-1e26-4171-a632-fd8f4b9037ef.jpg?fit=1200%2C598&ssl=1&resize=700%2C400 2x, https:\/\/i0.wp.com\/mexicocodigorojo.com.mx\/wp-content\/uploads\/2019\/09\/d668f043-1e26-4171-a632-fd8f4b9037ef.jpg?fit=1200%2C598&ssl=1&resize=1050%2C600 3x"},"classes":[]},{"id":13615,"url":"https:\/\/mexicocodigorojo.com.mx\/?p=13615","url_meta":{"origin":53535,"position":3},"title":"Polic\u00edas Estatales rescatan a un secuestrado en Tamaulipas","author":"Staff","date":"febrero 4, 2019","format":false,"excerpt":"Ciudad Victoria, Tamaulipas, 4 de febrero.- La Secretar\u00eda de Seguridad P\u00fablica de Tamaulipas informa que la r\u00e1pida reacci\u00f3n de la Polic\u00eda Estatal y el oportuno seguimiento del sistema de videovigilancia permiti\u00f3 la ma\u00f1ana de hoy el rescate de una persona que fue reportada como privada de su libertad. Alrededor de\u2026","rel":"","context":"En \u00abTamaulipas\u00bb","block_context":{"text":"Tamaulipas","link":"https:\/\/mexicocodigorojo.com.mx\/?cat=2"},"img":{"alt_text":"","src":"https:\/\/i0.wp.com\/mexicocodigorojo.com.mx\/wp-content\/uploads\/2019\/02\/img-20190204-wa0057491363236579193308.jpg?resize=350%2C200&ssl=1","width":350,"height":200,"srcset":"https:\/\/i0.wp.com\/mexicocodigorojo.com.mx\/wp-content\/uploads\/2019\/02\/img-20190204-wa0057491363236579193308.jpg?resize=350%2C200&ssl=1 1x, https:\/\/i0.wp.com\/mexicocodigorojo.com.mx\/wp-content\/uploads\/2019\/02\/img-20190204-wa0057491363236579193308.jpg?resize=525%2C300&ssl=1 1.5x, https:\/\/i0.wp.com\/mexicocodigorojo.com.mx\/wp-content\/uploads\/2019\/02\/img-20190204-wa0057491363236579193308.jpg?resize=700%2C400&ssl=1 2x"},"classes":[]},{"id":54414,"url":"https:\/\/mexicocodigorojo.com.mx\/?p=54414","url_meta":{"origin":53535,"position":4},"title":"Balean a 5 en Autodromo de Ciudad Victoria","author":"Staff","date":"noviembre 13, 2022","format":false,"excerpt":"Ciudad Victoria, Tamaulipas.- La Fiscal\u00eda General de Justicia del Estado de Tamaulipas informa que, fue abierta una carpeta de investigaci\u00f3n derivado de los hechos de este medio d\u00eda en los que 3 personas fallecieron y 2 resultaron heridas, despu\u00e9s de que civiles armados accionaran armas de fuego, en la colonia\u2026","rel":"","context":"En \u00abFeatured\u00bb","block_context":{"text":"Featured","link":"https:\/\/mexicocodigorojo.com.mx\/?cat=1724"},"img":{"alt_text":"","src":"https:\/\/i0.wp.com\/mexicocodigorojo.com.mx\/wp-content\/uploads\/2022\/11\/img_5771.jpg?fit=1080%2C608&ssl=1&resize=350%2C200","width":350,"height":200,"srcset":"https:\/\/i0.wp.com\/mexicocodigorojo.com.mx\/wp-content\/uploads\/2022\/11\/img_5771.jpg?fit=1080%2C608&ssl=1&resize=350%2C200 1x, https:\/\/i0.wp.com\/mexicocodigorojo.com.mx\/wp-content\/uploads\/2022\/11\/img_5771.jpg?fit=1080%2C608&ssl=1&resize=525%2C300 1.5x, https:\/\/i0.wp.com\/mexicocodigorojo.com.mx\/wp-content\/uploads\/2022\/11\/img_5771.jpg?fit=1080%2C608&ssl=1&resize=700%2C400 2x, https:\/\/i0.wp.com\/mexicocodigorojo.com.mx\/wp-content\/uploads\/2022\/11\/img_5771.jpg?fit=1080%2C608&ssl=1&resize=1050%2C600 3x"},"classes":[]},{"id":15236,"url":"https:\/\/mexicocodigorojo.com.mx\/?p=15236","url_meta":{"origin":53535,"position":5},"title":"Dispararon a Polic\u00edas Estatales al top\u00e1rselos de frente en la colonia Ribere\u00f1a","author":"Staff","date":"marzo 9, 2019","format":false,"excerpt":"Dos individuos armados escaparon a pie, luego de disparar contra patrullas de la Polic\u00eda Estatal Acreditable, en un incruento enfrentamiento que se registr\u00f3 en la calle Josefina Menchaca de la colonia Ribere\u00f1a. Los sujetos se toparon con patrullas de la Estatal en el entronque de la calle Menchaca con la\u2026","rel":"","context":"En \u00abTamaulipas\u00bb","block_context":{"text":"Tamaulipas","link":"https:\/\/mexicocodigorojo.com.mx\/?cat=2"},"img":{"alt_text":"","src":"https:\/\/i0.wp.com\/mexicocodigorojo.com.mx\/wp-content\/uploads\/2019\/03\/quefue2019030601111.jpg?fit=628%2C419&ssl=1&resize=350%2C200","width":350,"height":200,"srcset":"https:\/\/i0.wp.com\/mexicocodigorojo.com.mx\/wp-content\/uploads\/2019\/03\/quefue2019030601111.jpg?fit=628%2C419&ssl=1&resize=350%2C200 1x, https:\/\/i0.wp.com\/mexicocodigorojo.com.mx\/wp-content\/uploads\/2019\/03\/quefue2019030601111.jpg?fit=628%2C419&ssl=1&resize=525%2C300 1.5x"},"classes":[]}],"jetpack_sharing_enabled":true,"jetpack_likes_enabled":true,"jetpack_shortlink":"https:\/\/wp.me\/p9TedA-dVt","_links":{"self":[{"href":"https:\/\/mexicocodigorojo.com.mx\/index.php?rest_route=\/wp\/v2\/posts\/53535","targetHints":{"allow":["GET"]}}],"collection":[{"href":"https:\/\/mexicocodigorojo.com.mx\/index.php?rest_route=\/wp\/v2\/posts"}],"about":[{"href":"https:\/\/mexicocodigorojo.com.mx\/index.php?rest_route=\/wp\/v2\/types\/post"}],"author":[{"embeddable":true,"href":"https:\/\/mexicocodigorojo.com.mx\/index.php?rest_route=\/wp\/v2\/users\/21"}],"replies":[{"embeddable":true,"href":"https:\/\/mexicocodigorojo.com.mx\/index.php?rest_route=%2Fwp%2Fv2%2Fcomments&post=53535"}],"version-history":[{"count":2,"href":"https:\/\/mexicocodigorojo.com.mx\/index.php?rest_route=\/wp\/v2\/posts\/53535\/revisions"}],"predecessor-version":[{"id":53538,"href":"https:\/\/mexicocodigorojo.com.mx\/index.php?rest_route=\/wp\/v2\/posts\/53535\/revisions\/53538"}],"wp:featuredmedia":[{"embeddable":true,"href":"https:\/\/mexicocodigorojo.com.mx\/index.php?rest_route=\/wp\/v2\/media\/53536"}],"wp:attachment":[{"href":"https:\/\/mexicocodigorojo.com.mx\/index.php?rest_route=%2Fwp%2Fv2%2Fmedia&parent=53535"}],"wp:term":[{"taxonomy":"category","embeddable":true,"href":"https:\/\/mexicocodigorojo.com.mx\/index.php?rest_route=%2Fwp%2Fv2%2Fcategories&post=53535"},{"taxonomy":"post_tag","embeddable":true,"href":"https:\/\/mexicocodigorojo.com.mx\/index.php?rest_route=%2Fwp%2Fv2%2Ftags&post=53535"}],"curies":[{"name":"wp","href":"https:\/\/api.w.org\/{rel}","templated":true}]}}