{"id":53286,"date":"2022-07-07T17:06:45","date_gmt":"2022-07-07T22:06:45","guid":{"rendered":"https:\/\/mexicocodigorojo.com.mx\/?p=53286"},"modified":"2022-07-07T17:06:45","modified_gmt":"2022-07-07T22:06:45","slug":"sonora-en-debate-por-castigar-con-carcel-a-quien-difunda-fotos-de-ejecuciones","status":"publish","type":"post","link":"https:\/\/mexicocodigorojo.com.mx\/?p=53286","title":{"rendered":"Sonora en debate por castigar con c\u00e1rcel a quien difunda fotos de ejecuciones"},"content":{"rendered":"<p>El pasado 6 de junio, el Congreso de Sonora aprob\u00f3 modificar el\u00a0<span class=\"Enhancement\"><span class=\"\"><a class=\"Link\" href=\"http:\/\/www.congresoson.gob.mx:81\/Content\/Doc_leyes\/Doc_443.pdf\" target=\"_blank\" rel=\"noopener\">C\u00f3digo Penal del estado<\/a><\/span>\u00a0<\/span>para sancionar con hasta 10 a\u00f1os de c\u00e1rcel a quienes documenten o difundan im\u00e1genes de cad\u00e1veres o partes de cad\u00e1veres, ya sea por ejecuciones o por b\u00fasquedas de desaparecidos o cualquier hecho que se relacione con una investigaci\u00f3n penal.<\/p>\n<p>La reforma al\u00a0<b>Art\u00edculo 167 Quater<\/b>, aprobada por una mayor\u00eda de legisladores de Morena, penaliza a quien audiograbe, comercialice, comparta, difunda, distribuya, entregue, exponga, env\u00ede, filme, fotograf\u00ede, intercambie, oferte, publique, remita, reproduzca, revele, transmita o videograbe im\u00e1genes, audios, videos o documentos de cad\u00e1veres o parte de ellos.<\/p>\n<p>Estas penas entraron en vigor luego de que la reforma fue publicada al d\u00eda siguiente en la Gaceta Oficial del estado, la cual ha sido condenada por activistas, quienes advierten que no s\u00f3lo se afecta la libertad de documentar, sino la efectividad del trabajo de los colectivos de b\u00fasqueda de desaparecidos.<\/p>\n<div class=\"Enhancement\">\n<p><b>El Articulo 167 Quarter establece actualmente lo siguiente:<\/b><\/p>\n<ul>\n<li>Al que por cualquier medio y fuera de los supuestos autorizados por la Ley, audiograbe, comercialice, comparta, difunda, distribuya, entregue, exponga, env\u00ede, filme, fotograf\u00ede, intercambie, oferte, publique, remita, reproduzca, revele, transmita o videograbe im\u00e1genes, audios, videos o documentos de<b>\u00a0cad\u00e1veres o parte de ellos que se encuentren relacionados con una investigaci\u00f3n penal<\/b>, de las circunstancias de la muerte o de las lesiones que \u00e9stos presentan, sea en el lugar de los hechos o del hallazgo o en su cualquier domicilio p\u00fablico o privado,<b>\u00a0se le impondr\u00e1 de cuatro a 10 a\u00f1os de prisi\u00f3n y multa por un importe equivalente de 10 a 150 veces el valor diario de la unidad de medida y actualizaci\u00f3n.<\/b><\/li>\n<li>Trat\u00e1ndose de im\u00e1genes, audios o videos de cad\u00e1veres de mujeres, ni\u00f1as, ni\u00f1os, adolescentes o personas con discapacidad, de las circunstancias de su muerte, de las lesiones o estado de salud, las penas previstas en este art\u00edculo se incrementar\u00e1n hasta en una mitad.<\/li>\n<li>Cuando el delito sea cometido por\u00a0<b>persona servidora p\u00fablica\u00a0<\/b>integrante de cualquier instituci\u00f3n de seguridad p\u00fablica o de impartici\u00f3n o procuraci\u00f3n de justicia,\u00a0<b>las penas previstas se incrementar\u00e1n hasta en una tercera parte.<\/b><\/li>\n<\/ul>\n<div class=\"BlocksArticleBody-items block BlockWrap\">\n<article id=\"block-0\" class=\"BlocksArticleFirstItem\">\n<div class=\"BlocksArticleFirstItem-body\">\n<p>Luego de que se aprob\u00f3 esta reforma,\u00a0<span class=\"Enhancement\"><span class=\"\"><a class=\"Link\" href=\"http:\/\/www.congresoson.gob.mx\/Organizacion\/Nota?id=3422\" target=\"_blank\" rel=\"noopener\">el 13 de junio, la legisladora local morenista, Mar\u00eda Alicia Gayt\u00e1n S\u00e1nchez<\/a><\/span>\u00a0<\/span>, asegur\u00f3 en el Congreso del Estado, que los cambios al C\u00f3digo Penal hab\u00edan formado parte del proceso de armonizaci\u00f3n a la legislaci\u00f3n local con la Federal y en atenci\u00f3n a la solicitud ciudadana de organizaciones de mujeres, enfocadas a proteger la intimidad y dignidad de las v\u00edctimas y sus familiares, combatir la violencia de g\u00e9nero y su normalizaci\u00f3n.<\/p>\n<\/div>\n<\/article>\n<\/div>\n<div class=\"BlocksArticleBody-items block BlockWrap\">\n<article id=\"block-1\" class=\"BlocksArticleFirstItem\">\n<div class=\"BlocksArticleFirstItem-body\">\n<p>\u201cEsta reforma, tambi\u00e9n llamada \u2018Ley Ingrid\u2019 surge a ra\u00edz de la difusi\u00f3n indebida en redes sociales y medios de comunicaci\u00f3n de las im\u00e1genes de ese feminicidio ocurrido en la Ciudad de M\u00e9xico el 9 de febrero de 2020 y la divulgaci\u00f3n masiva del cuerpo de Ingrid mutilado que indign\u00f3 a la sociedad y exigi\u00f3 que pararan las filtraciones del expediente de la Fiscal\u00eda, por lo que, en respuesta, esta present\u00f3 una iniciativa que tipifica de forma aut\u00f3noma las conductas que realicen las personas o servidores p\u00fablicos que de manera indebida revelen o difundan, im\u00e1genes, videos o grabaciones, as\u00ed como archivos o informaci\u00f3n de la carpeta de investigaci\u00f3n\u201d, expres\u00f3.<\/p>\n<p>La legisladora manifest\u00f3 que las modificaciones a la legislaci\u00f3n local est\u00e1n orientadas a sancionar a los servidores p\u00fablicos y cualquier persona que difunda im\u00e1genes, audios, videos, documentos, informaci\u00f3n sobre la investigaci\u00f3n penal o condiciones personales relacionadas con v\u00edctimas de un hecho de violencia; castigar la revictimizaci\u00f3n, discriminaci\u00f3n y estigmatizaci\u00f3n contra mujeres, ni\u00f1as, ni\u00f1os y adolescentes, principalmente, que hayan sido v\u00edctimas de alg\u00fan delito.<\/p>\n<div id=\"browsi_adWrapper_ai_1_ati_1_rc_0\">\n<p>\u201cContrario a las interpretaciones que se han hecho y atendiendo a la exposici\u00f3n de motivos de la Ley, esta no atenta contra la libre expresi\u00f3n ni tampoco busca sancionar a sectores sociales que, aun cuando publican im\u00e1genes o difunden fotograf\u00edas de las personas a quien buscan, no lo hacen con un prop\u00f3sito doloso, amarillista o pernicioso, sino como la suma de leg\u00edtimas acciones en su b\u00fasqueda de justicia\u201d, apunt\u00f3.<\/p>\n<p>Y es que tras la publicaci\u00f3n de esta reforma, colectivos de b\u00fasqueda como las Madres Buscadoras y J\u00f3venes Buscadores de Sonora criticaron los cambios aprobados y renombraron a esta ley como \u2018Ley Mordaza\u2019, esto al considerar que se buscaba sancionar el ejercicio de la libertad de expresi\u00f3n de los medios de comunicaci\u00f3n y periodistas, as\u00ed como a grupos dedicados a la b\u00fasqueda de personas desaparecidas.<\/p>\n<h2 class=\"cms-Subtitulos-Subtitulo1\">Consejer\u00eda jur\u00eddica de Sonora buscar\u00e1 nuevas modificaciones<\/h2>\n<p>Tras la pol\u00e9mica que desat\u00f3 la reforma, Adolfo Salazar Razo, secretario de la Consejer\u00eda Jur\u00eddica del estado de Sonora, inform\u00f3 este mi\u00e9rcoles 6 de julio que presentar\u00e1 la pr\u00f3xima una nueva propuesta de reforma al Art\u00edculo 167 Quarter del C\u00f3digo Penal, para acotar que las sanciones que dispone van espec\u00edficamente para aquellos servidores p\u00fablicos que filtren im\u00e1genes de personas fallecidas relacionadas con investigaciones judiciales, informaron<span class=\"Enhancement\">\u00a0<span class=\"\">medios locales.<\/span><\/span><\/p>\n<p>Salazar Razo insisti\u00f3 en que la reforma no buscaba en ning\u00fan momento sancionar el ejercicio de la libertad de expresi\u00f3n o el trabajo que llevan a cabo los grupos dedicados a la b\u00fasqueda de personas desaparecidas que documentan el hallazgo de cuerpos, y precis\u00f3 que la legislaci\u00f3n est\u00e1 pensada en evitar la revictimizaci\u00f3n de personas fallecidas, protegiendo los derechos a al dignidad, privacidad e identidad tanto de los occisos como de sus familiares.<\/p>\n<\/div>\n<\/div>\n<\/article>\n<\/div>\n<\/div>\n","protected":false},"excerpt":{"rendered":"<p>El pasado 6 de junio, el Congreso de Sonora aprob\u00f3 modificar el\u00a0C\u00f3digo Penal del estado\u00a0para sancionar con hasta 10 a\u00f1os de c\u00e1rcel a quienes documenten o difundan im\u00e1genes de cad\u00e1veres o partes de cad\u00e1veres, ya sea por ejecuciones o por b\u00fasquedas de desaparecidos o cualquier hecho que se relacione con una investigaci\u00f3n penal. La reforma [&hellip;]<\/p>\n","protected":false},"author":5,"featured_media":53287,"comment_status":"closed","ping_status":"closed","sticky":false,"template":"","format":"standard","meta":{"_uf_show_specific_survey":0,"_uf_disable_surveys":false,"advanced_seo_description":"","jetpack_seo_html_title":"","jetpack_seo_noindex":false,"jetpack_post_was_ever_published":false,"_jetpack_newsletter_access":"","_jetpack_dont_email_post_to_subs":false,"_jetpack_newsletter_tier_id":0,"_jetpack_memberships_contains_paywalled_content":false,"_jetpack_memberships_contains_paid_content":false,"footnotes":"","jetpack_publicize_message":"#Sonora | Congreso de Sonora aprob\u00f3 castigar hasta con 10 a\u00f1os de c\u00e1rcel a quien documente ejecuciones\r\n\r\n#MexicoRojo #CdMx #reynosafollow #mtyfollow #saltillo #guadalajara #slp #verfollow #cdvictoria #EdoMex","jetpack_publicize_feature_enabled":true,"jetpack_social_post_already_shared":true,"jetpack_social_options":{"image_generator_settings":{"template":"highway","default_image_id":0,"font":"","enabled":false},"version":2}},"categories":[1724,115],"tags":[2200],"class_list":{"0":"post-53286","1":"post","2":"type-post","3":"status-publish","4":"format-standard","5":"has-post-thumbnail","7":"category-featured","8":"category-sonora","9":"tag-censura"},"jetpack_publicize_connections":[],"jetpack_featured_media_url":"https:\/\/i0.wp.com\/mexicocodigorojo.com.mx\/wp-content\/uploads\/2022\/07\/descarga.webp?fit=1200%2C900&ssl=1","jetpack-related-posts":[{"id":5508,"url":"https:\/\/mexicocodigorojo.com.mx\/?p=5508","url_meta":{"origin":53286,"position":0},"title":"Renuncian titulares de seguridad de Sonora tras ejecuciones de polic\u00edas","author":"Staff","date":"octubre 7, 2018","format":false,"excerpt":"Luego de la ejecuci\u00f3n de seis polic\u00edas municipales entre el jueves y viernes en Sonora, el fiscal Rodolfo Montes de Oca y el secretario de Seguridad P\u00fablica, Adolfo Garc\u00eda Morales, renunciaron al cargo. \u00a0 En un comunicado, el Gobierno estatal indic\u00f3 que la dimisi\u00f3n del titular de la SSP se\u2026","rel":"","context":"En \u00abSonora\u00bb","block_context":{"text":"Sonora","link":"https:\/\/mexicocodigorojo.com.mx\/?cat=115"},"img":{"alt_text":"","src":"https:\/\/i0.wp.com\/mexicocodigorojo.com.mx\/wp-content\/uploads\/2018\/10\/880E3373-E91F-42FF-B8BC-E88F967857AC.jpeg?fit=980%2C617&ssl=1&resize=350%2C200","width":350,"height":200,"srcset":"https:\/\/i0.wp.com\/mexicocodigorojo.com.mx\/wp-content\/uploads\/2018\/10\/880E3373-E91F-42FF-B8BC-E88F967857AC.jpeg?fit=980%2C617&ssl=1&resize=350%2C200 1x, https:\/\/i0.wp.com\/mexicocodigorojo.com.mx\/wp-content\/uploads\/2018\/10\/880E3373-E91F-42FF-B8BC-E88F967857AC.jpeg?fit=980%2C617&ssl=1&resize=525%2C300 1.5x, https:\/\/i0.wp.com\/mexicocodigorojo.com.mx\/wp-content\/uploads\/2018\/10\/880E3373-E91F-42FF-B8BC-E88F967857AC.jpeg?fit=980%2C617&ssl=1&resize=700%2C400 2x"},"classes":[]},{"id":60745,"url":"https:\/\/mexicocodigorojo.com.mx\/?p=60745","url_meta":{"origin":53286,"position":1},"title":"Sonora | FOTOS Balean al &#8216;Narizon&#8217; principal generador de violencia en Cajeme; es Jefe de sicarios de Sajid Emilio Quintero Navidad &#8216;El Cadete&#8217;","author":"MexicoRojo","date":"mayo 18, 2024","format":false,"excerpt":"Ciudad Obreg\u00f3n, Sonora. - Uno de los principales generadores de violencia del Sur de Sonora, fue atacado a balazos y herido gravamente en un enfrentamiento que suscit\u00f3 el d\u00eda lunes en la Zona Norte de Ciudad Obreg\u00f3n, Sonora. \u00a0 \u00a0 El sujeto identificado con el nombre de Cristo Fernando Millan\u2026","rel":"","context":"En \u00abFeatured\u00bb","block_context":{"text":"Featured","link":"https:\/\/mexicocodigorojo.com.mx\/?cat=1724"},"img":{"alt_text":"","src":"https:\/\/i0.wp.com\/mexicocodigorojo.com.mx\/wp-content\/uploads\/2024\/05\/20240518_122244.jpg?fit=578%2C378&ssl=1&resize=350%2C200","width":350,"height":200,"srcset":"https:\/\/i0.wp.com\/mexicocodigorojo.com.mx\/wp-content\/uploads\/2024\/05\/20240518_122244.jpg?fit=578%2C378&ssl=1&resize=350%2C200 1x, https:\/\/i0.wp.com\/mexicocodigorojo.com.mx\/wp-content\/uploads\/2024\/05\/20240518_122244.jpg?fit=578%2C378&ssl=1&resize=525%2C300 1.5x"},"classes":[]},{"id":3366,"url":"https:\/\/mexicocodigorojo.com.mx\/?p=3366","url_meta":{"origin":53286,"position":2},"title":"Filtran im\u00e1genes de cad\u00e1veres amontonados en caja de trailer refrigerante en Jalisco","author":"Staff","date":"septiembre 19, 2018","format":false,"excerpt":"Tlaquepaque, Jal.- Apilados se encuentran los cad\u00e1veres de personas no identificadas que se encuentran en cajas de tr\u00e1ileres en Jalisco. En la im\u00e1genes que circulan en redes sociales, y que destaca el diario Reforma, se observan los cuerpos embolsados y amontonados, en tanto que un empleado del Semefo camina sobre\u2026","rel":"","context":"En \u00abJalisco\u00bb","block_context":{"text":"Jalisco","link":"https:\/\/mexicocodigorojo.com.mx\/?cat=8"},"img":{"alt_text":"","src":"https:\/\/i0.wp.com\/mexicocodigorojo.com.mx\/wp-content\/uploads\/2018\/09\/FB_IMG_1537378165394.jpg?resize=350%2C200&ssl=1","width":350,"height":200},"classes":[]},{"id":18985,"url":"https:\/\/mexicocodigorojo.com.mx\/?p=18985","url_meta":{"origin":53286,"position":3},"title":"VIDEO SICARIOS LE SACAN EL HIGADO A UNA PERSONA ESTANDO CON VIDA","author":"Staff","date":"junio 24, 2019","format":false,"excerpt":"En grupos de whatsapp empezo a circular este video donde sujetos desconocidos tienen sometido a una persona en el suelo ya estando amarrado y con la cabeza vendada ademas de tenerle un pie en el cuello. Las imagenes posteriores a estas son sumamente escalofriantes ya que le abren la parte\u2026","rel":"","context":"En \u00abSonora\u00bb","block_context":{"text":"Sonora","link":"https:\/\/mexicocodigorojo.com.mx\/?cat=115"},"img":{"alt_text":"","src":"","width":0,"height":0},"classes":[]},{"id":58346,"url":"https:\/\/mexicocodigorojo.com.mx\/?p=58346","url_meta":{"origin":53286,"position":4},"title":"VIDEO EN BENJAMIN HILL SONORA DEJAN EL CUERPO COLGADO E INCENDIADO DE UNA PERSONA JUNTO A UN NARCOMENSAJE HACIA LOS DELTAS Y EL PELON o EL 8","author":"MexicoRojo","date":"noviembre 28, 2023","format":false,"excerpt":"Por Araceli Celaya Cada d\u00eda son m\u00e1s crueles las im\u00e1genes de las ejecuciones que se registran entre los grupos delictivos de la regi\u00f3n, como el localizado la noche de este lunes en Benjam\u00edn Hill. \u00a0 \u00a0 Se trata de un cuerpo al parecer de un hombre, cuyo cuerpo fue encontrado\u2026","rel":"","context":"En \u00abFeatured\u00bb","block_context":{"text":"Featured","link":"https:\/\/mexicocodigorojo.com.mx\/?cat=1724"},"img":{"alt_text":"","src":"https:\/\/i0.wp.com\/mexicocodigorojo.com.mx\/wp-content\/uploads\/2023\/11\/20231128_081024-scaled.jpg?fit=1200%2C1200&ssl=1&resize=350%2C200","width":350,"height":200,"srcset":"https:\/\/i0.wp.com\/mexicocodigorojo.com.mx\/wp-content\/uploads\/2023\/11\/20231128_081024-scaled.jpg?fit=1200%2C1200&ssl=1&resize=350%2C200 1x, https:\/\/i0.wp.com\/mexicocodigorojo.com.mx\/wp-content\/uploads\/2023\/11\/20231128_081024-scaled.jpg?fit=1200%2C1200&ssl=1&resize=525%2C300 1.5x, https:\/\/i0.wp.com\/mexicocodigorojo.com.mx\/wp-content\/uploads\/2023\/11\/20231128_081024-scaled.jpg?fit=1200%2C1200&ssl=1&resize=700%2C400 2x, https:\/\/i0.wp.com\/mexicocodigorojo.com.mx\/wp-content\/uploads\/2023\/11\/20231128_081024-scaled.jpg?fit=1200%2C1200&ssl=1&resize=1050%2C600 3x"},"classes":[]},{"id":26686,"url":"https:\/\/mexicocodigorojo.com.mx\/?p=26686","url_meta":{"origin":53286,"position":5},"title":"LOGRA FISCAL\u00cdA M\u00c1S DE 40 A\u00d1OS DE PRISI\u00d3N PARA TRES DE LOS IMPLICADOS EN EL ASESINATO DEL DIPUTADO EDUARDO ENRIQUE CASTRO LUQUE","author":"Staff","date":"noviembre 8, 2019","format":false,"excerpt":"\u2022Wilfredo \u201cN.\u201d, \u201cEl Willy\u201d; Diego Misael \u201cN.\u201d, \u201cEl Mat\u00f3n\u201d; y Wilver Joel \u201cN.\u201d, \u201cEl Wilver\u201d recibieron un castigo de 40 a\u00f1os 7 meses 15 d\u00edas de c\u00e1rcel por parte del Juez por el delito de homicidio calificado con premeditaci\u00f3n, alevos\u00eda, traici\u00f3n y retribuci\u00f3n dada o prometida cometida por pandilla en\u2026","rel":"","context":"En \u00abSonora\u00bb","block_context":{"text":"Sonora","link":"https:\/\/mexicocodigorojo.com.mx\/?cat=115"},"img":{"alt_text":"","src":"https:\/\/i0.wp.com\/mexicocodigorojo.com.mx\/wp-content\/uploads\/2019\/11\/castro_luque.jpg_738841978.jpg?fit=1200%2C763&ssl=1&resize=350%2C200","width":350,"height":200,"srcset":"https:\/\/i0.wp.com\/mexicocodigorojo.com.mx\/wp-content\/uploads\/2019\/11\/castro_luque.jpg_738841978.jpg?fit=1200%2C763&ssl=1&resize=350%2C200 1x, https:\/\/i0.wp.com\/mexicocodigorojo.com.mx\/wp-content\/uploads\/2019\/11\/castro_luque.jpg_738841978.jpg?fit=1200%2C763&ssl=1&resize=525%2C300 1.5x, https:\/\/i0.wp.com\/mexicocodigorojo.com.mx\/wp-content\/uploads\/2019\/11\/castro_luque.jpg_738841978.jpg?fit=1200%2C763&ssl=1&resize=700%2C400 2x, https:\/\/i0.wp.com\/mexicocodigorojo.com.mx\/wp-content\/uploads\/2019\/11\/castro_luque.jpg_738841978.jpg?fit=1200%2C763&ssl=1&resize=1050%2C600 3x"},"classes":[]}],"jetpack_sharing_enabled":true,"jetpack_likes_enabled":true,"jetpack_shortlink":"https:\/\/wp.me\/p9TedA-dRs","_links":{"self":[{"href":"https:\/\/mexicocodigorojo.com.mx\/index.php?rest_route=\/wp\/v2\/posts\/53286","targetHints":{"allow":["GET"]}}],"collection":[{"href":"https:\/\/mexicocodigorojo.com.mx\/index.php?rest_route=\/wp\/v2\/posts"}],"about":[{"href":"https:\/\/mexicocodigorojo.com.mx\/index.php?rest_route=\/wp\/v2\/types\/post"}],"author":[{"embeddable":true,"href":"https:\/\/mexicocodigorojo.com.mx\/index.php?rest_route=\/wp\/v2\/users\/5"}],"replies":[{"embeddable":true,"href":"https:\/\/mexicocodigorojo.com.mx\/index.php?rest_route=%2Fwp%2Fv2%2Fcomments&post=53286"}],"version-history":[{"count":1,"href":"https:\/\/mexicocodigorojo.com.mx\/index.php?rest_route=\/wp\/v2\/posts\/53286\/revisions"}],"predecessor-version":[{"id":53288,"href":"https:\/\/mexicocodigorojo.com.mx\/index.php?rest_route=\/wp\/v2\/posts\/53286\/revisions\/53288"}],"wp:featuredmedia":[{"embeddable":true,"href":"https:\/\/mexicocodigorojo.com.mx\/index.php?rest_route=\/wp\/v2\/media\/53287"}],"wp:attachment":[{"href":"https:\/\/mexicocodigorojo.com.mx\/index.php?rest_route=%2Fwp%2Fv2%2Fmedia&parent=53286"}],"wp:term":[{"taxonomy":"category","embeddable":true,"href":"https:\/\/mexicocodigorojo.com.mx\/index.php?rest_route=%2Fwp%2Fv2%2Fcategories&post=53286"},{"taxonomy":"post_tag","embeddable":true,"href":"https:\/\/mexicocodigorojo.com.mx\/index.php?rest_route=%2Fwp%2Fv2%2Ftags&post=53286"}],"curies":[{"name":"wp","href":"https:\/\/api.w.org\/{rel}","templated":true}]}}