{"id":53224,"date":"2022-07-04T12:07:23","date_gmt":"2022-07-04T17:07:23","guid":{"rendered":"https:\/\/mexicocodigorojo.com.mx\/?p=53224"},"modified":"2022-07-04T12:07:23","modified_gmt":"2022-07-04T17:07:23","slug":"masacre-en-oaxaca-ejecutan-a-una-familia-y-en-otro-hecho-a-tres-policias","status":"publish","type":"post","link":"https:\/\/mexicocodigorojo.com.mx\/?p=53224","title":{"rendered":"Masacre en Oaxaca, ejecutan a una familia y en otro hecho a tres polic\u00edas"},"content":{"rendered":"<p>Una familia fue acribillada a balazos en San Nicol\u00e1s de Hidalgo, en la regi\u00f3n mixteca de Oaxaca.<\/p>\n<p>La polic\u00eda municipal inform\u00f3 que la familia fue atacada a balazos cuando transitaba en el paraje Cerro del Caballo. Un comando intercept\u00f3 a la familia y dispar\u00f3 contra ellos.<\/p>\n<p>De manera preliminar, informaron las autoridades que los muertos son dos personas adultas y tres ni\u00f1os.<\/p>\n<p>El multihomicidio ocurri\u00f3 la madrugada de este lunes.<\/p>\n<p>Hallaron cinco personas, a bordo de un Nissan tipo Platina con placas MXS-4832 del Estado de M\u00e9xico.<\/p>\n<p><img decoding=\"async\" src=\"https:\/\/i0.wp.com\/lopezdoriga.com\/wp-content\/uploads\/2022\/07\/movilizacion-policial-en-oaxaca-ante-homicidio-de-familia.jpg?fit=1200%2C675&amp;ssl=1\" alt=\"Acribillan a familia en regi\u00f3n mixteca de Oaxaca\" \/><\/p>\n<p>En el municipio de San Francisco del Mar, levantaron a tres polic\u00edas municipales que mas tarde fueron hallados ejecutados en Playa Vicente.<\/p>\n<p>Los tres polic\u00edas fallecidos son el comandante Juan y los polic\u00edas Amir y Rolando as\u00ed como otro herido de nombre Eredin quien fue llevado a un hospital, la unidad en la que viajaban fue incendiada.<\/p>\n<p>Presuntamente los hechos fueron derivados de enfrentamiento por la detenci\u00f3n de una persona que fue rescatada por un comando armado que opera en la zona traficante de indocumentados y drogas.<\/p>\n<blockquote class=\"twitter-tweet\" data-width=\"550\" data-dnt=\"true\">\n<p lang=\"es\" dir=\"ltr\"><a href=\"https:\/\/twitter.com\/hashtag\/OAXACA?src=hash&amp;ref_src=twsrc%5Etfw\">#OAXACA<\/a> Tres polic\u00edas municipales de San Francisco del Mar, Oaxaca, fueron ejecutados esta madrugada en el camino a Playa Vicente, en la regi\u00f3n del Istmo de Tehuantepec.<\/p>\n<p>Las v\u00edctimas fueron identificadas como Juan V. M., Rolando Iv\u00e1n J. P. y Amir N. <a href=\"https:\/\/t.co\/kyQMogRq7y\">pic.twitter.com\/kyQMogRq7y<\/a><\/p>\n<p>&mdash; M\u00e9xico C\u00f3digo Rojo (@MexicoRojo1) <a href=\"https:\/\/twitter.com\/MexicoRojo1\/status\/1543990035866963969?ref_src=twsrc%5Etfw\">July 4, 2022<\/a><\/p><\/blockquote>\n<p><script async src=\"https:\/\/platform.twitter.com\/widgets.js\" charset=\"utf-8\"><\/script><\/p>\n","protected":false},"excerpt":{"rendered":"<p>Una familia fue acribillada a balazos en San Nicol\u00e1s de Hidalgo, en la regi\u00f3n mixteca de Oaxaca. La polic\u00eda municipal inform\u00f3 que la familia fue atacada a balazos cuando transitaba en el paraje Cerro del Caballo. Un comando intercept\u00f3 a la familia y dispar\u00f3 contra ellos. De manera preliminar, informaron las autoridades que los muertos [&hellip;]<\/p>\n","protected":false},"author":5,"featured_media":53225,"comment_status":"closed","ping_status":"closed","sticky":false,"template":"","format":"standard","meta":{"_uf_show_specific_survey":0,"_uf_disable_surveys":false,"advanced_seo_description":"","jetpack_seo_html_title":"","jetpack_seo_noindex":false,"jetpack_post_was_ever_published":false,"_jetpack_newsletter_access":"","_jetpack_dont_email_post_to_subs":false,"_jetpack_newsletter_tier_id":0,"_jetpack_memberships_contains_paywalled_content":false,"_jetpack_memberships_contains_paid_content":false,"footnotes":"","jetpack_publicize_message":"#Oaxaca | Ejecutan a una familia y en otro hecho a tres polic\u00edas","jetpack_publicize_feature_enabled":true,"jetpack_social_post_already_shared":true,"jetpack_social_options":{"image_generator_settings":{"template":"highway","default_image_id":0,"font":"","enabled":false},"version":2}},"categories":[1724,36],"tags":[858,1329],"class_list":{"0":"post-53224","1":"post","2":"type-post","3":"status-publish","4":"format-standard","5":"has-post-thumbnail","7":"category-featured","8":"category-oaxaca","9":"tag-homicidio","10":"tag-masacre"},"jetpack_publicize_connections":[],"jetpack_featured_media_url":"https:\/\/i0.wp.com\/mexicocodigorojo.com.mx\/wp-content\/uploads\/2022\/07\/FW1au8nVEAAT9jZ.jpg?fit=720%2C405&ssl=1","jetpack-related-posts":[{"id":16954,"url":"https:\/\/mexicocodigorojo.com.mx\/?p=16954","url_meta":{"origin":53224,"position":0},"title":"En 72 horas, ejecutan a 10 personas, dos eran polic\u00edas, en Oaxaca","author":"Staff","date":"mayo 2, 2019","format":false,"excerpt":"OAXACA, Oax. \u2013 Al menos 10 personas fueron ejecutadas en las \u00faltimas 72 horas entre las que se encuentran dos polic\u00edas viales en Juxtlahuaca, un joven rematado en el interior de la cl\u00ednica del IMSS en Mat\u00edas Romero, cuatro en la capital y una mujer decapitada en Tuxtepec pese a\u2026","rel":"","context":"En \u00abOaxaca\u00bb","block_context":{"text":"Oaxaca","link":"https:\/\/mexicocodigorojo.com.mx\/?cat=36"},"img":{"alt_text":"","src":"https:\/\/i0.wp.com\/mexicocodigorojo.com.mx\/wp-content\/uploads\/2019\/05\/asesinatopoliciasoaxaca.jpg?fit=679%2C400&ssl=1&resize=350%2C200","width":350,"height":200,"srcset":"https:\/\/i0.wp.com\/mexicocodigorojo.com.mx\/wp-content\/uploads\/2019\/05\/asesinatopoliciasoaxaca.jpg?fit=679%2C400&ssl=1&resize=350%2C200 1x, https:\/\/i0.wp.com\/mexicocodigorojo.com.mx\/wp-content\/uploads\/2019\/05\/asesinatopoliciasoaxaca.jpg?fit=679%2C400&ssl=1&resize=525%2C300 1.5x"},"classes":[]},{"id":38016,"url":"https:\/\/mexicocodigorojo.com.mx\/?p=38016","url_meta":{"origin":53224,"position":1},"title":"Enfrentamientos entre delincuentes y polic\u00edas en Acatl\u00e1n, Oaxaca, l\u00edmites con Veracruz, dejan 6 muertos","author":"Staff","date":"mayo 15, 2020","format":false,"excerpt":"Las primeras versiones se\u00f1alan que elementos de la polic\u00eda municipal fueron atacados por un grupo delictivo y al repeler la agresi\u00f3n el enfrentamiento dej\u00f3 a varias personas heridas y otra 6 personas muertas. El ba\u00f1o de sangre y plomo se dio con m\u00e1s intensidad en el municipio de Acatl\u00e1n de\u2026","rel":"","context":"En \u00abFeatured\u00bb","block_context":{"text":"Featured","link":"https:\/\/mexicocodigorojo.com.mx\/?cat=1724"},"img":{"alt_text":"","src":"https:\/\/i0.wp.com\/secureservercdn.net\/166.62.108.22\/cg1.af3.myftpupload.com\/wp-content\/uploads\/2020\/05\/71f65a33-4b61-49a9-ba12-6c940c8fae8d.jpg?resize=350%2C200&ssl=1","width":350,"height":200,"srcset":"https:\/\/i0.wp.com\/secureservercdn.net\/166.62.108.22\/cg1.af3.myftpupload.com\/wp-content\/uploads\/2020\/05\/71f65a33-4b61-49a9-ba12-6c940c8fae8d.jpg?resize=350%2C200&ssl=1 1x, https:\/\/i0.wp.com\/secureservercdn.net\/166.62.108.22\/cg1.af3.myftpupload.com\/wp-content\/uploads\/2020\/05\/71f65a33-4b61-49a9-ba12-6c940c8fae8d.jpg?resize=525%2C300&ssl=1 1.5x, https:\/\/i0.wp.com\/secureservercdn.net\/166.62.108.22\/cg1.af3.myftpupload.com\/wp-content\/uploads\/2020\/05\/71f65a33-4b61-49a9-ba12-6c940c8fae8d.jpg?resize=700%2C400&ssl=1 2x"},"classes":[]},{"id":17999,"url":"https:\/\/mexicocodigorojo.com.mx\/?p=17999","url_meta":{"origin":53224,"position":2},"title":"Ejecutan a ni\u00f1a de tres a\u00f1os y a su padre, de 18, en la regi\u00f3n mixteca de Oaxaca","author":"Staff","date":"junio 6, 2019","format":false,"excerpt":"OAXACA, Oax.- Una ni\u00f1a de tres a\u00f1os y su padre, de 18, fueron ejecutados en una emboscada sobre el camino de terracer\u00eda que comunica de San Pedro Reto\u00f1o a San Juan Mixtepec, en la regi\u00f3n mixteca. Una mujer result\u00f3 gravemente herida con impactos de arma de fuego. El atentado se\u2026","rel":"","context":"En \u00abOaxaca\u00bb","block_context":{"text":"Oaxaca","link":"https:\/\/mexicocodigorojo.com.mx\/?cat=36"},"img":{"alt_text":"","src":"https:\/\/i0.wp.com\/mexicocodigorojo.com.mx\/wp-content\/uploads\/2019\/06\/camioneta-1-2.jpg?fit=702%2C511&ssl=1&resize=350%2C200","width":350,"height":200,"srcset":"https:\/\/i0.wp.com\/mexicocodigorojo.com.mx\/wp-content\/uploads\/2019\/06\/camioneta-1-2.jpg?fit=702%2C511&ssl=1&resize=350%2C200 1x, https:\/\/i0.wp.com\/mexicocodigorojo.com.mx\/wp-content\/uploads\/2019\/06\/camioneta-1-2.jpg?fit=702%2C511&ssl=1&resize=525%2C300 1.5x, https:\/\/i0.wp.com\/mexicocodigorojo.com.mx\/wp-content\/uploads\/2019\/06\/camioneta-1-2.jpg?fit=702%2C511&ssl=1&resize=700%2C400 2x"},"classes":[]},{"id":29236,"url":"https:\/\/mexicocodigorojo.com.mx\/?p=29236","url_meta":{"origin":53224,"position":3},"title":"Indemnizan a familias de polic\u00edas a mes y medio de su muerte","author":"Staff","date":"diciembre 24, 2019","format":false,"excerpt":"La Secretar\u00eda de Seguridad P\u00fablica de Oaxaca (SSPO), entreg\u00f3 los cheques a las familias de cinco elementos ca\u00eddos el mes pasado en San Vicente Coatl\u00e1n Familiares\u00a0de cinco\u00a0polic\u00edas ca\u00eddos\u00a0en servicio esperaron\u00a0mes y medio\u00a0para recibir la\u00a0indemnizaci\u00f3n de autoridades estatales, de acuerdo con un comunicado del gobierno de\u00a0Oaxaca. La informaci\u00f3n oficial que el\u2026","rel":"","context":"En \u00abOaxaca\u00bb","block_context":{"text":"Oaxaca","link":"https:\/\/mexicocodigorojo.com.mx\/?cat=36"},"img":{"alt_text":"","src":"https:\/\/i0.wp.com\/mexicocodigorojo.com.mx\/wp-content\/uploads\/2019\/12\/policia-estatal-oaxaca.jpg?fit=980%2C550&ssl=1&resize=350%2C200","width":350,"height":200,"srcset":"https:\/\/i0.wp.com\/mexicocodigorojo.com.mx\/wp-content\/uploads\/2019\/12\/policia-estatal-oaxaca.jpg?fit=980%2C550&ssl=1&resize=350%2C200 1x, https:\/\/i0.wp.com\/mexicocodigorojo.com.mx\/wp-content\/uploads\/2019\/12\/policia-estatal-oaxaca.jpg?fit=980%2C550&ssl=1&resize=525%2C300 1.5x, https:\/\/i0.wp.com\/mexicocodigorojo.com.mx\/wp-content\/uploads\/2019\/12\/policia-estatal-oaxaca.jpg?fit=980%2C550&ssl=1&resize=700%2C400 2x"},"classes":[]},{"id":25382,"url":"https:\/\/mexicocodigorojo.com.mx\/?p=25382","url_meta":{"origin":53224,"position":4},"title":"Asesinan a cuatro en bar de Oaxaca","author":"Staff","date":"octubre 15, 2019","format":false,"excerpt":"Sujetos armados ingresaron a un bar de Salina Cruz, Oaxaca, para asesinar a disparos a tres hombres y una mujer La madrugada de este domingo,\u00a0cuatro personas\u00a0fueron\u00a0asesinadas\u00a0en un\u00a0bar\u00a0de\u00a0Salina Cruz, Oaxaca. Sujetos armados ingresaron al establecimiento denominado \u2018La dama de rojo\u2018 para disparar contra tres hombres y una mujer. En el bar\u2026","rel":"","context":"En \u00abOaxaca\u00bb","block_context":{"text":"Oaxaca","link":"https:\/\/mexicocodigorojo.com.mx\/?cat=36"},"img":{"alt_text":"","src":"https:\/\/i0.wp.com\/mexicocodigorojo.com.mx\/wp-content\/uploads\/2019\/10\/bar-la-dama-de-rojo-en-oaxaca.jpg?fit=980%2C550&ssl=1&resize=350%2C200","width":350,"height":200,"srcset":"https:\/\/i0.wp.com\/mexicocodigorojo.com.mx\/wp-content\/uploads\/2019\/10\/bar-la-dama-de-rojo-en-oaxaca.jpg?fit=980%2C550&ssl=1&resize=350%2C200 1x, https:\/\/i0.wp.com\/mexicocodigorojo.com.mx\/wp-content\/uploads\/2019\/10\/bar-la-dama-de-rojo-en-oaxaca.jpg?fit=980%2C550&ssl=1&resize=525%2C300 1.5x, https:\/\/i0.wp.com\/mexicocodigorojo.com.mx\/wp-content\/uploads\/2019\/10\/bar-la-dama-de-rojo-en-oaxaca.jpg?fit=980%2C550&ssl=1&resize=700%2C400 2x"},"classes":[]},{"id":53302,"url":"https:\/\/mexicocodigorojo.com.mx\/?p=53302","url_meta":{"origin":53224,"position":5},"title":"Las 42 masacres en M\u00e9xico","author":"MexicoRojoCvmx","date":"julio 11, 2022","format":false,"excerpt":"De enero a junio de este a\u00f1o, M\u00e9xico ha registrado al menos 42 masacres, en las cuales en un mismo ataque han sido asesinadas cinco personas o m\u00e1s, con un saldo de 306 muertos, de acuerdo con datos period\u00edsticos y cifras oficiales. Conoce los casos que han ocurrido en Guanajuato,\u2026","rel":"","context":"En \u00abFeatured\u00bb","block_context":{"text":"Featured","link":"https:\/\/mexicocodigorojo.com.mx\/?cat=1724"},"img":{"alt_text":"","src":"https:\/\/i0.wp.com\/mexicocodigorojo.com.mx\/wp-content\/uploads\/2022\/07\/PETAQUILLAS-JUNIO-768x512-1.jpg?fit=768%2C512&ssl=1&resize=350%2C200","width":350,"height":200,"srcset":"https:\/\/i0.wp.com\/mexicocodigorojo.com.mx\/wp-content\/uploads\/2022\/07\/PETAQUILLAS-JUNIO-768x512-1.jpg?fit=768%2C512&ssl=1&resize=350%2C200 1x, https:\/\/i0.wp.com\/mexicocodigorojo.com.mx\/wp-content\/uploads\/2022\/07\/PETAQUILLAS-JUNIO-768x512-1.jpg?fit=768%2C512&ssl=1&resize=525%2C300 1.5x, https:\/\/i0.wp.com\/mexicocodigorojo.com.mx\/wp-content\/uploads\/2022\/07\/PETAQUILLAS-JUNIO-768x512-1.jpg?fit=768%2C512&ssl=1&resize=700%2C400 2x"},"classes":[]}],"jetpack_sharing_enabled":true,"jetpack_likes_enabled":true,"jetpack_shortlink":"https:\/\/wp.me\/p9TedA-dQs","_links":{"self":[{"href":"https:\/\/mexicocodigorojo.com.mx\/index.php?rest_route=\/wp\/v2\/posts\/53224","targetHints":{"allow":["GET"]}}],"collection":[{"href":"https:\/\/mexicocodigorojo.com.mx\/index.php?rest_route=\/wp\/v2\/posts"}],"about":[{"href":"https:\/\/mexicocodigorojo.com.mx\/index.php?rest_route=\/wp\/v2\/types\/post"}],"author":[{"embeddable":true,"href":"https:\/\/mexicocodigorojo.com.mx\/index.php?rest_route=\/wp\/v2\/users\/5"}],"replies":[{"embeddable":true,"href":"https:\/\/mexicocodigorojo.com.mx\/index.php?rest_route=%2Fwp%2Fv2%2Fcomments&post=53224"}],"version-history":[{"count":1,"href":"https:\/\/mexicocodigorojo.com.mx\/index.php?rest_route=\/wp\/v2\/posts\/53224\/revisions"}],"predecessor-version":[{"id":53226,"href":"https:\/\/mexicocodigorojo.com.mx\/index.php?rest_route=\/wp\/v2\/posts\/53224\/revisions\/53226"}],"wp:featuredmedia":[{"embeddable":true,"href":"https:\/\/mexicocodigorojo.com.mx\/index.php?rest_route=\/wp\/v2\/media\/53225"}],"wp:attachment":[{"href":"https:\/\/mexicocodigorojo.com.mx\/index.php?rest_route=%2Fwp%2Fv2%2Fmedia&parent=53224"}],"wp:term":[{"taxonomy":"category","embeddable":true,"href":"https:\/\/mexicocodigorojo.com.mx\/index.php?rest_route=%2Fwp%2Fv2%2Fcategories&post=53224"},{"taxonomy":"post_tag","embeddable":true,"href":"https:\/\/mexicocodigorojo.com.mx\/index.php?rest_route=%2Fwp%2Fv2%2Ftags&post=53224"}],"curies":[{"name":"wp","href":"https:\/\/api.w.org\/{rel}","templated":true}]}}