{"id":53125,"date":"2022-06-08T17:40:32","date_gmt":"2022-06-08T22:40:32","guid":{"rendered":"https:\/\/mexicocodigorojo.com.mx\/2022\/06\/pide-pan-a-scjn-no-posponer-mas-resolucion-sobre-desafuero-del-gobernador-garcia-cabeza-de-vaca\/"},"modified":"2022-06-08T17:40:32","modified_gmt":"2022-06-08T22:40:32","slug":"pide-pan-a-scjn-no-posponer-mas-resolucion-sobre-desafuero-del-gobernador-garcia-cabeza-de-vaca","status":"publish","type":"post","link":"https:\/\/mexicocodigorojo.com.mx\/?p=53125","title":{"rendered":"PIDE PAN A SCJN NO POSPONER M\u00c1S RESOLUCI\u00d3N SOBRE DESAFUERO DEL GOBERNADOR GARC\u00cdA CABEZA DE VACA"},"content":{"rendered":"<p>Las y los integrantes de las bancadas de Acci\u00f3n Nacional en el Congreso de la Uni\u00f3n, hacemos un respetuoso, pero firme exhorto a las ministras y ministros de la Suprema Corte de Justicia de la Naci\u00f3n, a efecto de que no se siga posponiendo la discusi\u00f3n por la controversia constitucional respecto al caso del desafuero del Gobernador de Tamaulipas, Francisco Garc\u00eda Cabeza de Vaca.<\/p>\n<p>Se trata de un asunto de la mayor relevancia, no solo para la ciudadan\u00eda tamaulipeca sino para todos los mexicanos.<\/p>\n<p>Cada d\u00eda que transcurre sin que se discuta y vote este asunto, se lastima al Estado de Tamaulipas.<\/p>\n<p>Tal como lo hemos se\u00f1alado reiteradamente, se trata de una persecuci\u00f3n pol\u00edtica con toda la intenci\u00f3n de generar un efecto en el pasado proceso electoral.<\/p>\n<p>Basta de utilizar el sistema judicial como arma contra los adversarios pol\u00edticos.<\/p>\n","protected":false},"excerpt":{"rendered":"<p>Las y los integrantes de las bancadas de Acci\u00f3n Nacional en el Congreso de la Uni\u00f3n, hacemos un respetuoso, pero firme exhorto a las ministras y ministros de la Suprema Corte de Justicia de la Naci\u00f3n, a efecto de que no se siga posponiendo la discusi\u00f3n por la controversia constitucional respecto al caso del desafuero [&hellip;]<\/p>\n","protected":false},"author":5,"featured_media":0,"comment_status":"","ping_status":"","sticky":false,"template":"","format":"standard","meta":{"_uf_show_specific_survey":0,"_uf_disable_surveys":false,"advanced_seo_description":"","jetpack_seo_html_title":"","jetpack_seo_noindex":false,"jetpack_seo_schema_type":"","_jetpack_newsletter_access":"","_jetpack_dont_email_post_to_subs":false,"_jetpack_newsletter_tier_id":0,"_jetpack_memberships_contains_paywalled_content":false,"_jetpack_feature_clip_id":0,"_jetpack_memberships_contains_paid_content":false,"footnotes":"","jetpack_publicize_message":"PIDE PAN A SCJN NO POSPONER M\u00c1S RESOLUCI\u00d3N SOBRE DESAFUERO DEL GOBERNADOR GARC\u00cdA CABEZA DE VACA","jetpack_publicize_feature_enabled":true,"jetpack_social_post_already_shared":true,"jetpack_social_options":{"image_generator_settings":{"template":"highway","default_image_id":0,"font":"","enabled":false},"version":2},"jetpack_post_was_ever_published":false},"categories":[1724],"tags":[45],"class_list":["post-53125","post","type-post","status-publish","format-standard","category-featured","tag-politicos"],"jetpack_publicize_connections":[],"jetpack-related-posts":[{"id":53255,"url":"https:\/\/mexicocodigorojo.com.mx\/?p=53255","url_meta":{"origin":53125,"position":0},"title":"Caso Cabeza de Vaca cumple un a\u00f1o sin resolverse","author":"Staff","date":"julio 7, 2022","format":false,"excerpt":"Este 7 de junio se cumple un a\u00f1o de que la Suprema Corte de Justicia de la Naci\u00f3n (SCJN)\u00a0acept\u00f3 resolver la controversia constitucional\u00a0sobre si el gobernador de Tamaulipas,\u00a0Francisco Javier Garc\u00eda Cabeza de Vaca, tiene fuero o no. A\u00fan no ha dado una resoluci\u00f3n y el gobernador est\u00e1 a menos de\u2026","rel":"","context":"En \u00abFeatured\u00bb","block_context":{"text":"Featured","link":"https:\/\/mexicocodigorojo.com.mx\/?cat=1724"},"img":{"alt_text":"","src":"https:\/\/i0.wp.com\/mexicocodigorojo.com.mx\/wp-content\/uploads\/2022\/07\/cabeza-de-vaca.webp?fit=1200%2C800&ssl=1&resize=350%2C200","width":350,"height":200,"srcset":"https:\/\/i0.wp.com\/mexicocodigorojo.com.mx\/wp-content\/uploads\/2022\/07\/cabeza-de-vaca.webp?fit=1200%2C800&ssl=1&resize=350%2C200 1x, https:\/\/i0.wp.com\/mexicocodigorojo.com.mx\/wp-content\/uploads\/2022\/07\/cabeza-de-vaca.webp?fit=1200%2C800&ssl=1&resize=525%2C300 1.5x, https:\/\/i0.wp.com\/mexicocodigorojo.com.mx\/wp-content\/uploads\/2022\/07\/cabeza-de-vaca.webp?fit=1200%2C800&ssl=1&resize=700%2C400 2x, https:\/\/i0.wp.com\/mexicocodigorojo.com.mx\/wp-content\/uploads\/2022\/07\/cabeza-de-vaca.webp?fit=1200%2C800&ssl=1&resize=1050%2C600 3x"},"classes":[]},{"id":55807,"url":"https:\/\/mexicocodigorojo.com.mx\/?p=55807","url_meta":{"origin":53125,"position":1},"title":"\u00a1Palo a la FGR ! Juez ordena libertad absolutoria al empresario Tamaulipeco acusado por Santiago Nieto","author":"MexicoRojoCvmx","date":"abril 5, 2023","format":false,"excerpt":"Ciudad de M\u00e9xico.- El empresario tamaulipeco Baltazar Higinio Resendez Cantu, quien estaba implicado en el caso del ex gobernador Francisco Garc\u00eda Cabeza de Vaca, ha sido absuelto y puesto en libertad por un juez federal en la Ciudad de M\u00e9xico. La decisi\u00f3n del juez se basa en que no se\u2026","rel":"","context":"En \u00abFeatured\u00bb","block_context":{"text":"Featured","link":"https:\/\/mexicocodigorojo.com.mx\/?cat=1724"},"img":{"alt_text":"","src":"https:\/\/i0.wp.com\/mexicocodigorojo.com.mx\/wp-content\/uploads\/2023\/04\/Fs9khudWYAASW4a.jpg?fit=992%2C606&ssl=1&resize=350%2C200","width":350,"height":200,"srcset":"https:\/\/i0.wp.com\/mexicocodigorojo.com.mx\/wp-content\/uploads\/2023\/04\/Fs9khudWYAASW4a.jpg?fit=992%2C606&ssl=1&resize=350%2C200 1x, https:\/\/i0.wp.com\/mexicocodigorojo.com.mx\/wp-content\/uploads\/2023\/04\/Fs9khudWYAASW4a.jpg?fit=992%2C606&ssl=1&resize=525%2C300 1.5x, https:\/\/i0.wp.com\/mexicocodigorojo.com.mx\/wp-content\/uploads\/2023\/04\/Fs9khudWYAASW4a.jpg?fit=992%2C606&ssl=1&resize=700%2C400 2x"},"classes":[]},{"id":53745,"url":"https:\/\/mexicocodigorojo.com.mx\/?p=53745","url_meta":{"origin":53125,"position":2},"title":"\u201cEl tiempo y la ley me han dado la raz\u00f3n\u201d: Garc\u00eda Cabeza de Vaca","author":"MexicoRojoCvmx","date":"agosto 18, 2022","format":false,"excerpt":"Ciudad Victoria.- El gobernador de Tamaulipas, Francisco Garc\u00eda Cabeza de Vaca, se\u00f1al\u00f3 esta tarde que, despu\u00e9s de m\u00e1s de un a\u00f1o, la Suprema Corte de Justicia de la Naci\u00f3n (SCJN) ha dejado claro que siempre tuvo la raz\u00f3n, \u201cy que, en todo momento, actuamos con estricto apego a la verdad\u201d.\u2026","rel":"","context":"En \u00abFeatured\u00bb","block_context":{"text":"Featured","link":"https:\/\/mexicocodigorojo.com.mx\/?cat=1724"},"img":{"alt_text":"","src":"https:\/\/i0.wp.com\/mexicocodigorojo.com.mx\/wp-content\/uploads\/2022\/08\/Captura-de-pantalla-2022-08-18-090948.jpg?fit=1138%2C723&ssl=1&resize=350%2C200","width":350,"height":200,"srcset":"https:\/\/i0.wp.com\/mexicocodigorojo.com.mx\/wp-content\/uploads\/2022\/08\/Captura-de-pantalla-2022-08-18-090948.jpg?fit=1138%2C723&ssl=1&resize=350%2C200 1x, https:\/\/i0.wp.com\/mexicocodigorojo.com.mx\/wp-content\/uploads\/2022\/08\/Captura-de-pantalla-2022-08-18-090948.jpg?fit=1138%2C723&ssl=1&resize=525%2C300 1.5x, https:\/\/i0.wp.com\/mexicocodigorojo.com.mx\/wp-content\/uploads\/2022\/08\/Captura-de-pantalla-2022-08-18-090948.jpg?fit=1138%2C723&ssl=1&resize=700%2C400 2x, https:\/\/i0.wp.com\/mexicocodigorojo.com.mx\/wp-content\/uploads\/2022\/08\/Captura-de-pantalla-2022-08-18-090948.jpg?fit=1138%2C723&ssl=1&resize=1050%2C600 3x"},"classes":[]},{"id":53095,"url":"https:\/\/mexicocodigorojo.com.mx\/?p=53095","url_meta":{"origin":53125,"position":3},"title":"Ir\u00eda Tamaulipas a Tribunal","author":"Staff","date":"junio 6, 2022","format":false,"excerpt":"La elecci\u00f3n de Gobernador en Tamaulipas concluir\u00e1 en los tribunales, debido a la intervenci\u00f3n de actores pol\u00edticos federales y aspirantes presidenciales en los comicios, as\u00ed como por el estrecho margen de diferencia entre candidatos. C\u00e9sar \"El Truko\" Ver\u00e1stegui, candidato de PAN, PRI y PRD al Gobierno de Tamaulipas, anticip\u00f3 que\u2026","rel":"","context":"En \u00abTamaulipas\u00bb","block_context":{"text":"Tamaulipas","link":"https:\/\/mexicocodigorojo.com.mx\/?cat=2"},"img":{"alt_text":"","src":"https:\/\/i0.wp.com\/mexicocodigorojo.com.mx\/wp-content\/uploads\/2022\/06\/5268947.jpg?fit=960%2C640&ssl=1&resize=350%2C200","width":350,"height":200,"srcset":"https:\/\/i0.wp.com\/mexicocodigorojo.com.mx\/wp-content\/uploads\/2022\/06\/5268947.jpg?fit=960%2C640&ssl=1&resize=350%2C200 1x, https:\/\/i0.wp.com\/mexicocodigorojo.com.mx\/wp-content\/uploads\/2022\/06\/5268947.jpg?fit=960%2C640&ssl=1&resize=525%2C300 1.5x, https:\/\/i0.wp.com\/mexicocodigorojo.com.mx\/wp-content\/uploads\/2022\/06\/5268947.jpg?fit=960%2C640&ssl=1&resize=700%2C400 2x"},"classes":[]},{"id":42211,"url":"https:\/\/mexicocodigorojo.com.mx\/?p=42211","url_meta":{"origin":53125,"position":4},"title":"Tamaulipas: Cabeza de Vaca, sujeto a 2 investigaciones","author":"Staff","date":"agosto 25, 2020","format":false,"excerpt":"REYNOSA, TAMPS.\u2013 El gobernador de Tamaulipas, Francisco Javier Garc\u00eda Cabeza de Vaca, est\u00e1 sujeto hoy a dos investigaciones legales: una en M\u00e9xico, relacionada con el caso Lozoya; la segunda, en Estados Unidos y la lleva la Oficina de Investigaciones de Seguridad Nacional (HSI), especializada en cr\u00edmenes trasnacionales. En M\u00e9xico, al\u2026","rel":"","context":"En \u00abFeatured\u00bb","block_context":{"text":"Featured","link":"https:\/\/mexicocodigorojo.com.mx\/?cat=1724"},"img":{"alt_text":"","src":"https:\/\/i0.wp.com\/mexicocodigorojo.com.mx\/wp-content\/uploads\/2020\/08\/Tamaulipas-Cabeza-de-Vaca-investigaciones-870x522-1.jpeg?fit=870%2C522&ssl=1&resize=350%2C200","width":350,"height":200,"srcset":"https:\/\/i0.wp.com\/mexicocodigorojo.com.mx\/wp-content\/uploads\/2020\/08\/Tamaulipas-Cabeza-de-Vaca-investigaciones-870x522-1.jpeg?fit=870%2C522&ssl=1&resize=350%2C200 1x, https:\/\/i0.wp.com\/mexicocodigorojo.com.mx\/wp-content\/uploads\/2020\/08\/Tamaulipas-Cabeza-de-Vaca-investigaciones-870x522-1.jpeg?fit=870%2C522&ssl=1&resize=525%2C300 1.5x, https:\/\/i0.wp.com\/mexicocodigorojo.com.mx\/wp-content\/uploads\/2020\/08\/Tamaulipas-Cabeza-de-Vaca-investigaciones-870x522-1.jpeg?fit=870%2C522&ssl=1&resize=700%2C400 2x"},"classes":[]},{"id":23576,"url":"https:\/\/mexicocodigorojo.com.mx\/?p=23576","url_meta":{"origin":53125,"position":5},"title":"Gobernador de Tamaulipas solicita ayuda del FBI para investigar ejecuci\u00f3n","author":"Staff","date":"septiembre 12, 2019","format":false,"excerpt":"El gobernador de Tamaulipas, Francisco Garc\u00eda Cabeza de Vaca, inform\u00f3 que pedir\u00e1 el apoyo del FBI\u00a0para realizar las investigaciones de la presunta ejecuci\u00f3n extrajudicial de ocho personas Nuevo Laredo, Tamaulipas.-\u00a0Francisco Garc\u00eda Cabeza de Vaca, el actual gobernador de\u00a0Tamaulipas, inform\u00f3 que solicitar\u00e1 el apoyo de la\u00a0Fiscal\u00eda General del Estado, para que\u2026","rel":"","context":"En \u00abTamaulipas\u00bb","block_context":{"text":"Tamaulipas","link":"https:\/\/mexicocodigorojo.com.mx\/?cat=2"},"img":{"alt_text":"","src":"https:\/\/i0.wp.com\/mexicocodigorojo.com.mx\/wp-content\/uploads\/2019\/09\/nuevo_laredo_2.jpg_112278454.jpg?fit=1069%2C563&ssl=1&resize=350%2C200","width":350,"height":200,"srcset":"https:\/\/i0.wp.com\/mexicocodigorojo.com.mx\/wp-content\/uploads\/2019\/09\/nuevo_laredo_2.jpg_112278454.jpg?fit=1069%2C563&ssl=1&resize=350%2C200 1x, https:\/\/i0.wp.com\/mexicocodigorojo.com.mx\/wp-content\/uploads\/2019\/09\/nuevo_laredo_2.jpg_112278454.jpg?fit=1069%2C563&ssl=1&resize=525%2C300 1.5x, https:\/\/i0.wp.com\/mexicocodigorojo.com.mx\/wp-content\/uploads\/2019\/09\/nuevo_laredo_2.jpg_112278454.jpg?fit=1069%2C563&ssl=1&resize=700%2C400 2x, https:\/\/i0.wp.com\/mexicocodigorojo.com.mx\/wp-content\/uploads\/2019\/09\/nuevo_laredo_2.jpg_112278454.jpg?fit=1069%2C563&ssl=1&resize=1050%2C600 3x"},"classes":[]}],"jetpack_sharing_enabled":true,"jetpack_likes_enabled":true,"jetpack_shortlink":"https:\/\/wp.me\/p9TedA-dOR","jetpack_featured_media_url":"","_links":{"self":[{"href":"https:\/\/mexicocodigorojo.com.mx\/index.php?rest_route=\/wp\/v2\/posts\/53125","targetHints":{"allow":["GET"]}}],"collection":[{"href":"https:\/\/mexicocodigorojo.com.mx\/index.php?rest_route=\/wp\/v2\/posts"}],"about":[{"href":"https:\/\/mexicocodigorojo.com.mx\/index.php?rest_route=\/wp\/v2\/types\/post"}],"author":[{"embeddable":true,"href":"https:\/\/mexicocodigorojo.com.mx\/index.php?rest_route=\/wp\/v2\/users\/5"}],"replies":[{"embeddable":true,"href":"https:\/\/mexicocodigorojo.com.mx\/index.php?rest_route=%2Fwp%2Fv2%2Fcomments&post=53125"}],"version-history":[{"count":0,"href":"https:\/\/mexicocodigorojo.com.mx\/index.php?rest_route=\/wp\/v2\/posts\/53125\/revisions"}],"wp:attachment":[{"href":"https:\/\/mexicocodigorojo.com.mx\/index.php?rest_route=%2Fwp%2Fv2%2Fmedia&parent=53125"}],"wp:term":[{"taxonomy":"category","embeddable":true,"href":"https:\/\/mexicocodigorojo.com.mx\/index.php?rest_route=%2Fwp%2Fv2%2Fcategories&post=53125"},{"taxonomy":"post_tag","embeddable":true,"href":"https:\/\/mexicocodigorojo.com.mx\/index.php?rest_route=%2Fwp%2Fv2%2Ftags&post=53125"}],"curies":[{"name":"wp","href":"https:\/\/api.w.org\/{rel}","templated":true}]}}