{"id":51494,"date":"2021-11-11T16:10:40","date_gmt":"2021-11-11T22:10:40","guid":{"rendered":"https:\/\/mexicocodigorojo.com.mx\/?p=51494"},"modified":"2021-11-11T16:10:40","modified_gmt":"2021-11-11T22:10:40","slug":"un-abatido-en-cosolapa-tras-balacera","status":"publish","type":"post","link":"https:\/\/mexicocodigorojo.com.mx\/?p=51494","title":{"rendered":"Un abatido en Cosolapa tras balacera"},"content":{"rendered":"<p class=\"p3\"><span class=\"s3\">Cosolapa, Oax.-\u00a0<\/span><span class=\"s2\">Un enfrentamiento entre polic\u00edas de la Fuerza Civil y presuntos delincuentes, arroj\u00f3 como saldo una persona muerta, dos detenidos, el aseguramiento de un tr\u00e1iler cargado con cemento y un fuerte operativo de los tres \u00f3rdenes de gobierno en la carretera estatal Cosolapa-Acatl\u00e1n de P\u00e9rez Figueroa, unos 200 metros antes del r\u00edo El Nacimiento.<\/span><\/p>\n<p class=\"p4\"><span class=\"s2\">Oficiales de la Secretar\u00eda de Marina y Defensa Nacional, Seguridad P\u00fablica de Veracruz y de la Fuerza Civil cerraron la circulaci\u00f3n al tr\u00e1nsito vehicular y pidieron la intervenci\u00f3n de la Fiscal\u00eda General del Estado de Oaxaca, para levantar el cad\u00e1ver, el cual se encontraba a un lado de una camioneta Ford Escape guinda, volcada.<\/span><\/p>\n<p class=\"p4\"><span class=\"s2\">Informes preliminares identificaron al occiso como V\u00edctor Eduardo H., alias \u201cCuaqueche\u201d o Randall\u201d, de entre 25 y 30 a\u00f1os de edad. A su lado se encontr\u00f3 un arma de grueso calibre.<\/span><\/p>\n<p class=\"p4\"><span class=\"s2\">Sobre los detenidos autoridades guardan fuerte hermetismo, por lo que s\u00f3lo se conoce que fueron interceptados por polic\u00edas cuando pretend\u00edan escapar de la zona, atravesando por caminos vecinales.<\/span><\/p>\n<p class=\"p4\"><span class=\"s2\">\u201cSe habla de dos personas detenidas, no hay nombre ni nada por el momento porque la Polic\u00eda no deja acercarse\u201d, dijeron informadores.<\/span><\/p>\n<p class=\"p5\"><span class=\"s2\"><b>El operativo<\/b><\/span><\/p>\n<p class=\"p3\"><span class=\"s2\">El enfrentamiento ocurri\u00f3 alrededor de las 11:25 horas de ayer, cuando polic\u00edas de la Fuerza Civil de Veracruz, seg\u00fan informes, centraron la b\u00fasqueda de un tr\u00e1iler, robado en la zona del llano.<\/span><\/p>\n<p class=\"p4\"><span class=\"s2\">En un operativo por tierra y por aire, descubrieron a ocupantes de una camioneta Ford Escape con placas YSF355A de Veracruz, cuando escoltaban el cargamento de cemento e iniciaron la persecuci\u00f3n.<\/span><\/p>\n<p class=\"p4\"><span class=\"s2\">En una curva que se localiza por el r\u00edo El Nacimiento, frente a la trituradora de piedra, se desat\u00f3 una balacera entre polic\u00edas y presuntos delincuentes.<\/span><\/p>\n<p class=\"p4\"><span class=\"s2\">La camioneta avanz\u00f3 varios metros y en la curva cerrada a la derecha, el chofer perdi\u00f3 el control, provocando que el veh\u00edculo diera de vueltas hasta terminar volcada sobre su lado derecho.<\/span><\/p>\n<p class=\"p4\"><span class=\"s2\">Uno de los ocupantes, se sali\u00f3 del veh\u00edculo y qued\u00f3 tirado y muerto, a un lado de la camioneta con heridas m\u00faltiples en el cuerpo y el cr\u00e1neo.<\/span><\/p>\n<p class=\"p5\"><span class=\"s2\"><b>Llega FGE de Oaxaca<\/b><\/span><\/p>\n<p class=\"p3\"><span class=\"s2\">Decenas de polic\u00edas cerraron la carretera y centraron la persecuci\u00f3n de otros ocupantes de la camioneta, de donde, seg\u00fan se supo, capturaron a dos personas, pero no hubo informes al respecto.<\/span><\/p>\n<p class=\"p4\"><span class=\"s2\">A pesar del fuerte hermetismo de las autoridades veracruzanas, se conoci\u00f3 que segu\u00edan la camioneta desde unos kil\u00f3metros antes al ser reconocidos en el supuesto robo de un cargamento de mercanc\u00eda en la zona del llano.<\/span><\/p>\n<p class=\"p4\"><span class=\"s2\">Personal de la Marina y la Guardia Nacional decomis\u00f3 un tr\u00e1iler Kenworth, cargado con cemento y junto con el veh\u00edculo, volcado quedar\u00eda a disposici\u00f3n de la Fiscal\u00eda General de Justicia de Oaxaca.<\/span><\/p>\n<p class=\"p4\"><span class=\"s2\">Anoche, se desconoc\u00eda sobre las personas detenidas y de otros aseguramientos en la regi\u00f3n, donde el personal estatal y federal centr\u00f3 un fuerte operativo para ubicar a otros implicados en el atraco.<\/span><\/p>\n<blockquote class=\"twitter-tweet\" data-width=\"550\" data-dnt=\"true\">\n<p lang=\"es\" dir=\"ltr\">Abate Fuerza Civil a cuatro presuntos delincuentes, en <a href=\"https:\/\/twitter.com\/hashtag\/Cosolapa?src=hash&amp;ref_src=twsrc%5Etfw\">#Cosolapa<\/a>, <a href=\"https:\/\/twitter.com\/hashtag\/Oaxaca?src=hash&amp;ref_src=twsrc%5Etfw\">#Oaxaca<\/a>.<\/p>\n<p>Hubo dos enfrentamientos luego de intento de asalto a transporte en carretera estatal.<\/p>\n<p>Ocurri\u00f3 en los l\u00edmites con <a href=\"https:\/\/twitter.com\/hashtag\/Veracruz?src=hash&amp;ref_src=twsrc%5Etfw\">#Veracruz<\/a><a href=\"https:\/\/t.co\/cfkm4sgCqA\">pic.twitter.com\/cfkm4sgCqA<\/a><\/p>\n<p>&mdash; Vigilantes Veracruz (@VigilantesV) <a href=\"https:\/\/twitter.com\/VigilantesV\/status\/1458639940456177667?ref_src=twsrc%5Etfw\">November 11, 2021<\/a><\/p><\/blockquote>\n<p><script async src=\"https:\/\/platform.twitter.com\/widgets.js\" charset=\"utf-8\"><\/script><\/p>\n<blockquote class=\"twitter-tweet\" data-width=\"550\" data-dnt=\"true\">\n<p lang=\"es\" dir=\"ltr\">En <a href=\"https:\/\/twitter.com\/hashtag\/Cosolapa?src=hash&amp;ref_src=twsrc%5Etfw\">#Cosolapa<\/a>; elementos de la Fuerza Civil persiguieron y abatieron a presuntos delincuentes que participaban en un asalto, reportan dos enfrentamientos.<br \/>Autoridades buscan a otros involucrados.<a href=\"https:\/\/twitter.com\/hashtag\/Veracruz?src=hash&amp;ref_src=twsrc%5Etfw\">#Veracruz<\/a> <a href=\"https:\/\/twitter.com\/hashtag\/Oaxaca?src=hash&amp;ref_src=twsrc%5Etfw\">#Oaxaca<\/a> <a href=\"https:\/\/t.co\/WYzTjqdyFM\">pic.twitter.com\/WYzTjqdyFM<\/a><\/p>\n<p>&mdash; Vigilantes Veracruz (@VigilantesV) <a href=\"https:\/\/twitter.com\/VigilantesV\/status\/1458639951915012100?ref_src=twsrc%5Etfw\">November 11, 2021<\/a><\/p><\/blockquote>\n<p><script async src=\"https:\/\/platform.twitter.com\/widgets.js\" charset=\"utf-8\"><\/script><\/p>\n<h1 class=\"h1\">Investiga fiscal\u00eda de Oaxaca enfrentamiento en l\u00edmites con Veracruz en el que muri\u00f3 una persona<\/h1>\n<p>La\u00a0<strong>Fiscal\u00eda General del estado (FGEO)\u00a0<\/strong>inici\u00f3 una carpeta de investigaci\u00f3n tras un enfrentamiento registrado este mi\u00e9rcoles en los l\u00edmites de La Calera, en el municipio de\u00a0<strong>Cosolapa<\/strong>, en la regi\u00f3n\u00a0<strong>Cuenca del Papaloapan<\/strong>,\u00a0<em>que dej\u00f3 una persona muerta<\/em>.<\/p>\n<p>La carpeta 37102\/FCUE\/TUXTEPEC\/2021 se\u00f1ala la investigaci\u00f3n del enfrentamiento entre un grupo de personas desconocidas y elementos de la\u00a0<strong>Fuerza Civil de Veracruz<\/strong>, en esta zona lim\u00edtrofe con\u00a0<strong>Oaxaca<\/strong>.<\/p>\n<p>De acuerdo con medios informativos locales, el enfrentamiento se dio luego de que elementos de la Fuerza Civil de Veracruz sorprendieron a personas armadas en el momento en el que interceptaban un veh\u00edculo de\u00a0<strong>Segalmex-Diconsa<\/strong>, empresa del Estado que distribuye alimentos y\u00a0<strong>leche\u00a0<\/strong>a precios accesibles en comunidades que lo necesitan, para robarlo.<\/p>\n<p>Por ello, se desat\u00f3 una persecuci\u00f3n que termin\u00f3 en balacera y que recorri\u00f3 varios kil\u00f3metros, seg\u00fan se aprecia en algunos videos difundidos en redes sociales.<\/p>\n<p>Tras la volcadura de la camioneta de los presuntos delincuentes, los agentes de seguridad del estado vecino de\u00a0<strong>Veracruz\u00a0<\/strong>lograron someterlos, a la altura de la carretera estatal Cosolapa-Acatl\u00e1n de P\u00e9rez Figueroa.<\/p>\n<p>Estos sucesos se dan menos de una semana despu\u00e9s de que fuera detenido el diputado local de Oaxaca\u00a0<strong>Gustavo D\u00edaz<\/strong>, a quien las autoridades de ese estado se\u00f1alan como presunto l\u00edder de una banda que de delincuentes que operan en la zona lim\u00edtrofe entre\u00a0<strong>Oaxaca\u00a0<\/strong>y\u00a0<strong>Veracruz<\/strong>, de Cosolapa-Tezolapa.<\/p>\n<p>Luego de su detenci\u00f3n, el 4 de noviembre pasado, un juez ratific\u00f3 cargos contra \u00e9l por los presuntos delitos de portaci\u00f3n de armas de fuego de uso exclusivo del Ej\u00e9rcito, posesi\u00f3n de estupefacientes y ultrajes a la autoridad.<\/p>\n<p>La versi\u00f3n polic\u00edaca detall\u00f3 que el detenido dispar\u00f3 contra las instalaciones de la Delegaci\u00f3n de la Polic\u00eda Estatal en Fort\u00edn de las Flores, cuando pretend\u00eda liberar a su hijo, quien de acuerdo con las autoridades fue detenido en flagrancia.<\/p>\n<p>Con informaci\u00f3n de diario el mundo y el universal<\/p>\n","protected":false},"excerpt":{"rendered":"<p>Cosolapa, Oax.-\u00a0Un enfrentamiento entre polic\u00edas de la Fuerza Civil y presuntos delincuentes, arroj\u00f3 como saldo una persona muerta, dos detenidos, el aseguramiento de un tr\u00e1iler cargado con cemento y un fuerte operativo de los tres \u00f3rdenes de gobierno en la carretera estatal Cosolapa-Acatl\u00e1n de P\u00e9rez Figueroa, unos 200 metros antes del r\u00edo El Nacimiento. Oficiales [&hellip;]<\/p>\n","protected":false},"author":5,"featured_media":51495,"comment_status":"closed","ping_status":"closed","sticky":false,"template":"","format":"standard","meta":{"_uf_show_specific_survey":0,"_uf_disable_surveys":false,"advanced_seo_description":"","jetpack_seo_html_title":"","jetpack_seo_noindex":false,"jetpack_post_was_ever_published":false,"_jetpack_newsletter_access":"","_jetpack_dont_email_post_to_subs":false,"_jetpack_newsletter_tier_id":0,"_jetpack_memberships_contains_paywalled_content":false,"_jetpack_memberships_contains_paid_content":false,"footnotes":"","jetpack_publicize_message":"Estos sucesos se dan menos de una semana despu\u00e9s de que fuera detenido el diputado local de Oaxaca\u00a0Gustavo D\u00edaz, a quien las autoridades de ese estado se\u00f1alan como presunto l\u00edder de una banda","jetpack_publicize_feature_enabled":true,"jetpack_social_post_already_shared":true,"jetpack_social_options":{"image_generator_settings":{"template":"highway","default_image_id":0,"font":"","enabled":false},"version":2}},"categories":[1724,36],"tags":[906],"class_list":{"0":"post-51494","1":"post","2":"type-post","3":"status-publish","4":"format-standard","5":"has-post-thumbnail","7":"category-featured","8":"category-oaxaca","9":"tag-crimenorganizado"},"jetpack_publicize_connections":[],"jetpack_featured_media_url":"https:\/\/i0.wp.com\/mexicocodigorojo.com.mx\/wp-content\/uploads\/2021\/11\/FD4hTleX0AQNeyOcensura.jpg?fit=1091%2C670&ssl=1","jetpack-related-posts":[{"id":52399,"url":"https:\/\/mexicocodigorojo.com.mx\/?p=52399","url_meta":{"origin":51494,"position":0},"title":"Polic\u00eda municipal de la ciudad Oaxaca agrede a reportero mientras entrevistaba a funcionario","author":"MexicoRojoCvmx","date":"febrero 23, 2022","format":false,"excerpt":"Oaxaca de Ju\u00e1rez.- Un reportero oaxaque\u00f1o de nombre Miguel \u00c1ngel Luna fue agredido mientras entrevistaba al secretario de Seguridad Ciudadana, Movilidad y Protecci\u00f3n Civil, Ra\u00fal Ibarra, por parte de un elemento de la polic\u00eda del ayuntamiento de Oaxaca de Ju\u00e1rez. Tras la agresi\u00f3n, el gobierno municipal, encabezado por el morenista\u2026","rel":"","context":"En \u00abFeatured\u00bb","block_context":{"text":"Featured","link":"https:\/\/mexicocodigorojo.com.mx\/?cat=1724"},"img":{"alt_text":"","src":"https:\/\/i0.wp.com\/mexicocodigorojo.com.mx\/wp-content\/uploads\/2022\/02\/Captura-de-pantalla-2022-02-23-113822.jpg?fit=1064%2C656&ssl=1&resize=350%2C200","width":350,"height":200,"srcset":"https:\/\/i0.wp.com\/mexicocodigorojo.com.mx\/wp-content\/uploads\/2022\/02\/Captura-de-pantalla-2022-02-23-113822.jpg?fit=1064%2C656&ssl=1&resize=350%2C200 1x, https:\/\/i0.wp.com\/mexicocodigorojo.com.mx\/wp-content\/uploads\/2022\/02\/Captura-de-pantalla-2022-02-23-113822.jpg?fit=1064%2C656&ssl=1&resize=525%2C300 1.5x, https:\/\/i0.wp.com\/mexicocodigorojo.com.mx\/wp-content\/uploads\/2022\/02\/Captura-de-pantalla-2022-02-23-113822.jpg?fit=1064%2C656&ssl=1&resize=700%2C400 2x, https:\/\/i0.wp.com\/mexicocodigorojo.com.mx\/wp-content\/uploads\/2022\/02\/Captura-de-pantalla-2022-02-23-113822.jpg?fit=1064%2C656&ssl=1&resize=1050%2C600 3x"},"classes":[]},{"id":16292,"url":"https:\/\/mexicocodigorojo.com.mx\/?p=16292","url_meta":{"origin":51494,"position":1},"title":"Una mujer y un polic\u00eda, entre 11 asesinados durante el fin de semana en Oaxaca","author":"Staff","date":"abril 15, 2019","format":false,"excerpt":"OAXACA, Oax.- Al menos 11 ejecuciones -entre ellos un polic\u00eda federal y una mujer- se registraron en los \u00faltimos cuatro d\u00edas en el estado, principalmente en el Istmo de Tehuantepec, la cuenca del Papaloapan y la Mixteca. Durante la madrugada de este lunes, tres personas murieron y dos m\u00e1s resultaron\u2026","rel":"","context":"En \u00abOaxaca\u00bb","block_context":{"text":"Oaxaca","link":"https:\/\/mexicocodigorojo.com.mx\/?cat=36"},"img":{"alt_text":"","src":"https:\/\/i0.wp.com\/mexicocodigorojo.com.mx\/wp-content\/uploads\/2019\/04\/oax.jpg?fit=720%2C540&ssl=1&resize=350%2C200","width":350,"height":200,"srcset":"https:\/\/i0.wp.com\/mexicocodigorojo.com.mx\/wp-content\/uploads\/2019\/04\/oax.jpg?fit=720%2C540&ssl=1&resize=350%2C200 1x, https:\/\/i0.wp.com\/mexicocodigorojo.com.mx\/wp-content\/uploads\/2019\/04\/oax.jpg?fit=720%2C540&ssl=1&resize=525%2C300 1.5x, https:\/\/i0.wp.com\/mexicocodigorojo.com.mx\/wp-content\/uploads\/2019\/04\/oax.jpg?fit=720%2C540&ssl=1&resize=700%2C400 2x"},"classes":[]},{"id":51649,"url":"https:\/\/mexicocodigorojo.com.mx\/?p=51649","url_meta":{"origin":51494,"position":2},"title":"Aseguran en Oaxaca una aeronave il\u00edcita que transportaba 400 kilogramos de coca\u00edna","author":"Staff","date":"noviembre 25, 2021","format":false,"excerpt":"Chahuites, Oaxaca.- El Ej\u00e9rcito Mexicano al aplicar los procedimientos de vigilancia y protecci\u00f3n del espacio a\u00e9reo nacional, detectaron una aeronave il\u00edcita, por lo que se desplegaron las unidades de intercepci\u00f3n a\u00e9rea, plataformas de vigilancia y las fuerzas de reacci\u00f3n terrestre y aerotransportada. Como resultado del seguimiento efectuado en el poblado\u2026","rel":"","context":"En \u00abFeatured\u00bb","block_context":{"text":"Featured","link":"https:\/\/mexicocodigorojo.com.mx\/?cat=1724"},"img":{"alt_text":"","src":"https:\/\/i0.wp.com\/mexicocodigorojo.com.mx\/wp-content\/uploads\/2021\/11\/IMG-20211125-WA0022.jpg?fit=689%2C512&ssl=1&resize=350%2C200","width":350,"height":200,"srcset":"https:\/\/i0.wp.com\/mexicocodigorojo.com.mx\/wp-content\/uploads\/2021\/11\/IMG-20211125-WA0022.jpg?fit=689%2C512&ssl=1&resize=350%2C200 1x, https:\/\/i0.wp.com\/mexicocodigorojo.com.mx\/wp-content\/uploads\/2021\/11\/IMG-20211125-WA0022.jpg?fit=689%2C512&ssl=1&resize=525%2C300 1.5x"},"classes":[]},{"id":23807,"url":"https:\/\/mexicocodigorojo.com.mx\/?p=23807","url_meta":{"origin":51494,"position":3},"title":"Topon entre la Fuerza Civil y el C\u00e1rtel del Noreste; 4 muertos en Vallecillo","author":"Staff","date":"septiembre 19, 2019","format":false,"excerpt":"Vallecillo, Nuevo Le\u00f3n.-\u00a0Un enfrentamiento entre Fuerza Civil y hombres armados, dej\u00f3 como saldo cuatro presuntos delincuentes abatidos en el municipio de Vallecillo, al norte del Estado. El tiroteo, en el que se utilizaron armas de grueso calibre, se report\u00f3 a las 12:30 horas de este miercoles sobre la calle Vicente\u2026","rel":"","context":"En \u00abNuevo Le\u00f3n\u00bb","block_context":{"text":"Nuevo Le\u00f3n","link":"https:\/\/mexicocodigorojo.com.mx\/?cat=29"},"img":{"alt_text":"","src":"https:\/\/i0.wp.com\/mexicocodigorojo.com.mx\/wp-content\/uploads\/2019\/09\/cropw0h0vallecillo-focus-0-0-940-615.jpg?fit=940%2C615&ssl=1&resize=350%2C200","width":350,"height":200,"srcset":"https:\/\/i0.wp.com\/mexicocodigorojo.com.mx\/wp-content\/uploads\/2019\/09\/cropw0h0vallecillo-focus-0-0-940-615.jpg?fit=940%2C615&ssl=1&resize=350%2C200 1x, https:\/\/i0.wp.com\/mexicocodigorojo.com.mx\/wp-content\/uploads\/2019\/09\/cropw0h0vallecillo-focus-0-0-940-615.jpg?fit=940%2C615&ssl=1&resize=525%2C300 1.5x, https:\/\/i0.wp.com\/mexicocodigorojo.com.mx\/wp-content\/uploads\/2019\/09\/cropw0h0vallecillo-focus-0-0-940-615.jpg?fit=940%2C615&ssl=1&resize=700%2C400 2x"},"classes":[]},{"id":32815,"url":"https:\/\/mexicocodigorojo.com.mx\/?p=32815","url_meta":{"origin":51494,"position":4},"title":"Gabino Cu\u00e9 comparecer\u00e1 ante FGR por Nochixtl\u00e1n","author":"Staff","date":"febrero 13, 2020","format":false,"excerpt":"El exgobernador es se\u00f1alado por presuntamente participar en el enfrentamiento entre polic\u00edas y fuerzas policiacas en 2016; tambi\u00e9n el excomisionado de Seguridad, Renato Sales OAXACA La Fiscal\u00eda General de la Rep\u00fablica (FGR) cit\u00f3 a comparecer al exgobernador Gabino Cu\u00e9 Monteagudo por su presunta participaci\u00f3n en el enfrentamiento entre civiles y\u2026","rel":"","context":"En \u00abOaxaca\u00bb","block_context":{"text":"Oaxaca","link":"https:\/\/mexicocodigorojo.com.mx\/?cat=36"},"img":{"alt_text":"","src":"https:\/\/i0.wp.com\/mexicocodigorojo.com.mx\/wp-content\/uploads\/2020\/02\/2305587.jpg?fit=664%2C498&ssl=1&resize=350%2C200","width":350,"height":200,"srcset":"https:\/\/i0.wp.com\/mexicocodigorojo.com.mx\/wp-content\/uploads\/2020\/02\/2305587.jpg?fit=664%2C498&ssl=1&resize=350%2C200 1x, https:\/\/i0.wp.com\/mexicocodigorojo.com.mx\/wp-content\/uploads\/2020\/02\/2305587.jpg?fit=664%2C498&ssl=1&resize=525%2C300 1.5x"},"classes":[]},{"id":6819,"url":"https:\/\/mexicocodigorojo.com.mx\/?p=6819","url_meta":{"origin":51494,"position":5},"title":"VIDEO DE VARIOS BALAZOS EJECUTAN A UNA PERSONA EN PLENA CALENDA EN OAXACA","author":"Staff","date":"octubre 21, 2018","format":false,"excerpt":"En la calenda sobre las calles principales de Tlaxiaco en la feria anual, Asesinan a un participante de los danzantes de los diablos de Juxtlahuaca. Oaxaca. Como Bernardino Cruz Mendoza fue identificado el sujeto ejecutado esta tarde en la calenda de las fiestas de Octubre de la ciudad de Tlaxiaco,\u2026","rel":"","context":"En \u00abOaxaca\u00bb","block_context":{"text":"Oaxaca","link":"https:\/\/mexicocodigorojo.com.mx\/?cat=36"},"img":{"alt_text":"","src":"","width":0,"height":0},"classes":[]}],"jetpack_sharing_enabled":true,"jetpack_likes_enabled":true,"jetpack_shortlink":"https:\/\/wp.me\/p9TedA-doy","_links":{"self":[{"href":"https:\/\/mexicocodigorojo.com.mx\/index.php?rest_route=\/wp\/v2\/posts\/51494","targetHints":{"allow":["GET"]}}],"collection":[{"href":"https:\/\/mexicocodigorojo.com.mx\/index.php?rest_route=\/wp\/v2\/posts"}],"about":[{"href":"https:\/\/mexicocodigorojo.com.mx\/index.php?rest_route=\/wp\/v2\/types\/post"}],"author":[{"embeddable":true,"href":"https:\/\/mexicocodigorojo.com.mx\/index.php?rest_route=\/wp\/v2\/users\/5"}],"replies":[{"embeddable":true,"href":"https:\/\/mexicocodigorojo.com.mx\/index.php?rest_route=%2Fwp%2Fv2%2Fcomments&post=51494"}],"version-history":[{"count":1,"href":"https:\/\/mexicocodigorojo.com.mx\/index.php?rest_route=\/wp\/v2\/posts\/51494\/revisions"}],"predecessor-version":[{"id":51496,"href":"https:\/\/mexicocodigorojo.com.mx\/index.php?rest_route=\/wp\/v2\/posts\/51494\/revisions\/51496"}],"wp:featuredmedia":[{"embeddable":true,"href":"https:\/\/mexicocodigorojo.com.mx\/index.php?rest_route=\/wp\/v2\/media\/51495"}],"wp:attachment":[{"href":"https:\/\/mexicocodigorojo.com.mx\/index.php?rest_route=%2Fwp%2Fv2%2Fmedia&parent=51494"}],"wp:term":[{"taxonomy":"category","embeddable":true,"href":"https:\/\/mexicocodigorojo.com.mx\/index.php?rest_route=%2Fwp%2Fv2%2Fcategories&post=51494"},{"taxonomy":"post_tag","embeddable":true,"href":"https:\/\/mexicocodigorojo.com.mx\/index.php?rest_route=%2Fwp%2Fv2%2Ftags&post=51494"}],"curies":[{"name":"wp","href":"https:\/\/api.w.org\/{rel}","templated":true}]}}