{"id":51407,"date":"2021-11-02T09:30:35","date_gmt":"2021-11-02T15:30:35","guid":{"rendered":"https:\/\/mexicocodigorojo.com.mx\/?p=51407"},"modified":"2021-11-02T09:30:35","modified_gmt":"2021-11-02T15:30:35","slug":"onu-dh-condena-el-asesinato-del-periodista-fredy-lopez","status":"publish","type":"post","link":"https:\/\/mexicocodigorojo.com.mx\/?p=51407","title":{"rendered":"ONU-DH condena el asesinato del periodista Fredy L\u00f3pez"},"content":{"rendered":"<p>La oficina en M\u00e9xico de la Alta Comisionada de Naciones Unidas para los Derechos Humanos (ONU-DH) conden\u00f3 el asesinato del periodista Fredy L\u00f3pez Ar\u00e9valo en San Crist\u00f3bal de las Casas, Chiapas, as\u00ed como el ataque armado al director del medio digital \u201cDos Costas\u201d, Alfredo Cardoso Echeverr\u00eda, ocurrido en Acapulco, Guerrero.<\/p>\n<p>A trav\u00e9s de un pronunciamiento, el representante de ONU-DH, Guillermo Fern\u00e1ndez-Maldonado, consider\u00f3 que el asesinato de L\u00f3pez Ar\u00e9valo \u201crepresenta un nuevo ataque a la libertad y al derecho a la informaci\u00f3n de la sociedad mexicana\u201d, caso que se suma a otros seis homicidios y dos desapariciones de periodistas documentados por el organismo en lo que va de 2021, \u201cen los cuales resulta posible una vinculaci\u00f3n entre las actividades period\u00edsticas de las v\u00edctimas y las agresiones sufridas\u201d.<\/p>\n<p>Fern\u00e1ndez Maldonado urgi\u00f3 a fortalecer los mecanismos de protecci\u00f3n de periodistas, especialmente aquellos que se encuentran en una situaci\u00f3n de mayor vulnerabilidad.<\/p>\n<p>\u201cEs clave revertir la impunidad en la que permanecen las agresiones contra quienes ejercen el periodismo, dado que una de las medidas de prevenci\u00f3n m\u00e1s eficiente es la sanci\u00f3n a los responsables de estos hechos\u201d, apunt\u00f3.<\/p>\n<p>Tras exhortar a las autoridades que agoten \u201ctodas las l\u00edneas de investigaci\u00f3n, incluyendo la posible vinculaci\u00f3n entre el asesinato y su labor period\u00edstica\u201d, el comunicado de ONU-DH record\u00f3 que L\u00f3pez Ar\u00e9valo ten\u00eda una larga trayectoria period\u00edstica desde la d\u00e9cada de los ochenta, colaborando con distintos medios nacionales e internacionales, y recientemente administrando la revista en redes sociales \u201cJovel News\u201d, relacionada con medios pol\u00edticos y de seguridad, entre otros.<\/p>\n<p>Tambi\u00e9n conden\u00f3 la \u201cgrave agresi\u00f3n perpetrada en contra del periodista Alfredo Cardoso Echeverr\u00eda, director del medio \u2018Dos Costas\u2019, ocurrida en Acapulco, Guerrero\u201d, la madrugada de este viernes, y llam\u00f3 a las autoridades a \u201cinvestigar de manera diligente el caso\u201d.<\/p>\n<p>En su pronunciamiento, la ONU-DH expres\u00f3 sus condolencias y solidaridad con la familia y personas cercanas a Fredy L\u00f3pez Ar\u00e9valo, y pidi\u00f3 a las autoridades \u201cgarantizar su seguridad y otorgarles el apoyo necesario\u201d.<\/p>\n<p>Con informaci\u00f3n de Proceso<\/p>\n","protected":false},"excerpt":{"rendered":"<p>La oficina en M\u00e9xico de la Alta Comisionada de Naciones Unidas para los Derechos Humanos (ONU-DH) conden\u00f3 el asesinato del periodista Fredy L\u00f3pez Ar\u00e9valo en San Crist\u00f3bal de las Casas, Chiapas, as\u00ed como el ataque armado al director del medio digital \u201cDos Costas\u201d, Alfredo Cardoso Echeverr\u00eda, ocurrido en Acapulco, Guerrero. A trav\u00e9s de un pronunciamiento, [&hellip;]<\/p>\n","protected":false},"author":5,"featured_media":51408,"comment_status":"closed","ping_status":"closed","sticky":false,"template":"","format":"standard","meta":{"_uf_show_specific_survey":0,"_uf_disable_surveys":false,"advanced_seo_description":"","jetpack_seo_html_title":"","jetpack_seo_noindex":false,"jetpack_post_was_ever_published":false,"_jetpack_newsletter_access":"","_jetpack_dont_email_post_to_subs":false,"_jetpack_newsletter_tier_id":0,"_jetpack_memberships_contains_paywalled_content":false,"_jetpack_memberships_contains_paid_content":false,"footnotes":"","jetpack_publicize_message":"La oficina de la Alta Comisionada de la ONU para los Derechos Humanos conden\u00f3 el asesinato del periodista Fredy L\u00f3pez Ar\u00e9valo en Chiapas y urgi\u00f3 a fortalecer los mecanismos de protecci\u00f3n.","jetpack_publicize_feature_enabled":true,"jetpack_social_post_already_shared":true,"jetpack_social_options":{"image_generator_settings":{"template":"highway","default_image_id":0,"font":"","enabled":false},"version":2}},"categories":[75,1724],"tags":[858],"class_list":{"0":"post-51407","1":"post","2":"type-post","3":"status-publish","4":"format-standard","5":"has-post-thumbnail","7":"category-chiapas","8":"category-featured","9":"tag-homicidio"},"jetpack_publicize_connections":[],"jetpack_featured_media_url":"https:\/\/i0.wp.com\/mexicocodigorojo.com.mx\/wp-content\/uploads\/2021\/11\/fredy-lopez.jpg?fit=400%2C402&ssl=1","jetpack-related-posts":[{"id":9902,"url":"https:\/\/mexicocodigorojo.com.mx\/?p=9902","url_meta":{"origin":51407,"position":0},"title":"ONU-DH condena asesinato de periodista de Nayarit y la impunidad en casos anteriores","author":"Staff","date":"diciembre 4, 2018","format":false,"excerpt":"CIUDAD DE M\u00c9XICO (apro).- La Oficina de la Alta Comisionada de Naciones Unidas para los Derechos Humanos (ONU-DH) conden\u00f3 el asesinato del periodista Jes\u00fas Alejandro M\u00e1rquez Jim\u00e9nez, con el que suman 11 comunicadores ejecutados en 2018. En un comunicado, la ONU-DH urgi\u00f3 a las autoridades a \u201crealizar una pronta investigaci\u00f3n\u201d\u2026","rel":"","context":"En \u00abNayarit\u00bb","block_context":{"text":"Nayarit","link":"https:\/\/mexicocodigorojo.com.mx\/?cat=247"},"img":{"alt_text":"","src":"https:\/\/i0.wp.com\/mexicocodigorojo.com.mx\/wp-content\/uploads\/2018\/12\/chucho-1078x808-e1543964098568.jpg?fit=552%2C474&ssl=1&resize=350%2C200","width":350,"height":200,"srcset":"https:\/\/i0.wp.com\/mexicocodigorojo.com.mx\/wp-content\/uploads\/2018\/12\/chucho-1078x808-e1543964098568.jpg?fit=552%2C474&ssl=1&resize=350%2C200 1x, https:\/\/i0.wp.com\/mexicocodigorojo.com.mx\/wp-content\/uploads\/2018\/12\/chucho-1078x808-e1543964098568.jpg?fit=552%2C474&ssl=1&resize=525%2C300 1.5x"},"classes":[]},{"id":42214,"url":"https:\/\/mexicocodigorojo.com.mx\/?p=42214","url_meta":{"origin":51407,"position":1},"title":"ONU-DH pide investigar ejecuci\u00f3n extrajudicial en Nuevo Laredo","author":"Staff","date":"agosto 25, 2020","format":false,"excerpt":"Tras la difusi\u00f3n de un video que pone en evidencia la ejecuci\u00f3n extrajudicial de al menos un civil herido por parte de militares desplegados en Nuevo Laredo, la Oficina de la Alta Comisionada de Naciones Unidas para los Derechos Humanos (ONU-DH) urgi\u00f3 a autoridades llevar a cabo una investigaci\u00f3n sobre\u2026","rel":"","context":"En \u00abFeatured\u00bb","block_context":{"text":"Featured","link":"https:\/\/mexicocodigorojo.com.mx\/?cat=1724"},"img":{"alt_text":"","src":"https:\/\/i0.wp.com\/mexicocodigorojo.com.mx\/wp-content\/uploads\/2020\/08\/seguridad-publica-sedena-amlo-870x522-1.jpg?fit=870%2C522&ssl=1&resize=350%2C200","width":350,"height":200,"srcset":"https:\/\/i0.wp.com\/mexicocodigorojo.com.mx\/wp-content\/uploads\/2020\/08\/seguridad-publica-sedena-amlo-870x522-1.jpg?fit=870%2C522&ssl=1&resize=350%2C200 1x, https:\/\/i0.wp.com\/mexicocodigorojo.com.mx\/wp-content\/uploads\/2020\/08\/seguridad-publica-sedena-amlo-870x522-1.jpg?fit=870%2C522&ssl=1&resize=525%2C300 1.5x, https:\/\/i0.wp.com\/mexicocodigorojo.com.mx\/wp-content\/uploads\/2020\/08\/seguridad-publica-sedena-amlo-870x522-1.jpg?fit=870%2C522&ssl=1&resize=700%2C400 2x"},"classes":[]},{"id":32754,"url":"https:\/\/mexicocodigorojo.com.mx\/?p=32754","url_meta":{"origin":51407,"position":2},"title":"ONU-DH condena el homicidio de Ingrid Escamilla","author":"Staff","date":"febrero 12, 2020","format":false,"excerpt":"El representante en M\u00e9xico de ONU-DH pidi\u00f3 que los medios de comunicaci\u00f3n act\u00faen con una perspectiva en la que respeten los derechos de las v\u00edctimas Jes\u00fas Pe\u00f1a Palacios, representante en M\u00e9xico del Alto Comisionado de las Naciones Unidas para los Derechos Humanos (ONU-DH), conden\u00f3 el\u00a0homicidio\u00a0de\u00a0Ingrid\u00a0Escamilla,\u00a0ocurrido en la Ciudad de M\u00e9xico\u2026","rel":"","context":"En \u00abCiudad de M\u00e9xico\u00bb","block_context":{"text":"Ciudad de M\u00e9xico","link":"https:\/\/mexicocodigorojo.com.mx\/?cat=101"},"img":{"alt_text":"","src":"https:\/\/i0.wp.com\/mexicocodigorojo.com.mx\/wp-content\/uploads\/2020\/02\/ingrid-escamilla-fue-asesinada-por-su-pareja-sentimental-en-la-gam.jpg?fit=980%2C550&ssl=1&resize=350%2C200","width":350,"height":200,"srcset":"https:\/\/i0.wp.com\/mexicocodigorojo.com.mx\/wp-content\/uploads\/2020\/02\/ingrid-escamilla-fue-asesinada-por-su-pareja-sentimental-en-la-gam.jpg?fit=980%2C550&ssl=1&resize=350%2C200 1x, https:\/\/i0.wp.com\/mexicocodigorojo.com.mx\/wp-content\/uploads\/2020\/02\/ingrid-escamilla-fue-asesinada-por-su-pareja-sentimental-en-la-gam.jpg?fit=980%2C550&ssl=1&resize=525%2C300 1.5x, https:\/\/i0.wp.com\/mexicocodigorojo.com.mx\/wp-content\/uploads\/2020\/02\/ingrid-escamilla-fue-asesinada-por-su-pareja-sentimental-en-la-gam.jpg?fit=980%2C550&ssl=1&resize=700%2C400 2x"},"classes":[]},{"id":1950,"url":"https:\/\/mexicocodigorojo.com.mx\/?p=1950","url_meta":{"origin":51407,"position":3},"title":"CAMAR\u00d3GRAFO EJECUTADO EN CANCUN ENTIERRAN SUS RESTOS EL DIA DE SU BODA.","author":"Staff","date":"septiembre 2, 2018","format":false,"excerpt":"Canc\u00fan, Quintana Roo.- Este viernes se ofici\u00f3 una misa de cuerpo presente en honor de Javier Rodr\u00edguez Valladares, el camar\u00f3grafo de Canal 10, asesinado el mi\u00e9rcoles pasado y quien justo este viernes ten\u00eda una cita en el Registro Civil para contraer matrimonio. Sus padres, familiares, amigos, compa\u00f1eros de trabajo, colegas\u2026","rel":"","context":"En \u00abFeatured\u00bb","block_context":{"text":"Featured","link":"https:\/\/mexicocodigorojo.com.mx\/?cat=1724"},"img":{"alt_text":"","src":"https:\/\/i0.wp.com\/mexicocodigorojo.com.mx\/wp-content\/uploads\/2018\/09\/12-1.jpg?resize=350%2C200&ssl=1","width":350,"height":200},"classes":[]},{"id":1952,"url":"https:\/\/mexicocodigorojo.com.mx\/?p=1952","url_meta":{"origin":51407,"position":4},"title":"CAMAR\u00d3GRAFO EJECUTADO EN CANCUN ENTIERRAN SUS RESTOS EL DIA DE SU BODA.","author":"Staff","date":"septiembre 2, 2018","format":false,"excerpt":"Canc\u00fan, Quintana Roo.- Este viernes se ofici\u00f3 una misa de cuerpo presente en honor de Javier Rodr\u00edguez Valladares, el camar\u00f3grafo de Canal 10, asesinado el mi\u00e9rcoles pasado y quien justo este viernes ten\u00eda una cita en el Registro Civil para contraer matrimonio. Sus padres, familiares, amigos, compa\u00f1eros de trabajo, colegas\u2026","rel":"","context":"En \u00abFeatured\u00bb","block_context":{"text":"Featured","link":"https:\/\/mexicocodigorojo.com.mx\/?cat=1724"},"img":{"alt_text":"","src":"https:\/\/i0.wp.com\/mexicocodigorojo.com.mx\/wp-content\/uploads\/2018\/09\/12-1.jpg?resize=350%2C200&ssl=1","width":350,"height":200},"classes":[]},{"id":1954,"url":"https:\/\/mexicocodigorojo.com.mx\/?p=1954","url_meta":{"origin":51407,"position":5},"title":"CAMAR\u00d3GRAFO EJECUTADO EN CANCUN ENTIERRAN SUS RESTOS EL DIA DE SU BODA.","author":"Staff","date":"septiembre 2, 2018","format":false,"excerpt":"Canc\u00fan, Quintana Roo.- Este viernes se ofici\u00f3 una misa de cuerpo presente en honor de Javier Rodr\u00edguez Valladares, el camar\u00f3grafo de Canal 10, asesinado el mi\u00e9rcoles pasado y quien justo este viernes ten\u00eda una cita en el Registro Civil para contraer matrimonio. Sus padres, familiares, amigos, compa\u00f1eros de trabajo, colegas\u2026","rel":"","context":"En \u00abFeatured\u00bb","block_context":{"text":"Featured","link":"https:\/\/mexicocodigorojo.com.mx\/?cat=1724"},"img":{"alt_text":"","src":"https:\/\/i0.wp.com\/mexicocodigorojo.com.mx\/wp-content\/uploads\/2018\/09\/12-1.jpg?resize=350%2C200&ssl=1","width":350,"height":200},"classes":[]}],"jetpack_sharing_enabled":true,"jetpack_likes_enabled":true,"jetpack_shortlink":"https:\/\/wp.me\/p9TedA-dn9","_links":{"self":[{"href":"https:\/\/mexicocodigorojo.com.mx\/index.php?rest_route=\/wp\/v2\/posts\/51407","targetHints":{"allow":["GET"]}}],"collection":[{"href":"https:\/\/mexicocodigorojo.com.mx\/index.php?rest_route=\/wp\/v2\/posts"}],"about":[{"href":"https:\/\/mexicocodigorojo.com.mx\/index.php?rest_route=\/wp\/v2\/types\/post"}],"author":[{"embeddable":true,"href":"https:\/\/mexicocodigorojo.com.mx\/index.php?rest_route=\/wp\/v2\/users\/5"}],"replies":[{"embeddable":true,"href":"https:\/\/mexicocodigorojo.com.mx\/index.php?rest_route=%2Fwp%2Fv2%2Fcomments&post=51407"}],"version-history":[{"count":1,"href":"https:\/\/mexicocodigorojo.com.mx\/index.php?rest_route=\/wp\/v2\/posts\/51407\/revisions"}],"predecessor-version":[{"id":51409,"href":"https:\/\/mexicocodigorojo.com.mx\/index.php?rest_route=\/wp\/v2\/posts\/51407\/revisions\/51409"}],"wp:featuredmedia":[{"embeddable":true,"href":"https:\/\/mexicocodigorojo.com.mx\/index.php?rest_route=\/wp\/v2\/media\/51408"}],"wp:attachment":[{"href":"https:\/\/mexicocodigorojo.com.mx\/index.php?rest_route=%2Fwp%2Fv2%2Fmedia&parent=51407"}],"wp:term":[{"taxonomy":"category","embeddable":true,"href":"https:\/\/mexicocodigorojo.com.mx\/index.php?rest_route=%2Fwp%2Fv2%2Fcategories&post=51407"},{"taxonomy":"post_tag","embeddable":true,"href":"https:\/\/mexicocodigorojo.com.mx\/index.php?rest_route=%2Fwp%2Fv2%2Ftags&post=51407"}],"curies":[{"name":"wp","href":"https:\/\/api.w.org\/{rel}","templated":true}]}}