{"id":51402,"date":"2021-11-02T09:15:13","date_gmt":"2021-11-02T15:15:13","guid":{"rendered":"https:\/\/mexicocodigorojo.com.mx\/?p=51402"},"modified":"2021-11-02T09:22:31","modified_gmt":"2021-11-02T15:22:31","slug":"reconoce-guardia-nacional-que-asesino-a-migrante-cubano","status":"publish","type":"post","link":"https:\/\/mexicocodigorojo.com.mx\/?p=51402","title":{"rendered":"Reconoce Guardia Nacional que asesino a migrante cubano"},"content":{"rendered":"<p>La Guardia Nacional (GN) reconoci\u00f3 que dispar\u00f3 durante una persecuci\u00f3n en contra de una camioneta en la que iban a bordo migrantes y que provoc\u00f3 la muerte de un cubano, el pasado domingo 31 de octubre.<\/p>\n<p>La justificaci\u00f3n de la GN es que el conductor de la unidad intent\u00f3 embestirlos y \u201cal verse en riesgo inminente su integridad\u201d, accionaron sus armas para detener el veh\u00edculo.<\/p>\n<p>La Guardia Nacional indic\u00f3 que los hechos ocurrieron a la altura del ejido Echegaray, municipio de Pijijiapan, el pasado domingo 31 alrededor de las 1:40 de la madrugada, cuando se report\u00f3 que tres veh\u00edculos evadieron un puesto de control a la altura de Huixtla.<\/p>\n<aside class=\"htmlinline\">\n<div id=\"div-gpt-ad-prc_interarticle(1)\" data-google-query-id=\"CMWxwfD5-fMCFTOhAAAd6gcHuA\">\n<p>Tras ello, se desplegaron patrullajes para intentar ubicar a los veh\u00edculos y fue en un camino de terrecer\u00eda, que conduce al ejido Echegaray, donde personal de la Guardia Nacional se encontr\u00f3 de frente con una camioneta tipo pick up, a cuyo conductor se le marco\u00b4 el alto por medio de se\u00f1ales audibles y visibles para efectuar una revisi\u00f3n preventiva.<\/p>\n<p>Contrario a las instrucciones, \u201cel conductor intento\u00b4 embestir a los elementos de la Guardia Nacional acelerando la marcha del veh\u00edculo, por lo que ante la respuesta del conductor y al verse en riesgo inminente su integridad, accionaron sus armas para detener el veh\u00edculo logrando la detenci\u00f3n de su marcha aproximadamente 50 metros adelante\u201d, se\u00f1al\u00f3 la agrupaci\u00f3n.<\/p>\n<p>Cuando los elementos de la Guardia Nacional se aproximaron a la camioneta tipo pick up, color blanca, doble cabina, con placas de circulaci\u00f3n del estado de Chiapas, se percataron que, de \u00e9sta, descendieron varias personas que intentaron correr en distintas direcciones, sin embargo, fueron aseguradas.<\/p>\n<p>De igual manera, vieron que en el interior de la camioneta permanecieron cuatro personas que se encontraban lesionadas, as\u00ed como una que no presentaba signos vitales.<\/p>\n<p>La Guardia Nacional proporciono\u00b4 de inmediato los primeros auxilios a los heridos, quienes posteriormente fueron trasladados al hospital regional para su atenci\u00f3n.<\/p>\n<p>Tras el incidente, la Guardia Nacional dijo que fue detenido el conductor de la camioneta que pretend\u00eda embestir a los integrantes de la instituci\u00f3n, quien quedo\u00b4 a disposici\u00f3n de la Fiscal\u00eda General de la Rep\u00fablica, tambi\u00e9n fueron asegurados nueve migrantes de diferentes nacionalidades en coordinaci\u00f3n con el Instituto Nacional de Migraci\u00f3n (INM).<\/p>\n<p>\u201cEl personal de la Guardia Nacional participante, as\u00ed como su armamento y equipo se encuentran a disposici\u00f3n de las autoridades ministeriales correspondientes para el esclarecimiento de los hechos, reiterando su compromiso de hacer cumplir la ley, siempre con estricto respeto a los derechos humanos\u201d, dijo la corporaci\u00f3n.<\/p>\n<p>Por su parte, ante estos hechos, la Fiscal\u00eda General del Estado (FGE), a trav\u00e9s de la Fiscal\u00eda de Distrito Istmo Costa, abri\u00f3 carpeta de investigaci\u00f3n por el delito de homicidio calificado, contra quien o quienes resulten responsables, por la muerte de una persona del sexo masculino, originario de la Rep\u00fablica de Cuba, quien fuera localizado sin vida en el municipio de Pijijiapan.<\/p>\n<p>Tras conocer la noticia criminal, elementos de la Fiscal\u00eda de Distrito Istmo Costa, acudieron al sitio donde qued\u00f3 la camioneta, en cuya g\u00f3ndola se localiz\u00f3 el cuerpo sin vida de Crist\u00f3bal \u201cN\u201d, originario de la Rep\u00fablica de Cuba, quien en su anatom\u00eda presentaba lesiones provocadas por arma de fuego.<\/p>\n<p>Con informaci\u00f3n de Proceso<\/p>\n<aside class=\"htmlinline\"><\/aside>\n<\/div>\n<\/aside>\n","protected":false},"excerpt":{"rendered":"<p>La Guardia Nacional (GN) reconoci\u00f3 que dispar\u00f3 durante una persecuci\u00f3n en contra de una camioneta en la que iban a bordo migrantes y que provoc\u00f3 la muerte de un cubano, el pasado domingo 31 de octubre. La justificaci\u00f3n de la GN es que el conductor de la unidad intent\u00f3 embestirlos y \u201cal verse en riesgo [&hellip;]<\/p>\n","protected":false},"author":5,"featured_media":51405,"comment_status":"closed","ping_status":"closed","sticky":false,"template":"","format":"standard","meta":{"_uf_show_specific_survey":0,"_uf_disable_surveys":false,"advanced_seo_description":"","jetpack_seo_html_title":"","jetpack_seo_noindex":false,"jetpack_post_was_ever_published":false,"_jetpack_newsletter_access":"","_jetpack_dont_email_post_to_subs":false,"_jetpack_newsletter_tier_id":0,"_jetpack_memberships_contains_paywalled_content":false,"_jetpack_memberships_contains_paid_content":false,"footnotes":"","jetpack_publicize_message":"Guardia Nacional reconoce que dispar\u00f3 a camioneta con migrantes y mat\u00f3 a un cubano","jetpack_publicize_feature_enabled":true,"jetpack_social_post_already_shared":true,"jetpack_social_options":{"image_generator_settings":{"template":"highway","default_image_id":0,"font":"","enabled":false},"version":2}},"categories":[75,1724],"tags":[858],"class_list":{"0":"post-51402","1":"post","2":"type-post","3":"status-publish","4":"format-standard","5":"has-post-thumbnail","7":"category-chiapas","8":"category-featured","9":"tag-homicidio"},"jetpack_publicize_connections":[],"jetpack_featured_media_url":"https:\/\/i0.wp.com\/mexicocodigorojo.com.mx\/wp-content\/uploads\/2021\/11\/f800x450-137786_189232_5050.jpg?fit=800%2C450&ssl=1","jetpack-related-posts":[{"id":46084,"url":"https:\/\/mexicocodigorojo.com.mx\/?p=46084","url_meta":{"origin":51402,"position":0},"title":"Grupo armado secuestra a 2 elementos de la Guardia Nacional en Jerez, Zacatecas","author":"Staff","date":"enero 17, 2021","format":false,"excerpt":"La\u00a0Guardia Nacional\u00a0(GN) dio a conocer este domingo que dos elementos de la instituci\u00f3n fueron secuestrados por un grupo armado en el municipio de Jerez,\u00a0Zacatecas. En una tarjeta informativa, la\u00a0GN\u00a0indic\u00f3 que el plagio sucedi\u00f3 a las 15:53 horas del s\u00e1bado, cuando dos camionetas de modelo reciente sin placas de circulaci\u00f3n acudieron\u2026","rel":"","context":"En \u00abFeatured\u00bb","block_context":{"text":"Featured","link":"https:\/\/mexicocodigorojo.com.mx\/?cat=1724"},"img":{"alt_text":"","src":"","width":0,"height":0},"classes":[]},{"id":37494,"url":"https:\/\/mexicocodigorojo.com.mx\/?p=37494","url_meta":{"origin":51402,"position":1},"title":"Tras investigaciones de entrega de despensas por el \u201cCDG\u201d, Marina y Guardia Nacional aseguraron despensas en el Ejido San Germ\u00e1n","author":"Staff","date":"abril 28, 2020","format":false,"excerpt":"Matamoros, Tamaulipas.- La Fiscal\u00eda General de Justicia de Tamaulipas informa que la noche de este lunes tras recibir un reporte de robo, personal de la Secretar\u00eda de Marina y la Guardia Nacional detuvieron veh\u00edculos a la altura del Ejido San Germ\u00e1n carretera Victoria - Matamoros, en los que eran transportadas\u2026","rel":"","context":"En \u00abFeatured\u00bb","block_context":{"text":"Featured","link":"https:\/\/mexicocodigorojo.com.mx\/?cat=1724"},"img":{"alt_text":"","src":"https:\/\/i0.wp.com\/secureservercdn.net\/166.62.108.22\/cg1.af3.myftpupload.com\/wp-content\/uploads\/2020\/04\/img_3704.jpg?resize=350%2C200&ssl=1","width":350,"height":200,"srcset":"https:\/\/i0.wp.com\/secureservercdn.net\/166.62.108.22\/cg1.af3.myftpupload.com\/wp-content\/uploads\/2020\/04\/img_3704.jpg?resize=350%2C200&ssl=1 1x, https:\/\/i0.wp.com\/secureservercdn.net\/166.62.108.22\/cg1.af3.myftpupload.com\/wp-content\/uploads\/2020\/04\/img_3704.jpg?resize=525%2C300&ssl=1 1.5x"},"classes":[]},{"id":29434,"url":"https:\/\/mexicocodigorojo.com.mx\/?p=29434","url_meta":{"origin":51402,"position":2},"title":"Guardia Nacional repele ataque en carretera Celaya-Salamanca","author":"Staff","date":"diciembre 31, 2019","format":false,"excerpt":"Elementos de la Guardia Nacional frustraron el asalto a un grupo de civiles sobre la Celaya-Salamanca y se enfrentaron a los delincuentes Elementos de la\u00a0Guardia Nacional\u00a0repelieron un\u00a0ataque armado\u00a0sobre la carretera\u00a0Celaya-Salamanca, que no dej\u00f3 v\u00edctimas. El enfrentamiento ocurri\u00f3 la tarde del domingo 29 de diciembre, a la altura del kil\u00f3metro 63\u2026","rel":"","context":"En \u00abGuanajuato\u00bb","block_context":{"text":"Guanajuato","link":"https:\/\/mexicocodigorojo.com.mx\/?cat=18"},"img":{"alt_text":"","src":"https:\/\/i0.wp.com\/mexicocodigorojo.com.mx\/wp-content\/uploads\/2019\/12\/agentes-sobre-la-autopista-celaya-salamanca.jpg?fit=980%2C550&ssl=1&resize=350%2C200","width":350,"height":200,"srcset":"https:\/\/i0.wp.com\/mexicocodigorojo.com.mx\/wp-content\/uploads\/2019\/12\/agentes-sobre-la-autopista-celaya-salamanca.jpg?fit=980%2C550&ssl=1&resize=350%2C200 1x, https:\/\/i0.wp.com\/mexicocodigorojo.com.mx\/wp-content\/uploads\/2019\/12\/agentes-sobre-la-autopista-celaya-salamanca.jpg?fit=980%2C550&ssl=1&resize=525%2C300 1.5x, https:\/\/i0.wp.com\/mexicocodigorojo.com.mx\/wp-content\/uploads\/2019\/12\/agentes-sobre-la-autopista-celaya-salamanca.jpg?fit=980%2C550&ssl=1&resize=700%2C400 2x"},"classes":[]},{"id":48998,"url":"https:\/\/mexicocodigorojo.com.mx\/?p=48998","url_meta":{"origin":51402,"position":3},"title":"GN balea a dos agentes de la FGJE en Caborca","author":"Staff","date":"mayo 6, 2021","format":false,"excerpt":"Un funcionario de la Fiscal\u00eda General de Justicia del Estado de Sonora, perdi\u00f3 la vida este mi\u00e9rcoles luego de ser atacado a balazos por elementos de la Guardia Nacional. Estos hechos se registraron cerca de las 20:00 horas, en un camino de terracer\u00eda que conduce al ejido San Isidro, cuando\u2026","rel":"","context":"En \u00abFeatured\u00bb","block_context":{"text":"Featured","link":"https:\/\/mexicocodigorojo.com.mx\/?cat=1724"},"img":{"alt_text":"","src":"https:\/\/i0.wp.com\/mexicocodigorojo.com.mx\/wp-content\/uploads\/2021\/05\/Herido-de-la-FGJE.jpg?fit=768%2C479&ssl=1&resize=350%2C200","width":350,"height":200,"srcset":"https:\/\/i0.wp.com\/mexicocodigorojo.com.mx\/wp-content\/uploads\/2021\/05\/Herido-de-la-FGJE.jpg?fit=768%2C479&ssl=1&resize=350%2C200 1x, https:\/\/i0.wp.com\/mexicocodigorojo.com.mx\/wp-content\/uploads\/2021\/05\/Herido-de-la-FGJE.jpg?fit=768%2C479&ssl=1&resize=525%2C300 1.5x, https:\/\/i0.wp.com\/mexicocodigorojo.com.mx\/wp-content\/uploads\/2021\/05\/Herido-de-la-FGJE.jpg?fit=768%2C479&ssl=1&resize=700%2C400 2x"},"classes":[]},{"id":53648,"url":"https:\/\/mexicocodigorojo.com.mx\/?p=53648","url_meta":{"origin":51402,"position":4},"title":"EN JALISCO, GUARDIA NACIONAL DETIENE A PERSONAS CON FUSILES DE ASALTO Y M\u00c1S DE DOS MIL CARTUCHOS","author":"Staff","date":"agosto 10, 2022","format":false,"excerpt":"\u00b7 Realiza captura sin efectuar un solo disparo y con estricto apego a los derechos humanos En cumplimiento de la Estrategia Nacional de Seguridad P\u00fablica y de la pol\u00edtica de Cero Impunidad del gobierno federal, en Jalisco, integrantes de la Guardia Nacional (GN) detuvieron a siete personas que viajaban con\u2026","rel":"","context":"En \u00abFeatured\u00bb","block_context":{"text":"Featured","link":"https:\/\/mexicocodigorojo.com.mx\/?cat=1724"},"img":{"alt_text":"","src":"https:\/\/i0.wp.com\/mexicocodigorojo.com.mx\/wp-content\/uploads\/2022\/08\/92541df5-7259-429f-9c65-b44e81f97ef2.jpg?fit=1200%2C451&ssl=1&resize=350%2C200","width":350,"height":200,"srcset":"https:\/\/i0.wp.com\/mexicocodigorojo.com.mx\/wp-content\/uploads\/2022\/08\/92541df5-7259-429f-9c65-b44e81f97ef2.jpg?fit=1200%2C451&ssl=1&resize=350%2C200 1x, https:\/\/i0.wp.com\/mexicocodigorojo.com.mx\/wp-content\/uploads\/2022\/08\/92541df5-7259-429f-9c65-b44e81f97ef2.jpg?fit=1200%2C451&ssl=1&resize=525%2C300 1.5x, https:\/\/i0.wp.com\/mexicocodigorojo.com.mx\/wp-content\/uploads\/2022\/08\/92541df5-7259-429f-9c65-b44e81f97ef2.jpg?fit=1200%2C451&ssl=1&resize=700%2C400 2x, https:\/\/i0.wp.com\/mexicocodigorojo.com.mx\/wp-content\/uploads\/2022\/08\/92541df5-7259-429f-9c65-b44e81f97ef2.jpg?fit=1200%2C451&ssl=1&resize=1050%2C600 3x"},"classes":[]},{"id":26659,"url":"https:\/\/mexicocodigorojo.com.mx\/?p=26659","url_meta":{"origin":51402,"position":5},"title":"Detiene GN a 15 sujetos que ten\u00edan secuestrados a ocho en Jalisco","author":"Staff","date":"noviembre 7, 2019","format":false,"excerpt":"La Fiscal\u00eda del estado de Jalisco inspeccionar\u00e1 el domicilio donde estaban secuestradas las ocho personas, para descartar la posibilidad de cad\u00e1veres enterrados de forma clandestina. Un total de 15 personas, entre ellos tres menores de edad y dos adultos de nacionalidad colombiana, fueron detenidos en el municipio de Tlaquepaque, Jalisco,\u2026","rel":"","context":"En \u00abJalisco\u00bb","block_context":{"text":"Jalisco","link":"https:\/\/mexicocodigorojo.com.mx\/?cat=8"},"img":{"alt_text":"","src":"https:\/\/i0.wp.com\/mexicocodigorojo.com.mx\/wp-content\/uploads\/2019\/11\/detienen_a_secuestradores_1_crop1573135068443.jpeg_468423394.jpeg?fit=770%2C434&ssl=1&resize=350%2C200","width":350,"height":200,"srcset":"https:\/\/i0.wp.com\/mexicocodigorojo.com.mx\/wp-content\/uploads\/2019\/11\/detienen_a_secuestradores_1_crop1573135068443.jpeg_468423394.jpeg?fit=770%2C434&ssl=1&resize=350%2C200 1x, https:\/\/i0.wp.com\/mexicocodigorojo.com.mx\/wp-content\/uploads\/2019\/11\/detienen_a_secuestradores_1_crop1573135068443.jpeg_468423394.jpeg?fit=770%2C434&ssl=1&resize=525%2C300 1.5x, https:\/\/i0.wp.com\/mexicocodigorojo.com.mx\/wp-content\/uploads\/2019\/11\/detienen_a_secuestradores_1_crop1573135068443.jpeg_468423394.jpeg?fit=770%2C434&ssl=1&resize=700%2C400 2x"},"classes":[]}],"jetpack_sharing_enabled":true,"jetpack_likes_enabled":true,"jetpack_shortlink":"https:\/\/wp.me\/p9TedA-dn4","_links":{"self":[{"href":"https:\/\/mexicocodigorojo.com.mx\/index.php?rest_route=\/wp\/v2\/posts\/51402","targetHints":{"allow":["GET"]}}],"collection":[{"href":"https:\/\/mexicocodigorojo.com.mx\/index.php?rest_route=\/wp\/v2\/posts"}],"about":[{"href":"https:\/\/mexicocodigorojo.com.mx\/index.php?rest_route=\/wp\/v2\/types\/post"}],"author":[{"embeddable":true,"href":"https:\/\/mexicocodigorojo.com.mx\/index.php?rest_route=\/wp\/v2\/users\/5"}],"replies":[{"embeddable":true,"href":"https:\/\/mexicocodigorojo.com.mx\/index.php?rest_route=%2Fwp%2Fv2%2Fcomments&post=51402"}],"version-history":[{"count":3,"href":"https:\/\/mexicocodigorojo.com.mx\/index.php?rest_route=\/wp\/v2\/posts\/51402\/revisions"}],"predecessor-version":[{"id":51406,"href":"https:\/\/mexicocodigorojo.com.mx\/index.php?rest_route=\/wp\/v2\/posts\/51402\/revisions\/51406"}],"wp:featuredmedia":[{"embeddable":true,"href":"https:\/\/mexicocodigorojo.com.mx\/index.php?rest_route=\/wp\/v2\/media\/51405"}],"wp:attachment":[{"href":"https:\/\/mexicocodigorojo.com.mx\/index.php?rest_route=%2Fwp%2Fv2%2Fmedia&parent=51402"}],"wp:term":[{"taxonomy":"category","embeddable":true,"href":"https:\/\/mexicocodigorojo.com.mx\/index.php?rest_route=%2Fwp%2Fv2%2Fcategories&post=51402"},{"taxonomy":"post_tag","embeddable":true,"href":"https:\/\/mexicocodigorojo.com.mx\/index.php?rest_route=%2Fwp%2Fv2%2Ftags&post=51402"}],"curies":[{"name":"wp","href":"https:\/\/api.w.org\/{rel}","templated":true}]}}