{"id":51345,"date":"2021-10-22T16:30:09","date_gmt":"2021-10-22T21:30:09","guid":{"rendered":"https:\/\/mexicocodigorojo.com.mx\/?p=51345"},"modified":"2021-10-22T16:30:09","modified_gmt":"2021-10-22T21:30:09","slug":"hallan-fosas-clandestinas-en-morelos","status":"publish","type":"post","link":"https:\/\/mexicocodigorojo.com.mx\/?p=51345","title":{"rendered":"Hallan fosas clandestinas en Morelos"},"content":{"rendered":"<p>La\u00a0<strong>Sexta Brigada Nacional de B\u00fasqueda de Personas Desaparecidas<\/strong>\u00a0trabaj\u00f3 en 13 municipios en el estado de\u00a0<strong>Morelos<\/strong>\u00a0durante dos semanas y hall\u00f3 diez posibles fosas clandestinas, seg\u00fan informaron este viernes varias\u00a0<strong>ONG<\/strong>\u00a0en un bolet\u00edn.<\/p>\n<p><a href=\"https:\/\/ymlp.com\/z5yvG7?fbclid=IwAR1Nx_Q_z3SyDwVs0AUdEtR0wus6M8LxHSfz7X2XPzSTPPSAOS79T3EuF_c\" target=\"_blank\" rel=\"noopener\">En un comunicado<\/a>, asociaciones como la\u00a0<strong>Red de Enlaces Nacionales<\/strong>\u00a0o la propia\u00a0<strong>VI Brigada Nacional de B\u00fasqueda<\/strong>\u00a0indicaron que se dio \u201cel hallazgo de diez importantes puntos de inhumaci\u00f3n clandestina\u201d.<\/p>\n<div class=\"fb-post\" data-href=\"https:\/\/www.facebook.com\/brigadadebusqueda\/posts\/4489635077779516\" data-width=\"552\" style=\"background-color: #fff; display: inline-block;\"><\/div>\n<p>Adem\u00e1s, aseguraron lograr \u201cel compromiso de las autoridades de continuar con el adecuado procesamiento de las fosas irregulares\u201d en\u00a0<strong>Morelos<\/strong>.<\/p>\n<blockquote><p>\u201cLa situaci\u00f3n que la brigada encontr\u00f3 en\u00a0<strong>Morelos<\/strong>\u00a0da cuenta de que a\u00fan hace falta un compromiso mucho mayor de las autoridades de los distintos \u00f3rdenes de gobierno para coordinarse y cumplir con sus responsabilidades, tanto en la b\u00fasqueda como en la investigaci\u00f3n y la identificaci\u00f3n\u201d, subray\u00f3.<\/p><\/blockquote>\n<p>Indic\u00f3 que la propia brigada \u201cse vio obligada a trabajar sin las condiciones de seguridad necesarias\u201d para todas sus actividades o eje de actuaci\u00f3n.<\/p>\n<p>Adem\u00e1s, pidieron que se respete \u201cplenamente\u201d el derecho de participaci\u00f3n de las familias en los procesos correspondientes.<\/p>\n<p>La brigada, que culminar\u00e1 labores el 24 de octubre, trabaj\u00f3 por dos semanas en 13 municipios del estado de Morelos: Jojutla, Huitzilac, Amacuzac, Yautepec, Cuautla, Temixco, Totolapan, Puente de Ixtla, Tetecala, Xochitepec, Cuernavaca y Yecapixtla.<\/p>\n<div class=\"post--content rvfs-4\" data-rvfs=\"4\">\n<p>Con informaci\u00f3n de EFE<\/p>\n<\/div>\n","protected":false},"excerpt":{"rendered":"<p>La\u00a0Sexta Brigada Nacional de B\u00fasqueda de Personas Desaparecidas\u00a0trabaj\u00f3 en 13 municipios en el estado de\u00a0Morelos\u00a0durante dos semanas y hall\u00f3 diez posibles fosas clandestinas, seg\u00fan informaron este viernes varias\u00a0ONG\u00a0en un bolet\u00edn. En un comunicado, asociaciones como la\u00a0Red de Enlaces Nacionales\u00a0o la propia\u00a0VI Brigada Nacional de B\u00fasqueda\u00a0indicaron que se dio \u201cel hallazgo de diez importantes puntos de [&hellip;]<\/p>\n","protected":false},"author":5,"featured_media":51346,"comment_status":"closed","ping_status":"closed","sticky":false,"template":"","format":"standard","meta":{"_uf_show_specific_survey":0,"_uf_disable_surveys":false,"advanced_seo_description":"","jetpack_seo_html_title":"","jetpack_seo_noindex":false,"jetpack_post_was_ever_published":false,"_jetpack_newsletter_access":"","_jetpack_dont_email_post_to_subs":false,"_jetpack_newsletter_tier_id":0,"_jetpack_memberships_contains_paywalled_content":false,"_jetpack_memberships_contains_paid_content":false,"footnotes":"","jetpack_publicize_message":"Brigada de B\u00fasqueda de Personas Desaparecidas trabaj\u00f3 en 13 municipios de Morelos durante dos semanas y hall\u00f3 diez  fosas clandestinas","jetpack_publicize_feature_enabled":true,"jetpack_social_post_already_shared":true,"jetpack_social_options":{"image_generator_settings":{"template":"highway","default_image_id":0,"font":"","enabled":false},"version":2}},"categories":[1724],"tags":[1472],"class_list":{"0":"post-51345","1":"post","2":"type-post","3":"status-publish","4":"format-standard","5":"has-post-thumbnail","7":"category-featured","8":"tag-fosasclandestinas"},"jetpack_publicize_connections":[],"jetpack_featured_media_url":"https:\/\/i0.wp.com\/mexicocodigorojo.com.mx\/wp-content\/uploads\/2021\/10\/brigada-desaparecidos.jpg?fit=980%2C550&ssl=1","jetpack-related-posts":[{"id":39677,"url":"https:\/\/mexicocodigorojo.com.mx\/?p=39677","url_meta":{"origin":51345,"position":0},"title":"Desaparece general en carretera ubicada en los limites entre Morelos y Puebla","author":"Staff","date":"junio 14, 2020","format":false,"excerpt":"Cuautla, Mor.- Autoridades estatales informaron que desde la tarde del s\u00e1bado y hasta este momento se realiza la b\u00fasqueda del General de Brigada del Ej\u00e9rcito Mexicano, Jos\u00e9 Guillermo Lira, quien desapareci\u00f3 cuando viajaba de la Ciudad de M\u00e9xico con direcci\u00f3n a Puebla. Debido a su desaparici\u00f3n, desde la tarde del\u2026","rel":"","context":"En \u00abFeatured\u00bb","block_context":{"text":"Featured","link":"https:\/\/mexicocodigorojo.com.mx\/?cat=1724"},"img":{"alt_text":"","src":"https:\/\/i0.wp.com\/mexicocodigorojo.com.mx\/wp-content\/uploads\/2020\/06\/1-ok-18-1000x563_c.jpg?fit=1000%2C563&ssl=1&resize=350%2C200","width":350,"height":200,"srcset":"https:\/\/i0.wp.com\/mexicocodigorojo.com.mx\/wp-content\/uploads\/2020\/06\/1-ok-18-1000x563_c.jpg?fit=1000%2C563&ssl=1&resize=350%2C200 1x, https:\/\/i0.wp.com\/mexicocodigorojo.com.mx\/wp-content\/uploads\/2020\/06\/1-ok-18-1000x563_c.jpg?fit=1000%2C563&ssl=1&resize=525%2C300 1.5x, https:\/\/i0.wp.com\/mexicocodigorojo.com.mx\/wp-content\/uploads\/2020\/06\/1-ok-18-1000x563_c.jpg?fit=1000%2C563&ssl=1&resize=700%2C400 2x"},"classes":[]},{"id":25293,"url":"https:\/\/mexicocodigorojo.com.mx\/?p=25293","url_meta":{"origin":51345,"position":1},"title":"Segob: \u00abEn nueve meses se han localizado 594 fosas clandestinas\u00bb imponiendo un nuevo record mundial y las que faltan..","author":"Staff","date":"octubre 14, 2019","format":false,"excerpt":"Alejandro Encinas Rodr\u00edguez, subsecretario de la Secretar\u00eda de Gobernaci\u00f3n (Segob), inform\u00f3 que en lo que va de la actual administraci\u00f3n se han encontrado 594 fosas clandestinas iudad de M\u00e9xico.-\u00a0En la conferencia matutina de este lunes, en\u00a0Palacio Nacional,\u00a0Alejandro Encinas Rodr\u00edguez,\u00a0subsecretario de\u00a0Derechos Humanos, Poblaci\u00f3n y Migraci\u00f3n\u00a0de la\u00a0Secretar\u00eda de Gobernaci\u00f3n\u00a0(Segob), inform\u00f3 que se\u2026","rel":"","context":"En \u00abCiudad de M\u00e9xico\u00bb","block_context":{"text":"Ciudad de M\u00e9xico","link":"https:\/\/mexicocodigorojo.com.mx\/?cat=101"},"img":{"alt_text":"","src":"https:\/\/i0.wp.com\/mexicocodigorojo.com.mx\/wp-content\/uploads\/2019\/10\/alejandro_encinas.jpg_112278454.jpg?fit=1026%2C563&ssl=1&resize=350%2C200","width":350,"height":200,"srcset":"https:\/\/i0.wp.com\/mexicocodigorojo.com.mx\/wp-content\/uploads\/2019\/10\/alejandro_encinas.jpg_112278454.jpg?fit=1026%2C563&ssl=1&resize=350%2C200 1x, https:\/\/i0.wp.com\/mexicocodigorojo.com.mx\/wp-content\/uploads\/2019\/10\/alejandro_encinas.jpg_112278454.jpg?fit=1026%2C563&ssl=1&resize=525%2C300 1.5x, https:\/\/i0.wp.com\/mexicocodigorojo.com.mx\/wp-content\/uploads\/2019\/10\/alejandro_encinas.jpg_112278454.jpg?fit=1026%2C563&ssl=1&resize=700%2C400 2x"},"classes":[]},{"id":26987,"url":"https:\/\/mexicocodigorojo.com.mx\/?p=26987","url_meta":{"origin":51345,"position":2},"title":"Localizan tres fosas clandestinas en Cohauila; suman 27 desde 2016","author":"Staff","date":"noviembre 13, 2019","format":false,"excerpt":"Saltillo, Coahuila.-\u00a0El\u00a0colectivo de familiares\u00a0de personas desaparecidas,\u00a0Grupo Vida, inform\u00f3 que en los \u00faltimos tres meses han encontrado\u00a0tres fosas clandestinas\u00a0en Coahuila. Silvia Ortiz, representante de la organizaci\u00f3n, se\u00f1al\u00f3 que la organizaci\u00f3n ha reportado a las autoridades, el\u00a0hallazgo\u00a0de al menos tres campos de exterminio que dieron positivo en contenido de restos humanos. Estos\u2026","rel":"","context":"En \u00abCoahuila\u00bb","block_context":{"text":"Coahuila","link":"https:\/\/mexicocodigorojo.com.mx\/?cat=27"},"img":{"alt_text":"","src":"https:\/\/i0.wp.com\/mexicocodigorojo.com.mx\/wp-content\/uploads\/2019\/11\/grupo_vida_2.jpg_112278454.jpg?fit=1069%2C563&ssl=1&resize=350%2C200","width":350,"height":200,"srcset":"https:\/\/i0.wp.com\/mexicocodigorojo.com.mx\/wp-content\/uploads\/2019\/11\/grupo_vida_2.jpg_112278454.jpg?fit=1069%2C563&ssl=1&resize=350%2C200 1x, https:\/\/i0.wp.com\/mexicocodigorojo.com.mx\/wp-content\/uploads\/2019\/11\/grupo_vida_2.jpg_112278454.jpg?fit=1069%2C563&ssl=1&resize=525%2C300 1.5x, https:\/\/i0.wp.com\/mexicocodigorojo.com.mx\/wp-content\/uploads\/2019\/11\/grupo_vida_2.jpg_112278454.jpg?fit=1069%2C563&ssl=1&resize=700%2C400 2x, https:\/\/i0.wp.com\/mexicocodigorojo.com.mx\/wp-content\/uploads\/2019\/11\/grupo_vida_2.jpg_112278454.jpg?fit=1069%2C563&ssl=1&resize=1050%2C600 3x"},"classes":[]},{"id":56640,"url":"https:\/\/mexicocodigorojo.com.mx\/?p=56640","url_meta":{"origin":51345,"position":3},"title":"Hallan osamenta de beb\u00e9 en cementerio clandestino de Reynosa","author":"Staff","date":"julio 28, 2023","format":false,"excerpt":"Reynosa, Tamaulipas. \u2013 La Uni\u00f3n de Colectivos de Madres Buscadoras de Tamaulipas, confirm\u00f3 que la cifra de cuerpos localizados en cementerio clandestinos de Reynosa ya supera los 50 cad\u00e1veres, entre ellos los de un feto que estaba a punto de nacer. Gustavo Azuara D\u00edaz, portavoz del Colectivo, detall\u00f3, que hasta\u2026","rel":"","context":"En \u00abFeatured\u00bb","block_context":{"text":"Featured","link":"https:\/\/mexicocodigorojo.com.mx\/?cat=1724"},"img":{"alt_text":"","src":"https:\/\/i0.wp.com\/mexicocodigorojo.com.mx\/wp-content\/uploads\/2023\/07\/IMG-20230727-WA0026.jpg?fit=720%2C324&ssl=1&resize=350%2C200","width":350,"height":200,"srcset":"https:\/\/i0.wp.com\/mexicocodigorojo.com.mx\/wp-content\/uploads\/2023\/07\/IMG-20230727-WA0026.jpg?fit=720%2C324&ssl=1&resize=350%2C200 1x, https:\/\/i0.wp.com\/mexicocodigorojo.com.mx\/wp-content\/uploads\/2023\/07\/IMG-20230727-WA0026.jpg?fit=720%2C324&ssl=1&resize=525%2C300 1.5x, https:\/\/i0.wp.com\/mexicocodigorojo.com.mx\/wp-content\/uploads\/2023\/07\/IMG-20230727-WA0026.jpg?fit=720%2C324&ssl=1&resize=700%2C400 2x"},"classes":[]},{"id":24709,"url":"https:\/\/mexicocodigorojo.com.mx\/?p=24709","url_meta":{"origin":51345,"position":4},"title":"Buscan fosas clandestinas en el penal de Topo Chico","author":"Staff","date":"octubre 3, 2019","format":false,"excerpt":"Autoridades de Nuevo Le\u00f3n confirmaron que se llevar\u00e1 a cabo la b\u00fasqueda de fosas clandestinas y cuerpos dentro del\u00a0penal de Topo Chico Jaime Rodr\u00edguez Calder\u00f3n, gobernador de Nuevo Le\u00f3n, confirm\u00f3 que se llevar\u00e1 a cabo la b\u00fasqueda de\u00a0fosas clandestinas\u00a0y cuerpos dentro del\u00a0penal de\u00a0Topo Chico, el cual fue cerrado hace tres\u2026","rel":"","context":"En \u00abNuevo Le\u00f3n\u00bb","block_context":{"text":"Nuevo Le\u00f3n","link":"https:\/\/mexicocodigorojo.com.mx\/?cat=29"},"img":{"alt_text":"","src":"https:\/\/i0.wp.com\/mexicocodigorojo.com.mx\/wp-content\/uploads\/2019\/10\/EF9cCXaWwAEh9N1.jpg?fit=1200%2C675&ssl=1&resize=350%2C200","width":350,"height":200,"srcset":"https:\/\/i0.wp.com\/mexicocodigorojo.com.mx\/wp-content\/uploads\/2019\/10\/EF9cCXaWwAEh9N1.jpg?fit=1200%2C675&ssl=1&resize=350%2C200 1x, https:\/\/i0.wp.com\/mexicocodigorojo.com.mx\/wp-content\/uploads\/2019\/10\/EF9cCXaWwAEh9N1.jpg?fit=1200%2C675&ssl=1&resize=525%2C300 1.5x, https:\/\/i0.wp.com\/mexicocodigorojo.com.mx\/wp-content\/uploads\/2019\/10\/EF9cCXaWwAEh9N1.jpg?fit=1200%2C675&ssl=1&resize=700%2C400 2x, https:\/\/i0.wp.com\/mexicocodigorojo.com.mx\/wp-content\/uploads\/2019\/10\/EF9cCXaWwAEh9N1.jpg?fit=1200%2C675&ssl=1&resize=1050%2C600 3x"},"classes":[]},{"id":59878,"url":"https:\/\/mexicocodigorojo.com.mx\/?p=59878","url_meta":{"origin":51345,"position":5},"title":"Familiares de v\u00edctimas&nbsp; desaparecidas exigen recursos para el CNIH","author":"MCR","date":"abril 20, 2024","format":false,"excerpt":"Xochitepec.- Este viernes salieron a protestar familiares de v\u00edctimas de desaparici\u00f3n en las instalaciones del Centro Nacional de Identificaci\u00f3n Humana (CNIH), que desde el a\u00f1o 2022 fue inaugurado y sigu\u00e9 sin operar desde octubre pasado; las familias exigieron al gobierno federal darle recursos y personal suficiente para responder a la\u2026","rel":"","context":"En \u00abFeatured\u00bb","block_context":{"text":"Featured","link":"https:\/\/mexicocodigorojo.com.mx\/?cat=1724"},"img":{"alt_text":"","src":"https:\/\/i0.wp.com\/mexicocodigorojo.com.mx\/wp-content\/uploads\/2024\/04\/cnih-desaparecidos-busqueda-1024x529-1.jpg?fit=1024%2C529&ssl=1&resize=350%2C200","width":350,"height":200,"srcset":"https:\/\/i0.wp.com\/mexicocodigorojo.com.mx\/wp-content\/uploads\/2024\/04\/cnih-desaparecidos-busqueda-1024x529-1.jpg?fit=1024%2C529&ssl=1&resize=350%2C200 1x, https:\/\/i0.wp.com\/mexicocodigorojo.com.mx\/wp-content\/uploads\/2024\/04\/cnih-desaparecidos-busqueda-1024x529-1.jpg?fit=1024%2C529&ssl=1&resize=525%2C300 1.5x, https:\/\/i0.wp.com\/mexicocodigorojo.com.mx\/wp-content\/uploads\/2024\/04\/cnih-desaparecidos-busqueda-1024x529-1.jpg?fit=1024%2C529&ssl=1&resize=700%2C400 2x"},"classes":[]}],"jetpack_sharing_enabled":true,"jetpack_likes_enabled":true,"jetpack_shortlink":"https:\/\/wp.me\/p9TedA-dm9","_links":{"self":[{"href":"https:\/\/mexicocodigorojo.com.mx\/index.php?rest_route=\/wp\/v2\/posts\/51345","targetHints":{"allow":["GET"]}}],"collection":[{"href":"https:\/\/mexicocodigorojo.com.mx\/index.php?rest_route=\/wp\/v2\/posts"}],"about":[{"href":"https:\/\/mexicocodigorojo.com.mx\/index.php?rest_route=\/wp\/v2\/types\/post"}],"author":[{"embeddable":true,"href":"https:\/\/mexicocodigorojo.com.mx\/index.php?rest_route=\/wp\/v2\/users\/5"}],"replies":[{"embeddable":true,"href":"https:\/\/mexicocodigorojo.com.mx\/index.php?rest_route=%2Fwp%2Fv2%2Fcomments&post=51345"}],"version-history":[{"count":1,"href":"https:\/\/mexicocodigorojo.com.mx\/index.php?rest_route=\/wp\/v2\/posts\/51345\/revisions"}],"predecessor-version":[{"id":51347,"href":"https:\/\/mexicocodigorojo.com.mx\/index.php?rest_route=\/wp\/v2\/posts\/51345\/revisions\/51347"}],"wp:featuredmedia":[{"embeddable":true,"href":"https:\/\/mexicocodigorojo.com.mx\/index.php?rest_route=\/wp\/v2\/media\/51346"}],"wp:attachment":[{"href":"https:\/\/mexicocodigorojo.com.mx\/index.php?rest_route=%2Fwp%2Fv2%2Fmedia&parent=51345"}],"wp:term":[{"taxonomy":"category","embeddable":true,"href":"https:\/\/mexicocodigorojo.com.mx\/index.php?rest_route=%2Fwp%2Fv2%2Fcategories&post=51345"},{"taxonomy":"post_tag","embeddable":true,"href":"https:\/\/mexicocodigorojo.com.mx\/index.php?rest_route=%2Fwp%2Fv2%2Ftags&post=51345"}],"curies":[{"name":"wp","href":"https:\/\/api.w.org\/{rel}","templated":true}]}}