{"id":4339,"date":"2018-09-27T04:15:54","date_gmt":"2018-09-27T04:15:54","guid":{"rendered":"https:\/\/mexicocodigorojo.com.mx\/?p=4339"},"modified":"2018-09-27T04:15:54","modified_gmt":"2018-09-27T04:15:54","slug":"solo-nueve-anos-de-prision-a-javier-duarte-de-ochoa-la-pgr-no-le-dio-agravantes","status":"publish","type":"post","link":"https:\/\/mexicocodigorojo.com.mx\/?p=4339","title":{"rendered":"Solo nueve a\u00f1os de prisi\u00f3n a Javier Duarte de Ochoa.  La PGR no le dio agravantes"},"content":{"rendered":"<p>Ciudad de M\u00e9xico.- Javier Duarte de Ochoa fue condenado a nueve a\u00f1os de prisi\u00f3n, de los cuales pasar\u00e1 poco m\u00e1s de siete en la c\u00e1rcel puesto que se le descontar\u00e1 el tiempo que lleva en el Reclusorio Norte desde el 2017.<\/p>\n<p>Un Juez lo sentenci\u00f3 al pago de una multa de 58 mil pesos y la PGR no solicit\u00f3 la reparaci\u00f3n del da\u00f1o, ni tampoco inhabilitaci\u00f3n durante el tiempo que permanezca recluido.<\/p>\n<p>Hasta esta noche, Duarte de Ochoa, comparece en una audiencia que inici\u00f3 desde las cuatro de la tarde de este mi\u00e9rcoles.<\/p>\n<p>Ante el Juez, la PGR detall\u00f3 una acusaci\u00f3n completa al juez con testimonios de excolaboradores de Duarte, como Arturo Berm\u00fadez Zurita y X\u00f3chitl Tress, quienes describieron la forma en que Duarte encabez\u00f3 la red por la cual se desviaron los recursos p\u00fablicos en el estado mediante empresas fantasma.<\/p>\n<p>Es de destacar que, aunque logre un acuerdo por los delitos de operaciones con recursos de procedencia il\u00edcita y asociaci\u00f3n delictuosa, no ser\u00e1 liberado.<\/p>\n<p>El exgobernador veracruzano debe permanecer en el Reclusorio Preventivo Norte, pues tiene dos procesos m\u00e1s abiertos promovidos por la Fiscal\u00eda de Veracruz en su contra y por los cuales se le dict\u00f3 la medida cautelar de prisi\u00f3n preventiva.<\/p>\n<pre>Fuente:\u00a0InfoVeracruz<\/pre>\n","protected":false},"excerpt":{"rendered":"<p>Ciudad de M\u00e9xico.- Javier Duarte de Ochoa fue condenado a nueve a\u00f1os de prisi\u00f3n, de los cuales pasar\u00e1 poco m\u00e1s de siete en la c\u00e1rcel puesto que se le descontar\u00e1 el tiempo que lleva en el Reclusorio Norte desde el 2017. Un Juez lo sentenci\u00f3 al pago de una multa de 58 mil pesos y [&hellip;]<\/p>\n","protected":false},"author":5,"featured_media":4342,"comment_status":"open","ping_status":"open","sticky":false,"template":"","format":"standard","meta":{"_uf_show_specific_survey":0,"_uf_disable_surveys":false,"advanced_seo_description":"","jetpack_seo_html_title":"","jetpack_seo_noindex":false,"jetpack_post_was_ever_published":false,"_jetpack_newsletter_access":"","_jetpack_dont_email_post_to_subs":false,"_jetpack_newsletter_tier_id":0,"_jetpack_memberships_contains_paywalled_content":false,"_jetpack_memberships_contains_paid_content":false,"footnotes":"","jetpack_publicize_message":"","jetpack_publicize_feature_enabled":true,"jetpack_social_post_already_shared":false,"jetpack_social_options":{"image_generator_settings":{"template":"highway","default_image_id":0,"font":"","enabled":false},"version":2}},"categories":[101],"tags":[9],"class_list":{"0":"post-4339","1":"post","2":"type-post","3":"status-publish","4":"format-standard","5":"has-post-thumbnail","7":"category-ciudad-de-mexico","8":"tag-desaparecidos"},"jetpack_publicize_connections":[],"jetpack_featured_media_url":"https:\/\/i0.wp.com\/mexicocodigorojo.com.mx\/wp-content\/uploads\/2018\/09\/22494256-E8C2-48AC-8B16-2560DD0720E0.jpeg?fit=1100%2C580&ssl=1","jetpack-related-posts":[{"id":29711,"url":"https:\/\/mexicocodigorojo.com.mx\/?p=29711","url_meta":{"origin":4339,"position":0},"title":"Javier Duarte seguir\u00e1 en prisi\u00f3n","author":"Staff","date":"enero 7, 2020","format":false,"excerpt":"En audiencia realizada este s\u00e1bado, un juez determin\u00f3 que el exgobernador veracruzano Javier Duarte seguir\u00e1 en prisi\u00f3n Tras casi siete horas de audiencia, un\u00a0juez de Control\u00a0rechaz\u00f3 darle medidas cautelares\u00a0al exgobernador veracruzano\u00a0Javier Duarte, quien\u00a0seguir\u00e1 en prisi\u00f3nhasta que se resuelve la apelaci\u00f3n de su sentencia. Esto fue dictado por el\u00a0juez Juan Carlos\u2026","rel":"","context":"En \u00abVeracruz\u00bb","block_context":{"text":"Veracruz","link":"https:\/\/mexicocodigorojo.com.mx\/?cat=22"},"img":{"alt_text":"","src":"https:\/\/i0.wp.com\/mexicocodigorojo.com.mx\/wp-content\/uploads\/2020\/01\/javier-duarte.jpg?fit=980%2C550&ssl=1&resize=350%2C200","width":350,"height":200,"srcset":"https:\/\/i0.wp.com\/mexicocodigorojo.com.mx\/wp-content\/uploads\/2020\/01\/javier-duarte.jpg?fit=980%2C550&ssl=1&resize=350%2C200 1x, https:\/\/i0.wp.com\/mexicocodigorojo.com.mx\/wp-content\/uploads\/2020\/01\/javier-duarte.jpg?fit=980%2C550&ssl=1&resize=525%2C300 1.5x, https:\/\/i0.wp.com\/mexicocodigorojo.com.mx\/wp-content\/uploads\/2020\/01\/javier-duarte.jpg?fit=980%2C550&ssl=1&resize=700%2C400 2x"},"classes":[]},{"id":42793,"url":"https:\/\/mexicocodigorojo.com.mx\/?p=42793","url_meta":{"origin":4339,"position":1},"title":"Muere en accidente ministerio p\u00fablico que encabez\u00f3 investigaci\u00f3n contra Javier Duarte","author":"Staff","date":"septiembre 4, 2020","format":false,"excerpt":"Martha Estela Ramos Carrillo, ministerio p\u00fablico federal, encabez\u00f3 la investigaci\u00f3n que mantiene en la c\u00e1rcel a Javier Duarte; fue denunciada por supuestas irregularidades en el proceso Martha Estela Ramos Carrillo, ministerio p\u00fablico federal que encabez\u00f3 la investigaci\u00f3n contra el\u00a0exgobernador de Veracruz,\u00a0Javier Duarte, falleci\u00f3 luego de sufrir un\u00a0accidente automovil\u00edstico. Fuentes federales\u2026","rel":"","context":"En \u00abFeatured\u00bb","block_context":{"text":"Featured","link":"https:\/\/mexicocodigorojo.com.mx\/?cat=1724"},"img":{"alt_text":"","src":"https:\/\/i0.wp.com\/mexicocodigorojo.com.mx\/wp-content\/uploads\/2020\/09\/javidu_0.jpg?fit=1201%2C740&ssl=1&resize=350%2C200","width":350,"height":200,"srcset":"https:\/\/i0.wp.com\/mexicocodigorojo.com.mx\/wp-content\/uploads\/2020\/09\/javidu_0.jpg?fit=1201%2C740&ssl=1&resize=350%2C200 1x, https:\/\/i0.wp.com\/mexicocodigorojo.com.mx\/wp-content\/uploads\/2020\/09\/javidu_0.jpg?fit=1201%2C740&ssl=1&resize=525%2C300 1.5x, https:\/\/i0.wp.com\/mexicocodigorojo.com.mx\/wp-content\/uploads\/2020\/09\/javidu_0.jpg?fit=1201%2C740&ssl=1&resize=700%2C400 2x, https:\/\/i0.wp.com\/mexicocodigorojo.com.mx\/wp-content\/uploads\/2020\/09\/javidu_0.jpg?fit=1201%2C740&ssl=1&resize=1050%2C600 3x"},"classes":[]},{"id":28527,"url":"https:\/\/mexicocodigorojo.com.mx\/?p=28527","url_meta":{"origin":4339,"position":2},"title":"Luz verde a Javier Duarte para apelar condena","author":"Staff","date":"diciembre 10, 2019","format":false,"excerpt":"Las autoridades ordenaron tambi\u00e9n levantar el decomiso dictado sobre un departamento en Polanco propiedad de Mois\u00e9s Mansur Cysneiros, se\u00f1alado de ser uno de los prestanombres del exgobernador de Veracruz Un tribunal federal determin\u00f3 que el exgobernador de Veracruz, Javier Duarte podr\u00e1 apelar la condena de nueve a\u00f1os de c\u00e1rcel que\u2026","rel":"","context":"En \u00abFeatured\u00bb","block_context":{"text":"Featured","link":"https:\/\/mexicocodigorojo.com.mx\/?cat=1724"},"img":{"alt_text":"","src":"https:\/\/i0.wp.com\/mexicocodigorojo.com.mx\/wp-content\/uploads\/2019\/12\/Javier_Duarte_Comparecencia-696x464.jpg?fit=696%2C464&ssl=1&resize=350%2C200","width":350,"height":200,"srcset":"https:\/\/i0.wp.com\/mexicocodigorojo.com.mx\/wp-content\/uploads\/2019\/12\/Javier_Duarte_Comparecencia-696x464.jpg?fit=696%2C464&ssl=1&resize=350%2C200 1x, https:\/\/i0.wp.com\/mexicocodigorojo.com.mx\/wp-content\/uploads\/2019\/12\/Javier_Duarte_Comparecencia-696x464.jpg?fit=696%2C464&ssl=1&resize=525%2C300 1.5x"},"classes":[]},{"id":38147,"url":"https:\/\/mexicocodigorojo.com.mx\/?p=38147","url_meta":{"origin":4339,"position":3},"title":"RATIFICAN SENTENCIA DE 9 A\u00d1OS DE C\u00c1RCEL PARA JAVIER DUARTE Y FRENAN DECOMISO DE SUS BIENES","author":"Staff","date":"mayo 19, 2020","format":false,"excerpt":"Despu\u00e9s de apelar, y esperar poco m\u00e1s de un a\u00f1o por la resoluci\u00f3n, un Tribunal ratific\u00f3 la sentencia de 9 a\u00f1os de c\u00e1rcel para Javier Duarte Un Tribunal federal ratific\u00f3 la sentencia de 9 a\u00f1os de c\u00e1rcel impuesta al exgobernador de Veracruz, Javier Duarte, por los delitos de asociaci\u00f3n delictuosa\u2026","rel":"","context":"En \u00abFeatured\u00bb","block_context":{"text":"Featured","link":"https:\/\/mexicocodigorojo.com.mx\/?cat=1724"},"img":{"alt_text":"","src":"https:\/\/i0.wp.com\/mexicocodigorojo.com.mx\/wp-content\/uploads\/2020\/05\/46009642.jpg?fit=600%2C400&ssl=1&resize=350%2C200","width":350,"height":200,"srcset":"https:\/\/i0.wp.com\/mexicocodigorojo.com.mx\/wp-content\/uploads\/2020\/05\/46009642.jpg?fit=600%2C400&ssl=1&resize=350%2C200 1x, https:\/\/i0.wp.com\/mexicocodigorojo.com.mx\/wp-content\/uploads\/2020\/05\/46009642.jpg?fit=600%2C400&ssl=1&resize=525%2C300 1.5x"},"classes":[]},{"id":27379,"url":"https:\/\/mexicocodigorojo.com.mx\/?p=27379","url_meta":{"origin":4339,"position":4},"title":"Buscan dar oportunidad a Javier Duarte para que impugne sentencia","author":"Staff","date":"noviembre 20, 2019","format":false,"excerpt":"El magistrado Horacio Hern\u00e1ndez Orozco\u00a0\u00a0present\u00f3 un proyecto ante el pleno del Primer Tribunal Colegiado Penal de la Ciudad de M\u00e9xico, que plantea concederle la protecci\u00f3n de la justicia al exgobernador veracruzano Javier Duarte para que sea repuesto el procedimiento con el que buscaba impugnar su sentencia. Lo anterior, luego de\u2026","rel":"","context":"En \u00abVeracruz\u00bb","block_context":{"text":"Veracruz","link":"https:\/\/mexicocodigorojo.com.mx\/?cat=22"},"img":{"alt_text":"","src":"https:\/\/i0.wp.com\/mexicocodigorojo.com.mx\/wp-content\/uploads\/2019\/11\/JAvidu_Fotor-696x464.jpg?fit=696%2C464&ssl=1&resize=350%2C200","width":350,"height":200,"srcset":"https:\/\/i0.wp.com\/mexicocodigorojo.com.mx\/wp-content\/uploads\/2019\/11\/JAvidu_Fotor-696x464.jpg?fit=696%2C464&ssl=1&resize=350%2C200 1x, https:\/\/i0.wp.com\/mexicocodigorojo.com.mx\/wp-content\/uploads\/2019\/11\/JAvidu_Fotor-696x464.jpg?fit=696%2C464&ssl=1&resize=525%2C300 1.5x"},"classes":[]},{"id":14798,"url":"https:\/\/mexicocodigorojo.com.mx\/?p=14798","url_meta":{"origin":4339,"position":5},"title":"La PGR me oblig\u00f3 a aceptar la sentencia; ten\u00eda una pistola en la cabeza: Javier Duarte","author":"Staff","date":"febrero 27, 2019","format":false,"excerpt":"M\u00e9xico., 27 de Febrero del 2019.- El exgobernador de Veracruz, Javier Duarte, afirm\u00f3 este mi\u00e9rcoles que la Procuradur\u00eda General de la Rep\u00fablica (PGR) lo oblig\u00f3 a aceptar su sentencia de nueve a\u00f1os de prisi\u00f3n. \u201cTen\u00eda una pistola en la cabeza, de que si no aceptaba me pon\u00edan una condena de\u2026","rel":"","context":"En \u00abVeracruz\u00bb","block_context":{"text":"Veracruz","link":"https:\/\/mexicocodigorojo.com.mx\/?cat=22"},"img":{"alt_text":"","src":"https:\/\/i0.wp.com\/mexicocodigorojo.com.mx\/wp-content\/uploads\/2019\/02\/Duarte-696x392.jpeg?fit=696%2C392&ssl=1&resize=350%2C200","width":350,"height":200,"srcset":"https:\/\/i0.wp.com\/mexicocodigorojo.com.mx\/wp-content\/uploads\/2019\/02\/Duarte-696x392.jpeg?fit=696%2C392&ssl=1&resize=350%2C200 1x, https:\/\/i0.wp.com\/mexicocodigorojo.com.mx\/wp-content\/uploads\/2019\/02\/Duarte-696x392.jpeg?fit=696%2C392&ssl=1&resize=525%2C300 1.5x"},"classes":[]}],"jetpack_sharing_enabled":true,"jetpack_likes_enabled":true,"jetpack_shortlink":"https:\/\/wp.me\/p9TedA-17Z","_links":{"self":[{"href":"https:\/\/mexicocodigorojo.com.mx\/index.php?rest_route=\/wp\/v2\/posts\/4339","targetHints":{"allow":["GET"]}}],"collection":[{"href":"https:\/\/mexicocodigorojo.com.mx\/index.php?rest_route=\/wp\/v2\/posts"}],"about":[{"href":"https:\/\/mexicocodigorojo.com.mx\/index.php?rest_route=\/wp\/v2\/types\/post"}],"author":[{"embeddable":true,"href":"https:\/\/mexicocodigorojo.com.mx\/index.php?rest_route=\/wp\/v2\/users\/5"}],"replies":[{"embeddable":true,"href":"https:\/\/mexicocodigorojo.com.mx\/index.php?rest_route=%2Fwp%2Fv2%2Fcomments&post=4339"}],"version-history":[{"count":0,"href":"https:\/\/mexicocodigorojo.com.mx\/index.php?rest_route=\/wp\/v2\/posts\/4339\/revisions"}],"wp:featuredmedia":[{"embeddable":true,"href":"https:\/\/mexicocodigorojo.com.mx\/index.php?rest_route=\/wp\/v2\/media\/4342"}],"wp:attachment":[{"href":"https:\/\/mexicocodigorojo.com.mx\/index.php?rest_route=%2Fwp%2Fv2%2Fmedia&parent=4339"}],"wp:term":[{"taxonomy":"category","embeddable":true,"href":"https:\/\/mexicocodigorojo.com.mx\/index.php?rest_route=%2Fwp%2Fv2%2Fcategories&post=4339"},{"taxonomy":"post_tag","embeddable":true,"href":"https:\/\/mexicocodigorojo.com.mx\/index.php?rest_route=%2Fwp%2Fv2%2Ftags&post=4339"}],"curies":[{"name":"wp","href":"https:\/\/api.w.org\/{rel}","templated":true}]}}