{"id":40992,"date":"2020-07-21T13:38:02","date_gmt":"2020-07-21T18:38:02","guid":{"rendered":"https:\/\/mexicocodigorojo.com.mx\/?p=40992"},"modified":"2020-07-21T13:38:02","modified_gmt":"2020-07-21T18:38:02","slug":"detienen-a-ex-subsecretario-de-egresos-de-tamaulipas","status":"publish","type":"post","link":"https:\/\/mexicocodigorojo.com.mx\/?p=40992","title":{"rendered":"Detienen a ex subsecretario de egresos de Tamaulipas"},"content":{"rendered":"<div class=\"_1dwg _1w_m _q7o\" data-visualcompletion=\"ignore-dynamic\">\n<div>\n<div class=\"_3x-2\" data-ft=\"{&quot;tn&quot;:&quot;H&quot;}\">\n<div>\n<div class=\"_5r69 _sds _1hvl\">\n<div class=\"mts\">\n<div class=\"mtm _5pcm\">\n<div class=\"mtm _5pco\" data-testid=\"post_message\" data-ft=\"{&quot;tn&quot;:&quot;K&quot;}\">\n<div id=\"id_5f172acb2e2421e81045352\" class=\"text_exposed_root text_exposed\">\n<p>El ex subsecretario de Egresos del Gobierno de Ta<span class=\"text_exposed_show\">maulipas, Crist\u00f3bal Gerardo Rosales G\u00f3mez, fue detenido ayer en la colonia Polanco, por su probable participaci\u00f3n en el delito de uso indebido de atribuciones y facultades en agravio de la administraci\u00f3n estatal, inform\u00f3 la Fiscal\u00eda General de Justicia de la Ciudad de M\u00e9xico.<\/span><\/p>\n<div class=\"text_exposed_show\">\n<p>La Unidad de Inteligencia Financiera y Econ\u00f3mica de la entidad lo se\u00f1al\u00f3 como uno de los presuntos l\u00edderes de una c\u00e9lula delictiva que saque\u00f3 las arcas p\u00fablicas, a trav\u00e9s de 52 empresas \u201cfactureras\u201d, hacia cuentas personales.<\/p>\n<p>Otros \u201cl\u00edderes\u201d son el ex secretario de Finanzas y el ex director de pagos de Finanzas, Jorge Silvestre Abrego Adame y Jorge Contreras Ch\u00edo, durante la gesti\u00f3n del gobernador Egidio Torre Cant\u00fa, y el notario p\u00fablico de Victoria, Antonio Mercado Polanco.<\/p>\n<\/div>\n<\/div>\n<\/div>\n<\/div>\n<\/div>\n<\/div>\n<\/div>\n<\/div>\n<div><img decoding=\"async\" src=\"https:\/\/scontent-lax3-2.xx.fbcdn.net\/v\/t1.0-9\/115885774_1024515841301212_3332373628146731415_n.jpg?_nc_cat=106&amp;_nc_sid=110474&amp;_nc_eui2=AeFJMjqNLcdGnjZ9a5VW1Qm56RCHF_LRNUHpEIcX8tE1QTjRYFCD-z2IQtKkXPHU4_rVaePh4vji-8lck5hcefQl&amp;_nc_ohc=RysBNtpCijIAX9F2M_4&amp;_nc_ht=scontent-lax3-2.xx&amp;oh=1d50c153b063ac25a03919bc95794893&amp;oe=5F3B90BA\" alt=\"La imagen puede contener: 2 personas, texto\" \/><\/div>\n<\/div>\n<\/div>\n<div>\n<form id=\"u_fetchstream_4_2o\" class=\"commentable_item\" action=\"https:\/\/www.facebook.com\/ajax\/ufi\/modify.php\" method=\"post\" data-ft=\"{&quot;tn&quot;:&quot;]&quot;}\">\n<div class=\"_4299\">\n<div class=\"_5vsi\"><\/div>\n<div class=\"_78bu\">\n<div class=\"_68wo\">\n<div class=\"_3vum\">\n<div class=\"_66lg\"><\/div>\n<\/div>\n<\/div>\n<\/div>\n<\/div>\n<\/form>\n<\/div>\n","protected":false},"excerpt":{"rendered":"<p>El ex subsecretario de Egresos del Gobierno de Tamaulipas, Crist\u00f3bal Gerardo Rosales G\u00f3mez, fue detenido ayer en la colonia Polanco, por su probable participaci\u00f3n en el delito de uso indebido de atribuciones y facultades en agravio de la administraci\u00f3n estatal, inform\u00f3 la Fiscal\u00eda General de Justicia de la Ciudad de M\u00e9xico. La Unidad de Inteligencia [&hellip;]<\/p>\n","protected":false},"author":5,"featured_media":40993,"comment_status":"closed","ping_status":"closed","sticky":false,"template":"","format":"standard","meta":{"_uf_show_specific_survey":0,"_uf_disable_surveys":false,"advanced_seo_description":"","jetpack_seo_html_title":"","jetpack_seo_noindex":false,"jetpack_post_was_ever_published":false,"_jetpack_newsletter_access":"","_jetpack_dont_email_post_to_subs":false,"_jetpack_newsletter_tier_id":0,"_jetpack_memberships_contains_paywalled_content":false,"_jetpack_memberships_contains_paid_content":false,"footnotes":"","jetpack_publicize_message":"","jetpack_publicize_feature_enabled":true,"jetpack_social_post_already_shared":false,"jetpack_social_options":{"image_generator_settings":{"template":"highway","default_image_id":0,"font":"","enabled":false},"version":2}},"categories":[2],"tags":[1993],"class_list":{"0":"post-40992","1":"post","2":"type-post","3":"status-publish","4":"format-standard","5":"has-post-thumbnail","7":"category-tamaulipas","8":"tag-cristobal-gerardo-rosales-gomez"},"jetpack_publicize_connections":[],"jetpack_featured_media_url":"https:\/\/i0.wp.com\/mexicocodigorojo.com.mx\/wp-content\/uploads\/2020\/07\/115874670_1024515824634547_6076027801109975759_n.jpg?fit=540%2C363&ssl=1","jetpack-related-posts":[{"id":54301,"url":"https:\/\/mexicocodigorojo.com.mx\/?p=54301","url_meta":{"origin":40992,"position":0},"title":"Da Gobierno de Tamaulipas nombramiento a pol\u00edtico vinculado con matanza en San Fernando","author":"MexicoRojoCvmx","date":"octubre 7, 2022","format":false,"excerpt":"Ciudad de M\u00e9xico.- El Gobierno de Tamaulipas design\u00f3 como Subsecretario General de Gobierno a Tom\u00e1s Gloria Requena, un pol\u00edtico vinculado seg\u00fan investigaciones a la masacre en San Fernando donde fueron asesinados 72 migrantes por el C\u00e1rtel de los Zetas en 2010. En esa \u00e9poca Gloria Requena era Presidente Municipal en\u2026","rel":"","context":"En \u00abFeatured\u00bb","block_context":{"text":"Featured","link":"https:\/\/mexicocodigorojo.com.mx\/?cat=1724"},"img":{"alt_text":"","src":"","width":0,"height":0},"classes":[]},{"id":33958,"url":"https:\/\/mexicocodigorojo.com.mx\/?p=33958","url_meta":{"origin":40992,"position":1},"title":"Diputados de Tamaulipas derrochan casi 150 mdp en \u201cgastos personales\u201d; pero no aparecen 13 mdp","author":"Staff","date":"marzo 1, 2020","format":false,"excerpt":"Ciudad De M\u00e9xico.- La Auditor\u00eda Superior de la Federaci\u00f3n registra irregularidades del Congreso de Tamaulipas en la partida denominada \u201cGastos Personales\u201d, en donde hubo un incremento injustificado de 13 millones de pesos mismo que no fueron comprobados por el Poder Legislativo del Estado. De acuerdo a la tarjeta informativa emitida\u2026","rel":"","context":"En \u00abCiudad de M\u00e9xico\u00bb","block_context":{"text":"Ciudad de M\u00e9xico","link":"https:\/\/mexicocodigorojo.com.mx\/?cat=101"},"img":{"alt_text":"","src":"https:\/\/i0.wp.com\/secureservercdn.net\/166.62.108.22\/cg1.af3.myftpupload.com\/wp-content\/uploads\/2020\/03\/img_6588.png?resize=350%2C200&ssl=1","width":350,"height":200,"srcset":"https:\/\/i0.wp.com\/secureservercdn.net\/166.62.108.22\/cg1.af3.myftpupload.com\/wp-content\/uploads\/2020\/03\/img_6588.png?resize=350%2C200&ssl=1 1x, https:\/\/i0.wp.com\/secureservercdn.net\/166.62.108.22\/cg1.af3.myftpupload.com\/wp-content\/uploads\/2020\/03\/img_6588.png?resize=525%2C300&ssl=1 1.5x, https:\/\/i0.wp.com\/secureservercdn.net\/166.62.108.22\/cg1.af3.myftpupload.com\/wp-content\/uploads\/2020\/03\/img_6588.png?resize=700%2C400&ssl=1 2x"},"classes":[]},{"id":23216,"url":"https:\/\/mexicocodigorojo.com.mx\/?p=23216","url_meta":{"origin":40992,"position":2},"title":"GRUPO DE OPERACIONES ESPECIALES DE LA POLIC\u00cdA ESTATAL DE TAMAULIPAS SE ENFRENTA AL C\u00c1RTEL DEL GOLFO Y MUEREN CINCO SICARIOS","author":"Staff","date":"septiembre 7, 2019","format":false,"excerpt":"Hubo agresi\u00f3n esta tarde a polic\u00edas estatales del Grupo de Operaciones Especiales por el ejido La Florida, camino a M\u00e9ndez en la zona de San Fernando. En el hecho murieron 5 agresores, entre ellos \u201cLa Princesa\u201d cabeza de una banda de asaltantes y secuestradores que operaba en San Fernando Asegurada\u2026","rel":"","context":"En \u00abTamaulipas\u00bb","block_context":{"text":"Tamaulipas","link":"https:\/\/mexicocodigorojo.com.mx\/?cat=2"},"img":{"alt_text":"","src":"https:\/\/i0.wp.com\/mexicocodigorojo.com.mx\/wp-content\/uploads\/2019\/09\/img_2912.jpg?resize=350%2C200&ssl=1","width":350,"height":200,"srcset":"https:\/\/i0.wp.com\/mexicocodigorojo.com.mx\/wp-content\/uploads\/2019\/09\/img_2912.jpg?resize=350%2C200&ssl=1 1x, https:\/\/i0.wp.com\/mexicocodigorojo.com.mx\/wp-content\/uploads\/2019\/09\/img_2912.jpg?resize=525%2C300&ssl=1 1.5x"},"classes":[]},{"id":56716,"url":"https:\/\/mexicocodigorojo.com.mx\/?p=56716","url_meta":{"origin":40992,"position":3},"title":"Escolta de actual GOBTAM asesinado en Reynosa en atroz crimen; dejan cartulina y la ocultan","author":"MexicoRojoCvmx","date":"agosto 14, 2023","format":false,"excerpt":"Reynosa.- En un espeluznante episodio, Arturo G\u00f3mez Mendoza, oficial en activo encargado de protecci\u00f3n de funcionarios del gobierno de Tamaulipas y con experiencia en diversas administraciones, fue brutalmente asesinado en la ciudad de Reynosa. El cuerpo de G\u00f3mez Mendoza fue encontrado en el sector Paseo de las Flores, amordazado, ensabanado,\u2026","rel":"","context":"En \u00abFeatured\u00bb","block_context":{"text":"Featured","link":"https:\/\/mexicocodigorojo.com.mx\/?cat=1724"},"img":{"alt_text":"","src":"https:\/\/i0.wp.com\/mexicocodigorojo.com.mx\/wp-content\/uploads\/2023\/08\/ARTURO-2.jpg?fit=960%2C664&ssl=1&resize=350%2C200","width":350,"height":200,"srcset":"https:\/\/i0.wp.com\/mexicocodigorojo.com.mx\/wp-content\/uploads\/2023\/08\/ARTURO-2.jpg?fit=960%2C664&ssl=1&resize=350%2C200 1x, https:\/\/i0.wp.com\/mexicocodigorojo.com.mx\/wp-content\/uploads\/2023\/08\/ARTURO-2.jpg?fit=960%2C664&ssl=1&resize=525%2C300 1.5x, https:\/\/i0.wp.com\/mexicocodigorojo.com.mx\/wp-content\/uploads\/2023\/08\/ARTURO-2.jpg?fit=960%2C664&ssl=1&resize=700%2C400 2x"},"classes":[]},{"id":23567,"url":"https:\/\/mexicocodigorojo.com.mx\/?p=23567","url_meta":{"origin":40992,"position":4},"title":"Revocan amparo a Yarrington contra orden de captura","author":"Staff","date":"septiembre 12, 2019","format":false,"excerpt":"Con este fallo, quedan vigentes las dos \u00f3rdenes de aprehensi\u00f3n federales, la otra por delitos contra la salud, que fueron incluidas por la Fiscal\u00eda General de la Rep\u00fablica (FGR) en su petici\u00f3n de extradici\u00f3n que Italia le neg\u00f3 el a\u00f1o pasado, entregando al ex Gobernador a Estados Unidos. CIUDAD DE\u2026","rel":"","context":"En \u00abCiudad de M\u00e9xico\u00bb","block_context":{"text":"Ciudad de M\u00e9xico","link":"https:\/\/mexicocodigorojo.com.mx\/?cat=101"},"img":{"alt_text":"","src":"https:\/\/i0.wp.com\/mexicocodigorojo.com.mx\/wp-content\/uploads\/2019\/09\/tomas-yarrington.jpg?fit=620%2C385&ssl=1&resize=350%2C200","width":350,"height":200,"srcset":"https:\/\/i0.wp.com\/mexicocodigorojo.com.mx\/wp-content\/uploads\/2019\/09\/tomas-yarrington.jpg?fit=620%2C385&ssl=1&resize=350%2C200 1x, https:\/\/i0.wp.com\/mexicocodigorojo.com.mx\/wp-content\/uploads\/2019\/09\/tomas-yarrington.jpg?fit=620%2C385&ssl=1&resize=525%2C300 1.5x"},"classes":[]},{"id":56987,"url":"https:\/\/mexicocodigorojo.com.mx\/?p=56987","url_meta":{"origin":40992,"position":5},"title":"Vinculan a proceso a exsecretario de Educaci\u00f3n de Tamaulipas","author":"MexicoRojoCvmx","date":"septiembre 1, 2023","format":false,"excerpt":"Tamaulipas.- En un reciente desarrollo judicial, Mario \"N\", exsecretario de Educaci\u00f3n de Tamaulipas, ha sido vinculado a proceso por la Fiscal\u00eda Especializada en el Combate a la Corrupci\u00f3n. El proceso legal se desprende de la Carpeta de Investigaci\u00f3n n\u00famero 14\/2023, con la SET como denunciante, en la que se se\u00f1alan\u2026","rel":"","context":"En \u00abFeatured\u00bb","block_context":{"text":"Featured","link":"https:\/\/mexicocodigorojo.com.mx\/?cat=1724"},"img":{"alt_text":"","src":"https:\/\/i0.wp.com\/mexicocodigorojo.com.mx\/wp-content\/uploads\/2023\/09\/3-Vinculan-a-proceso-1.jpeg?fit=1024%2C680&ssl=1&resize=350%2C200","width":350,"height":200,"srcset":"https:\/\/i0.wp.com\/mexicocodigorojo.com.mx\/wp-content\/uploads\/2023\/09\/3-Vinculan-a-proceso-1.jpeg?fit=1024%2C680&ssl=1&resize=350%2C200 1x, https:\/\/i0.wp.com\/mexicocodigorojo.com.mx\/wp-content\/uploads\/2023\/09\/3-Vinculan-a-proceso-1.jpeg?fit=1024%2C680&ssl=1&resize=525%2C300 1.5x, https:\/\/i0.wp.com\/mexicocodigorojo.com.mx\/wp-content\/uploads\/2023\/09\/3-Vinculan-a-proceso-1.jpeg?fit=1024%2C680&ssl=1&resize=700%2C400 2x"},"classes":[]}],"jetpack_sharing_enabled":true,"jetpack_likes_enabled":true,"jetpack_shortlink":"https:\/\/wp.me\/p9TedA-aFa","_links":{"self":[{"href":"https:\/\/mexicocodigorojo.com.mx\/index.php?rest_route=\/wp\/v2\/posts\/40992","targetHints":{"allow":["GET"]}}],"collection":[{"href":"https:\/\/mexicocodigorojo.com.mx\/index.php?rest_route=\/wp\/v2\/posts"}],"about":[{"href":"https:\/\/mexicocodigorojo.com.mx\/index.php?rest_route=\/wp\/v2\/types\/post"}],"author":[{"embeddable":true,"href":"https:\/\/mexicocodigorojo.com.mx\/index.php?rest_route=\/wp\/v2\/users\/5"}],"replies":[{"embeddable":true,"href":"https:\/\/mexicocodigorojo.com.mx\/index.php?rest_route=%2Fwp%2Fv2%2Fcomments&post=40992"}],"version-history":[{"count":1,"href":"https:\/\/mexicocodigorojo.com.mx\/index.php?rest_route=\/wp\/v2\/posts\/40992\/revisions"}],"predecessor-version":[{"id":40994,"href":"https:\/\/mexicocodigorojo.com.mx\/index.php?rest_route=\/wp\/v2\/posts\/40992\/revisions\/40994"}],"wp:featuredmedia":[{"embeddable":true,"href":"https:\/\/mexicocodigorojo.com.mx\/index.php?rest_route=\/wp\/v2\/media\/40993"}],"wp:attachment":[{"href":"https:\/\/mexicocodigorojo.com.mx\/index.php?rest_route=%2Fwp%2Fv2%2Fmedia&parent=40992"}],"wp:term":[{"taxonomy":"category","embeddable":true,"href":"https:\/\/mexicocodigorojo.com.mx\/index.php?rest_route=%2Fwp%2Fv2%2Fcategories&post=40992"},{"taxonomy":"post_tag","embeddable":true,"href":"https:\/\/mexicocodigorojo.com.mx\/index.php?rest_route=%2Fwp%2Fv2%2Ftags&post=40992"}],"curies":[{"name":"wp","href":"https:\/\/api.w.org\/{rel}","templated":true}]}}