{"id":40986,"date":"2020-07-20T17:42:34","date_gmt":"2020-07-20T22:42:34","guid":{"rendered":"https:\/\/mexicocodigorojo.com.mx\/?p=40986"},"modified":"2020-07-20T17:42:34","modified_gmt":"2020-07-20T22:42:34","slug":"sedena-videos-del-cjng-son-por-el-cumpleanos-de-el-mencho-y-en-respuesta-a-amenaza-de-el-marro","status":"publish","type":"post","link":"https:\/\/mexicocodigorojo.com.mx\/?p=40986","title":{"rendered":"Sedena: Videos del CJNG son por el cumplea\u00f1os de \u201cEl Mencho\u201d y en respuesta a amenaza de \u201cEl Marro\u201d"},"content":{"rendered":"<h3><strong>Uno de los videos, en el que aluden a Nemesio Rub\u00e9n Oseguera Cervantes, alias \u201cEl Mencho\u201d, fue relacionado con el cumplea\u00f1os del l\u00edder criminal, el 17 de julio. El segundo video, consider\u00f3 el General, es una respuesta a una amenaza de Jos\u00e9 Antonio Y\u00e9pez Ortiz, conocido como \u201cEl Marro\u201d y l\u00edder del C\u00e1rtel de Santa Rosa de Lima (CSRL).<\/strong><\/h3>\n<p>El titular de la Secretar\u00eda de la Defensa Nacional (<strong>Sedena<\/strong>), General Luis Cresencio Sandoval, dijo esta ma\u00f1ana que el grupo que presumi\u00f3 dos\u00a0<strong>videos<\/strong>\u00a0con armas, sicarios y blindados bajo las letras del C\u00e1rtel Jalisco Nueva Generaci\u00f3n (<strong>CJNG<\/strong>) es una c\u00e9lula que lidera Juan Carlos Gonz\u00e1lez, conocido como \u201cR3\u201d.<\/p>\n<p>Uno de los\u00a0<strong>videos<\/strong>, en el que aluden a Nemesio Rub\u00e9n Oseguera Cervantes, alias\u00a0<strong>\u201cEl Mencho\u201d<\/strong>, fue relacionado con el\u00a0<strong>cumplea\u00f1os<\/strong>\u00a0del l\u00edder criminal, el 17 de julio. El segundo\u00a0<strong>video<\/strong>, consider\u00f3 el General, es una respuesta a una amenaza de Jos\u00e9 Antonio Y\u00e9pez Ortiz, conocido como\u00a0<strong>\u201cEl Marro\u201d<\/strong>\u00a0y l\u00edder del C\u00e1rtel de Santa Rosa de Lima (CSRL).<\/p>\n<blockquote><p>\u201cEn el an\u00e1lisis de los\u00a0<strong>videos<\/strong>\u00a0que estuvieron circulando en redes sociales y en medios de comunicaci\u00f3n, se exhiben veh\u00edculo con blindaje artesanal, pintados color verde y con logotipos de un supuesto grupo de fuerzas especiales, grupo \u00e9lite del C\u00e1rtel Jalisco Nueva Generaci\u00f3n\u201d, explic\u00f3.<\/p><\/blockquote>\n<p>Durante la conferencia matutina del Presidente Andr\u00e9s Manuel L\u00f3pez Obrador, el funcionario detall\u00f3 \u201cque hay 80 armas presentes, una ametralladora antia\u00e9rea calibre 50, nueve ametralladoras de otra naturaleza, 10 fusiles Barrett calibre 50, 54 fusiles de asalto, seis aditamentos lanzagranadas. En total 80 armas y 75 personas visibles en los videos\u201d.<\/p>\n<p><iframe loading=\"lazy\" title=\"#ConferenciaPresidente | Lunes 20 de julio de 2020\" width=\"696\" height=\"392\" src=\"https:\/\/www.youtube.com\/embed\/jKy5t2kMLMk?feature=oembed\" frameborder=\"0\" allow=\"accelerometer; autoplay; clipboard-write; encrypted-media; gyroscope; picture-in-picture\" allowfullscreen><\/iframe><\/p>\n<blockquote><p>\u201cEn los veh\u00edculos, tenemos una camioneta doble rodada con dos torretas, nueve camionetas pickup con blindaje, un hummer con blindaje, un excursion tambi\u00e9n con blindaje, cuatro camionetas pickup, dos jeep rubicon, un jeep con blindaje y tres veh\u00edculos que no los pudimos identificar porque est\u00e1n fuera de foco\u201d, expuso el Secretario de la Defensa.<\/p><\/blockquote>\n<p>Asimismo, agreg\u00f3 que tienen 19 veh\u00edculos que presentan caracter\u00edsticas comerciales, de los cuales 12 cuentan con blindaje artesanal y siete solamente con ajustes para montar armamento.<\/p>\n<blockquote><p>\u201cEn el primer video, el grupo armado se observa que hace disparos y hace unas arengas. Mencionan entre ellos a algunas personas, parte de su grupo delincuencial. Este grupo, en la informaci\u00f3n que tenemos, surge el a\u00f1o pasado y es lidereado por Juan Carlos Gonz\u00e1lez, alias \u2018El R3\u2019, que es uno de los que aparecen en la arenga\u201d, se\u00f1al\u00f3\u00a0Luis Cresencio Sandoval.<\/p><\/blockquote>\n<p>Adem\u00e1s, dio a conocer que este grupo\u00a0tiene c\u00e9lulas son presencia en Michoac\u00e1n, Zacatecas y Guanajuato.<\/p>\n<div class=\"ad_center ad-in-content\"><\/div>\n<blockquote><p>\u201cAmbos videos pretenden mostrar al grupo \u00e9lite con la mayor fuerza dentro del c\u00e1rtel, por poder y volumen de fuego, y adiestramiento militar. Los videos tuvieron un alcance medi\u00e1tico importante. Tambi\u00e9n en el primer video muestra el apoyo y liderazgo actual del C\u00e1rtel Jalisco Nueva Generaci\u00f3n que es \u2018El Mencho\u2019. [\u2026] La fecha en que se publica que es el 17 de julio coincide con el cumplea\u00f1os de \u2018El Mencho\u2019. Entonces va enfocado a ese apoyo a este liderazgo\u201d, indic\u00f3.<\/p><\/blockquote>\n<p>Mientras que\u00a0\u201cel segundo video est\u00e1 enfocado a una amenaza directa contra \u2018El Marro\u2019 y contra C\u00e1rtel de Santa Rosa de Lima, y tambi\u00e9n refiriendo a la debilidad de la organizaci\u00f3n delictiva, los excesos y los abusos en contra de las poblaci\u00f3n en el estado de Guanajuato\u201d.<\/p>\n<blockquote class=\"twitter-tweet\" data-width=\"550\" data-dnt=\"true\">\n<p lang=\"es\" dir=\"ltr\">Sicarios del \u201cCJNG\u201d al servicio del \u201cMencho\u201d demuestran su poder\u00edo con arsenal de uso exclusivo del ej\u00e9rcito as\u00ed como veh\u00edculos con blindaje de agencia y artesanal con uniforme camuflajeado. <a href=\"https:\/\/t.co\/oEbhSmKu45\">pic.twitter.com\/oEbhSmKu45<\/a><\/p>\n<p>&mdash; ElGuzman ?? (@FuriaNegra7) <a href=\"https:\/\/twitter.com\/FuriaNegra7\/status\/1284271382776492037?ref_src=twsrc%5Etfw\">July 17, 2020<\/a><\/p><\/blockquote>\n<p><script async src=\"https:\/\/platform.twitter.com\/widgets.js\" charset=\"utf-8\"><\/script><\/p>\n<p>Pese al equipamiento exhibido por el CJNG, la Sedena afirm\u00f3 que no hay registro de su uso en alguna confrontaci\u00f3n directa contra fuerzas de seguridad. A\u00fan as\u00ed, Sandoval reconoci\u00f3 el riesgo que implica la confrontaci\u00f3n entre los c\u00e1rteles.<\/p>\n<blockquote><p>\u201cObliga a tomar acciones que fortalezcan la seguridad p\u00fablica, principalmente para evitar que la sociedad tenga un da\u00f1o, se va actuar en todas las \u00e1reas de influencia del C\u00e1rtel Jalisco Nueva Generaci\u00f3n para evitar que se presenten algunas situaciones\u201d, prometi\u00f3.<\/p><\/blockquote>\n<p><strong>AMLO NO DECLARAR\u00c1 LA GUERRA<\/strong><\/p>\n<p>El Presidente mexicano, Andr\u00e9s Manuel L\u00f3pez Obrador, afirm\u00f3 este lunes que \u201cno declarar\u00e1 la guerra\u201d al narcotr\u00e1fico tras el video en el que miembros del C\u00e1rtel Jalisco Nueva Generaci\u00f3n (CJNG) env\u00edan un mensaje de desaf\u00edo al Gobierno y muestran su poder de fuego.<\/p>\n<blockquote><p>\u201cQue quede muy claro: no a la guerra, s\u00ed a la paz. Nada de declarar la guerra, eso no es soluci\u00f3n, eso ya sabemos lo que ocasiona y siempre se va a proteger a la gente sin violar derechos humanos\u201d, manifest\u00f3 el mandatario en su rueda de prensa.<\/p><\/blockquote>\n<p>L\u00f3pez Obrador calific\u00f3 de \u201cpropaganda\u201d el video difundido el viernes pasado en el que aparecen decenas de miembros del CJNG, considerado el m\u00e1s poderoso de M\u00e9xico, con uniformes, decenas de veh\u00edculos blindados y armas de uso exclusivo del Ej\u00e9rcito.<\/p>\n<div class=\"fb-video\" data-allowfullscreen=\"true\" data-href=\"https:\/\/www.facebook.com\/blogdemexicorojo\/videos\/1165561713821724\/\" style=\"background-color: #fff; display: inline-block;\"><\/div>\n<p>El Presidente acus\u00f3 a periodistas y cr\u00edticos del Gobierno por \u201cplagar\u201d las redes sociales con el video, hacer \u201capolog\u00eda\u201d del \u201cdesfile\u201d que hizo el grupo delictivo y urgir a la confrontaci\u00f3n.<\/p>\n<blockquote><p>\u201cF\u00edjense las mentalidades, a\u00fan con ese enfoque, pues yo sigo sosteniendo lo mismo, yo sigo llamando a todos a portarnos bien, a que sean abrazos, no balazos\u201d, declar\u00f3.<\/p><\/blockquote>\n<p><em>-Con informaci\u00f3n de EFE<\/em><\/p>\n","protected":false},"excerpt":{"rendered":"<p>Uno de los videos, en el que aluden a Nemesio Rub\u00e9n Oseguera Cervantes, alias \u201cEl Mencho\u201d, fue relacionado con el cumplea\u00f1os del l\u00edder criminal, el 17 de julio. El segundo video, consider\u00f3 el General, es una respuesta a una amenaza de Jos\u00e9 Antonio Y\u00e9pez Ortiz, conocido como \u201cEl Marro\u201d y l\u00edder del C\u00e1rtel de Santa [&hellip;]<\/p>\n","protected":false},"author":5,"featured_media":40989,"comment_status":"closed","ping_status":"closed","sticky":false,"template":"","format":"standard","meta":{"_uf_show_specific_survey":0,"_uf_disable_surveys":false,"advanced_seo_description":"","jetpack_seo_html_title":"","jetpack_seo_noindex":false,"jetpack_post_was_ever_published":false,"_jetpack_newsletter_access":"","_jetpack_dont_email_post_to_subs":false,"_jetpack_newsletter_tier_id":0,"_jetpack_memberships_contains_paywalled_content":false,"_jetpack_memberships_contains_paid_content":false,"footnotes":"","jetpack_publicize_message":"","jetpack_publicize_feature_enabled":true,"jetpack_social_post_already_shared":false,"jetpack_social_options":{"image_generator_settings":{"template":"highway","default_image_id":0,"font":"","enabled":false},"version":2}},"categories":[18],"tags":[401,49,225],"class_list":{"0":"post-40986","1":"post","2":"type-post","3":"status-publish","4":"format-standard","5":"has-post-thumbnail","7":"category-guanajuato","8":"tag-cartel-jalisco-nueva-generacion","9":"tag-cjng","10":"tag-narcotrafico"},"jetpack_publicize_connections":[],"jetpack_featured_media_url":"https:\/\/i0.wp.com\/mexicocodigorojo.com.mx\/wp-content\/uploads\/2020\/07\/sedena-videos-del-cjng-son-por-el-cumpleanos-de-el-mencho.jpg?fit=1100%2C580&ssl=1","jetpack-related-posts":[{"id":34672,"url":"https:\/\/mexicocodigorojo.com.mx\/?p=34672","url_meta":{"origin":40986,"position":0},"title":"LA DEA OFRECE 10 MILLONES POR NEMESIO OCEGUERA CERVANTES \u00abEL MENCHO\u00bb o \u00abEL SR DE LOS GALLOS\u00bb LIDER DEL CJNG","author":"MexicoRojo","date":"marzo 11, 2020","format":false,"excerpt":"LA DEA coloca a \"El Mencho\", l\u00edder del CJNG, como su objetivo n\u00famero uno El michoacano Oseguera Cervantes encabeza la lista de los 10 m\u00e1s buscados por la Administraci\u00f3n para el Control de Drogas. CIUDAD DE M\u00c9XICO.- La DEA, la agencia antidrogas de Estados Unidos, coloc\u00f3 al l\u00edder del c\u00e1rtel\u2026","rel":"","context":"En \u00abFeatured\u00bb","block_context":{"text":"Featured","link":"https:\/\/mexicocodigorojo.com.mx\/?cat=1724"},"img":{"alt_text":"","src":"","width":0,"height":0},"classes":[]},{"id":38995,"url":"https:\/\/mexicocodigorojo.com.mx\/?p=38995","url_meta":{"origin":40986,"position":1},"title":"EL MARRO LIDER DE EL CDSRL AMENAZA EN NARCOMANTAS AL CJNG EN GUANAJUATO","author":"MexicoRojo","date":"junio 2, 2020","format":false,"excerpt":"Jos\u00e9 Antonio Yepez Ortiz alias El Marro manda a colgar narcomantas en varios municipios de Guanajuato. \u00a0 \u00a0 \u00a0 \u00a0 \u00a0 En ellas se puede apreciar las amenazas a los sicarios del Cartel Jalisco Nueva Generaci\u00f3n y a los torcidos,estos \u00faltimos en referencia a la gente que antes estaban en\u2026","rel":"","context":"En \u00abGuanajuato\u00bb","block_context":{"text":"Guanajuato","link":"https:\/\/mexicocodigorojo.com.mx\/?cat=18"},"img":{"alt_text":"","src":"https:\/\/i0.wp.com\/mexicocodigorojo.com.mx\/wp-content\/uploads\/2020\/06\/20200602_005429.jpg?fit=1152%2C864&ssl=1&resize=350%2C200","width":350,"height":200,"srcset":"https:\/\/i0.wp.com\/mexicocodigorojo.com.mx\/wp-content\/uploads\/2020\/06\/20200602_005429.jpg?fit=1152%2C864&ssl=1&resize=350%2C200 1x, https:\/\/i0.wp.com\/mexicocodigorojo.com.mx\/wp-content\/uploads\/2020\/06\/20200602_005429.jpg?fit=1152%2C864&ssl=1&resize=525%2C300 1.5x, https:\/\/i0.wp.com\/mexicocodigorojo.com.mx\/wp-content\/uploads\/2020\/06\/20200602_005429.jpg?fit=1152%2C864&ssl=1&resize=700%2C400 2x, https:\/\/i0.wp.com\/mexicocodigorojo.com.mx\/wp-content\/uploads\/2020\/06\/20200602_005429.jpg?fit=1152%2C864&ssl=1&resize=1050%2C600 3x"},"classes":[]},{"id":14336,"url":"https:\/\/mexicocodigorojo.com.mx\/?p=14336","url_meta":{"origin":40986,"position":2},"title":"\u200bEL\u00a0CHOLO &#038; SU CARTEL NUEVA PLAZA ES LA AMENAZA LATENTE PARA EL CJNG Y EL MENCHO EN SU BASTION \u00abJALISCO\u00bb","author":"Staff","date":"febrero 19, 2019","format":false,"excerpt":"EL\u00a0CHOLO & SU CARTEL NUEVA PLAZA ES LA AMENAZA LATENTE PARA EL CJNG Y EL MENCHO EN BASTION \"JALISCO\" \u00a0 Carlos Enrique S\u00e1nchez Mart\u00ednez, alias El Cholo, es el l\u00edder del C\u00e1rtel Nueva Plaza, la principal amenaza para la organizaci\u00f3n criminal dirigida por Nemesio Oseguera Cervantes, mejor conocido como El\u2026","rel":"","context":"En \u00abJalisco\u00bb","block_context":{"text":"Jalisco","link":"https:\/\/mexicocodigorojo.com.mx\/?cat=8"},"img":{"alt_text":"","src":"https:\/\/i0.wp.com\/img.youtube.com\/vi\/FfbjcNION9o\/0.jpg?resize=350%2C200","width":350,"height":200},"classes":[]},{"id":49553,"url":"https:\/\/mexicocodigorojo.com.mx\/?p=49553","url_meta":{"origin":40986,"position":3},"title":"Militares que ubicaron a \u00abEl Mencho\u00bb fueron ejecutados","author":"MexicoRojoCvmx","date":"junio 10, 2021","format":false,"excerpt":"Guanajuato.- Cinco elementos del Ej\u00e9rcito mexicano adscritos a la zona militar de Sarabia, Guanajuato, fueron asesinados durante un enfrentamiento contra integrantes del C\u00e1rtel de Jalisco Nueva Generaci\u00f3n (CJNG). Tres tenientes y dos soldados pertenec\u00edan al Cuerpo de Fuerzas Especiales y estaban adscritos a la Unidad Especial de la Polic\u00eda Militar\u2026","rel":"","context":"En \u00abFeatured\u00bb","block_context":{"text":"Featured","link":"https:\/\/mexicocodigorojo.com.mx\/?cat=1724"},"img":{"alt_text":"","src":"https:\/\/i0.wp.com\/mexicocodigorojo.com.mx\/wp-content\/uploads\/2021\/06\/BB1ezDa8.jpg?fit=799%2C421&ssl=1&resize=350%2C200","width":350,"height":200,"srcset":"https:\/\/i0.wp.com\/mexicocodigorojo.com.mx\/wp-content\/uploads\/2021\/06\/BB1ezDa8.jpg?fit=799%2C421&ssl=1&resize=350%2C200 1x, https:\/\/i0.wp.com\/mexicocodigorojo.com.mx\/wp-content\/uploads\/2021\/06\/BB1ezDa8.jpg?fit=799%2C421&ssl=1&resize=525%2C300 1.5x, https:\/\/i0.wp.com\/mexicocodigorojo.com.mx\/wp-content\/uploads\/2021\/06\/BB1ezDa8.jpg?fit=799%2C421&ssl=1&resize=700%2C400 2x"},"classes":[]},{"id":23333,"url":"https:\/\/mexicocodigorojo.com.mx\/?p=23333","url_meta":{"origin":40986,"position":4},"title":"El CJNG contra todos \u00abLo atacan de diferentes frentes\u00bb","author":"Staff","date":"septiembre 9, 2019","format":false,"excerpt":"El C\u00e1rtel Jalisco Nueva Generaci\u00f3n es atacado desde varios puntos por diversos c\u00e1rteles y grupos criminales del pa\u00eds, de acuerdo a documentos oficiales; ir\u00f3nicamente sus antiguos amigos son los que le han causado mayor da\u00f1o Ciudad de M\u00e9xico.-\u00a0Nemesio Oseguera Cervantes, 'El Mencho' es el\u00a0narcotraficante\u00a0m\u00e1s buscado\u00a0por las autoridades aunque tambi\u00e9n\u00a0por diversos\u2026","rel":"","context":"En \u00abFeatured\u00bb","block_context":{"text":"Featured","link":"https:\/\/mexicocodigorojo.com.mx\/?cat=1724"},"img":{"alt_text":"","src":"https:\/\/i0.wp.com\/mexicocodigorojo.com.mx\/wp-content\/uploads\/2019\/09\/el-mencho-el-se%C3%B1or-de-los-gallos.jpg?fit=700%2C491&ssl=1&resize=350%2C200","width":350,"height":200,"srcset":"https:\/\/i0.wp.com\/mexicocodigorojo.com.mx\/wp-content\/uploads\/2019\/09\/el-mencho-el-se%C3%B1or-de-los-gallos.jpg?fit=700%2C491&ssl=1&resize=350%2C200 1x, https:\/\/i0.wp.com\/mexicocodigorojo.com.mx\/wp-content\/uploads\/2019\/09\/el-mencho-el-se%C3%B1or-de-los-gallos.jpg?fit=700%2C491&ssl=1&resize=525%2C300 1.5x, https:\/\/i0.wp.com\/mexicocodigorojo.com.mx\/wp-content\/uploads\/2019\/09\/el-mencho-el-se%C3%B1or-de-los-gallos.jpg?fit=700%2C491&ssl=1&resize=700%2C400 2x"},"classes":[]},{"id":24956,"url":"https:\/\/mexicocodigorojo.com.mx\/?p=24956","url_meta":{"origin":40986,"position":5},"title":"VIDEO CDN interroga y decapita a tres del CJNG y amenaza a \u00abEl\u00a0Mencho \u00ab","author":"Staff","date":"octubre 7, 2019","format":false,"excerpt":"En redes sociales circula el video en donde supuestos integrantes del grupo del narcotr\u00e1fico conocido como C\u00e1rtel del Noreste (CDN) interrogan y ejecutan a tres presuntos rivales del C\u00e1rtel Jalisco Nueva Generaci\u00f3n (CJNG) en el municipio de Nuevo Laredo en el estado de Tamaulipas, en M\u00e9xico. En las escenas de\u2026","rel":"","context":"En \u00abFeatured\u00bb","block_context":{"text":"Featured","link":"https:\/\/mexicocodigorojo.com.mx\/?cat=1724"},"img":{"alt_text":"","src":"","width":0,"height":0},"classes":[]}],"jetpack_sharing_enabled":true,"jetpack_likes_enabled":true,"jetpack_shortlink":"https:\/\/wp.me\/p9TedA-aF4","_links":{"self":[{"href":"https:\/\/mexicocodigorojo.com.mx\/index.php?rest_route=\/wp\/v2\/posts\/40986","targetHints":{"allow":["GET"]}}],"collection":[{"href":"https:\/\/mexicocodigorojo.com.mx\/index.php?rest_route=\/wp\/v2\/posts"}],"about":[{"href":"https:\/\/mexicocodigorojo.com.mx\/index.php?rest_route=\/wp\/v2\/types\/post"}],"author":[{"embeddable":true,"href":"https:\/\/mexicocodigorojo.com.mx\/index.php?rest_route=\/wp\/v2\/users\/5"}],"replies":[{"embeddable":true,"href":"https:\/\/mexicocodigorojo.com.mx\/index.php?rest_route=%2Fwp%2Fv2%2Fcomments&post=40986"}],"version-history":[{"count":1,"href":"https:\/\/mexicocodigorojo.com.mx\/index.php?rest_route=\/wp\/v2\/posts\/40986\/revisions"}],"predecessor-version":[{"id":40990,"href":"https:\/\/mexicocodigorojo.com.mx\/index.php?rest_route=\/wp\/v2\/posts\/40986\/revisions\/40990"}],"wp:featuredmedia":[{"embeddable":true,"href":"https:\/\/mexicocodigorojo.com.mx\/index.php?rest_route=\/wp\/v2\/media\/40989"}],"wp:attachment":[{"href":"https:\/\/mexicocodigorojo.com.mx\/index.php?rest_route=%2Fwp%2Fv2%2Fmedia&parent=40986"}],"wp:term":[{"taxonomy":"category","embeddable":true,"href":"https:\/\/mexicocodigorojo.com.mx\/index.php?rest_route=%2Fwp%2Fv2%2Fcategories&post=40986"},{"taxonomy":"post_tag","embeddable":true,"href":"https:\/\/mexicocodigorojo.com.mx\/index.php?rest_route=%2Fwp%2Fv2%2Ftags&post=40986"}],"curies":[{"name":"wp","href":"https:\/\/api.w.org\/{rel}","templated":true}]}}