{"id":40982,"date":"2020-07-20T17:34:23","date_gmt":"2020-07-20T22:34:23","guid":{"rendered":"https:\/\/mexicocodigorojo.com.mx\/?p=40982"},"modified":"2020-07-20T17:34:23","modified_gmt":"2020-07-20T22:34:23","slug":"en-accidente-vial-murio-el-capitan-del-escuadron-tactico-aereo-de-la-policia-estatal","status":"publish","type":"post","link":"https:\/\/mexicocodigorojo.com.mx\/?p=40982","title":{"rendered":"En accidente vial muri\u00f3 el capit\u00e1n del Escuadr\u00f3n T\u00e1ctico \u00c1ereo de la Polic\u00eda Estatal"},"content":{"rendered":"<p>Cuando viajaba en su moto acompa\u00f1ado de una mujer muri\u00f3 el capit\u00e1n del Escuadr\u00f3n T\u00e1ctico A\u00e9reo de la Polic\u00eda Estatal, el incidente ocurri\u00f3 la madrugada del domingo, tras impactarse con la parte trasera de un cami\u00f3n del Ej\u00e9rcito.<\/p>\n<p>El accidente vial se registr\u00f3 sobre la Calzada L\u00e1zaro C\u00e1rdenas, a la altura de la Colonia El Dean, tanto \u00e9l como la mujer que lo acompa\u00f1aba perdieron la vida, hasta el momento se desconocen las causas del accidente, aparentemente el cami\u00f3n present\u00f3 una falla mec\u00e1nica y estaba parado.<\/p>\n<p>La Secretar\u00eda de Seguridad de Jalisco reconoci\u00f3 la labor de su compa\u00f1ero quien desde 2018 se desempe\u00f1aba en el puesto que le permiti\u00f3 salvar varias vidas.<\/p>\n<blockquote class=\"twitter-tweet\" data-width=\"550\" data-dnt=\"true\">\n<p lang=\"es\" dir=\"ltr\">Porque no cualquiera se arriesga para salvar a otros, recordamos a nuestro Capit\u00e1n Brise\u00f1o por su pasi\u00f3n, entrega y orgullo por su escuadr\u00f3n. Descanse en paz. <a href=\"https:\/\/t.co\/V3dvGZGmpf\">pic.twitter.com\/V3dvGZGmpf<\/a><\/p>\n<p>&mdash; Secretar\u00eda de Seguridad Jalisco (@SSeguridadJal) <a href=\"https:\/\/twitter.com\/SSeguridadJal\/status\/1284971956455067649?ref_src=twsrc%5Etfw\">July 19, 2020<\/a><\/p><\/blockquote>\n<p><script async src=\"https:\/\/platform.twitter.com\/widgets.js\" charset=\"utf-8\"><\/script><\/p>\n<p>Con informaci\u00f3n de Jalisco Rojo<\/p>\n","protected":false},"excerpt":{"rendered":"<p>Cuando viajaba en su moto acompa\u00f1ado de una mujer muri\u00f3 el capit\u00e1n del Escuadr\u00f3n T\u00e1ctico A\u00e9reo de la Polic\u00eda Estatal, el incidente ocurri\u00f3 la madrugada del domingo, tras impactarse con la parte trasera de un cami\u00f3n del Ej\u00e9rcito. El accidente vial se registr\u00f3 sobre la Calzada L\u00e1zaro C\u00e1rdenas, a la altura de la Colonia El [&hellip;]<\/p>\n","protected":false},"author":5,"featured_media":40983,"comment_status":"closed","ping_status":"closed","sticky":false,"template":"","format":"standard","meta":{"_uf_show_specific_survey":0,"_uf_disable_surveys":false,"advanced_seo_description":"","jetpack_seo_html_title":"","jetpack_seo_noindex":false,"jetpack_post_was_ever_published":false,"_jetpack_newsletter_access":"","_jetpack_dont_email_post_to_subs":false,"_jetpack_newsletter_tier_id":0,"_jetpack_memberships_contains_paywalled_content":false,"_jetpack_memberships_contains_paid_content":false,"footnotes":"","jetpack_publicize_message":"","jetpack_publicize_feature_enabled":true,"jetpack_social_post_already_shared":false,"jetpack_social_options":{"image_generator_settings":{"template":"highway","default_image_id":0,"font":"","enabled":false},"version":2}},"categories":[8],"tags":[1992],"class_list":{"0":"post-40982","1":"post","2":"type-post","3":"status-publish","4":"format-standard","5":"has-post-thumbnail","7":"category-jalisco","8":"tag-capitan-briseno"},"jetpack_publicize_connections":[],"jetpack_featured_media_url":"https:\/\/i0.wp.com\/mexicocodigorojo.com.mx\/wp-content\/uploads\/2020\/07\/mauro.jpg?fit=600%2C440&ssl=1","jetpack-related-posts":[{"id":48741,"url":"https:\/\/mexicocodigorojo.com.mx\/?p=48741","url_meta":{"origin":40982,"position":0},"title":"MURIO EN ACCIDENTE AEREO EL CAPITAN FRANCISCO ELVIRA EN APODACA","author":"Staff","date":"abril 24, 2021","format":false,"excerpt":"Monterrey, NL.\u00a0Una persona muri\u00f3 tras desplomarse e incendiarse un helic\u00f3ptero sobre el kil\u00f3metro 19 de la carretera a Laredo, en el municipio de Apodaca, a mediod\u00eda de este viernes. El helic\u00f3ptero cay\u00f3 precipitado al suelo, quedando la cola de la aeronave hacia el cielo y atorada en unos cables de\u2026","rel":"","context":"En \u00abFeatured\u00bb","block_context":{"text":"Featured","link":"https:\/\/mexicocodigorojo.com.mx\/?cat=1724"},"img":{"alt_text":"","src":"https:\/\/i0.wp.com\/mexicocodigorojo.com.mx\/wp-content\/uploads\/2021\/04\/EzwhRxDVEAEzzY9.jpg?fit=720%2C540&ssl=1&resize=350%2C200","width":350,"height":200,"srcset":"https:\/\/i0.wp.com\/mexicocodigorojo.com.mx\/wp-content\/uploads\/2021\/04\/EzwhRxDVEAEzzY9.jpg?fit=720%2C540&ssl=1&resize=350%2C200 1x, https:\/\/i0.wp.com\/mexicocodigorojo.com.mx\/wp-content\/uploads\/2021\/04\/EzwhRxDVEAEzzY9.jpg?fit=720%2C540&ssl=1&resize=525%2C300 1.5x, https:\/\/i0.wp.com\/mexicocodigorojo.com.mx\/wp-content\/uploads\/2021\/04\/EzwhRxDVEAEzzY9.jpg?fit=720%2C540&ssl=1&resize=700%2C400 2x"},"classes":[]},{"id":39285,"url":"https:\/\/mexicocodigorojo.com.mx\/?p=39285","url_meta":{"origin":40982,"position":1},"title":"Hallan cuerpos de exalcalde de Aguascalientes y cuatro familiares tras accidente a\u00e9reo","author":"Staff","date":"junio 8, 2020","format":false,"excerpt":"Este s\u00e1bado fueron localizados los cuerpos de las cinco personas muertas tras el desplome de una aeronave, entre ellas el exalcalde Adri\u00e1n Ventura Elementos de la\u00a0Unidad Estatal de Protecci\u00f3n\u00a0Civil y Bomberos\u00a0localizaron este s\u00e1bado en el municipio de San Sebasti\u00e1n del Oeste los\u00a0cuerpos de las cinco personas\u00a0muertas tras el desplome de\u2026","rel":"","context":"En \u00abJalisco\u00bb","block_context":{"text":"Jalisco","link":"https:\/\/mexicocodigorojo.com.mx\/?cat=8"},"img":{"alt_text":"","src":"https:\/\/i0.wp.com\/mexicocodigorojo.com.mx\/wp-content\/uploads\/2020\/06\/avion-ligero-accidentado-en-aguascalientes.jpg?fit=980%2C550&ssl=1&resize=350%2C200","width":350,"height":200,"srcset":"https:\/\/i0.wp.com\/mexicocodigorojo.com.mx\/wp-content\/uploads\/2020\/06\/avion-ligero-accidentado-en-aguascalientes.jpg?fit=980%2C550&ssl=1&resize=350%2C200 1x, https:\/\/i0.wp.com\/mexicocodigorojo.com.mx\/wp-content\/uploads\/2020\/06\/avion-ligero-accidentado-en-aguascalientes.jpg?fit=980%2C550&ssl=1&resize=525%2C300 1.5x, https:\/\/i0.wp.com\/mexicocodigorojo.com.mx\/wp-content\/uploads\/2020\/06\/avion-ligero-accidentado-en-aguascalientes.jpg?fit=980%2C550&ssl=1&resize=700%2C400 2x"},"classes":[]},{"id":31391,"url":"https:\/\/mexicocodigorojo.com.mx\/?p=31391","url_meta":{"origin":40982,"position":2},"title":"Tres polic\u00edas muertos por emboscada en Jalisco","author":"Staff","date":"enero 26, 2020","format":false,"excerpt":"Subieron a tres los polic\u00edas municipales muertos tras el enfrentamiento con civiles armados en Teocaltiche, Jalisco Hasta el momento suman\u00a0tres\u00a0los\u00a0elementos\u00a0de la\u00a0polic\u00eda municipal\u00a0muertos tras un\u00a0enfrentamiento\u00a0entre\u00a0individuos armados\u00a0y los uniformados, ocurrido la v\u00edspera en el municipio de\u00a0Teocaltiche,\u00a0Jalisco. Una mujer polic\u00eda que result\u00f3 herida en la balacera registrada en el kil\u00f3metro cinco de la\u2026","rel":"","context":"En \u00abJalisco\u00bb","block_context":{"text":"Jalisco","link":"https:\/\/mexicocodigorojo.com.mx\/?cat=8"},"img":{"alt_text":"","src":"https:\/\/i0.wp.com\/mexicocodigorojo.com.mx\/wp-content\/uploads\/2020\/01\/Polic%C3%ADa-Teocaltiche.jpg?fit=768%2C479&ssl=1&resize=350%2C200","width":350,"height":200,"srcset":"https:\/\/i0.wp.com\/mexicocodigorojo.com.mx\/wp-content\/uploads\/2020\/01\/Polic%C3%ADa-Teocaltiche.jpg?fit=768%2C479&ssl=1&resize=350%2C200 1x, https:\/\/i0.wp.com\/mexicocodigorojo.com.mx\/wp-content\/uploads\/2020\/01\/Polic%C3%ADa-Teocaltiche.jpg?fit=768%2C479&ssl=1&resize=525%2C300 1.5x, https:\/\/i0.wp.com\/mexicocodigorojo.com.mx\/wp-content\/uploads\/2020\/01\/Polic%C3%ADa-Teocaltiche.jpg?fit=768%2C479&ssl=1&resize=700%2C400 2x"},"classes":[]},{"id":29416,"url":"https:\/\/mexicocodigorojo.com.mx\/?p=29416","url_meta":{"origin":40982,"position":3},"title":"A proceso exagente por atropellar a mujer en Jalisco","author":"Staff","date":"diciembre 31, 2019","format":false,"excerpt":"Un exagente investigador de la Fiscal\u00eda de Jalisco se vio involucrado en un accidente que cobr\u00f3 la vida de una mujer el 21 de diciembre El exagente investigador de la\u00a0Fiscal\u00eda General de Jalisco, Jos\u00e9 Guadalupe \u2018N\u2019, quien se vio involucrado en un accidente que cobr\u00f3 la vida de una mujer,\u2026","rel":"","context":"En \u00abJalisco\u00bb","block_context":{"text":"Jalisco","link":"https:\/\/mexicocodigorojo.com.mx\/?cat=8"},"img":{"alt_text":"","src":"https:\/\/i0.wp.com\/mexicocodigorojo.com.mx\/wp-content\/uploads\/2019\/12\/choque-exagente.png?fit=980%2C550&ssl=1&resize=350%2C200","width":350,"height":200,"srcset":"https:\/\/i0.wp.com\/mexicocodigorojo.com.mx\/wp-content\/uploads\/2019\/12\/choque-exagente.png?fit=980%2C550&ssl=1&resize=350%2C200 1x, https:\/\/i0.wp.com\/mexicocodigorojo.com.mx\/wp-content\/uploads\/2019\/12\/choque-exagente.png?fit=980%2C550&ssl=1&resize=525%2C300 1.5x, https:\/\/i0.wp.com\/mexicocodigorojo.com.mx\/wp-content\/uploads\/2019\/12\/choque-exagente.png?fit=980%2C550&ssl=1&resize=700%2C400 2x"},"classes":[]},{"id":23841,"url":"https:\/\/mexicocodigorojo.com.mx\/?p=23841","url_meta":{"origin":40982,"position":4},"title":"Embiste cami\u00f3n a Federales; muere una persona","author":"Staff","date":"septiembre 19, 2019","format":false,"excerpt":"El accidente ocurri\u00f3 en el municipio de Apodaca Apodaca.-\u00a0Un\u00a0accidente\u00a0entre un cami\u00f3n urbano de la\u00a0ruta 51\u00a0Ci\u00e9naga de Flores, adem\u00e1s de una patrulla de\u00a0federales\u00a0y una camioneta Windstar, dej\u00f3 como saldo una persona sin vida y 2 lesionadas a la altura del \u00a0Aeropuerto del Norte. El\u00a0accidente\u00a0se registr\u00f3 la ma\u00f1ana de este domingo. Al\u2026","rel":"","context":"En \u00abNuevo Le\u00f3n\u00bb","block_context":{"text":"Nuevo Le\u00f3n","link":"https:\/\/mexicocodigorojo.com.mx\/?cat=29"},"img":{"alt_text":"","src":"https:\/\/i0.wp.com\/mexicocodigorojo.com.mx\/wp-content\/uploads\/2019\/09\/cropw0h0eehx4uvuaex5on-focus-0-0-940-615.jpg?fit=940%2C615&ssl=1&resize=350%2C200","width":350,"height":200,"srcset":"https:\/\/i0.wp.com\/mexicocodigorojo.com.mx\/wp-content\/uploads\/2019\/09\/cropw0h0eehx4uvuaex5on-focus-0-0-940-615.jpg?fit=940%2C615&ssl=1&resize=350%2C200 1x, https:\/\/i0.wp.com\/mexicocodigorojo.com.mx\/wp-content\/uploads\/2019\/09\/cropw0h0eehx4uvuaex5on-focus-0-0-940-615.jpg?fit=940%2C615&ssl=1&resize=525%2C300 1.5x, https:\/\/i0.wp.com\/mexicocodigorojo.com.mx\/wp-content\/uploads\/2019\/09\/cropw0h0eehx4uvuaex5on-focus-0-0-940-615.jpg?fit=940%2C615&ssl=1&resize=700%2C400 2x"},"classes":[]},{"id":48129,"url":"https:\/\/mexicocodigorojo.com.mx\/?p=48129","url_meta":{"origin":40982,"position":5},"title":"Una polic\u00eda marc\u00f3 el alto a un taxi sospechoso y la asesinaron","author":"Staff","date":"abril 6, 2021","format":false,"excerpt":"Victoria Isabel S\u00e1nchez Torres, oficial de la Polic\u00eda de Guadalajara, muri\u00f3 tras enfrentarse a tiros con dos hombres armados que desafiaron a las autoridades durante un ret\u00e9n policial en la colonia Jardines de la Paz. Por el hecho hay un detenido. El crimen ocurri\u00f3 la tarde del lunes 5 de\u2026","rel":"","context":"En \u00abFeatured\u00bb","block_context":{"text":"Featured","link":"https:\/\/mexicocodigorojo.com.mx\/?cat=1724"},"img":{"alt_text":"Victoria Isabel era madre de una ni\u00f1a de 12 a\u00f1os","src":"https:\/\/i0.wp.com\/www.infobae.com\/new-resizer\/tukyzZoaly6zolMFoz4h1ZHJEIs%3D\/420x280\/filters%3Aformat%28jpg%29%3Aquality%2885%29\/cloudfront-us-east-1.images.arcpublishing.com\/infobae\/ITUKD4AUOZE4DIDBW6J2DPD5YU.PNG?resize=350%2C200&ssl=1","width":350,"height":200,"srcset":"https:\/\/i0.wp.com\/www.infobae.com\/new-resizer\/tukyzZoaly6zolMFoz4h1ZHJEIs%3D\/420x280\/filters%3Aformat%28jpg%29%3Aquality%2885%29\/cloudfront-us-east-1.images.arcpublishing.com\/infobae\/ITUKD4AUOZE4DIDBW6J2DPD5YU.PNG?resize=350%2C200&ssl=1 1x, https:\/\/i0.wp.com\/www.infobae.com\/new-resizer\/tukyzZoaly6zolMFoz4h1ZHJEIs%3D\/420x280\/filters%3Aformat%28jpg%29%3Aquality%2885%29\/cloudfront-us-east-1.images.arcpublishing.com\/infobae\/ITUKD4AUOZE4DIDBW6J2DPD5YU.PNG?resize=525%2C300&ssl=1 1.5x, https:\/\/i0.wp.com\/www.infobae.com\/new-resizer\/tukyzZoaly6zolMFoz4h1ZHJEIs%3D\/420x280\/filters%3Aformat%28jpg%29%3Aquality%2885%29\/cloudfront-us-east-1.images.arcpublishing.com\/infobae\/ITUKD4AUOZE4DIDBW6J2DPD5YU.PNG?resize=700%2C400&ssl=1 2x"},"classes":[]}],"jetpack_sharing_enabled":true,"jetpack_likes_enabled":true,"jetpack_shortlink":"https:\/\/wp.me\/p9TedA-aF0","_links":{"self":[{"href":"https:\/\/mexicocodigorojo.com.mx\/index.php?rest_route=\/wp\/v2\/posts\/40982","targetHints":{"allow":["GET"]}}],"collection":[{"href":"https:\/\/mexicocodigorojo.com.mx\/index.php?rest_route=\/wp\/v2\/posts"}],"about":[{"href":"https:\/\/mexicocodigorojo.com.mx\/index.php?rest_route=\/wp\/v2\/types\/post"}],"author":[{"embeddable":true,"href":"https:\/\/mexicocodigorojo.com.mx\/index.php?rest_route=\/wp\/v2\/users\/5"}],"replies":[{"embeddable":true,"href":"https:\/\/mexicocodigorojo.com.mx\/index.php?rest_route=%2Fwp%2Fv2%2Fcomments&post=40982"}],"version-history":[{"count":1,"href":"https:\/\/mexicocodigorojo.com.mx\/index.php?rest_route=\/wp\/v2\/posts\/40982\/revisions"}],"predecessor-version":[{"id":40985,"href":"https:\/\/mexicocodigorojo.com.mx\/index.php?rest_route=\/wp\/v2\/posts\/40982\/revisions\/40985"}],"wp:featuredmedia":[{"embeddable":true,"href":"https:\/\/mexicocodigorojo.com.mx\/index.php?rest_route=\/wp\/v2\/media\/40983"}],"wp:attachment":[{"href":"https:\/\/mexicocodigorojo.com.mx\/index.php?rest_route=%2Fwp%2Fv2%2Fmedia&parent=40982"}],"wp:term":[{"taxonomy":"category","embeddable":true,"href":"https:\/\/mexicocodigorojo.com.mx\/index.php?rest_route=%2Fwp%2Fv2%2Fcategories&post=40982"},{"taxonomy":"post_tag","embeddable":true,"href":"https:\/\/mexicocodigorojo.com.mx\/index.php?rest_route=%2Fwp%2Fv2%2Ftags&post=40982"}],"curies":[{"name":"wp","href":"https:\/\/api.w.org\/{rel}","templated":true}]}}