{"id":40971,"date":"2020-07-19T13:35:27","date_gmt":"2020-07-19T18:35:27","guid":{"rendered":"https:\/\/mexicocodigorojo.com.mx\/?p=40971"},"modified":"2020-07-19T17:06:12","modified_gmt":"2020-07-19T22:06:12","slug":"balacera-en-miguel-aleman-deja-dos-muertos","status":"publish","type":"post","link":"https:\/\/mexicocodigorojo.com.mx\/?p=40971","title":{"rendered":"Balacera en Miguel Alem\u00e1n deja dos muertos"},"content":{"rendered":"<p>Personal militar fue agredido en el curso de la madrugada de hoy domingo por civiles armados que viajaban en un convoy de alrededor de 15 a 17 camionetas en el municipio de Miguel Alem\u00e1n.<\/p>\n<p>Se logr\u00f3 el aseguramiento de 6 veh\u00edculos del grupo agresor (1 con blindaje artesanal), algunos con r\u00f3tulos de identificaci\u00f3n de un grupo delictivo que opera en la zona; 4 armas largas tipo AK47, un fusil Barret, cargadores y cartuchos.<\/p>\n<p><img decoding=\"async\" src=\"https:\/\/pbs.twimg.com\/media\/EdUisAZU4AIjavl?format=jpg&amp;name=900x900\" alt=\"Image\" \/><\/p>\n<p>Result\u00f3 herido un militar y murieron en la agresi\u00f3n dos de los civiles armados.<\/p>\n<p>Algunos de los veh\u00edculos asegurados ten\u00edan la leyenda CDG M37.<\/p>\n<p><img data-recalc-dims=\"1\" loading=\"lazy\" decoding=\"async\" class=\"size-full wp-image-40966\" src=\"https:\/\/i0.wp.com\/secureservercdn.net\/166.62.108.22\/cg1.af3.myftpupload.com\/wp-content\/uploads\/2020\/07\/img_1121.jpg?resize=696%2C522&#038;ssl=1\" width=\"696\" height=\"522\" \/><img data-recalc-dims=\"1\" loading=\"lazy\" decoding=\"async\" class=\"size-full wp-image-40968\" src=\"https:\/\/i0.wp.com\/secureservercdn.net\/166.62.108.22\/cg1.af3.myftpupload.com\/wp-content\/uploads\/2020\/07\/img_1118.jpg?resize=696%2C522&#038;ssl=1\" width=\"696\" height=\"522\" \/><img data-recalc-dims=\"1\" loading=\"lazy\" decoding=\"async\" class=\"size-full wp-image-40967\" src=\"https:\/\/i0.wp.com\/secureservercdn.net\/166.62.108.22\/cg1.af3.myftpupload.com\/wp-content\/uploads\/2020\/07\/img_1117.jpg?resize=696%2C522&#038;ssl=1\" width=\"696\" height=\"522\" \/><img data-recalc-dims=\"1\" loading=\"lazy\" decoding=\"async\" class=\" wp-image-40965\" src=\"https:\/\/i0.wp.com\/secureservercdn.net\/166.62.108.22\/cg1.af3.myftpupload.com\/wp-content\/uploads\/2020\/07\/img_1114.jpg?resize=696%2C594&#038;ssl=1\" width=\"696\" height=\"594\" \/><\/p>\n","protected":false},"excerpt":{"rendered":"<p>Personal militar fue agredido en el curso de la madrugada de hoy domingo por civiles armados que viajaban en un convoy de alrededor de 15 a 17 camionetas en el municipio de Miguel Alem\u00e1n. Se logr\u00f3 el aseguramiento de 6 veh\u00edculos del grupo agresor (1 con blindaje artesanal), algunos con r\u00f3tulos de identificaci\u00f3n de un [&hellip;]<\/p>\n","protected":false},"author":5,"featured_media":0,"comment_status":"closed","ping_status":"closed","sticky":false,"template":"","format":"standard","meta":{"_uf_show_specific_survey":0,"_uf_disable_surveys":false,"advanced_seo_description":"","jetpack_seo_html_title":"","jetpack_seo_noindex":false,"jetpack_post_was_ever_published":false,"_jetpack_newsletter_access":"","_jetpack_dont_email_post_to_subs":false,"_jetpack_newsletter_tier_id":0,"_jetpack_memberships_contains_paywalled_content":false,"_jetpack_memberships_contains_paid_content":false,"footnotes":"","jetpack_publicize_message":"","jetpack_publicize_feature_enabled":true,"jetpack_social_post_already_shared":false,"jetpack_social_options":{"image_generator_settings":{"template":"highway","default_image_id":0,"font":"","enabled":false},"version":2}},"categories":[2],"tags":[225],"class_list":{"0":"post-40971","1":"post","2":"type-post","3":"status-publish","4":"format-standard","6":"category-tamaulipas","7":"tag-narcotrafico"},"jetpack_publicize_connections":[],"jetpack_featured_media_url":"","jetpack-related-posts":[{"id":49929,"url":"https:\/\/mexicocodigorojo.com.mx\/?p=49929","url_meta":{"origin":40971,"position":0},"title":"5 sicarios muertos en enfrentamiento con el ej\u00e9rcito mexicano en Miguel Alem\u00e1n","author":"Staff","date":"julio 5, 2021","format":false,"excerpt":"El Ej\u00e9rcito mexicano abati\u00f3 a\u00a0cinco civiles armados\u00a0en un improvisado narco-campamento ubicado a 6 kil\u00f3metros de la frontera con Texas, en el municipio de\u00a0Miguel Alem\u00e1n, Tamaulipas. El enfrentamiento se produjo el pasado viernes, d\u00edas despu\u00e9s de que fueran localizados los\u00a0cuerpos de nueve hombres,\u00a0algunos de ellos baleados y mutilados, en un camino\u2026","rel":"","context":"En \u00abFeatured\u00bb","block_context":{"text":"Featured","link":"https:\/\/mexicocodigorojo.com.mx\/?cat=1724"},"img":{"alt_text":"ejercito mexicano (Foto: Cuartoscuro)","src":"https:\/\/www.infobae.com\/new-resizer\/vSopduRUDmKbc_cj05Cu5nODp7Q=\/420x280\/filters:format(jpg):quality(85)\/cloudfront-us-east-1.images.arcpublishing.com\/infobae\/E5BM5IIH65GTNKXJW6NSOJT4FY.jpeg%20420w","width":350,"height":200,"srcset":"https:\/\/www.infobae.com\/new-resizer\/vSopduRUDmKbc_cj05Cu5nODp7Q=\/420x280\/filters:format(jpg):quality(85)\/cloudfront-us-east-1.images.arcpublishing.com\/infobae\/E5BM5IIH65GTNKXJW6NSOJT4FY.jpeg%20420w 1x, https:\/\/www.infobae.com\/new-resizer\/vSopduRUDmKbc_cj05Cu5nODp7Q=\/420x280\/filters:format(jpg):quality(85)\/cloudfront-us-east-1.images.arcpublishing.com\/infobae\/E5BM5IIH65GTNKXJW6NSOJT4FY.jpeg%20420w 1.5x, https:\/\/www.infobae.com\/new-resizer\/vSopduRUDmKbc_cj05Cu5nODp7Q=\/420x280\/filters:format(jpg):quality(85)\/cloudfront-us-east-1.images.arcpublishing.com\/infobae\/E5BM5IIH65GTNKXJW6NSOJT4FY.jpeg%20420w 2x, https:\/\/www.infobae.com\/new-resizer\/vSopduRUDmKbc_cj05Cu5nODp7Q=\/420x280\/filters:format(jpg):quality(85)\/cloudfront-us-east-1.images.arcpublishing.com\/infobae\/E5BM5IIH65GTNKXJW6NSOJT4FY.jpeg%20420w 3x, https:\/\/www.infobae.com\/new-resizer\/vSopduRUDmKbc_cj05Cu5nODp7Q=\/420x280\/filters:format(jpg):quality(85)\/cloudfront-us-east-1.images.arcpublishing.com\/infobae\/E5BM5IIH65GTNKXJW6NSOJT4FY.jpeg%20420w 4x"},"classes":[]},{"id":39208,"url":"https:\/\/mexicocodigorojo.com.mx\/?p=39208","url_meta":{"origin":40971,"position":1},"title":"Infierno en la ribere\u00f1a tras enfrentamientos entre \u201cCDN\u201d vs \u201cCDG\u201d en Comales","author":"Staff","date":"junio 7, 2020","format":false,"excerpt":"Una serie de enfrentamientos se han dado dos noches seguidas en el poblado de Comales en el municipio de Camargo, Tamaulipas. A trav\u00e9s de redes sociales fueron compartidos reportes de que un grupo de civiles fuertemente armados y con camionetas y camiones blindados incursionaron para pelear contra un grupo delictivo\u2026","rel":"","context":"En \u00abTamaulipas\u00bb","block_context":{"text":"Tamaulipas","link":"https:\/\/mexicocodigorojo.com.mx\/?cat=2"},"img":{"alt_text":"","src":"https:\/\/i0.wp.com\/secureservercdn.net\/166.62.108.22\/cg1.af3.myftpupload.com\/wp-content\/uploads\/2020\/06\/img_7815.jpg?resize=350%2C200&ssl=1","width":350,"height":200,"srcset":"https:\/\/i0.wp.com\/secureservercdn.net\/166.62.108.22\/cg1.af3.myftpupload.com\/wp-content\/uploads\/2020\/06\/img_7815.jpg?resize=350%2C200&ssl=1 1x, https:\/\/i0.wp.com\/secureservercdn.net\/166.62.108.22\/cg1.af3.myftpupload.com\/wp-content\/uploads\/2020\/06\/img_7815.jpg?resize=525%2C300&ssl=1 1.5x"},"classes":[]},{"id":46478,"url":"https:\/\/mexicocodigorojo.com.mx\/?p=46478","url_meta":{"origin":40971,"position":2},"title":"VIDEOS; INTERCEPTAN A SICARIOS DEL &#8216;CDN&#8217; EN MIGUEL ALEMAN","author":"Staff","date":"enero 27, 2021","format":false,"excerpt":"Miguel Aleman, Tamaulipas Presuntos miembros del Cartel del Golfo se enfrentaron a balazos contra sicarios del Cartel del Noreste Zetas en el municipio de Miguel Aleman, en una semana que no a dado tregua para los ciudadanos de esta zona de riesgo alto. Uno de los presuntos sicarios del 'CDN'\u2026","rel":"","context":"En \u00abFeatured\u00bb","block_context":{"text":"Featured","link":"https:\/\/mexicocodigorojo.com.mx\/?cat=1724"},"img":{"alt_text":"","src":"https:\/\/i0.wp.com\/mexicocodigorojo.com.mx\/wp-content\/uploads\/2021\/01\/EswUgFxXAAcuFcz.webp?fit=630%2C471&ssl=1&resize=350%2C200","width":350,"height":200,"srcset":"https:\/\/i0.wp.com\/mexicocodigorojo.com.mx\/wp-content\/uploads\/2021\/01\/EswUgFxXAAcuFcz.webp?fit=630%2C471&ssl=1&resize=350%2C200 1x, https:\/\/i0.wp.com\/mexicocodigorojo.com.mx\/wp-content\/uploads\/2021\/01\/EswUgFxXAAcuFcz.webp?fit=630%2C471&ssl=1&resize=525%2C300 1.5x"},"classes":[]},{"id":46286,"url":"https:\/\/mexicocodigorojo.com.mx\/?p=46286","url_meta":{"origin":40971,"position":3},"title":"V\u00cdDEO; ENFRENTAMIENTO EN MIGUEL ALEM\u00c1N DEJA TRES MUERTOS","author":"Staff","date":"enero 21, 2021","format":false,"excerpt":"Miguel Aleman, Tamaulipas.- Se filtra v\u00eddeo grabado por un integrante de grupo delincuencial, presuntamente tra\u00edan a un masculino de apodo 'entenado' que logro escapar de sus captores. Lee tambi\u00e9n: Aseguran GOPES 6 veh\u00edculos tras agresi\u00f3n del \u2018CDG\u2019 en brecha El Becerro El conductor de la camioneta Tahoe color rojo pierde\u2026","rel":"","context":"En \u00abFeatured\u00bb","block_context":{"text":"Featured","link":"https:\/\/mexicocodigorojo.com.mx\/?cat=1724"},"img":{"alt_text":"","src":"","width":0,"height":0},"classes":[]},{"id":15708,"url":"https:\/\/mexicocodigorojo.com.mx\/?p=15708","url_meta":{"origin":40971,"position":4},"title":"Se enfrentan a balazos grupos armados en Miguel Alem\u00e1n","author":"Staff","date":"marzo 25, 2019","format":false,"excerpt":"Cd. Miguel Alem\u00e1n, Tam.- Las escenas que se vivieron en el 2010 en Miguel Alem\u00e1n y Mier, con el inicio de la guerra entre facciones rivales de civiles armados, vuelven y se repite, pero ahora fueron dentro del poblado Los Guerra, donde el grupo for\u00e1neo incursion\u00f3 desde poco antes de\u2026","rel":"","context":"En \u00abTamaulipas\u00bb","block_context":{"text":"Tamaulipas","link":"https:\/\/mexicocodigorojo.com.mx\/?cat=2"},"img":{"alt_text":"","src":"https:\/\/i0.wp.com\/mexicocodigorojo.com.mx\/wp-content\/uploads\/2019\/03\/img-20190323-wa00688119657768113470961.jpg?resize=350%2C200&ssl=1","width":350,"height":200,"srcset":"https:\/\/i0.wp.com\/mexicocodigorojo.com.mx\/wp-content\/uploads\/2019\/03\/img-20190323-wa00688119657768113470961.jpg?resize=350%2C200&ssl=1 1x, https:\/\/i0.wp.com\/mexicocodigorojo.com.mx\/wp-content\/uploads\/2019\/03\/img-20190323-wa00688119657768113470961.jpg?resize=525%2C300&ssl=1 1.5x, https:\/\/i0.wp.com\/mexicocodigorojo.com.mx\/wp-content\/uploads\/2019\/03\/img-20190323-wa00688119657768113470961.jpg?resize=700%2C400&ssl=1 2x"},"classes":[]},{"id":24988,"url":"https:\/\/mexicocodigorojo.com.mx\/?p=24988","url_meta":{"origin":40971,"position":5},"title":"Militares abaten a un sicario en Miguel Alem\u00e1n, Tamaulipas afuera de CREDE","author":"Staff","date":"octubre 8, 2019","format":false,"excerpt":"El Grupo de Coordinaci\u00f3n Estatal para la Construcci\u00f3n de la Paz en Tamaulipas informa que la ma\u00f1ana de hoy fue recibida una denuncia an\u00f3nima sobre la presencia de civiles armados en la colonia Mezquital del R\u00edo de Miguel Alem\u00e1n, en una \u00e1rea posterior a las instalaciones del CREDE. Al llegar\u2026","rel":"","context":"En \u00abTamaulipas\u00bb","block_context":{"text":"Tamaulipas","link":"https:\/\/mexicocodigorojo.com.mx\/?cat=2"},"img":{"alt_text":"","src":"https:\/\/i0.wp.com\/mexicocodigorojo.com.mx\/wp-content\/uploads\/2019\/10\/sedena-en-crede-de-reynosa.jpg?fit=980%2C551&ssl=1&resize=350%2C200","width":350,"height":200,"srcset":"https:\/\/i0.wp.com\/mexicocodigorojo.com.mx\/wp-content\/uploads\/2019\/10\/sedena-en-crede-de-reynosa.jpg?fit=980%2C551&ssl=1&resize=350%2C200 1x, https:\/\/i0.wp.com\/mexicocodigorojo.com.mx\/wp-content\/uploads\/2019\/10\/sedena-en-crede-de-reynosa.jpg?fit=980%2C551&ssl=1&resize=525%2C300 1.5x, https:\/\/i0.wp.com\/mexicocodigorojo.com.mx\/wp-content\/uploads\/2019\/10\/sedena-en-crede-de-reynosa.jpg?fit=980%2C551&ssl=1&resize=700%2C400 2x"},"classes":[]}],"jetpack_sharing_enabled":true,"jetpack_likes_enabled":true,"jetpack_shortlink":"https:\/\/wp.me\/p9TedA-aEP","_links":{"self":[{"href":"https:\/\/mexicocodigorojo.com.mx\/index.php?rest_route=\/wp\/v2\/posts\/40971","targetHints":{"allow":["GET"]}}],"collection":[{"href":"https:\/\/mexicocodigorojo.com.mx\/index.php?rest_route=\/wp\/v2\/posts"}],"about":[{"href":"https:\/\/mexicocodigorojo.com.mx\/index.php?rest_route=\/wp\/v2\/types\/post"}],"author":[{"embeddable":true,"href":"https:\/\/mexicocodigorojo.com.mx\/index.php?rest_route=\/wp\/v2\/users\/5"}],"replies":[{"embeddable":true,"href":"https:\/\/mexicocodigorojo.com.mx\/index.php?rest_route=%2Fwp%2Fv2%2Fcomments&post=40971"}],"version-history":[{"count":3,"href":"https:\/\/mexicocodigorojo.com.mx\/index.php?rest_route=\/wp\/v2\/posts\/40971\/revisions"}],"predecessor-version":[{"id":40977,"href":"https:\/\/mexicocodigorojo.com.mx\/index.php?rest_route=\/wp\/v2\/posts\/40971\/revisions\/40977"}],"wp:attachment":[{"href":"https:\/\/mexicocodigorojo.com.mx\/index.php?rest_route=%2Fwp%2Fv2%2Fmedia&parent=40971"}],"wp:term":[{"taxonomy":"category","embeddable":true,"href":"https:\/\/mexicocodigorojo.com.mx\/index.php?rest_route=%2Fwp%2Fv2%2Fcategories&post=40971"},{"taxonomy":"post_tag","embeddable":true,"href":"https:\/\/mexicocodigorojo.com.mx\/index.php?rest_route=%2Fwp%2Fv2%2Ftags&post=40971"}],"curies":[{"name":"wp","href":"https:\/\/api.w.org\/{rel}","templated":true}]}}