{"id":399,"date":"2018-06-02T20:01:21","date_gmt":"2018-06-02T20:01:21","guid":{"rendered":"https:\/\/mexicocodigorojo.com.mx\/?p=399"},"modified":"2018-06-02T20:01:21","modified_gmt":"2018-06-02T20:01:21","slug":"con-daniel-pena-y-yarrinton-comenzo-la-debacle-de-nuevo-laredo","status":"publish","type":"post","link":"https:\/\/mexicocodigorojo.com.mx\/?p=399","title":{"rendered":"Con Daniel Pe\u00f1a y Yarrinton comenz\u00f3 la debacle de Nuevo Laredo"},"content":{"rendered":"<h2>Si hay un referente de descomposici\u00f3n social y delincuencial en Nuevo Laredo es el periodo en que fungi\u00f3 como Alcalde Daniel Pe\u00f1a.<\/h2>\n<p>Era el inicio del Gobierno del Estado con Tomas Yarrinton cuando la delincuencia se instal\u00f3 con total impunidad en las calles del municipio.<\/p>\n<p>A Daniel Pe\u00f1a le mataron polic\u00edas, funcionarios, y hasta su regidor de seguridad p\u00fablica.<\/p>\n<p>En el periodo de quien hoy quiere otra vez gobernar Nuevo Laredo, salieron decenas de empresas, cerraron muchos negocios y miles de empleos se perdieron por su incapacidad para crear las condiciones de gobierno necesarias para la estabilidad del municipio.<\/p>\n<p>El es miembro de la CTM confederaci\u00f3n que no apoya a su candidato, fue adem\u00e1s el trienio en el que se enfrent\u00f3 con todos los grupos pol\u00edticos de la ciudad, con todas las organizaciones sociales y en donde el sector empresarial de sinti\u00f3 abandonado.<\/p>\n<p>En respuesta la mediocridad de Pe\u00f1a, fue Nuevo Laredo que el Gobierno panista que el gobierno de Vicente Fox primero, y Felipe Calder\u00f3n despu\u00e9s que se echaron a andar operativos como el M\u00e9xico Seguro que trat\u00f3 de poner paz al desorden que cre\u00f3 Pe\u00f1a.<\/p>\n<p>Manejo obscuro de los recursos, acusaciones de corrupci\u00f3n, n\u00f3minas infladas de periodistas y el abandono de la ciudad en materia de servicios p\u00fablicos es el legado de Daniel Pe\u00f1a que a\u00fan se recuerda en Nuevo Laredo.<br \/>\nY en el colmo de los males, quiere gobernar otra vez.<\/p>\n","protected":false},"excerpt":{"rendered":"<p>Si hay un referente de descomposici\u00f3n social y delincuencial en Nuevo Laredo es el periodo en que fungi\u00f3 como Alcalde Daniel Pe\u00f1a. Era el inicio del Gobierno del Estado con Tomas Yarrinton cuando la delincuencia se instal\u00f3 con total impunidad en las calles del municipio. A Daniel Pe\u00f1a le mataron polic\u00edas, funcionarios, y hasta su [&hellip;]<\/p>\n","protected":false},"author":5,"featured_media":400,"comment_status":"open","ping_status":"open","sticky":false,"template":"","format":"standard","meta":{"_uf_show_specific_survey":0,"_uf_disable_surveys":false,"advanced_seo_description":"","jetpack_seo_html_title":"","jetpack_seo_noindex":false,"jetpack_post_was_ever_published":false,"_jetpack_newsletter_access":"","_jetpack_dont_email_post_to_subs":false,"_jetpack_newsletter_tier_id":0,"_jetpack_memberships_contains_paywalled_content":false,"_jetpack_memberships_contains_paid_content":false,"footnotes":"","jetpack_publicize_message":"","jetpack_publicize_feature_enabled":true,"jetpack_social_post_already_shared":false,"jetpack_social_options":{"image_generator_settings":{"template":"highway","default_image_id":0,"font":"","enabled":false},"version":2}},"categories":[2],"tags":[19,12,35,3,44],"class_list":{"0":"post-399","1":"post","2":"type-post","3":"status-publish","4":"format-standard","5":"has-post-thumbnail","7":"category-tamaulipas","8":"tag-corrupcion","9":"tag-crimen-organizado","10":"tag-periodistas","11":"tag-policia","12":"tag-pri"},"jetpack_publicize_connections":[],"jetpack_featured_media_url":"https:\/\/i0.wp.com\/mexicocodigorojo.com.mx\/wp-content\/uploads\/2018\/06\/IMG-20180602-WA0117.jpg?fit=1280%2C1280&ssl=1","jetpack-related-posts":[{"id":23440,"url":"https:\/\/mexicocodigorojo.com.mx\/?p=23440","url_meta":{"origin":399,"position":0},"title":"CNDH en Nuevo Laredo saco a la Marina y usa la misma estrategia contra la Polic\u00eda Estatal","author":"Staff","date":"septiembre 11, 2019","format":false,"excerpt":"Seg\u00fan las denuncias ha organizado manifestaciones contra militares y a favor de Los Zetas y el CDN En redes sociales revivieron la denuncia en contra del presidente del\u00a0Comit\u00e9 de Derechos Humanos\u00a0en\u00a0Tamaulipas,\u00a0Jes\u00fas Raymundo Ramos V\u00e1zquez, por supuestamente victimizar a sicarios y halcones de los grupos del\u00a0narcotr\u00e1fico\u00a0conocido como\u00a0Los Zetas\u00a0y del\u00a0C\u00e1rtel del Noreste\u00a0(CDN).\u2026","rel":"","context":"En \u00abTamaulipas\u00bb","block_context":{"text":"Tamaulipas","link":"https:\/\/mexicocodigorojo.com.mx\/?cat=2"},"img":{"alt_text":"","src":"https:\/\/i0.wp.com\/mexicocodigorojo.com.mx\/wp-content\/uploads\/2019\/09\/RAYMUNDO-RAMOS-VAZQUEZ.jpg?fit=696%2C464&ssl=1&resize=350%2C200","width":350,"height":200,"srcset":"https:\/\/i0.wp.com\/mexicocodigorojo.com.mx\/wp-content\/uploads\/2019\/09\/RAYMUNDO-RAMOS-VAZQUEZ.jpg?fit=696%2C464&ssl=1&resize=350%2C200 1x, https:\/\/i0.wp.com\/mexicocodigorojo.com.mx\/wp-content\/uploads\/2019\/09\/RAYMUNDO-RAMOS-VAZQUEZ.jpg?fit=696%2C464&ssl=1&resize=525%2C300 1.5x"},"classes":[]},{"id":471,"url":"https:\/\/mexicocodigorojo.com.mx\/?p=471","url_meta":{"origin":399,"position":1},"title":"Zetas pagan a integrantes de Derechos Humanos en Tamaulipas","author":"Staff","date":"junio 7, 2018","format":false,"excerpt":"Los Zetas realizaron\u00a0pagos de 80 mil pesos semanales a integrantes de Derechos Humanos para la promoci\u00f3n de denuncias en contra de la Semar y la Sedena por supuestas desapariciones de j\u00f3venes, de acuerdo con una\u00a0averiguaci\u00f3n previa El\u00a0C\u00e1rtel de \u201cLos Zetas\u201d en Tamaulipas\u00a0realizo\u00a0pagos de 80 mil pesos semanales\u00a0a diversos\u00a0integrantes de organismos\u2026","rel":"","context":"En \u00abTamaulipas\u00bb","block_context":{"text":"Tamaulipas","link":"https:\/\/mexicocodigorojo.com.mx\/?cat=2"},"img":{"alt_text":"","src":"https:\/\/i0.wp.com\/mexicocodigorojo.com.mx\/wp-content\/uploads\/2018\/06\/1935189.jpg?fit=1200%2C800&ssl=1&resize=350%2C200","width":350,"height":200,"srcset":"https:\/\/i0.wp.com\/mexicocodigorojo.com.mx\/wp-content\/uploads\/2018\/06\/1935189.jpg?fit=1200%2C800&ssl=1&resize=350%2C200 1x, https:\/\/i0.wp.com\/mexicocodigorojo.com.mx\/wp-content\/uploads\/2018\/06\/1935189.jpg?fit=1200%2C800&ssl=1&resize=525%2C300 1.5x, https:\/\/i0.wp.com\/mexicocodigorojo.com.mx\/wp-content\/uploads\/2018\/06\/1935189.jpg?fit=1200%2C800&ssl=1&resize=700%2C400 2x, https:\/\/i0.wp.com\/mexicocodigorojo.com.mx\/wp-content\/uploads\/2018\/06\/1935189.jpg?fit=1200%2C800&ssl=1&resize=1050%2C600 3x"},"classes":[]},{"id":32873,"url":"https:\/\/mexicocodigorojo.com.mx\/?p=32873","url_meta":{"origin":399,"position":2},"title":"Rescatan militares a un secuestrado y detienen a seis en Nuevo Laredo","author":"Staff","date":"febrero 14, 2020","format":false,"excerpt":"La Secretar\u00eda de la Defensa Nacional informa que en el marco del Plan Nacional de Paz y Seguridad 2018-2024, el 13 de febrero del presente a\u00f1o, elementos del Ej\u00e9rcito Mexicano, lograron liberar a una persona privada de su libertad y detuvieron a 6 seis presuntos secuestradores en Nuevo Laredo, Tamps.\u2026","rel":"","context":"En \u00abTamaulipas\u00bb","block_context":{"text":"Tamaulipas","link":"https:\/\/mexicocodigorojo.com.mx\/?cat=2"},"img":{"alt_text":"","src":"https:\/\/i0.wp.com\/mexicocodigorojo.com.mx\/wp-content\/uploads\/2020\/02\/ec34e2cf-ce0b-4a04-9643-de1940a53c99.jpg?resize=350%2C200&ssl=1","width":350,"height":200,"srcset":"https:\/\/i0.wp.com\/mexicocodigorojo.com.mx\/wp-content\/uploads\/2020\/02\/ec34e2cf-ce0b-4a04-9643-de1940a53c99.jpg?resize=350%2C200&ssl=1 1x, https:\/\/i0.wp.com\/mexicocodigorojo.com.mx\/wp-content\/uploads\/2020\/02\/ec34e2cf-ce0b-4a04-9643-de1940a53c99.jpg?resize=525%2C300&ssl=1 1.5x"},"classes":[]},{"id":58366,"url":"https:\/\/mexicocodigorojo.com.mx\/?p=58366","url_meta":{"origin":399,"position":3},"title":"Detienen a C\u00e9sar Alejandro, alias &#8216;El Tartas&#8217;, presunto jefe de plaza del C\u00e1rtel del Noreste","author":"Staff","date":"noviembre 29, 2023","format":false,"excerpt":"En un operativo conjunto llevado a cabo por efectivos del Ej\u00e9rcito y la Guardia Nacional en coordinaci\u00f3n con personal de la Fiscal\u00eda Especializada en Materia de Delincuencia Organizada, fue detenido en Nuevo Laredo, Tamaulipas, C\u00e9sar Alejandro Silva Delgado, alias El Tartas, identificado como jefe de plaza del C\u00e1rtel del Noreste\u2026","rel":"","context":"En \u00abFeatured\u00bb","block_context":{"text":"Featured","link":"https:\/\/mexicocodigorojo.com.mx\/?cat=1724"},"img":{"alt_text":"","src":"https:\/\/i0.wp.com\/mexicocodigorojo.com.mx\/wp-content\/uploads\/2023\/11\/tartas.jpg?fit=848%2C787&ssl=1&resize=350%2C200","width":350,"height":200,"srcset":"https:\/\/i0.wp.com\/mexicocodigorojo.com.mx\/wp-content\/uploads\/2023\/11\/tartas.jpg?fit=848%2C787&ssl=1&resize=350%2C200 1x, https:\/\/i0.wp.com\/mexicocodigorojo.com.mx\/wp-content\/uploads\/2023\/11\/tartas.jpg?fit=848%2C787&ssl=1&resize=525%2C300 1.5x, https:\/\/i0.wp.com\/mexicocodigorojo.com.mx\/wp-content\/uploads\/2023\/11\/tartas.jpg?fit=848%2C787&ssl=1&resize=700%2C400 2x"},"classes":[]},{"id":45591,"url":"https:\/\/mexicocodigorojo.com.mx\/?p=45591","url_meta":{"origin":399,"position":4},"title":"OPERATIVOS EN NUEVO LAREDO TRAS ASALTOS DEL CARTEL DEL NORESTE","author":"Staff","date":"diciembre 4, 2020","format":false,"excerpt":"Nuevo Laredo, Tamaulipas. \u2013 El Gobierno del Estado a trav\u00e9s de la Secretar\u00eda de Seguridad P\u00fablica informa que, como parte de las acciones que se llevan a cabo en el municipio de Nuevo Laredo dentro del \u201cPrograma Paisano\u201d, personal de la Polic\u00eda Estatal participa en las caravanas de acompa\u00f1amiento hasta\u2026","rel":"","context":"En \u00abFeatured\u00bb","block_context":{"text":"Featured","link":"https:\/\/mexicocodigorojo.com.mx\/?cat=1724"},"img":{"alt_text":"","src":"https:\/\/i0.wp.com\/mexicocodigorojo.com.mx\/wp-content\/uploads\/2020\/12\/128634617_196024258673103_6689003023053503981_o.jpg?fit=1024%2C683&ssl=1&resize=350%2C200","width":350,"height":200,"srcset":"https:\/\/i0.wp.com\/mexicocodigorojo.com.mx\/wp-content\/uploads\/2020\/12\/128634617_196024258673103_6689003023053503981_o.jpg?fit=1024%2C683&ssl=1&resize=350%2C200 1x, https:\/\/i0.wp.com\/mexicocodigorojo.com.mx\/wp-content\/uploads\/2020\/12\/128634617_196024258673103_6689003023053503981_o.jpg?fit=1024%2C683&ssl=1&resize=525%2C300 1.5x, https:\/\/i0.wp.com\/mexicocodigorojo.com.mx\/wp-content\/uploads\/2020\/12\/128634617_196024258673103_6689003023053503981_o.jpg?fit=1024%2C683&ssl=1&resize=700%2C400 2x"},"classes":[]},{"id":23137,"url":"https:\/\/mexicocodigorojo.com.mx\/?p=23137","url_meta":{"origin":399,"position":5},"title":"Se niegan a abastecer combustible a patrullas de Nuevo Laredo por amenazas del Narco","author":"Staff","date":"septiembre 4, 2019","format":false,"excerpt":"Empresarios gasolineros se negaron a abastecer combustible a las unidades de las polic\u00edas, Ej\u00e9rcito y Marina por supuestas amenazas del C\u00e1rtel del Noreste En el estado de\u00a0Tamaulipas, las gasolineras contratadas por el gobierno suspendieron el suministro de combustible para polic\u00edas y militares en\u00a0Nuevo Laredo\u00a0porque fueron amenazadas por el\u00a0C\u00e1rtel del Noreste\u2026","rel":"","context":"En \u00abTamaulipas\u00bb","block_context":{"text":"Tamaulipas","link":"https:\/\/mexicocodigorojo.com.mx\/?cat=2"},"img":{"alt_text":"","src":"https:\/\/i0.wp.com\/mexicocodigorojo.com.mx\/wp-content\/uploads\/2019\/09\/tamaulipas-3.jpg?fit=980%2C679&ssl=1&resize=350%2C200","width":350,"height":200,"srcset":"https:\/\/i0.wp.com\/mexicocodigorojo.com.mx\/wp-content\/uploads\/2019\/09\/tamaulipas-3.jpg?fit=980%2C679&ssl=1&resize=350%2C200 1x, https:\/\/i0.wp.com\/mexicocodigorojo.com.mx\/wp-content\/uploads\/2019\/09\/tamaulipas-3.jpg?fit=980%2C679&ssl=1&resize=525%2C300 1.5x, https:\/\/i0.wp.com\/mexicocodigorojo.com.mx\/wp-content\/uploads\/2019\/09\/tamaulipas-3.jpg?fit=980%2C679&ssl=1&resize=700%2C400 2x"},"classes":[]}],"jetpack_sharing_enabled":true,"jetpack_likes_enabled":true,"jetpack_shortlink":"https:\/\/wp.me\/p9TedA-6r","_links":{"self":[{"href":"https:\/\/mexicocodigorojo.com.mx\/index.php?rest_route=\/wp\/v2\/posts\/399","targetHints":{"allow":["GET"]}}],"collection":[{"href":"https:\/\/mexicocodigorojo.com.mx\/index.php?rest_route=\/wp\/v2\/posts"}],"about":[{"href":"https:\/\/mexicocodigorojo.com.mx\/index.php?rest_route=\/wp\/v2\/types\/post"}],"author":[{"embeddable":true,"href":"https:\/\/mexicocodigorojo.com.mx\/index.php?rest_route=\/wp\/v2\/users\/5"}],"replies":[{"embeddable":true,"href":"https:\/\/mexicocodigorojo.com.mx\/index.php?rest_route=%2Fwp%2Fv2%2Fcomments&post=399"}],"version-history":[{"count":0,"href":"https:\/\/mexicocodigorojo.com.mx\/index.php?rest_route=\/wp\/v2\/posts\/399\/revisions"}],"wp:featuredmedia":[{"embeddable":true,"href":"https:\/\/mexicocodigorojo.com.mx\/index.php?rest_route=\/wp\/v2\/media\/400"}],"wp:attachment":[{"href":"https:\/\/mexicocodigorojo.com.mx\/index.php?rest_route=%2Fwp%2Fv2%2Fmedia&parent=399"}],"wp:term":[{"taxonomy":"category","embeddable":true,"href":"https:\/\/mexicocodigorojo.com.mx\/index.php?rest_route=%2Fwp%2Fv2%2Fcategories&post=399"},{"taxonomy":"post_tag","embeddable":true,"href":"https:\/\/mexicocodigorojo.com.mx\/index.php?rest_route=%2Fwp%2Fv2%2Ftags&post=399"}],"curies":[{"name":"wp","href":"https:\/\/api.w.org\/{rel}","templated":true}]}}