{"id":37250,"date":"2020-04-23T17:33:10","date_gmt":"2020-04-23T22:33:10","guid":{"rendered":"https:\/\/mexicocodigorojo.com.mx\/?p=37250"},"modified":"2020-04-23T17:33:10","modified_gmt":"2020-04-23T22:33:10","slug":"hallan-cuerpo-calcinado-en-nuevo-laredo","status":"publish","type":"post","link":"https:\/\/mexicocodigorojo.com.mx\/?p=37250","title":{"rendered":"Hallan cuerpo calcinado en Nuevo Laredo"},"content":{"rendered":"<p>Nuevo Laredo, Tamaulipas<\/p>\n<p>Este mi\u00e9rcoles se report\u00f3 el hallazgo de un cuerpo calcinado en un basurero de Nuevo Laredo, autoridades muy herm\u00e9ticas no proporcionan ninguna informaci\u00f3n.<\/p>\n<p><img data-recalc-dims=\"1\" loading=\"lazy\" decoding=\"async\" class=\"size-full wp-image-37249\" src=\"https:\/\/i0.wp.com\/secureservercdn.net\/166.62.108.22\/cg1.af3.myftpupload.com\/wp-content\/uploads\/2020\/04\/img_2946.jpg?resize=556%2C400&#038;ssl=1\" width=\"556\" height=\"400\" \/><\/p>\n","protected":false},"excerpt":{"rendered":"<p>Nuevo Laredo, Tamaulipas Este mi\u00e9rcoles se report\u00f3 el hallazgo de un cuerpo calcinado en un basurero de Nuevo Laredo, autoridades muy herm\u00e9ticas no proporcionan ninguna informaci\u00f3n.<\/p>\n","protected":false},"author":5,"featured_media":0,"comment_status":"closed","ping_status":"closed","sticky":false,"template":"","format":"standard","meta":{"_uf_show_specific_survey":0,"_uf_disable_surveys":false,"advanced_seo_description":"","jetpack_seo_html_title":"","jetpack_seo_noindex":false,"jetpack_seo_schema_type":"","_jetpack_newsletter_access":"","_jetpack_dont_email_post_to_subs":false,"_jetpack_newsletter_tier_id":0,"_jetpack_memberships_contains_paywalled_content":false,"_jetpack_feature_clip_id":0,"_jetpack_memberships_contains_paid_content":false,"footnotes":"","jetpack_publicize_message":"","jetpack_publicize_feature_enabled":true,"jetpack_social_post_already_shared":false,"jetpack_social_options":{"image_generator_settings":{"template":"highway","default_image_id":0,"font":"","enabled":false},"version":2},"jetpack_post_was_ever_published":false},"categories":[2],"tags":[858,58],"class_list":["post-37250","post","type-post","status-publish","format-standard","category-tamaulipas","tag-homicidio","tag-frontera"],"jetpack_publicize_connections":[],"jetpack-related-posts":[{"id":52493,"url":"https:\/\/mexicocodigorojo.com.mx\/?p=52493","url_meta":{"origin":37250,"position":0},"title":"Hallan calcinado a \u2018El Mijis\u2019, muri\u00f3 en accidente automovil\u00edstico en Tamaulipas, confirma Fiscal\u00eda","author":"Staff","date":"marzo 4, 2022","format":false,"excerpt":"Pedro C\u00e9sar Carrizales Becerra, alias \u2018El Mijis\u2019, falleci\u00f3 en un accidente automovil\u00edstico en Nuevo Laredo, Tamaulipas, confirmaron las pruebas antropol\u00f3gicas de identificaci\u00f3n humana y gen\u00e9tica realizadas por peritos forenses de la Guardia Nacional. Frida Guerrera, activista y amiga de \u2018El Mijis\u2019, explic\u00f3 que tras una reuni\u00f3n con autoridades de la\u2026","rel":"","context":"En \u00abFeatured\u00bb","block_context":{"text":"Featured","link":"https:\/\/mexicocodigorojo.com.mx\/?cat=1724"},"img":{"alt_text":"","src":"https:\/\/i0.wp.com\/mexicocodigorojo.com.mx\/wp-content\/uploads\/2022\/03\/mijis-1-960x506-1.jpg?fit=960%2C506&ssl=1&resize=350%2C200","width":350,"height":200,"srcset":"https:\/\/i0.wp.com\/mexicocodigorojo.com.mx\/wp-content\/uploads\/2022\/03\/mijis-1-960x506-1.jpg?fit=960%2C506&ssl=1&resize=350%2C200 1x, https:\/\/i0.wp.com\/mexicocodigorojo.com.mx\/wp-content\/uploads\/2022\/03\/mijis-1-960x506-1.jpg?fit=960%2C506&ssl=1&resize=525%2C300 1.5x, https:\/\/i0.wp.com\/mexicocodigorojo.com.mx\/wp-content\/uploads\/2022\/03\/mijis-1-960x506-1.jpg?fit=960%2C506&ssl=1&resize=700%2C400 2x"},"classes":[]},{"id":12205,"url":"https:\/\/mexicocodigorojo.com.mx\/?p=12205","url_meta":{"origin":37250,"position":1},"title":"El Mixteco El Cabo del  Ejercito que muri\u00f3 en la emboscada del CDN a unos km de Nuevo Laredo Tamaulipas","author":"Staff","date":"enero 13, 2019","format":false,"excerpt":"El Mixteco El Cabo del Ejercito que muri\u00f3 en la emboscada del CDN a unos km de Nuevo Laredo Tamaulipas A unos cuantos kilometros de Nuevo Laredo en un enfrentamiento con delincuentes, un militar nativo de la Mixteca Poblana perdi\u00f3 la vida ; los reportes indicaron que en el lugar\u2026","rel":"","context":"En \u00abTamaulipas\u00bb","block_context":{"text":"Tamaulipas","link":"https:\/\/mexicocodigorojo.com.mx\/?cat=2"},"img":{"alt_text":"","src":"","width":0,"height":0},"classes":[]},{"id":2682,"url":"https:\/\/mexicocodigorojo.com.mx\/?p=2682","url_meta":{"origin":37250,"position":2},"title":"SEDENA Da Duro Golpe Al CDN Y Asegura Arsenal En Nuevo Laredo Tamaulipas","author":"Staff","date":"septiembre 12, 2018","format":false,"excerpt":"Operacion Nuevo Laredo 1 da su primer golpe al Crimen Organizado en Nuevo Laredo Tamaulipas ya que segun Fuentes militares se\u00f1alan un aseguramiento de 9 armas largas, 2 cortas, 1 barret cal 50, uniformes apocrifos tipo militar y de fabricaci\u00f3n americana. Los cartuchos,cargadores,equipo t\u00e1ctico,adem\u00e1s de la Raptor fueron puestos a\u2026","rel":"","context":"En \u00abTamaulipas\u00bb","block_context":{"text":"Tamaulipas","link":"https:\/\/mexicocodigorojo.com.mx\/?cat=2"},"img":{"alt_text":"","src":"https:\/\/i0.wp.com\/mexicocodigorojo.com.mx\/wp-content\/uploads\/2018\/09\/IMG-20180912-WA0011.jpg?resize=350%2C200&ssl=1","width":350,"height":200,"srcset":"https:\/\/i0.wp.com\/mexicocodigorojo.com.mx\/wp-content\/uploads\/2018\/09\/IMG-20180912-WA0011.jpg?resize=350%2C200&ssl=1 1x, https:\/\/i0.wp.com\/mexicocodigorojo.com.mx\/wp-content\/uploads\/2018\/09\/IMG-20180912-WA0011.jpg?resize=525%2C300&ssl=1 1.5x, https:\/\/i0.wp.com\/mexicocodigorojo.com.mx\/wp-content\/uploads\/2018\/09\/IMG-20180912-WA0011.jpg?resize=700%2C400&ssl=1 2x"},"classes":[]},{"id":9405,"url":"https:\/\/mexicocodigorojo.com.mx\/?p=9405","url_meta":{"origin":37250,"position":3},"title":"VIDEOS: TOPON INFERNAL EN NUEVO LAREDO TAMAULIPAS ENTRE SEDENA Y CDN SE HABLA DE VARIOS MUERTOS","author":"Staff","date":"noviembre 24, 2018","format":false,"excerpt":"VIDEOS: TOPON INFERNAL EN NUEVO LAREDO TAMAULIPAS ENTRE SEDENA Y CDN SE HABLA DE VARIOS MUERTOS Infernal balacera sucumbi\u00f3 a Nuevo Laredo la madrugada de este s\u00e1bado; se habla de varios muertos, incluidos elementos de las fuerzas armadas. Apenas la madrugada de ayer otro enfrentamiento donde elementos militares asentaron un\u2026","rel":"","context":"En \u00abTamaulipas\u00bb","block_context":{"text":"Tamaulipas","link":"https:\/\/mexicocodigorojo.com.mx\/?cat=2"},"img":{"alt_text":"","src":"","width":0,"height":0},"classes":[]},{"id":33933,"url":"https:\/\/mexicocodigorojo.com.mx\/?p=33933","url_meta":{"origin":37250,"position":4},"title":"Balacera en Nuevo Laredo deja un muerto","author":"Staff","date":"marzo 1, 2020","format":false,"excerpt":"Nuevo Laredo, Tamaulipas. Aproximadamente a las 17:30 horas se report\u00f3 una situaci\u00f3n en inmediaciones de Unidad Deportiva de Nuevo Laredo que deriv\u00f3 en persecuci\u00f3n de civiles armados que realizaban detonaciones. Se tiene registro de una persona muerta y una lesionada que, al parecer, no ten\u00edan relaci\u00f3n con el hecho pero\u2026","rel":"","context":"En \u00abTamaulipas\u00bb","block_context":{"text":"Tamaulipas","link":"https:\/\/mexicocodigorojo.com.mx\/?cat=2"},"img":{"alt_text":"","src":"https:\/\/i0.wp.com\/secureservercdn.net\/166.62.108.22\/cg1.af3.myftpupload.com\/wp-content\/uploads\/2020\/03\/img_6558.jpg?resize=350%2C200&ssl=1","width":350,"height":200,"srcset":"https:\/\/i0.wp.com\/secureservercdn.net\/166.62.108.22\/cg1.af3.myftpupload.com\/wp-content\/uploads\/2020\/03\/img_6558.jpg?resize=350%2C200&ssl=1 1x, https:\/\/i0.wp.com\/secureservercdn.net\/166.62.108.22\/cg1.af3.myftpupload.com\/wp-content\/uploads\/2020\/03\/img_6558.jpg?resize=525%2C300&ssl=1 1.5x, https:\/\/i0.wp.com\/secureservercdn.net\/166.62.108.22\/cg1.af3.myftpupload.com\/wp-content\/uploads\/2020\/03\/img_6558.jpg?resize=700%2C400&ssl=1 2x"},"classes":[]},{"id":2623,"url":"https:\/\/mexicocodigorojo.com.mx\/?p=2623","url_meta":{"origin":37250,"position":5},"title":"BALACERA EN NUEVO LAREDO TAMAULIPAS ENTRE SICARIOS vs MILITARES","author":"Staff","date":"septiembre 12, 2018","format":false,"excerpt":"Dos personas se encuentran heridas, una de ella de gravedad, al recibir un disparo, en el enfrentamiento entre sicarios del Cartel Del Noreste y Elementos de la SEDENA en las colonias Solidaridad y Nueva Era. Fuente LPueblo2\/La Voz Del Pueblo 2 https:\/\/mexicocodigorojo.com.mx\/2018\/09\/video-sdr-en-nuevo-laredo-tamaulipas-topon-sedena-vs-cdn\/","rel":"","context":"En \u00abTamaulipas\u00bb","block_context":{"text":"Tamaulipas","link":"https:\/\/mexicocodigorojo.com.mx\/?cat=2"},"img":{"alt_text":"","src":"https:\/\/i0.wp.com\/mexicocodigorojo.com.mx\/wp-content\/uploads\/2018\/09\/BlurImage_11-9-2018-7-20-25.jpg?resize=350%2C200&ssl=1","width":350,"height":200,"srcset":"https:\/\/i0.wp.com\/mexicocodigorojo.com.mx\/wp-content\/uploads\/2018\/09\/BlurImage_11-9-2018-7-20-25.jpg?resize=350%2C200&ssl=1 1x, https:\/\/i0.wp.com\/mexicocodigorojo.com.mx\/wp-content\/uploads\/2018\/09\/BlurImage_11-9-2018-7-20-25.jpg?resize=525%2C300&ssl=1 1.5x"},"classes":[]}],"jetpack_sharing_enabled":true,"jetpack_likes_enabled":true,"jetpack_shortlink":"https:\/\/wp.me\/p9TedA-9GO","jetpack_featured_media_url":"","_links":{"self":[{"href":"https:\/\/mexicocodigorojo.com.mx\/index.php?rest_route=\/wp\/v2\/posts\/37250","targetHints":{"allow":["GET"]}}],"collection":[{"href":"https:\/\/mexicocodigorojo.com.mx\/index.php?rest_route=\/wp\/v2\/posts"}],"about":[{"href":"https:\/\/mexicocodigorojo.com.mx\/index.php?rest_route=\/wp\/v2\/types\/post"}],"author":[{"embeddable":true,"href":"https:\/\/mexicocodigorojo.com.mx\/index.php?rest_route=\/wp\/v2\/users\/5"}],"replies":[{"embeddable":true,"href":"https:\/\/mexicocodigorojo.com.mx\/index.php?rest_route=%2Fwp%2Fv2%2Fcomments&post=37250"}],"version-history":[{"count":2,"href":"https:\/\/mexicocodigorojo.com.mx\/index.php?rest_route=\/wp\/v2\/posts\/37250\/revisions"}],"predecessor-version":[{"id":37333,"href":"https:\/\/mexicocodigorojo.com.mx\/index.php?rest_route=\/wp\/v2\/posts\/37250\/revisions\/37333"}],"wp:attachment":[{"href":"https:\/\/mexicocodigorojo.com.mx\/index.php?rest_route=%2Fwp%2Fv2%2Fmedia&parent=37250"}],"wp:term":[{"taxonomy":"category","embeddable":true,"href":"https:\/\/mexicocodigorojo.com.mx\/index.php?rest_route=%2Fwp%2Fv2%2Fcategories&post=37250"},{"taxonomy":"post_tag","embeddable":true,"href":"https:\/\/mexicocodigorojo.com.mx\/index.php?rest_route=%2Fwp%2Fv2%2Ftags&post=37250"}],"curies":[{"name":"wp","href":"https:\/\/api.w.org\/{rel}","templated":true}]}}