{"id":360,"date":"2018-06-01T15:33:04","date_gmt":"2018-06-01T15:33:04","guid":{"rendered":"https:\/\/mexicocodigorojo.com.mx\/?p=360"},"modified":"2018-06-01T15:33:04","modified_gmt":"2018-06-01T15:33:04","slug":"custodios-del-penal-a-victoria","status":"publish","type":"post","link":"https:\/\/mexicocodigorojo.com.mx\/?p=360","title":{"rendered":"CUSTODIOS DEL PENAL A VICTORIA"},"content":{"rendered":"<p><strong>Reynosa<\/strong>, Tam.- Un grupo numeroso de elementos de la Direcci\u00f3n de\u00a0<strong>Seguridad<\/strong>\u00a0Penitenciaria incursionaron ayer por la tarde, sorpresivamente al Centro de Ejecuci\u00f3n de Sanciones (CEDES) y tras de varias horas en el interior sali\u00f3 el convoy de 5 veh\u00edculos oficiales.<\/p>\n<p>Trascendi\u00f3 que el arribo del operativo y su permanencia en el reclusorio de la colonia Renacimiento era con la intenci\u00f3n de trasladar probablemente a Ciudad Victoria a los custodios que se encontraban en el m\u00f3dulo donde se registr\u00f3 el zafarrancho del pasado martes por la noche con saldo de un muerto y 8 lesionados.<\/p>\n<p>El grupo de elementos era encabezado por un alto funcionario del sistema penitenciario estatal.<\/p>\n<p>Poco antes de las 20:00 horas fueron vistos salir las patrullas con los elementos fuertemente armados y provistos de capuchas operativas.<\/p>\n<p>Hab\u00eda en el exterior familiares de internos que permanec\u00edan pendientes, ante el temor de que se tratara de traslado de internos a otros centros reclusorios.<\/p>\n<p>Pero se tranquilizaron cuando vieron que el operativo se retir\u00f3 con los custodios, testigos de los hechos del martes pasado.<\/p>\n<p>Personal de guardia en los accesos se negaron a revelar el origen del sorpresivo operativo.<\/p>\n<p>Solo dijeron que \u00abse trataba de un operativo interno, pero no hay informaci\u00f3n al momento\u00bb.<\/p>\n<p>Sin embargo trascendi\u00f3 lo del traslado de los custodios que estaban comisionados en el \u00e1rea donde ocurrieron los hechos.<\/p>\n<p><strong>SER\u00c1N REQUERIDOS POR LA\u00a0PGJE<\/strong><\/p>\n<p>Por otro lado la\u00a0<strong>PGJE<\/strong>, solicitar\u00e1 por oficio las identidades de los custodios que se encontraban en el \u00e1rea del conflicto que dej\u00f3 saldo de un muerto y 8 lesionados para requerirlos dentro de la carpeta de\u00a0<strong>investigaci\u00f3n<\/strong>\u00a0que se inici\u00f3.<\/p>\n<p>De igual manera la directora del CEDES, Mar\u00eda de Jes\u00fas Aldana, tambi\u00e9n podr\u00eda ser requerida para que informe del hecho y consigne las evidencias que tuvieron que haber levantado en el lugar del sangriento incidente.<\/p>\n<p><strong>EN CAPILLA<\/strong><\/p>\n<p>&gt;La Procuradur\u00eda General de Justicia del Estado solicitar\u00e1 por oficio las identidades de los custodios que se encontraban en el \u00e1rea del conflicto.<\/p>\n<p>&gt;Los requiere dentro de la carpeta de\u00a0<strong>investigaci\u00f3n<\/strong>.<\/p>\n<p>&gt;La directora del CEDES, Mar\u00eda de Jes\u00fas Aldana, podr\u00eda ser requerida.<\/p>\n<blockquote><p>Para que informe del hecho y consigne las evidencias que tuvieron que haber levantado en el lugar.<\/p><\/blockquote>\n<p>&nbsp;<\/p>\n<pre><span style=\"color: #999999;\">Con informaci\u00f3n de El Ma\u00f1ana<\/span><\/pre>\n","protected":false},"excerpt":{"rendered":"<p>Reynosa, Tam.- Un grupo numeroso de elementos de la Direcci\u00f3n de\u00a0Seguridad\u00a0Penitenciaria incursionaron ayer por la tarde, sorpresivamente al Centro de Ejecuci\u00f3n de Sanciones (CEDES) y tras de varias horas en el interior sali\u00f3 el convoy de 5 veh\u00edculos oficiales. Trascendi\u00f3 que el arribo del operativo y su permanencia en el reclusorio de la colonia Renacimiento [&hellip;]<\/p>\n","protected":false},"author":5,"featured_media":361,"comment_status":"open","ping_status":"open","sticky":false,"template":"","format":"standard","meta":{"_uf_show_specific_survey":0,"_uf_disable_surveys":false,"advanced_seo_description":"","jetpack_seo_html_title":"","jetpack_seo_noindex":false,"jetpack_post_was_ever_published":false,"_jetpack_newsletter_access":"","_jetpack_dont_email_post_to_subs":false,"_jetpack_newsletter_tier_id":0,"_jetpack_memberships_contains_paywalled_content":false,"_jetpack_memberships_contains_paid_content":false,"footnotes":"","jetpack_publicize_message":"","jetpack_publicize_feature_enabled":true,"jetpack_social_post_already_shared":false,"jetpack_social_options":{"image_generator_settings":{"template":"highway","default_image_id":0,"font":"","enabled":false},"version":2}},"categories":[2],"tags":[40,3],"class_list":{"0":"post-360","1":"post","2":"type-post","3":"status-publish","4":"format-standard","5":"has-post-thumbnail","7":"category-tamaulipas","8":"tag-cedes","9":"tag-policia"},"jetpack_publicize_connections":[],"jetpack_featured_media_url":"https:\/\/i0.wp.com\/mexicocodigorojo.com.mx\/wp-content\/uploads\/2018\/06\/rey201806010902cedes.01.jpg?fit=628%2C419&ssl=1","jetpack-related-posts":[{"id":352,"url":"https:\/\/mexicocodigorojo.com.mx\/?p=352","url_meta":{"origin":360,"position":0},"title":"FALLECE CUSTODIO TIROTEADO EL LUNES","author":"Staff","date":"mayo 31, 2018","format":false,"excerpt":"Reynosa, Tam.- Atentado contra mando del CEDES. Son emboscados cuando el coordinador de Seguridad regresaba de Ciudad Victoria. Gesti\u00f3n. Autoridades penitenciarias solicitaron la entrega de la camioneta Van para repararla y reintegrarla al servicio. El custodio\u00a0herido\u00a0en el segundo atentado contra el\u00a0 coordinador de Seguridad del\u00a0CEDES, falleci\u00f3 horas despu\u00e9s de su\u2026","rel":"","context":"En \u00abTamaulipas\u00bb","block_context":{"text":"Tamaulipas","link":"https:\/\/mexicocodigorojo.com.mx\/?cat=2"},"img":{"alt_text":"","src":"https:\/\/i0.wp.com\/mexicocodigorojo.com.mx\/wp-content\/uploads\/2018\/05\/cropw0h0rey201805300701labuena.02-focus-0-0-628-524-300x250.jpg?resize=350%2C200&ssl=1","width":350,"height":200},"classes":[]},{"id":26298,"url":"https:\/\/mexicocodigorojo.com.mx\/?p=26298","url_meta":{"origin":360,"position":1},"title":"Concluye paro de custodios del penal de Atlalcholoaya; trasladan a reos tras tres d\u00edas de ri\u00f1as y muertes","author":"Staff","date":"noviembre 1, 2019","format":false,"excerpt":"El paro de custodios del penal de Atlalcholoaya termin\u00f3 al satisfacer las demandas como uniformes, aumento salarial y otras mejoras El paro de custodios del\u00a0penal de Atlalcholoaya\u00a0termin\u00f3 al satisfacerles demandas como\u00a0uniformes,\u00a0aumento salarial\u00a0y otras\u00a0mejoras\u00a0de las condiciones en que ejercen sus labores,\u00a0que durante las pasadas administraciones estuvieron\u00a0en el abandono. Adem\u00e1s termina la\u2026","rel":"","context":"En \u00abFeatured\u00bb","block_context":{"text":"Featured","link":"https:\/\/mexicocodigorojo.com.mx\/?cat=1724"},"img":{"alt_text":"","src":"https:\/\/i0.wp.com\/mexicocodigorojo.com.mx\/wp-content\/uploads\/2019\/11\/morelos-carcel-penal.jpg?fit=980%2C550&ssl=1&resize=350%2C200","width":350,"height":200,"srcset":"https:\/\/i0.wp.com\/mexicocodigorojo.com.mx\/wp-content\/uploads\/2019\/11\/morelos-carcel-penal.jpg?fit=980%2C550&ssl=1&resize=350%2C200 1x, https:\/\/i0.wp.com\/mexicocodigorojo.com.mx\/wp-content\/uploads\/2019\/11\/morelos-carcel-penal.jpg?fit=980%2C550&ssl=1&resize=525%2C300 1.5x, https:\/\/i0.wp.com\/mexicocodigorojo.com.mx\/wp-content\/uploads\/2019\/11\/morelos-carcel-penal.jpg?fit=980%2C550&ssl=1&resize=700%2C400 2x"},"classes":[]},{"id":16994,"url":"https:\/\/mexicocodigorojo.com.mx\/?p=16994","url_meta":{"origin":360,"position":2},"title":"TAMAULIPAS; RI\u00d1A EN CEDES DE CIUDAD VICTORIA DEJA CUATRO LESIONADOS","author":"Staff","date":"mayo 4, 2019","format":false,"excerpt":"04-MAYO-2019 SSP-071-2019 Ciudad Victoria, Tamaulipas.- La Secretar\u00eda de Seguridad P\u00fablica, informa que la ma\u00f1ana de este s\u00e1bado se registr\u00f3 una ri\u00f1a al interior del Centro de Ejecuci\u00f3n de Sanciones (CEDES) de est\u00e1 capital, en la que resultaron lesionados cuatro Personas Privadas de su Libertad (PPL) por arma punzocortante. Los hechos\u2026","rel":"","context":"En \u00abTamaulipas\u00bb","block_context":{"text":"Tamaulipas","link":"https:\/\/mexicocodigorojo.com.mx\/?cat=2"},"img":{"alt_text":"","src":"https:\/\/i0.wp.com\/mexicocodigorojo.com.mx\/wp-content\/uploads\/2019\/05\/img_20190504_120628353675514152120008.jpg?resize=350%2C200&ssl=1","width":350,"height":200,"srcset":"https:\/\/i0.wp.com\/mexicocodigorojo.com.mx\/wp-content\/uploads\/2019\/05\/img_20190504_120628353675514152120008.jpg?resize=350%2C200&ssl=1 1x, https:\/\/i0.wp.com\/mexicocodigorojo.com.mx\/wp-content\/uploads\/2019\/05\/img_20190504_120628353675514152120008.jpg?resize=525%2C300&ssl=1 1.5x, https:\/\/i0.wp.com\/mexicocodigorojo.com.mx\/wp-content\/uploads\/2019\/05\/img_20190504_120628353675514152120008.jpg?resize=700%2C400&ssl=1 2x, https:\/\/i0.wp.com\/mexicocodigorojo.com.mx\/wp-content\/uploads\/2019\/05\/img_20190504_120628353675514152120008.jpg?resize=1050%2C600&ssl=1 3x"},"classes":[]},{"id":53535,"url":"https:\/\/mexicocodigorojo.com.mx\/?p=53535","url_meta":{"origin":360,"position":3},"title":"Balean acceso principal de penal de Ciudad Victoria y queman autom\u00f3vil","author":"MexicoRojoCvmx","date":"julio 28, 2022","format":false,"excerpt":"Ciudad Victoria.- Un grupo de sujetos armados a bordo de un autom\u00f3vil dispararon armas de fuego contra el acceso principal del Centro de Ejecuci\u00f3n de Sanciones (Cedes) de esta capital. La Secretar\u00eda de Seguridad P\u00fablica de Tamaulipas inform\u00f3 que esto ocurri\u00f3 a las 17:00 horas, sin que se registraran v\u00edctimas,\u2026","rel":"","context":"En \u00abFeatured\u00bb","block_context":{"text":"Featured","link":"https:\/\/mexicocodigorojo.com.mx\/?cat=1724"},"img":{"alt_text":"","src":"https:\/\/i0.wp.com\/mexicocodigorojo.com.mx\/wp-content\/uploads\/2022\/07\/Captura-de-pantalla-2022-07-28-205221.jpg?fit=1170%2C717&ssl=1&resize=350%2C200","width":350,"height":200,"srcset":"https:\/\/i0.wp.com\/mexicocodigorojo.com.mx\/wp-content\/uploads\/2022\/07\/Captura-de-pantalla-2022-07-28-205221.jpg?fit=1170%2C717&ssl=1&resize=350%2C200 1x, https:\/\/i0.wp.com\/mexicocodigorojo.com.mx\/wp-content\/uploads\/2022\/07\/Captura-de-pantalla-2022-07-28-205221.jpg?fit=1170%2C717&ssl=1&resize=525%2C300 1.5x, https:\/\/i0.wp.com\/mexicocodigorojo.com.mx\/wp-content\/uploads\/2022\/07\/Captura-de-pantalla-2022-07-28-205221.jpg?fit=1170%2C717&ssl=1&resize=700%2C400 2x, https:\/\/i0.wp.com\/mexicocodigorojo.com.mx\/wp-content\/uploads\/2022\/07\/Captura-de-pantalla-2022-07-28-205221.jpg?fit=1170%2C717&ssl=1&resize=1050%2C600 3x"},"classes":[]},{"id":23934,"url":"https:\/\/mexicocodigorojo.com.mx\/?p=23934","url_meta":{"origin":360,"position":4},"title":"Violencia en Guanajuato: comando embosc\u00f3 y asesin\u00f3 a cinco custodios","author":"Staff","date":"septiembre 20, 2019","format":false,"excerpt":"Los hechos ocurrieron alrededor de las 11 de la ma\u00f1ana de ayer en el tramo carretero Salamanca- Labor Valtierra Cinco custodios del Cereso Mil, ubicado en Valles de Santiago, en el estado de Guanajuato, fueron asesinados en un ataque directo, seg\u00fan las primeras versiones, realizaban un traslado de reos. En\u2026","rel":"","context":"En \u00abGuanajuato\u00bb","block_context":{"text":"Guanajuato","link":"https:\/\/mexicocodigorojo.com.mx\/?cat=18"},"img":{"alt_text":"","src":"https:\/\/i0.wp.com\/mexicocodigorojo.com.mx\/wp-content\/uploads\/2019\/09\/custodios_3_2.jpg_759958360.jpg?fit=800%2C421&ssl=1&resize=350%2C200","width":350,"height":200,"srcset":"https:\/\/i0.wp.com\/mexicocodigorojo.com.mx\/wp-content\/uploads\/2019\/09\/custodios_3_2.jpg_759958360.jpg?fit=800%2C421&ssl=1&resize=350%2C200 1x, https:\/\/i0.wp.com\/mexicocodigorojo.com.mx\/wp-content\/uploads\/2019\/09\/custodios_3_2.jpg_759958360.jpg?fit=800%2C421&ssl=1&resize=525%2C300 1.5x, https:\/\/i0.wp.com\/mexicocodigorojo.com.mx\/wp-content\/uploads\/2019\/09\/custodios_3_2.jpg_759958360.jpg?fit=800%2C421&ssl=1&resize=700%2C400 2x"},"classes":[]},{"id":26245,"url":"https:\/\/mexicocodigorojo.com.mx\/?p=26245","url_meta":{"origin":360,"position":5},"title":"Siete muertos tras mot\u00edn en penal; presos someten a custodios","author":"Staff","date":"octubre 31, 2019","format":false,"excerpt":"Hay dos reos heridos; videos que circulan en la red muestran a otros internos siendo torturados e interrogados ATLACHOLOAYA. La nueva ri\u00f1a ocurrida ayer en el penal de Atlacholoaya, en Xochitepec, Morelos,\u00a0dej\u00f3 seis internos muertos y dos heridos, inform\u00f3 el secretario de Gobierno del estado, Pablo Ojeda C\u00e1rdenas. Uno m\u00e1s\u2026","rel":"","context":"En \u00abFeatured\u00bb","block_context":{"text":"Featured","link":"https:\/\/mexicocodigorojo.com.mx\/?cat=1724"},"img":{"alt_text":"","src":"https:\/\/i0.wp.com\/mexicocodigorojo.com.mx\/wp-content\/uploads\/2019\/10\/EIJjTw6XkAA6iNg.jpg?fit=420%2C560&ssl=1&resize=350%2C200","width":350,"height":200},"classes":[]}],"jetpack_sharing_enabled":true,"jetpack_likes_enabled":true,"jetpack_shortlink":"https:\/\/wp.me\/p9TedA-5O","_links":{"self":[{"href":"https:\/\/mexicocodigorojo.com.mx\/index.php?rest_route=\/wp\/v2\/posts\/360","targetHints":{"allow":["GET"]}}],"collection":[{"href":"https:\/\/mexicocodigorojo.com.mx\/index.php?rest_route=\/wp\/v2\/posts"}],"about":[{"href":"https:\/\/mexicocodigorojo.com.mx\/index.php?rest_route=\/wp\/v2\/types\/post"}],"author":[{"embeddable":true,"href":"https:\/\/mexicocodigorojo.com.mx\/index.php?rest_route=\/wp\/v2\/users\/5"}],"replies":[{"embeddable":true,"href":"https:\/\/mexicocodigorojo.com.mx\/index.php?rest_route=%2Fwp%2Fv2%2Fcomments&post=360"}],"version-history":[{"count":0,"href":"https:\/\/mexicocodigorojo.com.mx\/index.php?rest_route=\/wp\/v2\/posts\/360\/revisions"}],"wp:featuredmedia":[{"embeddable":true,"href":"https:\/\/mexicocodigorojo.com.mx\/index.php?rest_route=\/wp\/v2\/media\/361"}],"wp:attachment":[{"href":"https:\/\/mexicocodigorojo.com.mx\/index.php?rest_route=%2Fwp%2Fv2%2Fmedia&parent=360"}],"wp:term":[{"taxonomy":"category","embeddable":true,"href":"https:\/\/mexicocodigorojo.com.mx\/index.php?rest_route=%2Fwp%2Fv2%2Fcategories&post=360"},{"taxonomy":"post_tag","embeddable":true,"href":"https:\/\/mexicocodigorojo.com.mx\/index.php?rest_route=%2Fwp%2Fv2%2Ftags&post=360"}],"curies":[{"name":"wp","href":"https:\/\/api.w.org\/{rel}","templated":true}]}}