{"id":35615,"date":"2020-03-27T17:57:35","date_gmt":"2020-03-27T23:57:35","guid":{"rendered":"https:\/\/mexicocodigorojo.com.mx\/?p=35615"},"modified":"2020-03-28T11:33:20","modified_gmt":"2020-03-28T17:33:20","slug":"suman-10-casos-positivos-de-covid-19-en-baja-california-sur","status":"publish","type":"post","link":"https:\/\/mexicocodigorojo.com.mx\/?p=35615","title":{"rendered":"Suman 10 casos positivos de COVID-19 en Baja California Sur"},"content":{"rendered":"<div class=\"article__singular--teaser\">\n<h2>El gobernador de Baja California Sur recomend\u00f3 seguir las medidas de prevenci\u00f3n como higiene, mantener la sana distancia y quedarse en casa<\/h2>\n<\/div>\n<div class=\"sp--share-buttons item__article--shares\">\n<p>El gobernador de<strong>\u00a0Baja California Sur<\/strong>, Carlos Mendoza Davis, inform\u00f3 que dos personas dieron positivo a la prueba de\u00a0<strong>COVID-19<\/strong>, con lo que suman 10 en la entidad.<\/p>\n<p>A trav\u00e9s de su cuenta de Twitter, el mandatario estatal public\u00f3 que son los dos primeros casos en el municipio de\u00a0<strong>La Paz<\/strong>.<\/p>\n<blockquote class=\"twitter-tweet twitter-tweet-error\" data-twitter-extracted-i1585353185904727766=\"true\">\n<p dir=\"ltr\" lang=\"es\">Informo que han dado positivo a prueba de\u00a0<a href=\"https:\/\/twitter.com\/hashtag\/COVID19?src=hash&amp;ref_src=twsrc%5Etfw\">#COVID19<\/a>\u00a0los dos primeros casos en el Municipio de\u00a0<a href=\"https:\/\/twitter.com\/hashtag\/LaPaz?src=hash&amp;ref_src=twsrc%5Etfw\">#LaPaz<\/a>,\u00a0<a href=\"https:\/\/twitter.com\/hashtag\/BCS?src=hash&amp;ref_src=twsrc%5Etfw\">#BCS<\/a>. Sumados a los 8 casos existentes en\u00a0<a href=\"https:\/\/twitter.com\/hashtag\/LosCabos?src=hash&amp;ref_src=twsrc%5Etfw\">#LosCabos<\/a>, son ya 10 los positivos en el estado.\u00a0<a href=\"https:\/\/twitter.com\/hashtag\/Higiene?src=hash&amp;ref_src=twsrc%5Etfw\">#Higiene<\/a>\u00a0+\u00a0<a href=\"https:\/\/twitter.com\/hashtag\/SanaDistancia?src=hash&amp;ref_src=twsrc%5Etfw\">#SanaDistancia<\/a>\u00a0+\u00a0<a href=\"https:\/\/twitter.com\/hashtag\/Qu%C3%A9dateEnCasa?src=hash&amp;ref_src=twsrc%5Etfw\">#Qu\u00e9dateEnCasa<\/a>\u00a0= Responsabilidad y Solidaridad.\u00a0<a href=\"https:\/\/twitter.com\/hashtag\/MejorFuturo?src=hash&amp;ref_src=twsrc%5Etfw\">#MejorFuturo<\/a><\/p>\n<p>\u2014 Carlos Mendoza Davis (@cmendozadavis)\u00a0<a href=\"https:\/\/twitter.com\/cmendozadavis\/status\/1243573540898705408?ref_src=twsrc%5Etfw\">March 27, 2020<\/a><\/p><\/blockquote>\n<p>Dichos contagios se suman a los ocho ya existentes en Los Cabos.<\/p>\n<p>Mendoza Davis recomend\u00f3 seguir las\u00a0<strong>medidas de prevenci\u00f3n<\/strong>\u00a0como higiene, mantener la sana distancia y quedarse en casa, ya que, enfatiz\u00f3, al seguir estos pasos el resultado es responsabilidad y solidaridad.<\/p>\n<p>Cabe se\u00f1alar que en el estado se mantienen 76<strong>\u00a0casos negativos<\/strong>\u00a0y nueve\u00a0<strong>sospechosos<\/strong>.<\/p>\n<p>Con informaci\u00f3n de Notimex<\/p>\n<\/div>\n","protected":false},"excerpt":{"rendered":"<p>El gobernador de Baja California Sur recomend\u00f3 seguir las medidas de prevenci\u00f3n como higiene, mantener la sana distancia y quedarse en casa El gobernador de\u00a0Baja California Sur, Carlos Mendoza Davis, inform\u00f3 que dos personas dieron positivo a la prueba de\u00a0COVID-19, con lo que suman 10 en la entidad. A trav\u00e9s de su cuenta de Twitter, [&hellip;]<\/p>\n","protected":false},"author":5,"featured_media":35616,"comment_status":"closed","ping_status":"closed","sticky":false,"template":"","format":"standard","meta":{"_uf_show_specific_survey":0,"_uf_disable_surveys":false,"advanced_seo_description":"","jetpack_seo_html_title":"","jetpack_seo_noindex":false,"jetpack_post_was_ever_published":false,"_jetpack_newsletter_access":"","_jetpack_dont_email_post_to_subs":false,"_jetpack_newsletter_tier_id":0,"_jetpack_memberships_contains_paywalled_content":false,"_jetpack_memberships_contains_paid_content":false,"footnotes":"","jetpack_publicize_message":"","jetpack_publicize_feature_enabled":true,"jetpack_social_post_already_shared":false,"jetpack_social_options":{"image_generator_settings":{"template":"highway","default_image_id":0,"font":"","enabled":false},"version":2}},"categories":[134],"tags":[1499],"class_list":{"0":"post-35615","1":"post","2":"type-post","3":"status-publish","4":"format-standard","5":"has-post-thumbnail","7":"category-baja-california-sur","8":"tag-covid-19"},"jetpack_publicize_connections":[],"jetpack_featured_media_url":"https:\/\/i0.wp.com\/mexicocodigorojo.com.mx\/wp-content\/uploads\/2020\/03\/covid-19-bcs-baja-california-sur-coronavirus.jpg?fit=980%2C550&ssl=1","jetpack-related-posts":[{"id":35490,"url":"https:\/\/mexicocodigorojo.com.mx\/?p=35490","url_meta":{"origin":35615,"position":0},"title":"Suman cinco casos positivos de COVID-19 en Baja California Sur","author":"Staff","date":"marzo 25, 2020","format":false,"excerpt":"El secretario de Salud en Baja California Sur report\u00f3 tres nuevos casos positivos de COVID-19 en Los Cabos, por lo que suman cinco en el estado Autoridades de Salud en\u00a0Baja California Sur\u00a0reportaron\u00a0tres nuevos casos positivos\u00a0de coronavirus\u00a0COVID-19\u00a0en\u00a0Los Cabos, por lo que suman cinco en el estado. En redes sociales, el secretario\u2026","rel":"","context":"En \u00abBaja California Sur\u00bb","block_context":{"text":"Baja California Sur","link":"https:\/\/mexicocodigorojo.com.mx\/?cat=134"},"img":{"alt_text":"","src":"https:\/\/i0.wp.com\/mexicocodigorojo.com.mx\/wp-content\/uploads\/2020\/03\/baja-california-sur-covid-19-coronavirus.jpg?fit=980%2C550&ssl=1&resize=350%2C200","width":350,"height":200,"srcset":"https:\/\/i0.wp.com\/mexicocodigorojo.com.mx\/wp-content\/uploads\/2020\/03\/baja-california-sur-covid-19-coronavirus.jpg?fit=980%2C550&ssl=1&resize=350%2C200 1x, https:\/\/i0.wp.com\/mexicocodigorojo.com.mx\/wp-content\/uploads\/2020\/03\/baja-california-sur-covid-19-coronavirus.jpg?fit=980%2C550&ssl=1&resize=525%2C300 1.5x, https:\/\/i0.wp.com\/mexicocodigorojo.com.mx\/wp-content\/uploads\/2020\/03\/baja-california-sur-covid-19-coronavirus.jpg?fit=980%2C550&ssl=1&resize=700%2C400 2x"},"classes":[]},{"id":36646,"url":"https:\/\/mexicocodigorojo.com.mx\/?p=36646","url_meta":{"origin":35615,"position":1},"title":"El IMSS reporta cinco trabajadores de la salud muertos y 89 contagiados por covid-19","author":"Staff","date":"abril 10, 2020","format":false,"excerpt":"CIUDAD DE M\u00c9XICO.\u2014 A 41 d\u00edas de haberse confirmado el primer caso de coronavirus en M\u00e9xico, en el Instituto Mexicano del Seguro Social (IMSS) ya han fallecido cinco miembros de su personal y por lo menos 89 han sido infectados en cuatro entidades federativas, seg\u00fan informes presentados por el director\u2026","rel":"","context":"En \u00abCiudad de M\u00e9xico\u00bb","block_context":{"text":"Ciudad de M\u00e9xico","link":"https:\/\/mexicocodigorojo.com.mx\/?cat=101"},"img":{"alt_text":"","src":"https:\/\/i0.wp.com\/mexicocodigorojo.com.mx\/wp-content\/uploads\/2020\/04\/trabajadores-IMSS-870x522-1.jpg?fit=870%2C522&ssl=1&resize=350%2C200","width":350,"height":200,"srcset":"https:\/\/i0.wp.com\/mexicocodigorojo.com.mx\/wp-content\/uploads\/2020\/04\/trabajadores-IMSS-870x522-1.jpg?fit=870%2C522&ssl=1&resize=350%2C200 1x, https:\/\/i0.wp.com\/mexicocodigorojo.com.mx\/wp-content\/uploads\/2020\/04\/trabajadores-IMSS-870x522-1.jpg?fit=870%2C522&ssl=1&resize=525%2C300 1.5x, https:\/\/i0.wp.com\/mexicocodigorojo.com.mx\/wp-content\/uploads\/2020\/04\/trabajadores-IMSS-870x522-1.jpg?fit=870%2C522&ssl=1&resize=700%2C400 2x"},"classes":[]},{"id":51966,"url":"https:\/\/mexicocodigorojo.com.mx\/?p=51966","url_meta":{"origin":35615,"position":2},"title":"Ordena la SEP volver a aulas, aun con alza en contagios","author":"Staff","date":"enero 3, 2022","format":false,"excerpt":"Pese a que la Secretar\u00eda de Salud reporta un importante aumento de contagios por covid-19 en todo el pa\u00eds, la SEP orden\u00f3 a todas las escuelas p\u00fablicas regresar a clases presenciales, aunque ocho entidades anuncian que lo har\u00e1n a lo largo de las siguientes dos semanas. La Secretar\u00eda de Educaci\u00f3n\u2026","rel":"","context":"En \u00abFeatured\u00bb","block_context":{"text":"Featured","link":"https:\/\/mexicocodigorojo.com.mx\/?cat=1724"},"img":{"alt_text":"","src":"https:\/\/i0.wp.com\/mexicocodigorojo.com.mx\/wp-content\/uploads\/2022\/01\/regreso-a-clases-presenciales-cortesia.jpg?fit=958%2C596&ssl=1&resize=350%2C200","width":350,"height":200,"srcset":"https:\/\/i0.wp.com\/mexicocodigorojo.com.mx\/wp-content\/uploads\/2022\/01\/regreso-a-clases-presenciales-cortesia.jpg?fit=958%2C596&ssl=1&resize=350%2C200 1x, https:\/\/i0.wp.com\/mexicocodigorojo.com.mx\/wp-content\/uploads\/2022\/01\/regreso-a-clases-presenciales-cortesia.jpg?fit=958%2C596&ssl=1&resize=525%2C300 1.5x, https:\/\/i0.wp.com\/mexicocodigorojo.com.mx\/wp-content\/uploads\/2022\/01\/regreso-a-clases-presenciales-cortesia.jpg?fit=958%2C596&ssl=1&resize=700%2C400 2x"},"classes":[]},{"id":35704,"url":"https:\/\/mexicocodigorojo.com.mx\/?p=35704","url_meta":{"origin":35615,"position":3},"title":"Omar Fayad, gobernador de Hidalgo, da positivo por COVID-19","author":"Staff","date":"marzo 28, 2020","format":false,"excerpt":"Omar Fayad, gobernador de Hidalgo, inform\u00f3 por medio de sus redes sociales que se encuentra en cuarentena en su casa Omar Fayad, gobernador de Hidalgo, inform\u00f3 que dio\u00a0positivo\u00a0a la prueba del\u00a0coronavirus\u00a0(COVID-19). As\u00ed lo anunci\u00f3 el mandatario estatal por medio de sus redes sociales, en donde adem\u00e1s apunt\u00f3 que se encuentra\u2026","rel":"","context":"En \u00abFeatured\u00bb","block_context":{"text":"Featured","link":"https:\/\/mexicocodigorojo.com.mx\/?cat=1724"},"img":{"alt_text":"","src":"https:\/\/i0.wp.com\/mexicocodigorojo.com.mx\/wp-content\/uploads\/2020\/03\/omar-fayad.jpg?fit=980%2C550&ssl=1&resize=350%2C200","width":350,"height":200,"srcset":"https:\/\/i0.wp.com\/mexicocodigorojo.com.mx\/wp-content\/uploads\/2020\/03\/omar-fayad.jpg?fit=980%2C550&ssl=1&resize=350%2C200 1x, https:\/\/i0.wp.com\/mexicocodigorojo.com.mx\/wp-content\/uploads\/2020\/03\/omar-fayad.jpg?fit=980%2C550&ssl=1&resize=525%2C300 1.5x, https:\/\/i0.wp.com\/mexicocodigorojo.com.mx\/wp-content\/uploads\/2020\/03\/omar-fayad.jpg?fit=980%2C550&ssl=1&resize=700%2C400 2x"},"classes":[]},{"id":24904,"url":"https:\/\/mexicocodigorojo.com.mx\/?p=24904","url_meta":{"origin":35615,"position":4},"title":"EN TIJUANA BC &#038; LOS CABOS BCS HALLAN EN UN D\u00cdA LOS RESTOS HUMANOS DE 4 PERSONAS","author":"Staff","date":"octubre 7, 2019","format":false,"excerpt":"TIJUANA.- Al realizar la b\u00fasqueda de personas desaparecidas en un cerro cercano al fraccionamiento Delicias primera secci\u00f3n, autoridades y familiares de v\u00edctimas encontraron dos cad\u00e1veres y los restos \u00f3seos de otra persona. El presidente de la Asociaci\u00f3n Unidos por los Desaparecidos de Baja California, Fernando Ocegueda Flores, confirm\u00f3 que los\u2026","rel":"","context":"En \u00abBaja California\u00bb","block_context":{"text":"Baja California","link":"https:\/\/mexicocodigorojo.com.mx\/?cat=130"},"img":{"alt_text":"","src":"https:\/\/i0.wp.com\/secureservercdn.net\/166.62.108.22\/cg1.af3.myftpupload.com\/wp-content\/uploads\/2019\/10\/fb_img_15704806520309024328499291.jpg?resize=350%2C200&ssl=1","width":350,"height":200,"srcset":"https:\/\/i0.wp.com\/secureservercdn.net\/166.62.108.22\/cg1.af3.myftpupload.com\/wp-content\/uploads\/2019\/10\/fb_img_15704806520309024328499291.jpg?resize=350%2C200&ssl=1 1x, https:\/\/i0.wp.com\/secureservercdn.net\/166.62.108.22\/cg1.af3.myftpupload.com\/wp-content\/uploads\/2019\/10\/fb_img_15704806520309024328499291.jpg?resize=525%2C300&ssl=1 1.5x, https:\/\/i0.wp.com\/secureservercdn.net\/166.62.108.22\/cg1.af3.myftpupload.com\/wp-content\/uploads\/2019\/10\/fb_img_15704806520309024328499291.jpg?resize=700%2C400&ssl=1 2x"},"classes":[]},{"id":41366,"url":"https:\/\/mexicocodigorojo.com.mx\/?p=41366","url_meta":{"origin":35615,"position":5},"title":"EJECUTAN DE VARIOS BALAZOS A  EL CHOYERO EN CIUDAD CONSTITUCI\u00d3N BAJA CALIFORNIA SUR","author":"MexicoRojo","date":"agosto 7, 2020","format":false,"excerpt":"Est\u00e1 tarde de Viernes 7 de Agosto en punto de las 19:10 se reportan detonaciones de arma de fuego en la colonia Los Pinos. De inmediato se activan los cuerpos de seguridad y emergencia para dirigirse a la calle Avila Camacho y Alvaro Obregon donde al llegar GRUPOGERCO encontr\u00f3 sin\u2026","rel":"","context":"En \u00abBaja California Sur\u00bb","block_context":{"text":"Baja California Sur","link":"https:\/\/mexicocodigorojo.com.mx\/?cat=134"},"img":{"alt_text":"","src":"https:\/\/i0.wp.com\/secureservercdn.net\/166.62.108.22\/cg1.af3.myftpupload.com\/wp-content\/uploads\/2020\/08\/fb_img_15968605540784971522634916877683.jpg?resize=350%2C200&ssl=1","width":350,"height":200,"srcset":"https:\/\/i0.wp.com\/secureservercdn.net\/166.62.108.22\/cg1.af3.myftpupload.com\/wp-content\/uploads\/2020\/08\/fb_img_15968605540784971522634916877683.jpg?resize=350%2C200&ssl=1 1x, https:\/\/i0.wp.com\/secureservercdn.net\/166.62.108.22\/cg1.af3.myftpupload.com\/wp-content\/uploads\/2020\/08\/fb_img_15968605540784971522634916877683.jpg?resize=525%2C300&ssl=1 1.5x, https:\/\/i0.wp.com\/secureservercdn.net\/166.62.108.22\/cg1.af3.myftpupload.com\/wp-content\/uploads\/2020\/08\/fb_img_15968605540784971522634916877683.jpg?resize=700%2C400&ssl=1 2x"},"classes":[]}],"jetpack_sharing_enabled":true,"jetpack_likes_enabled":true,"jetpack_shortlink":"https:\/\/wp.me\/p9TedA-9gr","_links":{"self":[{"href":"https:\/\/mexicocodigorojo.com.mx\/index.php?rest_route=\/wp\/v2\/posts\/35615","targetHints":{"allow":["GET"]}}],"collection":[{"href":"https:\/\/mexicocodigorojo.com.mx\/index.php?rest_route=\/wp\/v2\/posts"}],"about":[{"href":"https:\/\/mexicocodigorojo.com.mx\/index.php?rest_route=\/wp\/v2\/types\/post"}],"author":[{"embeddable":true,"href":"https:\/\/mexicocodigorojo.com.mx\/index.php?rest_route=\/wp\/v2\/users\/5"}],"replies":[{"embeddable":true,"href":"https:\/\/mexicocodigorojo.com.mx\/index.php?rest_route=%2Fwp%2Fv2%2Fcomments&post=35615"}],"version-history":[{"count":0,"href":"https:\/\/mexicocodigorojo.com.mx\/index.php?rest_route=\/wp\/v2\/posts\/35615\/revisions"}],"wp:featuredmedia":[{"embeddable":true,"href":"https:\/\/mexicocodigorojo.com.mx\/index.php?rest_route=\/wp\/v2\/media\/35616"}],"wp:attachment":[{"href":"https:\/\/mexicocodigorojo.com.mx\/index.php?rest_route=%2Fwp%2Fv2%2Fmedia&parent=35615"}],"wp:term":[{"taxonomy":"category","embeddable":true,"href":"https:\/\/mexicocodigorojo.com.mx\/index.php?rest_route=%2Fwp%2Fv2%2Fcategories&post=35615"},{"taxonomy":"post_tag","embeddable":true,"href":"https:\/\/mexicocodigorojo.com.mx\/index.php?rest_route=%2Fwp%2Fv2%2Ftags&post=35615"}],"curies":[{"name":"wp","href":"https:\/\/api.w.org\/{rel}","templated":true}]}}