{"id":35611,"date":"2020-03-27T17:55:31","date_gmt":"2020-03-27T23:55:31","guid":{"rendered":"https:\/\/mexicocodigorojo.com.mx\/?p=35611"},"modified":"2020-03-28T11:33:26","modified_gmt":"2020-03-28T17:33:26","slug":"suman-64-casos-confirmados-de-covid-19-en-nuevo-leon","status":"publish","type":"post","link":"https:\/\/mexicocodigorojo.com.mx\/?p=35611","title":{"rendered":"Suman 64 casos confirmados de COVID-19 en Nuevo Le\u00f3n"},"content":{"rendered":"<div class=\"article__singular--teaser\">\n<h2>Manuel de la O Cavazos, titular de Salud del estado de Nuevo L\u00e9on, apunt\u00f3 que se presentaron cuatro nuevos casos<\/h2>\n<\/div>\n<div class=\"sp--share-buttons item__article--shares\">\n<p>La Secretar\u00eda de Salud de\u00a0<strong>Nuevo Le\u00f3n<\/strong>\u00a0inform\u00f3 que suman<strong>\u00a064 casos confirmados<\/strong>\u00a0de\u00a0<strong>COVID-19<\/strong>\u00a0en el estado.<\/p>\n<div class=\"fb-video\" data-allowfullscreen=\"true\" data-href=\"https:\/\/www.facebook.com\/gobiernonuevoleon\/videos\/1068499243516119\/\" style=\"background-color: #fff; display: inline-block;\"><\/div>\n<p>En conferencia de prensa,\u00a0<strong>Manuel de la O Cavazos<\/strong>, titular de Salud estatal, apunt\u00f3 que se presentaron\u00a0<strong>cuatro nuevos casos<\/strong>, se trata de dos hombres y dos mujeres con antecedentes de viaje a\u00a0<strong>Espa\u00f1a<\/strong>,\u00a0<strong>Italia<\/strong>\u00a0y\u00a0<strong>Ciudad de M\u00e9xico<\/strong>.<\/p>\n<p>La mayor\u00eda de infectados por COVID-19 en la entidad se encuentran en\u00a0<strong>San Pedro Garza Garc\u00eda<\/strong>. Del total de casos, ocho pacientes permanecen hospitalizados.<\/p>\n<div class=\"post--content rvfs-4\" data-rvfs=\"4\">\n<p>Con informaci\u00f3n de L\u00f3pez-D\u00f3riga Digital<\/p>\n<\/div>\n<\/div>\n","protected":false},"excerpt":{"rendered":"<p>Manuel de la O Cavazos, titular de Salud del estado de Nuevo L\u00e9on, apunt\u00f3 que se presentaron cuatro nuevos casos La Secretar\u00eda de Salud de\u00a0Nuevo Le\u00f3n\u00a0inform\u00f3 que suman\u00a064 casos confirmados\u00a0de\u00a0COVID-19\u00a0en el estado. En conferencia de prensa,\u00a0Manuel de la O Cavazos, titular de Salud estatal, apunt\u00f3 que se presentaron\u00a0cuatro nuevos casos, se trata de dos hombres [&hellip;]<\/p>\n","protected":false},"author":5,"featured_media":35612,"comment_status":"closed","ping_status":"closed","sticky":false,"template":"","format":"standard","meta":{"_uf_show_specific_survey":0,"_uf_disable_surveys":false,"advanced_seo_description":"","jetpack_seo_html_title":"","jetpack_seo_noindex":false,"jetpack_post_was_ever_published":false,"_jetpack_newsletter_access":"","_jetpack_dont_email_post_to_subs":false,"_jetpack_newsletter_tier_id":0,"_jetpack_memberships_contains_paywalled_content":false,"_jetpack_memberships_contains_paid_content":false,"footnotes":"","jetpack_publicize_message":"","jetpack_publicize_feature_enabled":true,"jetpack_social_post_already_shared":false,"jetpack_social_options":{"image_generator_settings":{"template":"highway","default_image_id":0,"font":"","enabled":false},"version":2}},"categories":[29],"tags":[1499],"class_list":{"0":"post-35611","1":"post","2":"type-post","3":"status-publish","4":"format-standard","5":"has-post-thumbnail","7":"category-nuevo-leon","8":"tag-covid-19"},"jetpack_publicize_connections":[],"jetpack_featured_media_url":"https:\/\/i0.wp.com\/mexicocodigorojo.com.mx\/wp-content\/uploads\/2020\/03\/prueba-coronavirus-covid-19-test-indre.jpg?fit=980%2C550&ssl=1","jetpack-related-posts":[{"id":36386,"url":"https:\/\/mexicocodigorojo.com.mx\/?p=36386","url_meta":{"origin":35611,"position":0},"title":"Se aceleran contagios de Coronavirus en Tamaulipas","author":"Staff","date":"abril 6, 2020","format":false,"excerpt":"Desde el 1 de abril empez\u00f3 a incrementarse la detecci\u00f3n de casos de covid-19 en Tamaulipas, la mayor\u00eda en la frontera y en el sur CIUDAD VICTORIA, TAMAULIPAS.- En los \u00faltimos cinco d\u00edas comenz\u00f3 un crecimiento exponencial de los casos confirmados de Covid-19 en Tamaulipas. El 31 de marzo, el\u2026","rel":"","context":"En \u00abTamaulipas\u00bb","block_context":{"text":"Tamaulipas","link":"https:\/\/mexicocodigorojo.com.mx\/?cat=2"},"img":{"alt_text":"","src":"https:\/\/i0.wp.com\/mexicocodigorojo.com.mx\/wp-content\/uploads\/2020\/04\/coronavirus-tamaulipas.jpg?fit=764%2C400&ssl=1&resize=350%2C200","width":350,"height":200,"srcset":"https:\/\/i0.wp.com\/mexicocodigorojo.com.mx\/wp-content\/uploads\/2020\/04\/coronavirus-tamaulipas.jpg?fit=764%2C400&ssl=1&resize=350%2C200 1x, https:\/\/i0.wp.com\/mexicocodigorojo.com.mx\/wp-content\/uploads\/2020\/04\/coronavirus-tamaulipas.jpg?fit=764%2C400&ssl=1&resize=525%2C300 1.5x, https:\/\/i0.wp.com\/mexicocodigorojo.com.mx\/wp-content\/uploads\/2020\/04\/coronavirus-tamaulipas.jpg?fit=764%2C400&ssl=1&resize=700%2C400 2x"},"classes":[]},{"id":35024,"url":"https:\/\/mexicocodigorojo.com.mx\/?p=35024","url_meta":{"origin":35611,"position":1},"title":"Confirma SST segundo casos de COVID-19 en Tamaulipas, el nuevo en Reynosa","author":"Staff","date":"marzo 18, 2020","format":false,"excerpt":"El conteo oficial: 2 casos confirmado, 2 sospechosos CIUDAD VICTORIA, Tamaulipas.- La secretaria de Salud, Gloria Molina Gamboa inform\u00f3 hoy que las muestras analizadas por el Instituto de Diagn\u00f3stico y Referencia Epidemiol\u00f3gicos (InDRE) a una paciente femenina de 23 a\u00f1os de edad originaria de Reynosa, resultaron positivas, con lo que\u2026","rel":"","context":"En \u00abTamaulipas\u00bb","block_context":{"text":"Tamaulipas","link":"https:\/\/mexicocodigorojo.com.mx\/?cat=2"},"img":{"alt_text":"","src":"","width":0,"height":0},"classes":[]},{"id":39752,"url":"https:\/\/mexicocodigorojo.com.mx\/?p=39752","url_meta":{"origin":35611,"position":2},"title":"COVID-19 en M\u00e9xico: suman 17,580 muertos y 150,264 casos confirmados","author":"Staff","date":"junio 16, 2020","format":false,"excerpt":"Del total de contagios, \u00fanicamente 20,392 personas han presentado s\u00edntomas en los \u00faltimos 14 d\u00edas En el d\u00eda 15 del regreso a la \u201cnueva normalidad\u201d, estrategia que pretende lograr la reapertura ordenada, gradual y escalonada de la vida econ\u00f3mica, social y educativa del pa\u00eds, la Secretar\u00eda de Salud (SSa) inform\u00f3\u2026","rel":"","context":"En \u00abCiudad de M\u00e9xico\u00bb","block_context":{"text":"Ciudad de M\u00e9xico","link":"https:\/\/mexicocodigorojo.com.mx\/?cat=101"},"img":{"alt_text":"","src":"https:\/\/i0.wp.com\/secureservercdn.net\/166.62.108.22\/cg1.af3.myftpupload.com\/wp-content\/uploads\/2020\/06\/img_8552.jpg?resize=350%2C200&ssl=1","width":350,"height":200,"srcset":"https:\/\/i0.wp.com\/secureservercdn.net\/166.62.108.22\/cg1.af3.myftpupload.com\/wp-content\/uploads\/2020\/06\/img_8552.jpg?resize=350%2C200&ssl=1 1x, https:\/\/i0.wp.com\/secureservercdn.net\/166.62.108.22\/cg1.af3.myftpupload.com\/wp-content\/uploads\/2020\/06\/img_8552.jpg?resize=525%2C300&ssl=1 1.5x, https:\/\/i0.wp.com\/secureservercdn.net\/166.62.108.22\/cg1.af3.myftpupload.com\/wp-content\/uploads\/2020\/06\/img_8552.jpg?resize=700%2C400&ssl=1 2x"},"classes":[]},{"id":34963,"url":"https:\/\/mexicocodigorojo.com.mx\/?p=34963","url_meta":{"origin":35611,"position":3},"title":"Jalisco confirma cinco casos positivos por COVID-19","author":"Staff","date":"marzo 17, 2020","format":false,"excerpt":"Fernando Petersen, secretario de Salud de Jalisco, detall\u00f3 en conferencia de prensa que hay dos portadores asintom\u00e1ticos en el estado Fernando Petersen\u00a0, secretario de Salud de\u00a0Jalisco, inform\u00f3 este martes que ya son cinco\u00a0personas que dieron\u00a0positivo\u00a0por\u00a0coronavirus\u00a0(COVID-19). Esto lo asever\u00f3 el funcionario de\u00a0Salud\u00a0estatal en una conferencia de prensa este martes, en donde\u2026","rel":"","context":"En \u00abJalisco\u00bb","block_context":{"text":"Jalisco","link":"https:\/\/mexicocodigorojo.com.mx\/?cat=8"},"img":{"alt_text":"","src":"https:\/\/i0.wp.com\/mexicocodigorojo.com.mx\/wp-content\/uploads\/2020\/03\/mujeres-con-cubrebocas-para-prevenir-el-coronavirus.jpg?fit=980%2C550&ssl=1&resize=350%2C200","width":350,"height":200,"srcset":"https:\/\/i0.wp.com\/mexicocodigorojo.com.mx\/wp-content\/uploads\/2020\/03\/mujeres-con-cubrebocas-para-prevenir-el-coronavirus.jpg?fit=980%2C550&ssl=1&resize=350%2C200 1x, https:\/\/i0.wp.com\/mexicocodigorojo.com.mx\/wp-content\/uploads\/2020\/03\/mujeres-con-cubrebocas-para-prevenir-el-coronavirus.jpg?fit=980%2C550&ssl=1&resize=525%2C300 1.5x, https:\/\/i0.wp.com\/mexicocodigorojo.com.mx\/wp-content\/uploads\/2020\/03\/mujeres-con-cubrebocas-para-prevenir-el-coronavirus.jpg?fit=980%2C550&ssl=1&resize=700%2C400 2x"},"classes":[]},{"id":36189,"url":"https:\/\/mexicocodigorojo.com.mx\/?p=36189","url_meta":{"origin":35611,"position":4},"title":"Se confirma segunda v\u00edctima en Tamaulipas por COVID-19","author":"Staff","date":"abril 4, 2020","format":false,"excerpt":"\u25cf La segunda v\u00edctima es de Nuevo Laredo. \u25cf Falleci\u00f3 al mediod\u00eda de hoy. CIUDAD VICTORIA, Tamaulipas.- El Gobierno de Tamaulipas a trav\u00e9s de la Secretar\u00eda de Salud confirma el segundo fallecimiento por COVID-19, se trata de un hombre de 70 a\u00f1os de edad residente de Nuevo Laredo. El paciente,\u2026","rel":"","context":"En \u00abTamaulipas\u00bb","block_context":{"text":"Tamaulipas","link":"https:\/\/mexicocodigorojo.com.mx\/?cat=2"},"img":{"alt_text":"","src":"","width":0,"height":0},"classes":[]},{"id":37860,"url":"https:\/\/mexicocodigorojo.com.mx\/?p=37860","url_meta":{"origin":35611,"position":5},"title":"Mueren 85 empleados del Gobierno de la Ciudad de M\u00e9xico por COVID-19","author":"Staff","date":"mayo 13, 2020","format":false,"excerpt":"La\u00a0Secretar\u00eda de Salud de la Ciudad de M\u00e9xico es la dependencia con el mayor n\u00famero de empleados enfermos de COVID-19 y la segunda con m\u00e1s decesos En lo que va de la\u00a0pandemia de COVID-19\u00a0en el pa\u00eds, dentro del\u00a0Gobierno de la\u00a0Ciudad de M\u00e9xico\u00a0suman 682 casos confirmados de la enfermedad y 85\u2026","rel":"","context":"En \u00abCiudad de M\u00e9xico\u00bb","block_context":{"text":"Ciudad de M\u00e9xico","link":"https:\/\/mexicocodigorojo.com.mx\/?cat=101"},"img":{"alt_text":"","src":"https:\/\/i0.wp.com\/mexicocodigorojo.com.mx\/wp-content\/uploads\/2020\/05\/medico-del-hospital-general-de-mexico-dr-eduardo-liceaga.jpg?fit=980%2C550&ssl=1&resize=350%2C200","width":350,"height":200,"srcset":"https:\/\/i0.wp.com\/mexicocodigorojo.com.mx\/wp-content\/uploads\/2020\/05\/medico-del-hospital-general-de-mexico-dr-eduardo-liceaga.jpg?fit=980%2C550&ssl=1&resize=350%2C200 1x, https:\/\/i0.wp.com\/mexicocodigorojo.com.mx\/wp-content\/uploads\/2020\/05\/medico-del-hospital-general-de-mexico-dr-eduardo-liceaga.jpg?fit=980%2C550&ssl=1&resize=525%2C300 1.5x, https:\/\/i0.wp.com\/mexicocodigorojo.com.mx\/wp-content\/uploads\/2020\/05\/medico-del-hospital-general-de-mexico-dr-eduardo-liceaga.jpg?fit=980%2C550&ssl=1&resize=700%2C400 2x"},"classes":[]}],"jetpack_sharing_enabled":true,"jetpack_likes_enabled":true,"jetpack_shortlink":"https:\/\/wp.me\/p9TedA-9gn","_links":{"self":[{"href":"https:\/\/mexicocodigorojo.com.mx\/index.php?rest_route=\/wp\/v2\/posts\/35611","targetHints":{"allow":["GET"]}}],"collection":[{"href":"https:\/\/mexicocodigorojo.com.mx\/index.php?rest_route=\/wp\/v2\/posts"}],"about":[{"href":"https:\/\/mexicocodigorojo.com.mx\/index.php?rest_route=\/wp\/v2\/types\/post"}],"author":[{"embeddable":true,"href":"https:\/\/mexicocodigorojo.com.mx\/index.php?rest_route=\/wp\/v2\/users\/5"}],"replies":[{"embeddable":true,"href":"https:\/\/mexicocodigorojo.com.mx\/index.php?rest_route=%2Fwp%2Fv2%2Fcomments&post=35611"}],"version-history":[{"count":0,"href":"https:\/\/mexicocodigorojo.com.mx\/index.php?rest_route=\/wp\/v2\/posts\/35611\/revisions"}],"wp:featuredmedia":[{"embeddable":true,"href":"https:\/\/mexicocodigorojo.com.mx\/index.php?rest_route=\/wp\/v2\/media\/35612"}],"wp:attachment":[{"href":"https:\/\/mexicocodigorojo.com.mx\/index.php?rest_route=%2Fwp%2Fv2%2Fmedia&parent=35611"}],"wp:term":[{"taxonomy":"category","embeddable":true,"href":"https:\/\/mexicocodigorojo.com.mx\/index.php?rest_route=%2Fwp%2Fv2%2Fcategories&post=35611"},{"taxonomy":"post_tag","embeddable":true,"href":"https:\/\/mexicocodigorojo.com.mx\/index.php?rest_route=%2Fwp%2Fv2%2Ftags&post=35611"}],"curies":[{"name":"wp","href":"https:\/\/api.w.org\/{rel}","templated":true}]}}