{"id":35490,"date":"2020-03-25T16:05:49","date_gmt":"2020-03-25T22:05:49","guid":{"rendered":"https:\/\/mexicocodigorojo.com.mx\/?p=35490"},"modified":"2020-03-25T16:05:49","modified_gmt":"2020-03-25T22:05:49","slug":"suman-cinco-casos-positivos-de-covid-19-en-baja-california-sur","status":"publish","type":"post","link":"https:\/\/mexicocodigorojo.com.mx\/?p=35490","title":{"rendered":"Suman cinco casos positivos de COVID-19 en Baja California Sur"},"content":{"rendered":"<div class=\"article__singular--teaser\">\n<h2>El secretario de Salud en Baja California Sur report\u00f3 tres nuevos casos positivos de COVID-19 en Los Cabos, por lo que suman cinco en el estado<\/h2>\n<\/div>\n<div class=\"sp--share-buttons item__article--shares\">\n<p>Autoridades de Salud en\u00a0<strong>Baja California Sur<\/strong>\u00a0reportaron\u00a0<strong>tres nuevos casos positivos<\/strong>\u00a0de coronavirus\u00a0<strong>COVID-19<\/strong>\u00a0en<strong>\u00a0Los Cabos<\/strong>, por lo que suman cinco en el estado.<\/p>\n<p>En redes sociales, el secretario de Salud en la entidad,\u00a0<a href=\"https:\/\/twitter.com\/VictorGeorgeSSA\" target=\"_blank\" rel=\"noopener noreferrer\">V\u00edctor George<\/a>, dio a conocer que la detecci\u00f3n fue producto de la vigilancia epidemiol\u00f3gica establecida por la dependencia a su cargo.<\/p>\n<div class=\"embed embed--twitter\">\n<blockquote class=\"twitter-tweet twitter-tweet-error\" data-data-dnt=\"true\" data-twitter-extracted-i1585170625867693886=\"true\">\n<p dir=\"ltr\" lang=\"es\">Producto de los vigilancia epidemiol\u00f3gica establecida por la\u00a0<a href=\"https:\/\/twitter.com\/SSA_BCS?ref_src=twsrc%5Etfw\">@SSA_BCS<\/a>, confirmamos tres nuevos casos positivos por Covid-19 en Los Cabos.<\/p>\n<p>\u2014 V\u00edctor George (@VictorGeorgeSSA)\u00a0<a href=\"https:\/\/twitter.com\/VictorGeorgeSSA\/status\/1242681808145309702?ref_src=twsrc%5Etfw\">March 25, 2020<\/a><\/p><\/blockquote>\n<\/div>\n<p>El funcionario reiter\u00f3 el llamado a la poblaci\u00f3n para que con solidaridad y responsabilidad aplique las\u00a0<strong>medidas de prevenci\u00f3n<\/strong>\u00a0y siga las recomendaciones contempladas en la Jornada Nacional de Sana Distancia.<\/p>\n<div class=\"embed embed--twitter\">\n<blockquote class=\"twitter-tweet twitter-tweet-error\" data-data-dnt=\"true\" data-twitter-extracted-i1585170625867693886=\"true\">\n<p dir=\"ltr\" lang=\"es\">Reiteramos el llamado a la poblaci\u00f3n para que con solidaridad y responsabilidad aplique las medidas de prevenci\u00f3n y siga las recomendaciones contempladas en la Jornada Nacional de Sana Distancia.\u00a0<a href=\"https:\/\/twitter.com\/hashtag\/BCSCuentaConNosotros?src=hash&amp;ref_src=twsrc%5Etfw\">#BCSCuentaConNosotros<\/a>\u00a0<a href=\"https:\/\/twitter.com\/hashtag\/Qu%C3%A9dateEnCasa?src=hash&amp;ref_src=twsrc%5Etfw\">#Qu\u00e9dateEnCasa<\/a><a href=\"https:\/\/twitter.com\/hashtag\/SanaDistancia?src=hash&amp;ref_src=twsrc%5Etfw\">#SanaDistancia<\/a><\/p>\n<p>\u2014 V\u00edctor George (@VictorGeorgeSSA)\u00a0<a href=\"https:\/\/twitter.com\/VictorGeorgeSSA\/status\/1242683769515126784?ref_src=twsrc%5Etfw\">March 25, 2020<\/a><\/p><\/blockquote>\n<\/div>\n<p>Este martes, el gobernador\u00a0<a href=\"https:\/\/twitter.com\/cmendozadavis\" target=\"_blank\" rel=\"noopener noreferrer\"><strong>Carlos Mendoza Davis<\/strong><\/a>\u00a0se\u00f1al\u00f3 que en apego a los protocolos de Sana Distancia, encabez\u00f3 la sesi\u00f3n extraordinaria del Comit\u00e9 de Seguridad en Salud.<\/p>\n<p>A\u00f1adi\u00f3 que exhort\u00f3 a los integrantes a mantenerse en alerta y tomar todas las medidas para hacer frente a los efectos que tendr\u00e1 en Baja California Sur la\u00a0<strong>contingencia<\/strong>\u00a0por COVID-19.<\/p>\n<div class=\"embed embed--twitter\">\n<blockquote class=\"twitter-tweet twitter-tweet-error\" data-data-dnt=\"true\" data-twitter-extracted-i1585170625867693886=\"true\">\n<p dir=\"ltr\" lang=\"es\">Siguiendo los protocolos de\u00a0<a href=\"https:\/\/twitter.com\/hashtag\/SanaDistancia?src=hash&amp;ref_src=twsrc%5Etfw\">#SanaDistancia<\/a>, encabec\u00e9 la sesi\u00f3n extraordinaria del Comit\u00e9 de Seguridad en Salud, donde exhort\u00e9 a los integrantes a mantenerse en alerta y tomar todas las medidas para hacer frente a los efectos que tendr\u00e1 en\u00a0<a href=\"https:\/\/twitter.com\/hashtag\/BCS?src=hash&amp;ref_src=twsrc%5Etfw\">#BCS<\/a>\u00a0la contingencia por\u00a0<a href=\"https:\/\/twitter.com\/hashtag\/COVID19?src=hash&amp;ref_src=twsrc%5Etfw\">#COVID19<\/a>. (1\/4)\u00a0<a href=\"https:\/\/t.co\/xFbYQFX9Sq\">pic.twitter.com\/xFbYQFX9Sq<\/a><\/p>\n<p>\u2014 Carlos Mendoza Davis (@cmendozadavis)\u00a0<a href=\"https:\/\/twitter.com\/cmendozadavis\/status\/1242587465803649024?ref_src=twsrc%5Etfw\">March 24, 2020<\/a><\/p><\/blockquote>\n<\/div>\n<p>El s\u00e1bado pasado, Mendoza Davis dio a conocer que la entidad\u00a0<span class=\"css-901oao css-16my406 r-1qd0xha r-ad9z0x r-bcqeeo r-qvutc0\">registr\u00f3 su\u00a0<a href=\"https:\/\/lopezdoriga.com\/nacional\/confirman-primer-caso-de-covid-19-en-baja-california-sur\/\" target=\"_blank\" rel=\"noopener noreferrer\">primer caso de coronavirus\u00a0<strong>COVID-19<\/strong><\/a>.<\/span><\/p>\n<div class=\"post--content rvfs-4\" data-rvfs=\"4\">\n<p>Con informaci\u00f3n de Notimex<\/p>\n<\/div>\n<\/div>\n","protected":false},"excerpt":{"rendered":"<p>El secretario de Salud en Baja California Sur report\u00f3 tres nuevos casos positivos de COVID-19 en Los Cabos, por lo que suman cinco en el estado Autoridades de Salud en\u00a0Baja California Sur\u00a0reportaron\u00a0tres nuevos casos positivos\u00a0de coronavirus\u00a0COVID-19\u00a0en\u00a0Los Cabos, por lo que suman cinco en el estado. En redes sociales, el secretario de Salud en la entidad,\u00a0V\u00edctor [&hellip;]<\/p>\n","protected":false},"author":5,"featured_media":35491,"comment_status":"closed","ping_status":"closed","sticky":false,"template":"","format":"standard","meta":{"_uf_show_specific_survey":0,"_uf_disable_surveys":false,"advanced_seo_description":"","jetpack_seo_html_title":"","jetpack_seo_noindex":false,"jetpack_post_was_ever_published":false,"_jetpack_newsletter_access":"","_jetpack_dont_email_post_to_subs":false,"_jetpack_newsletter_tier_id":0,"_jetpack_memberships_contains_paywalled_content":false,"_jetpack_memberships_contains_paid_content":false,"footnotes":"","jetpack_publicize_message":"","jetpack_publicize_feature_enabled":true,"jetpack_social_post_already_shared":false,"jetpack_social_options":{"image_generator_settings":{"template":"highway","default_image_id":0,"font":"","enabled":false},"version":2}},"categories":[134],"tags":[1499],"class_list":{"0":"post-35490","1":"post","2":"type-post","3":"status-publish","4":"format-standard","5":"has-post-thumbnail","7":"category-baja-california-sur","8":"tag-covid-19"},"jetpack_publicize_connections":[],"jetpack_featured_media_url":"https:\/\/i0.wp.com\/mexicocodigorojo.com.mx\/wp-content\/uploads\/2020\/03\/baja-california-sur-covid-19-coronavirus.jpg?fit=980%2C550&ssl=1","jetpack-related-posts":[{"id":35615,"url":"https:\/\/mexicocodigorojo.com.mx\/?p=35615","url_meta":{"origin":35490,"position":0},"title":"Suman 10 casos positivos de COVID-19 en Baja California Sur","author":"Staff","date":"marzo 27, 2020","format":false,"excerpt":"El gobernador de Baja California Sur recomend\u00f3 seguir las medidas de prevenci\u00f3n como higiene, mantener la sana distancia y quedarse en casa El gobernador de\u00a0Baja California Sur, Carlos Mendoza Davis, inform\u00f3 que dos personas dieron positivo a la prueba de\u00a0COVID-19, con lo que suman 10 en la entidad. A trav\u00e9s\u2026","rel":"","context":"En \u00abBaja California Sur\u00bb","block_context":{"text":"Baja California Sur","link":"https:\/\/mexicocodigorojo.com.mx\/?cat=134"},"img":{"alt_text":"","src":"https:\/\/i0.wp.com\/mexicocodigorojo.com.mx\/wp-content\/uploads\/2020\/03\/covid-19-bcs-baja-california-sur-coronavirus.jpg?fit=980%2C550&ssl=1&resize=350%2C200","width":350,"height":200,"srcset":"https:\/\/i0.wp.com\/mexicocodigorojo.com.mx\/wp-content\/uploads\/2020\/03\/covid-19-bcs-baja-california-sur-coronavirus.jpg?fit=980%2C550&ssl=1&resize=350%2C200 1x, https:\/\/i0.wp.com\/mexicocodigorojo.com.mx\/wp-content\/uploads\/2020\/03\/covid-19-bcs-baja-california-sur-coronavirus.jpg?fit=980%2C550&ssl=1&resize=525%2C300 1.5x, https:\/\/i0.wp.com\/mexicocodigorojo.com.mx\/wp-content\/uploads\/2020\/03\/covid-19-bcs-baja-california-sur-coronavirus.jpg?fit=980%2C550&ssl=1&resize=700%2C400 2x"},"classes":[]},{"id":36646,"url":"https:\/\/mexicocodigorojo.com.mx\/?p=36646","url_meta":{"origin":35490,"position":1},"title":"El IMSS reporta cinco trabajadores de la salud muertos y 89 contagiados por covid-19","author":"Staff","date":"abril 10, 2020","format":false,"excerpt":"CIUDAD DE M\u00c9XICO.\u2014 A 41 d\u00edas de haberse confirmado el primer caso de coronavirus en M\u00e9xico, en el Instituto Mexicano del Seguro Social (IMSS) ya han fallecido cinco miembros de su personal y por lo menos 89 han sido infectados en cuatro entidades federativas, seg\u00fan informes presentados por el director\u2026","rel":"","context":"En \u00abCiudad de M\u00e9xico\u00bb","block_context":{"text":"Ciudad de M\u00e9xico","link":"https:\/\/mexicocodigorojo.com.mx\/?cat=101"},"img":{"alt_text":"","src":"https:\/\/i0.wp.com\/mexicocodigorojo.com.mx\/wp-content\/uploads\/2020\/04\/trabajadores-IMSS-870x522-1.jpg?fit=870%2C522&ssl=1&resize=350%2C200","width":350,"height":200,"srcset":"https:\/\/i0.wp.com\/mexicocodigorojo.com.mx\/wp-content\/uploads\/2020\/04\/trabajadores-IMSS-870x522-1.jpg?fit=870%2C522&ssl=1&resize=350%2C200 1x, https:\/\/i0.wp.com\/mexicocodigorojo.com.mx\/wp-content\/uploads\/2020\/04\/trabajadores-IMSS-870x522-1.jpg?fit=870%2C522&ssl=1&resize=525%2C300 1.5x, https:\/\/i0.wp.com\/mexicocodigorojo.com.mx\/wp-content\/uploads\/2020\/04\/trabajadores-IMSS-870x522-1.jpg?fit=870%2C522&ssl=1&resize=700%2C400 2x"},"classes":[]},{"id":34963,"url":"https:\/\/mexicocodigorojo.com.mx\/?p=34963","url_meta":{"origin":35490,"position":2},"title":"Jalisco confirma cinco casos positivos por COVID-19","author":"Staff","date":"marzo 17, 2020","format":false,"excerpt":"Fernando Petersen, secretario de Salud de Jalisco, detall\u00f3 en conferencia de prensa que hay dos portadores asintom\u00e1ticos en el estado Fernando Petersen\u00a0, secretario de Salud de\u00a0Jalisco, inform\u00f3 este martes que ya son cinco\u00a0personas que dieron\u00a0positivo\u00a0por\u00a0coronavirus\u00a0(COVID-19). Esto lo asever\u00f3 el funcionario de\u00a0Salud\u00a0estatal en una conferencia de prensa este martes, en donde\u2026","rel":"","context":"En \u00abJalisco\u00bb","block_context":{"text":"Jalisco","link":"https:\/\/mexicocodigorojo.com.mx\/?cat=8"},"img":{"alt_text":"","src":"https:\/\/i0.wp.com\/mexicocodigorojo.com.mx\/wp-content\/uploads\/2020\/03\/mujeres-con-cubrebocas-para-prevenir-el-coronavirus.jpg?fit=980%2C550&ssl=1&resize=350%2C200","width":350,"height":200,"srcset":"https:\/\/i0.wp.com\/mexicocodigorojo.com.mx\/wp-content\/uploads\/2020\/03\/mujeres-con-cubrebocas-para-prevenir-el-coronavirus.jpg?fit=980%2C550&ssl=1&resize=350%2C200 1x, https:\/\/i0.wp.com\/mexicocodigorojo.com.mx\/wp-content\/uploads\/2020\/03\/mujeres-con-cubrebocas-para-prevenir-el-coronavirus.jpg?fit=980%2C550&ssl=1&resize=525%2C300 1.5x, https:\/\/i0.wp.com\/mexicocodigorojo.com.mx\/wp-content\/uploads\/2020\/03\/mujeres-con-cubrebocas-para-prevenir-el-coronavirus.jpg?fit=980%2C550&ssl=1&resize=700%2C400 2x"},"classes":[]},{"id":24651,"url":"https:\/\/mexicocodigorojo.com.mx\/?p=24651","url_meta":{"origin":35490,"position":3},"title":"COLECTIVOS DE BUSQUEDA DE PERSONAS DESAPARECIDAS HAR\u00c1N UNA B\u00daSQUEDA MASIVA EN LA PAZ &#038; LOS CABOS","author":"Staff","date":"octubre 2, 2019","format":false,"excerpt":"https:\/\/twitter.com\/SinCensuraMexic\/status\/1175159503014125568?s=19 San Jos\u00e9 del Cabo, Baja California Sur. - Colectivos de b\u00fasqueda en Baja California Sur (BCS) invitan a unirse a la b\u00fasqueda de personas desaparecidas, acciones que se estar\u00e1n desarrollando en los municipios de La Paz y Los Cabos. De acuerdo con informaci\u00f3n de colectivos como \u201cB\u00fasqueda x La\u2026","rel":"","context":"En \u00abBaja California Sur\u00bb","block_context":{"text":"Baja California Sur","link":"https:\/\/mexicocodigorojo.com.mx\/?cat=134"},"img":{"alt_text":"","src":"https:\/\/i0.wp.com\/secureservercdn.net\/166.62.108.22\/cg1.af3.myftpupload.com\/wp-content\/uploads\/2019\/10\/1569825710292cf-1019638500.jpg?resize=350%2C200&ssl=1","width":350,"height":200,"srcset":"https:\/\/i0.wp.com\/secureservercdn.net\/166.62.108.22\/cg1.af3.myftpupload.com\/wp-content\/uploads\/2019\/10\/1569825710292cf-1019638500.jpg?resize=350%2C200&ssl=1 1x, https:\/\/i0.wp.com\/secureservercdn.net\/166.62.108.22\/cg1.af3.myftpupload.com\/wp-content\/uploads\/2019\/10\/1569825710292cf-1019638500.jpg?resize=525%2C300&ssl=1 1.5x, https:\/\/i0.wp.com\/secureservercdn.net\/166.62.108.22\/cg1.af3.myftpupload.com\/wp-content\/uploads\/2019\/10\/1569825710292cf-1019638500.jpg?resize=700%2C400&ssl=1 2x"},"classes":[]},{"id":36386,"url":"https:\/\/mexicocodigorojo.com.mx\/?p=36386","url_meta":{"origin":35490,"position":4},"title":"Se aceleran contagios de Coronavirus en Tamaulipas","author":"Staff","date":"abril 6, 2020","format":false,"excerpt":"Desde el 1 de abril empez\u00f3 a incrementarse la detecci\u00f3n de casos de covid-19 en Tamaulipas, la mayor\u00eda en la frontera y en el sur CIUDAD VICTORIA, TAMAULIPAS.- En los \u00faltimos cinco d\u00edas comenz\u00f3 un crecimiento exponencial de los casos confirmados de Covid-19 en Tamaulipas. El 31 de marzo, el\u2026","rel":"","context":"En \u00abTamaulipas\u00bb","block_context":{"text":"Tamaulipas","link":"https:\/\/mexicocodigorojo.com.mx\/?cat=2"},"img":{"alt_text":"","src":"https:\/\/i0.wp.com\/mexicocodigorojo.com.mx\/wp-content\/uploads\/2020\/04\/coronavirus-tamaulipas.jpg?fit=764%2C400&ssl=1&resize=350%2C200","width":350,"height":200,"srcset":"https:\/\/i0.wp.com\/mexicocodigorojo.com.mx\/wp-content\/uploads\/2020\/04\/coronavirus-tamaulipas.jpg?fit=764%2C400&ssl=1&resize=350%2C200 1x, https:\/\/i0.wp.com\/mexicocodigorojo.com.mx\/wp-content\/uploads\/2020\/04\/coronavirus-tamaulipas.jpg?fit=764%2C400&ssl=1&resize=525%2C300 1.5x, https:\/\/i0.wp.com\/mexicocodigorojo.com.mx\/wp-content\/uploads\/2020\/04\/coronavirus-tamaulipas.jpg?fit=764%2C400&ssl=1&resize=700%2C400 2x"},"classes":[]},{"id":39752,"url":"https:\/\/mexicocodigorojo.com.mx\/?p=39752","url_meta":{"origin":35490,"position":5},"title":"COVID-19 en M\u00e9xico: suman 17,580 muertos y 150,264 casos confirmados","author":"Staff","date":"junio 16, 2020","format":false,"excerpt":"Del total de contagios, \u00fanicamente 20,392 personas han presentado s\u00edntomas en los \u00faltimos 14 d\u00edas En el d\u00eda 15 del regreso a la \u201cnueva normalidad\u201d, estrategia que pretende lograr la reapertura ordenada, gradual y escalonada de la vida econ\u00f3mica, social y educativa del pa\u00eds, la Secretar\u00eda de Salud (SSa) inform\u00f3\u2026","rel":"","context":"En \u00abCiudad de M\u00e9xico\u00bb","block_context":{"text":"Ciudad de M\u00e9xico","link":"https:\/\/mexicocodigorojo.com.mx\/?cat=101"},"img":{"alt_text":"","src":"https:\/\/i0.wp.com\/secureservercdn.net\/166.62.108.22\/cg1.af3.myftpupload.com\/wp-content\/uploads\/2020\/06\/img_8552.jpg?resize=350%2C200&ssl=1","width":350,"height":200,"srcset":"https:\/\/i0.wp.com\/secureservercdn.net\/166.62.108.22\/cg1.af3.myftpupload.com\/wp-content\/uploads\/2020\/06\/img_8552.jpg?resize=350%2C200&ssl=1 1x, https:\/\/i0.wp.com\/secureservercdn.net\/166.62.108.22\/cg1.af3.myftpupload.com\/wp-content\/uploads\/2020\/06\/img_8552.jpg?resize=525%2C300&ssl=1 1.5x, https:\/\/i0.wp.com\/secureservercdn.net\/166.62.108.22\/cg1.af3.myftpupload.com\/wp-content\/uploads\/2020\/06\/img_8552.jpg?resize=700%2C400&ssl=1 2x"},"classes":[]}],"jetpack_sharing_enabled":true,"jetpack_likes_enabled":true,"jetpack_shortlink":"https:\/\/wp.me\/p9TedA-9eq","_links":{"self":[{"href":"https:\/\/mexicocodigorojo.com.mx\/index.php?rest_route=\/wp\/v2\/posts\/35490","targetHints":{"allow":["GET"]}}],"collection":[{"href":"https:\/\/mexicocodigorojo.com.mx\/index.php?rest_route=\/wp\/v2\/posts"}],"about":[{"href":"https:\/\/mexicocodigorojo.com.mx\/index.php?rest_route=\/wp\/v2\/types\/post"}],"author":[{"embeddable":true,"href":"https:\/\/mexicocodigorojo.com.mx\/index.php?rest_route=\/wp\/v2\/users\/5"}],"replies":[{"embeddable":true,"href":"https:\/\/mexicocodigorojo.com.mx\/index.php?rest_route=%2Fwp%2Fv2%2Fcomments&post=35490"}],"version-history":[{"count":0,"href":"https:\/\/mexicocodigorojo.com.mx\/index.php?rest_route=\/wp\/v2\/posts\/35490\/revisions"}],"wp:featuredmedia":[{"embeddable":true,"href":"https:\/\/mexicocodigorojo.com.mx\/index.php?rest_route=\/wp\/v2\/media\/35491"}],"wp:attachment":[{"href":"https:\/\/mexicocodigorojo.com.mx\/index.php?rest_route=%2Fwp%2Fv2%2Fmedia&parent=35490"}],"wp:term":[{"taxonomy":"category","embeddable":true,"href":"https:\/\/mexicocodigorojo.com.mx\/index.php?rest_route=%2Fwp%2Fv2%2Fcategories&post=35490"},{"taxonomy":"post_tag","embeddable":true,"href":"https:\/\/mexicocodigorojo.com.mx\/index.php?rest_route=%2Fwp%2Fv2%2Ftags&post=35490"}],"curies":[{"name":"wp","href":"https:\/\/api.w.org\/{rel}","templated":true}]}}