{"id":3543,"date":"2018-09-21T01:54:16","date_gmt":"2018-09-21T01:54:16","guid":{"rendered":"https:\/\/mexicocodigorojo.com.mx\/?p=3543"},"modified":"2018-09-21T01:54:16","modified_gmt":"2018-09-21T01:54:16","slug":"niegan-nuevo-aplazamiento-en-fecha-de-juicio-de-el-chapo","status":"publish","type":"post","link":"https:\/\/mexicocodigorojo.com.mx\/?p=3543","title":{"rendered":"Niegan nuevo aplazamiento en fecha de juicio de \u201cEl Chapo\u201d"},"content":{"rendered":"<p style=\"box-sizing:border-box; margin:0px0px16px; color:rgb(45,45,45); font-family:\" opensans\",serif; font-style:normal; font-variant-ligatures:normal; font-variant-caps:normal; font-weight:400; letter-spacing:normal; orphans:2text-indent:0px; text-transform:none; white-space:normal; widows:2; word-spacing:0px; -webkit-text-stroke-width:0px; background-color:rgb(255,255,255); text-decoration-style:initial; text-decoration-color:initial; text-align:left;\">El juez estadounidense que est\u00e1 al frente del caso contra Joaqu\u00edn \u201c<strong style=\"box-sizing: border-box; font-weight: bold;\">El Chapo\u201d Guzm\u00e1n<\/strong>, descart\u00f3 de forma definitiva un nuevo aplazamiento de la fecha de inicio del juicio.<\/p>\n<p style=\"box-sizing:border-box; margin:0px0px16px; color:rgb(45,45,45); font-family:\" opensans\",serif; font-style:normal; font-variant-ligatures:normal; font-variant-caps:normal; font-weight:400; letter-spacing:normal; orphans:2text-indent:0px; text-transform:none; white-space:normal; widows:2; word-spacing:0px; -webkit-text-stroke-width:0px; background-color:rgb(255,255,255); text-decoration-style:initial; text-decoration-color:initial; text-align:left;\">La llegada de un nuevo abogado,<span> <\/span><strong style=\"box-sizing: border-box; font-weight: bold;\">Jeffrey Litchman<\/strong>, a la defensa del capo mexicano, servir\u00eda como excusa para solicitar que una vez m\u00e1s se postergara el juicio, pero no fue as\u00ed.<\/p>\n<p style=\"box-sizing:border-box; margin:0px0px16px; color:rgb(45,45,45); font-family:\" opensans\",serif; font-style:normal; font-variant-ligatures:normal; font-variant-caps:normal; font-weight:400; letter-spacing:normal; orphans:2text-indent:0px; text-transform:none; white-space:normal; widows:2; word-spacing:0px; -webkit-text-stroke-width:0px; background-color:rgb(255,255,255); text-decoration-style:initial; text-decoration-color:initial; text-align:left;\">La nueva defensa de \u201cEl Chapo\u201d argument\u00f3 que no ten\u00eda tiempo suficiente para revisar los miles de documentos probatorios, pero el juez revir\u00f3 que el narcotraficante tiene un equipo trabajando en su caso desde hace meses.<\/p>\n<h2 style=\"box-sizing:border-box; font-weight:500; line-height:1.1; margin:5px0px8px; font-size:24px; font-family:Roboto,sans-serif; padding-top:18px; color:rgb(45,45,45); font-style:normal; font-variant-ligatures:normal; font-variant-caps:normal; letter-spacing:normal; orphans:2text-indent:0px; text-transform:none; white-space:normal; widows:2; word-spacing:0px; -webkit-text-stroke-width:0px; background-color:rgb(255,255,255); text-decoration-style:initial; text-decoration-color:initial; text-align:left;\">Pr\u00f3ximos juicios<\/h2>\n<p style=\"box-sizing:border-box; margin:0px0px16px; color:rgb(45,45,45); font-family:\" opensans\",serif; font-style:normal; font-variant-ligatures:normal; font-variant-caps:normal; font-weight:400; letter-spacing:normal; orphans:2text-indent:0px; text-transform:none; white-space:normal; widows:2; word-spacing:0px; -webkit-text-stroke-width:0px; background-color:rgb(255,255,255); text-decoration-style:initial; text-decoration-color:initial; text-align:left;\">En la audiencia de este jueves Guzm\u00e1n Loera pudo ver a su esposa,<span> <\/span><strong style=\"box-sizing: border-box; font-weight: bold;\">Emma Coronel<\/strong>, por primera vez desde su extradici\u00f3n a Estados Unidos.<\/p>\n<p style=\"box-sizing:border-box; margin:0px0px16px; color:rgb(45,45,45); font-family:\" opensans\",serif; font-style:normal; font-variant-ligatures:normal; font-variant-caps:normal; font-weight:400; letter-spacing:normal; orphans:2text-indent:0px; text-transform:none; white-space:normal; widows:2; word-spacing:0px; -webkit-text-stroke-width:0px; background-color:rgb(255,255,255); text-decoration-style:initial; text-decoration-color:initial; text-align:left;\">Por tanto, el capo sinaloense se enfrentar\u00e1 a la<span> <\/span><strong style=\"box-sizing: border-box; font-weight: bold;\">Corte de Nueva York<\/strong><span> <\/span>a partir del cinco de noviembre.<\/p>\n<p style=\"box-sizing:border-box; margin:0px0px16px; color:rgb(45,45,45); font-family:\" opensans\",serif; font-style:normal; font-variant-ligatures:normal; font-variant-caps:normal; font-weight:400; letter-spacing:normal; orphans:2text-indent:0px; text-transform:none; white-space:normal; widows:2; word-spacing:0px; -webkit-text-stroke-width:0px; background-color:rgb(255,255,255); text-decoration-style:initial; text-decoration-color:initial; text-align:left;\">La pr\u00f3xima cita en la<span><strong style=\"box-sizing: border-box; font-weight: bold;\"> <\/strong><\/span><strong style=\"box-sizing: border-box; font-weight: bold;\">corte de Brooklyn<\/strong><span> <\/span>ser\u00e1 el 10 de octubre, en la que se prev\u00e9 sea la pen\u00faltima antes del juicio del d\u00e9cimo primer mes del a\u00f1o.<\/p>\n","protected":false},"excerpt":{"rendered":"<p>El juez estadounidense que est\u00e1 al frente del caso contra Joaqu\u00edn \u201cEl Chapo\u201d Guzm\u00e1n, descart\u00f3 de forma definitiva un nuevo aplazamiento de la fecha de inicio del juicio. La llegada de un nuevo abogado, Jeffrey Litchman, a la defensa del capo mexicano, servir\u00eda como excusa para solicitar que una vez m\u00e1s se postergara el juicio, [&hellip;]<\/p>\n","protected":false},"author":5,"featured_media":0,"comment_status":"open","ping_status":"open","sticky":false,"template":"","format":"standard","meta":{"_uf_show_specific_survey":0,"_uf_disable_surveys":false,"advanced_seo_description":"","jetpack_seo_html_title":"","jetpack_seo_noindex":false,"jetpack_post_was_ever_published":false,"_jetpack_newsletter_access":"","_jetpack_dont_email_post_to_subs":false,"_jetpack_newsletter_tier_id":0,"_jetpack_memberships_contains_paywalled_content":false,"_jetpack_memberships_contains_paid_content":false,"footnotes":"","jetpack_publicize_message":"","jetpack_publicize_feature_enabled":true,"jetpack_social_post_already_shared":false,"jetpack_social_options":{"image_generator_settings":{"template":"highway","default_image_id":0,"font":"","enabled":false},"version":2}},"categories":[41],"tags":[72,12],"class_list":{"0":"post-3543","1":"post","2":"type-post","3":"status-publish","4":"format-standard","6":"category-sinaloa","7":"tag-cds","8":"tag-crimen-organizado"},"jetpack_publicize_connections":[],"jetpack_featured_media_url":"","jetpack-related-posts":[{"id":3690,"url":"https:\/\/mexicocodigorojo.com.mx\/?p=3690","url_meta":{"origin":3543,"position":0},"title":"Juez rega\u00f1a a \u201cEl Chapo\u201d por distraerse con Emma Coronel; Fiscal\u00eda lo vincula con 20 asesinatos","author":"Staff","date":"septiembre 22, 2018","format":false,"excerpt":"El juez Brian Cogan, quien lleva el juicio contra Joaqu\u00edn Archivaldo Guzm\u00e1n Loera, alias \u201cEl Chapo\u201d, tuvo que alzar la voz para llamar la atenci\u00f3n del capo sinaloense, quien se encontraba absorto viendo fijamente a su pareja sentimental, Emma Coronel Aispuro, quien se sent\u00f3 en uno de los bancos para\u2026","rel":"","context":"En \u00abSinaloa\u00bb","block_context":{"text":"Sinaloa","link":"https:\/\/mexicocodigorojo.com.mx\/?cat=41"},"img":{"alt_text":"","src":"https:\/\/i0.wp.com\/mexicocodigorojo.com.mx\/wp-content\/uploads\/2018\/09\/IMG_20180921_205649.jpg?resize=350%2C200&ssl=1","width":350,"height":200},"classes":[]},{"id":15758,"url":"https:\/\/mexicocodigorojo.com.mx\/?p=15758","url_meta":{"origin":3543,"position":1},"title":"Defensa de El Chapo pide repetir juicio","author":"Staff","date":"marzo 26, 2019","format":false,"excerpt":"CIUDAD DE M\u00c9XICO (apro).- La defensa de Joaqu\u00edn \u00a0El Chapo Guzm\u00e1n pidi\u00f3 hoy la repetici\u00f3n del juicio contra el exl\u00edder del C\u00e1rtel de Sinaloa, tras la publicaci\u00f3n de una nota period\u00edstica en las que se afirma que algunos integrantes del jurado no cumplieron las normas impuestas por el juez Brian\u2026","rel":"","context":"En \u00abInternacional\u00bb","block_context":{"text":"Internacional","link":"https:\/\/mexicocodigorojo.com.mx\/?cat=14"},"img":{"alt_text":"El Juicio Chapo","src":"https:\/\/i0.wp.com\/mexicocodigorojo.com.mx\/wp-content\/uploads\/2019\/03\/AP_19043742292164-e1550079644257.jpg?fit=1200%2C900&ssl=1&resize=350%2C200","width":350,"height":200,"srcset":"https:\/\/i0.wp.com\/mexicocodigorojo.com.mx\/wp-content\/uploads\/2019\/03\/AP_19043742292164-e1550079644257.jpg?fit=1200%2C900&ssl=1&resize=350%2C200 1x, https:\/\/i0.wp.com\/mexicocodigorojo.com.mx\/wp-content\/uploads\/2019\/03\/AP_19043742292164-e1550079644257.jpg?fit=1200%2C900&ssl=1&resize=525%2C300 1.5x, https:\/\/i0.wp.com\/mexicocodigorojo.com.mx\/wp-content\/uploads\/2019\/03\/AP_19043742292164-e1550079644257.jpg?fit=1200%2C900&ssl=1&resize=700%2C400 2x, https:\/\/i0.wp.com\/mexicocodigorojo.com.mx\/wp-content\/uploads\/2019\/03\/AP_19043742292164-e1550079644257.jpg?fit=1200%2C900&ssl=1&resize=1050%2C600 3x"},"classes":[]},{"id":14472,"url":"https:\/\/mexicocodigorojo.com.mx\/?p=14472","url_meta":{"origin":3543,"position":2},"title":"\u00abDO\u00d1A CHELO\u00bb MADRE del \u00abCHAPO\u00bb PIDE al PRESIDENTE LOPEZ OBRADOR TRAIGA de VUELTA al CAPO","author":"Staff","date":"febrero 23, 2019","format":false,"excerpt":"Mar\u00eda Consuelo Loera P\u00e9rez, madre de Joaqu\u00edn \"El Chapo\" Guzm\u00e1n, declarado culpable en juicio en Estados Unidos, pidi\u00f3 al Presidente Andr\u00e9s Manuel L\u00f3pez Obrador interceder para que sea devuelto en extradici\u00f3n a M\u00e9xico. La mujer entreg\u00f3 al Mandatario una carta en la que acusa que el capo fue extraditado a\u2026","rel":"","context":"En \u00abFeatured\u00bb","block_context":{"text":"Featured","link":"https:\/\/mexicocodigorojo.com.mx\/?cat=1724"},"img":{"alt_text":"AMLO Carta de madre del chapo","src":"https:\/\/i0.wp.com\/mexicocodigorojo.com.mx\/wp-content\/uploads\/2019\/02\/Screen-Shot-2019-02-22-at-18.11.41.png?fit=602%2C312&ssl=1&resize=350%2C200","width":350,"height":200,"srcset":"https:\/\/i0.wp.com\/mexicocodigorojo.com.mx\/wp-content\/uploads\/2019\/02\/Screen-Shot-2019-02-22-at-18.11.41.png?fit=602%2C312&ssl=1&resize=350%2C200 1x, https:\/\/i0.wp.com\/mexicocodigorojo.com.mx\/wp-content\/uploads\/2019\/02\/Screen-Shot-2019-02-22-at-18.11.41.png?fit=602%2C312&ssl=1&resize=525%2C300 1.5x"},"classes":[]},{"id":20132,"url":"https:\/\/mexicocodigorojo.com.mx\/?p=20132","url_meta":{"origin":3543,"position":3},"title":"Cr\u00edmenes, sobornos, expresidentes en n\u00f3mina y m\u00e1s revelaciones en juicio de \u2018El Chapo\u2019","author":"Staff","date":"julio 15, 2019","format":false,"excerpt":"Durante el juicio de \u2018El Chapo\u2019 tambi\u00e9n llamado \u2018Juicio del siglo\u2019 se hicieron grandes revelaciones, donde salieron a relucir sobornos tanto a elementos de seguridad como para expresidentes El pasado 12 de febrero Joaqu\u00edn \u201cEl Chapo\u201d Guzm\u00e1n fue declarado culpable por ser el l\u00edder del c\u00e1rtel de Sinaloa, traficando gran\u2026","rel":"","context":"En \u00abCiudad de M\u00e9xico\u00bb","block_context":{"text":"Ciudad de M\u00e9xico","link":"https:\/\/mexicocodigorojo.com.mx\/?cat=101"},"img":{"alt_text":"","src":"https:\/\/i0.wp.com\/mexicocodigorojo.com.mx\/wp-content\/uploads\/2019\/07\/crixmenesx_sobornosx_expresidentes_en_noxmina_y_maxs_revelaciones_en_juicio_de_xel_chapox2.jpg_793492074.jpg?fit=718%2C452&ssl=1&resize=350%2C200","width":350,"height":200,"srcset":"https:\/\/i0.wp.com\/mexicocodigorojo.com.mx\/wp-content\/uploads\/2019\/07\/crixmenesx_sobornosx_expresidentes_en_noxmina_y_maxs_revelaciones_en_juicio_de_xel_chapox2.jpg_793492074.jpg?fit=718%2C452&ssl=1&resize=350%2C200 1x, https:\/\/i0.wp.com\/mexicocodigorojo.com.mx\/wp-content\/uploads\/2019\/07\/crixmenesx_sobornosx_expresidentes_en_noxmina_y_maxs_revelaciones_en_juicio_de_xel_chapox2.jpg_793492074.jpg?fit=718%2C452&ssl=1&resize=525%2C300 1.5x, https:\/\/i0.wp.com\/mexicocodigorojo.com.mx\/wp-content\/uploads\/2019\/07\/crixmenesx_sobornosx_expresidentes_en_noxmina_y_maxs_revelaciones_en_juicio_de_xel_chapox2.jpg_793492074.jpg?fit=718%2C452&ssl=1&resize=700%2C400 2x"},"classes":[]},{"id":20879,"url":"https:\/\/mexicocodigorojo.com.mx\/?p=20879","url_meta":{"origin":3543,"position":4},"title":"Nuevo mapa de distribuci\u00f3n del Narco en M\u00e9xico tras &#8216;ca\u00edda&#8217; del \u00abChapo\u00bb","author":"Staff","date":"julio 30, 2019","format":false,"excerpt":"Tras la recaptura, el juicio y\u00a0la condena a cadena perpetua impuesta a\u00a0Joaqu\u00edn 'El Chapo' Guzm\u00e1n en Estados Unidos, se generaron cambios al interior del C\u00e1rtel de Sinaloa y se provocaron disputas por los territorios controlados por el narco en M\u00e9xico Ciudad de M\u00e9xico.- Recientes documentos y testimonios se\u00f1alan que el\u00a0C\u00e1rtel\u2026","rel":"","context":"En \u00abCiudad de M\u00e9xico\u00bb","block_context":{"text":"Ciudad de M\u00e9xico","link":"https:\/\/mexicocodigorojo.com.mx\/?cat=101"},"img":{"alt_text":"","src":"https:\/\/i0.wp.com\/mexicocodigorojo.com.mx\/wp-content\/uploads\/2019\/07\/narc.jpg_112278454.jpg?fit=1069%2C563&ssl=1&resize=350%2C200","width":350,"height":200,"srcset":"https:\/\/i0.wp.com\/mexicocodigorojo.com.mx\/wp-content\/uploads\/2019\/07\/narc.jpg_112278454.jpg?fit=1069%2C563&ssl=1&resize=350%2C200 1x, https:\/\/i0.wp.com\/mexicocodigorojo.com.mx\/wp-content\/uploads\/2019\/07\/narc.jpg_112278454.jpg?fit=1069%2C563&ssl=1&resize=525%2C300 1.5x, https:\/\/i0.wp.com\/mexicocodigorojo.com.mx\/wp-content\/uploads\/2019\/07\/narc.jpg_112278454.jpg?fit=1069%2C563&ssl=1&resize=700%2C400 2x, https:\/\/i0.wp.com\/mexicocodigorojo.com.mx\/wp-content\/uploads\/2019\/07\/narc.jpg_112278454.jpg?fit=1069%2C563&ssl=1&resize=1050%2C600 3x"},"classes":[]},{"id":10113,"url":"https:\/\/mexicocodigorojo.com.mx\/?p=10113","url_meta":{"origin":3543,"position":5},"title":"Artistas vinculados en el Juicio del ex l\u00edder del Cartel de Sinaloa\u00a0 Joaqu\u00edn Archivaldo Guzm\u00e1n Loera \u00abEl Chapo\u00bb","author":"Staff","date":"diciembre 7, 2018","format":false,"excerpt":"Artistas vinculados en el Juicio del ex l\u00edder del Cartel de Sinaloa Joaqu\u00edn Archivaldo Guzm\u00e1n Loera \"El Chapo\" Varios nombres de artistas han salido a la luz durante el juicio de Joaqu\u00edn \u2018El Chapo\u2019 Guzm\u00e1n, y de ser necesario, ser\u00edan llamados a testificar al tribunal Culiac\u00e1n, Sin. Por haber actuado\u2026","rel":"","context":"En \u00abFeatured\u00bb","block_context":{"text":"Featured","link":"https:\/\/mexicocodigorojo.com.mx\/?cat=1724"},"img":{"alt_text":"","src":"","width":0,"height":0},"classes":[]}],"jetpack_sharing_enabled":true,"jetpack_likes_enabled":true,"jetpack_shortlink":"https:\/\/wp.me\/p9TedA-V9","_links":{"self":[{"href":"https:\/\/mexicocodigorojo.com.mx\/index.php?rest_route=\/wp\/v2\/posts\/3543","targetHints":{"allow":["GET"]}}],"collection":[{"href":"https:\/\/mexicocodigorojo.com.mx\/index.php?rest_route=\/wp\/v2\/posts"}],"about":[{"href":"https:\/\/mexicocodigorojo.com.mx\/index.php?rest_route=\/wp\/v2\/types\/post"}],"author":[{"embeddable":true,"href":"https:\/\/mexicocodigorojo.com.mx\/index.php?rest_route=\/wp\/v2\/users\/5"}],"replies":[{"embeddable":true,"href":"https:\/\/mexicocodigorojo.com.mx\/index.php?rest_route=%2Fwp%2Fv2%2Fcomments&post=3543"}],"version-history":[{"count":0,"href":"https:\/\/mexicocodigorojo.com.mx\/index.php?rest_route=\/wp\/v2\/posts\/3543\/revisions"}],"wp:attachment":[{"href":"https:\/\/mexicocodigorojo.com.mx\/index.php?rest_route=%2Fwp%2Fv2%2Fmedia&parent=3543"}],"wp:term":[{"taxonomy":"category","embeddable":true,"href":"https:\/\/mexicocodigorojo.com.mx\/index.php?rest_route=%2Fwp%2Fv2%2Fcategories&post=3543"},{"taxonomy":"post_tag","embeddable":true,"href":"https:\/\/mexicocodigorojo.com.mx\/index.php?rest_route=%2Fwp%2Fv2%2Ftags&post=3543"}],"curies":[{"name":"wp","href":"https:\/\/api.w.org\/{rel}","templated":true}]}}