{"id":35196,"date":"2020-03-21T21:36:10","date_gmt":"2020-03-22T03:36:10","guid":{"rendered":"https:\/\/mexicocodigorojo.com.mx\/?p=35196"},"modified":"2020-03-21T21:42:42","modified_gmt":"2020-03-22T03:42:42","slug":"muere-policia-estatal-tras-caida-de-black-hawk-en-tlaquilpan-veracruz","status":"publish","type":"post","link":"https:\/\/mexicocodigorojo.com.mx\/?p=35196","title":{"rendered":"Muere polic\u00eda estatal tras ca\u00edda de Black Hawk en Tlaquilpan, Veracruz"},"content":{"rendered":"<p>La Secretar\u00eda de Marina Armada de M\u00e9xico informa a la ciudadan\u00eda, que un helic\u00f3ptero Black Hawk perteneciente a esta Instituci\u00f3n, sufri\u00f3 un accidente en inmediaciones de la comunidad de Tlaquilpan, en el municipio de Zongolica, estado de Veracruz, como resultado de dicho accidente, desafortunadamente una persona perdi\u00f3 la vida.<\/p>\n<p><img data-recalc-dims=\"1\" loading=\"lazy\" decoding=\"async\" class=\"size-full wp-image-35200\" src=\"https:\/\/i0.wp.com\/secureservercdn.net\/166.62.108.22\/cg1.af3.myftpupload.com\/wp-content\/uploads\/2020\/03\/a415ebfb-a416-4ca7-8ef7-a8052efdcbea-1.jpg?resize=696%2C522&#038;ssl=1\" width=\"696\" height=\"522\" \/><\/p>\n<p>Los hechos ocurrieron cuando citada aeronave, despeg\u00f3 de la Base aeronaval de Veracruz con el fin de trasladar a dos v\u00edctimas de secuestro, quienes fueron recuperados de sus captores en una operaci\u00f3n coordinada en apoyo a las Fuerzas Federales y Estatales antisecuestros, en la cual se aseguraron a 5 presuntos infractores de la ley.<\/p>\n<p><img data-recalc-dims=\"1\" loading=\"lazy\" decoding=\"async\" class=\"size-full wp-image-35201\" src=\"https:\/\/i0.wp.com\/secureservercdn.net\/166.62.108.22\/cg1.af3.myftpupload.com\/wp-content\/uploads\/2020\/03\/2d9de5d9-4f9c-4322-a51b-7bcdf3a6b304.jpg?resize=581%2C1032&#038;ssl=1\" width=\"581\" height=\"1032\" \/><\/p>\n<p>Durante dicho accidente lamentablemente falleci\u00f3 un elemento perteneciente a la Polic\u00eda Estatal de Veracruz, quien se encontraba a bordo de una patrulla en inmediaciones del campo de futbol de dicha localidad.<\/p>\n<div class=\"youtube-embed\" data-video_id=\"Tlobmu7DUKg\"><iframe loading=\"lazy\" title=\"Momentos antes de la ca\u00edda del Black Hawk en Veracruz donde muere un polic\u00eda estatal\" width=\"696\" height=\"392\" src=\"https:\/\/www.youtube.com\/embed\/Tlobmu7DUKg?feature=oembed&#038;enablejsapi=1\" frameborder=\"0\" allow=\"accelerometer; autoplay; clipboard-write; encrypted-media; gyroscope; picture-in-picture\" allowfullscreen><\/iframe><\/div>\n<p>Actualmente la Secretar\u00eda de Marina \u2013 Armada de M\u00e9xico despleg\u00f3 personal y material al \u00e1rea del accidente, a fin de brindar el apoyo a los tripulantes de la aeronave los cuales se encuentran en estado de salud estable; cabe mencionar que a bordo viajaban diez elementos de los cuales ocho pertenecen a la SEMAR y dos a la Guardia Nacional.<\/p>\n<p><img data-recalc-dims=\"1\" loading=\"lazy\" decoding=\"async\" class=\"size-full wp-image-35202\" src=\"https:\/\/i0.wp.com\/secureservercdn.net\/166.62.108.22\/cg1.af3.myftpupload.com\/wp-content\/uploads\/2020\/03\/8bdadbda-2bc3-4905-bbb8-db2c3cc04617.jpg?resize=634%2C394&#038;ssl=1\" width=\"634\" height=\"394\" \/><\/p>\n<p>La Secretar\u00eda de Marina-Armada de M\u00e9xico, lamenta profundamente la p\u00e9rdida del elemento de la Polic\u00eda Estatal|, deseando pronta resignaci\u00f3n a su familia; asimismo refrenda el compromiso con la ciudadan\u00eda para brindar las condiciones necesarias y lograr desarrollo del pa\u00eds.<\/p>\n<div class=\"youtube-embed\" data-video_id=\"unBbx2wflbg\"><iframe loading=\"lazy\" title=\"Muere un elemento de la polic\u00eda estatal tras ca\u00edda de Black Hawk en Veracruz\" width=\"696\" height=\"392\" src=\"https:\/\/www.youtube.com\/embed\/unBbx2wflbg?feature=oembed&#038;enablejsapi=1\" frameborder=\"0\" allow=\"accelerometer; autoplay; clipboard-write; encrypted-media; gyroscope; picture-in-picture\" allowfullscreen><\/iframe><\/div>\n<p>&nbsp;<\/p>\n<p>La SSP del estado de Veracruz emiti\u00f3 el siguiente comunicado lamentando los hechos ocurridos.<\/p>\n<p><img data-recalc-dims=\"1\" loading=\"lazy\" decoding=\"async\" class=\"size-full wp-image-35204\" src=\"https:\/\/i0.wp.com\/secureservercdn.net\/166.62.108.22\/cg1.af3.myftpupload.com\/wp-content\/uploads\/2020\/03\/img_9042.jpg?resize=696%2C814&#038;ssl=1\" width=\"696\" height=\"814\" \/><\/p>\n","protected":false},"excerpt":{"rendered":"<p>La Secretar\u00eda de Marina Armada de M\u00e9xico informa a la ciudadan\u00eda, que un helic\u00f3ptero Black Hawk perteneciente a esta Instituci\u00f3n, sufri\u00f3 un accidente en inmediaciones de la comunidad de Tlaquilpan, en el municipio de Zongolica, estado de Veracruz, como resultado de dicho accidente, desafortunadamente una persona perdi\u00f3 la vida. Los hechos ocurrieron cuando citada aeronave, [&hellip;]<\/p>\n","protected":false},"author":5,"featured_media":0,"comment_status":"closed","ping_status":"closed","sticky":false,"template":"","format":"standard","meta":{"_uf_show_specific_survey":0,"_uf_disable_surveys":false,"advanced_seo_description":"","jetpack_seo_html_title":"","jetpack_seo_noindex":false,"jetpack_post_was_ever_published":false,"_jetpack_newsletter_access":"","_jetpack_dont_email_post_to_subs":false,"_jetpack_newsletter_tier_id":0,"_jetpack_memberships_contains_paywalled_content":false,"_jetpack_memberships_contains_paid_content":false,"footnotes":"","jetpack_publicize_message":"","jetpack_publicize_feature_enabled":true,"jetpack_social_post_already_shared":false,"jetpack_social_options":{"image_generator_settings":{"template":"highway","default_image_id":0,"font":"","enabled":false},"version":2}},"categories":[22],"tags":[91],"class_list":{"0":"post-35196","1":"post","2":"type-post","3":"status-publish","4":"format-standard","6":"category-veracruz","7":"tag-semar"},"jetpack_publicize_connections":[],"jetpack_featured_media_url":"","jetpack-related-posts":[{"id":53426,"url":"https:\/\/mexicocodigorojo.com.mx\/?p=53426","url_meta":{"origin":35196,"position":0},"title":"Lo que sabemos de los helic\u00f3pteros Black Hawk de la Marina","author":"MexicoRojoCvmx","date":"julio 19, 2022","format":false,"excerpt":"El pasado viernes 15 de julio, la Secretaria de Marina reaprehendi\u00f3 a Rafael Caro Quintero, l\u00edder del extinto C\u00e1rtel de Guadalajara, tras casi nueve a\u00f1os de que el capo permaneciera pr\u00f3fugo de la justicia. Para lograr la captura del capo, la Marina y la Fiscal\u00eda General de la Rep\u00fablica (FGR)\u2026","rel":"","context":"En \u00abFeatured\u00bb","block_context":{"text":"Featured","link":"https:\/\/mexicocodigorojo.com.mx\/?cat=1724"},"img":{"alt_text":"","src":"https:\/\/i0.wp.com\/mexicocodigorojo.com.mx\/wp-content\/uploads\/2022\/07\/Captura-de-pantalla-2022-07-19-155109.jpg?fit=1173%2C727&ssl=1&resize=350%2C200","width":350,"height":200,"srcset":"https:\/\/i0.wp.com\/mexicocodigorojo.com.mx\/wp-content\/uploads\/2022\/07\/Captura-de-pantalla-2022-07-19-155109.jpg?fit=1173%2C727&ssl=1&resize=350%2C200 1x, https:\/\/i0.wp.com\/mexicocodigorojo.com.mx\/wp-content\/uploads\/2022\/07\/Captura-de-pantalla-2022-07-19-155109.jpg?fit=1173%2C727&ssl=1&resize=525%2C300 1.5x, https:\/\/i0.wp.com\/mexicocodigorojo.com.mx\/wp-content\/uploads\/2022\/07\/Captura-de-pantalla-2022-07-19-155109.jpg?fit=1173%2C727&ssl=1&resize=700%2C400 2x, https:\/\/i0.wp.com\/mexicocodigorojo.com.mx\/wp-content\/uploads\/2022\/07\/Captura-de-pantalla-2022-07-19-155109.jpg?fit=1173%2C727&ssl=1&resize=1050%2C600 3x"},"classes":[]},{"id":32145,"url":"https:\/\/mexicocodigorojo.com.mx\/?p=32145","url_meta":{"origin":35196,"position":1},"title":"Vuelca cami\u00f3n con migrantes en Veracruz","author":"Staff","date":"febrero 5, 2020","format":false,"excerpt":"Cami\u00f3n tipo torton volc\u00f3\u00a0en tramo carretero de Veracruz, con un saldo de al menos 20 heridos, entre ellos, varios\u00a0menores de edad Un\u00a0cami\u00f3n\u00a0tipo torton que transportaba a decenas de migrantes\u00a0volc\u00f3\u00a0en un tramo carretero de\u00a0Veracruz, con un saldo de\u00a0al menos 20 heridos, entre ellos, varios\u00a0menores de edad. El accidente ocurri\u00f3 en la\u2026","rel":"","context":"En \u00abVeracruz\u00bb","block_context":{"text":"Veracruz","link":"https:\/\/mexicocodigorojo.com.mx\/?cat=22"},"img":{"alt_text":"","src":"https:\/\/i0.wp.com\/mexicocodigorojo.com.mx\/wp-content\/uploads\/2020\/02\/vuelca-camion-migrantes.jpg?fit=980%2C550&ssl=1&resize=350%2C200","width":350,"height":200,"srcset":"https:\/\/i0.wp.com\/mexicocodigorojo.com.mx\/wp-content\/uploads\/2020\/02\/vuelca-camion-migrantes.jpg?fit=980%2C550&ssl=1&resize=350%2C200 1x, https:\/\/i0.wp.com\/mexicocodigorojo.com.mx\/wp-content\/uploads\/2020\/02\/vuelca-camion-migrantes.jpg?fit=980%2C550&ssl=1&resize=525%2C300 1.5x, https:\/\/i0.wp.com\/mexicocodigorojo.com.mx\/wp-content\/uploads\/2020\/02\/vuelca-camion-migrantes.jpg?fit=980%2C550&ssl=1&resize=700%2C400 2x"},"classes":[]},{"id":23748,"url":"https:\/\/mexicocodigorojo.com.mx\/?p=23748","url_meta":{"origin":35196,"position":2},"title":"Volcadura de autob\u00fas deja tres muertos y 26 heridos en Veracruz","author":"Staff","date":"septiembre 17, 2019","format":false,"excerpt":"La volcadura ocurri\u00f3 en la autopista La Tinaja\u2013Cosoloeacaque, a la altura del entronque La Tinaja, en el municipio de Tlalixcoyan, Veracruz La\u00a0volcadura\u00a0de un autob\u00fas de pasajeros en la autopista\u00a0La Tinaja\u2013Cosoloeacaque, en el kil\u00f3metro 010+300 de la carretera 145-D, a la altura del entronque La Tinaja, en el municipio de Tlalixcoyan,\u2026","rel":"","context":"En \u00abVeracruz\u00bb","block_context":{"text":"Veracruz","link":"https:\/\/mexicocodigorojo.com.mx\/?cat=22"},"img":{"alt_text":"","src":"https:\/\/i0.wp.com\/mexicocodigorojo.com.mx\/wp-content\/uploads\/2019\/09\/accidente-carretera-veracruz.jpg?fit=980%2C550&ssl=1&resize=350%2C200","width":350,"height":200,"srcset":"https:\/\/i0.wp.com\/mexicocodigorojo.com.mx\/wp-content\/uploads\/2019\/09\/accidente-carretera-veracruz.jpg?fit=980%2C550&ssl=1&resize=350%2C200 1x, https:\/\/i0.wp.com\/mexicocodigorojo.com.mx\/wp-content\/uploads\/2019\/09\/accidente-carretera-veracruz.jpg?fit=980%2C550&ssl=1&resize=525%2C300 1.5x, https:\/\/i0.wp.com\/mexicocodigorojo.com.mx\/wp-content\/uploads\/2019\/09\/accidente-carretera-veracruz.jpg?fit=980%2C550&ssl=1&resize=700%2C400 2x"},"classes":[]},{"id":23682,"url":"https:\/\/mexicocodigorojo.com.mx\/?p=23682","url_meta":{"origin":35196,"position":3},"title":"Militares sufren accidente en Cosoleacaque-La Tinaja","author":"Staff","date":"septiembre 15, 2019","format":false,"excerpt":"Veracruz.- Hasta el momento se reportan seis militares heridos tras sufrir un accidente en la autopista Cosoleacaque-La Tinaja, cerca de una caseta de cobro de Acayucan. Al parecer se impactaron contra una barra de concreto en la autopista, sin embargo existen dos versiones del accidente: La primera menciona que el\u2026","rel":"","context":"En \u00abVeracruz\u00bb","block_context":{"text":"Veracruz","link":"https:\/\/mexicocodigorojo.com.mx\/?cat=22"},"img":{"alt_text":"","src":"https:\/\/i0.wp.com\/mexicocodigorojo.com.mx\/wp-content\/uploads\/2019\/09\/militares_sufren_accidente_en_cosoleacaque-la_tinajax_hay_varios_heridos_crop1568496524386.jpg_219914347.jpg?fit=960%2C540&ssl=1&resize=350%2C200","width":350,"height":200,"srcset":"https:\/\/i0.wp.com\/mexicocodigorojo.com.mx\/wp-content\/uploads\/2019\/09\/militares_sufren_accidente_en_cosoleacaque-la_tinajax_hay_varios_heridos_crop1568496524386.jpg_219914347.jpg?fit=960%2C540&ssl=1&resize=350%2C200 1x, https:\/\/i0.wp.com\/mexicocodigorojo.com.mx\/wp-content\/uploads\/2019\/09\/militares_sufren_accidente_en_cosoleacaque-la_tinajax_hay_varios_heridos_crop1568496524386.jpg_219914347.jpg?fit=960%2C540&ssl=1&resize=525%2C300 1.5x, https:\/\/i0.wp.com\/mexicocodigorojo.com.mx\/wp-content\/uploads\/2019\/09\/militares_sufren_accidente_en_cosoleacaque-la_tinajax_hay_varios_heridos_crop1568496524386.jpg_219914347.jpg?fit=960%2C540&ssl=1&resize=700%2C400 2x"},"classes":[]},{"id":42793,"url":"https:\/\/mexicocodigorojo.com.mx\/?p=42793","url_meta":{"origin":35196,"position":4},"title":"Muere en accidente ministerio p\u00fablico que encabez\u00f3 investigaci\u00f3n contra Javier Duarte","author":"Staff","date":"septiembre 4, 2020","format":false,"excerpt":"Martha Estela Ramos Carrillo, ministerio p\u00fablico federal, encabez\u00f3 la investigaci\u00f3n que mantiene en la c\u00e1rcel a Javier Duarte; fue denunciada por supuestas irregularidades en el proceso Martha Estela Ramos Carrillo, ministerio p\u00fablico federal que encabez\u00f3 la investigaci\u00f3n contra el\u00a0exgobernador de Veracruz,\u00a0Javier Duarte, falleci\u00f3 luego de sufrir un\u00a0accidente automovil\u00edstico. Fuentes federales\u2026","rel":"","context":"En \u00abFeatured\u00bb","block_context":{"text":"Featured","link":"https:\/\/mexicocodigorojo.com.mx\/?cat=1724"},"img":{"alt_text":"","src":"https:\/\/i0.wp.com\/mexicocodigorojo.com.mx\/wp-content\/uploads\/2020\/09\/javidu_0.jpg?fit=1201%2C740&ssl=1&resize=350%2C200","width":350,"height":200,"srcset":"https:\/\/i0.wp.com\/mexicocodigorojo.com.mx\/wp-content\/uploads\/2020\/09\/javidu_0.jpg?fit=1201%2C740&ssl=1&resize=350%2C200 1x, https:\/\/i0.wp.com\/mexicocodigorojo.com.mx\/wp-content\/uploads\/2020\/09\/javidu_0.jpg?fit=1201%2C740&ssl=1&resize=525%2C300 1.5x, https:\/\/i0.wp.com\/mexicocodigorojo.com.mx\/wp-content\/uploads\/2020\/09\/javidu_0.jpg?fit=1201%2C740&ssl=1&resize=700%2C400 2x, https:\/\/i0.wp.com\/mexicocodigorojo.com.mx\/wp-content\/uploads\/2020\/09\/javidu_0.jpg?fit=1201%2C740&ssl=1&resize=1050%2C600 3x"},"classes":[]},{"id":53239,"url":"https:\/\/mexicocodigorojo.com.mx\/?p=53239","url_meta":{"origin":35196,"position":5},"title":"EXPLOTA PIPA EN LA AUTOPISTA LA TINAJA-VERACRUZ","author":"Staff","date":"julio 6, 2022","format":false,"excerpt":"La Guardia Nacional Carreteras reporta un cierre tras la explosi\u00f3n de una pipa la noche de este martes sobre la autopista La Tinaja-Veracruz. Detalla que el incidente ocurrido caus\u00f3 cierre parcial de circulaci\u00f3n durante toda la noche por maniobras cerca del km 073+000 de la autopista (810) entronque La Tinaja-Veracruz\u2026","rel":"","context":"En \u00abFeatured\u00bb","block_context":{"text":"Featured","link":"https:\/\/mexicocodigorojo.com.mx\/?cat=1724"},"img":{"alt_text":"","src":"https:\/\/i0.wp.com\/mexicocodigorojo.com.mx\/wp-content\/uploads\/2022\/07\/fd1c27f7-19ff-4b3f-8dab-e536f292ff3c.jpg?fit=960%2C540&ssl=1&resize=350%2C200","width":350,"height":200,"srcset":"https:\/\/i0.wp.com\/mexicocodigorojo.com.mx\/wp-content\/uploads\/2022\/07\/fd1c27f7-19ff-4b3f-8dab-e536f292ff3c.jpg?fit=960%2C540&ssl=1&resize=350%2C200 1x, https:\/\/i0.wp.com\/mexicocodigorojo.com.mx\/wp-content\/uploads\/2022\/07\/fd1c27f7-19ff-4b3f-8dab-e536f292ff3c.jpg?fit=960%2C540&ssl=1&resize=525%2C300 1.5x, https:\/\/i0.wp.com\/mexicocodigorojo.com.mx\/wp-content\/uploads\/2022\/07\/fd1c27f7-19ff-4b3f-8dab-e536f292ff3c.jpg?fit=960%2C540&ssl=1&resize=700%2C400 2x"},"classes":[]}],"jetpack_sharing_enabled":true,"jetpack_likes_enabled":true,"jetpack_shortlink":"https:\/\/wp.me\/p9TedA-99G","_links":{"self":[{"href":"https:\/\/mexicocodigorojo.com.mx\/index.php?rest_route=\/wp\/v2\/posts\/35196","targetHints":{"allow":["GET"]}}],"collection":[{"href":"https:\/\/mexicocodigorojo.com.mx\/index.php?rest_route=\/wp\/v2\/posts"}],"about":[{"href":"https:\/\/mexicocodigorojo.com.mx\/index.php?rest_route=\/wp\/v2\/types\/post"}],"author":[{"embeddable":true,"href":"https:\/\/mexicocodigorojo.com.mx\/index.php?rest_route=\/wp\/v2\/users\/5"}],"replies":[{"embeddable":true,"href":"https:\/\/mexicocodigorojo.com.mx\/index.php?rest_route=%2Fwp%2Fv2%2Fcomments&post=35196"}],"version-history":[{"count":0,"href":"https:\/\/mexicocodigorojo.com.mx\/index.php?rest_route=\/wp\/v2\/posts\/35196\/revisions"}],"wp:attachment":[{"href":"https:\/\/mexicocodigorojo.com.mx\/index.php?rest_route=%2Fwp%2Fv2%2Fmedia&parent=35196"}],"wp:term":[{"taxonomy":"category","embeddable":true,"href":"https:\/\/mexicocodigorojo.com.mx\/index.php?rest_route=%2Fwp%2Fv2%2Fcategories&post=35196"},{"taxonomy":"post_tag","embeddable":true,"href":"https:\/\/mexicocodigorojo.com.mx\/index.php?rest_route=%2Fwp%2Fv2%2Ftags&post=35196"}],"curies":[{"name":"wp","href":"https:\/\/api.w.org\/{rel}","templated":true}]}}