{"id":34963,"date":"2020-03-17T12:25:56","date_gmt":"2020-03-17T18:25:56","guid":{"rendered":"https:\/\/mexicocodigorojo.com.mx\/?p=34963"},"modified":"2020-03-17T12:25:56","modified_gmt":"2020-03-17T18:25:56","slug":"jalisco-confirma-cinco-casos-positivos-por-covid-19","status":"publish","type":"post","link":"https:\/\/mexicocodigorojo.com.mx\/?p=34963","title":{"rendered":"Jalisco confirma cinco casos positivos por COVID-19"},"content":{"rendered":"<div class=\"article__singular--teaser\">\n<h2>Fernando Petersen, secretario de Salud de Jalisco, detall\u00f3 en conferencia de prensa que hay dos portadores asintom\u00e1ticos en el estado<\/h2>\n<\/div>\n<div class=\"sp--share-buttons item__article--shares\">\n<p><strong>Fernando Petersen\u00a0<\/strong>, secretario de Salud de\u00a0<strong>Jalisco<\/strong>, inform\u00f3 este martes que ya son cinco\u00a0<strong>personas <\/strong>que dieron\u00a0<strong>positivo<\/strong>\u00a0por\u00a0<strong>coronavirus<\/strong>\u00a0(<strong>COVID-19<\/strong>).<\/p>\n<p>Esto lo asever\u00f3 el funcionario de\u00a0<strong>Salud<\/strong>\u00a0estatal en una conferencia de prensa este martes, en donde apunt\u00f3 que hay dos portadores asintom\u00e1ticos.<\/p>\n<p>&nbsp;<\/p>\n<blockquote><p>\u201cLa numeralia hasta el momento en Jalisco es : cinco casos confirmados, 50 descartados y 13 en proceso, dos portadores asintom\u00e1ticos\u201d, apunt\u00f3.<\/p><\/blockquote>\n<p>&nbsp;<\/p>\n<p>De los portadores asintom\u00e1ticos, Petersen Aranguren detall\u00f3 que fue un matrimonio que llego a M\u00e9xico procedente de Europa el pasado 11 de marzo.<\/p>\n<p>\u201cComo hallazgo se encontraron dos portadores asintom\u00e1ticos. El primer portador es un hombre de entre 70 y 74 a\u00f1os de Zapopan que viaj\u00f3 a Suiza y Espa\u00f1a; el otro es una mujer de entre 50 a\u00f1os , es esposa del primer portador llegando el 11 de marzo\u201d, asever\u00f3.<\/p>\n<div class=\"post--content rvfs-4\" data-rvfs=\"4\">\n<p>Con informaci\u00f3n de L\u00f3pez-D\u00f3riga Digital<\/p>\n<\/div>\n<div class=\"banner-whatsapp\"><\/div>\n<\/div>\n","protected":false},"excerpt":{"rendered":"<p>Fernando Petersen, secretario de Salud de Jalisco, detall\u00f3 en conferencia de prensa que hay dos portadores asintom\u00e1ticos en el estado Fernando Petersen\u00a0, secretario de Salud de\u00a0Jalisco, inform\u00f3 este martes que ya son cinco\u00a0personas que dieron\u00a0positivo\u00a0por\u00a0coronavirus\u00a0(COVID-19). Esto lo asever\u00f3 el funcionario de\u00a0Salud\u00a0estatal en una conferencia de prensa este martes, en donde apunt\u00f3 que hay dos portadores [&hellip;]<\/p>\n","protected":false},"author":5,"featured_media":34964,"comment_status":"closed","ping_status":"closed","sticky":false,"template":"","format":"standard","meta":{"_uf_show_specific_survey":0,"_uf_disable_surveys":false,"advanced_seo_description":"","jetpack_seo_html_title":"","jetpack_seo_noindex":false,"jetpack_post_was_ever_published":false,"_jetpack_newsletter_access":"","_jetpack_dont_email_post_to_subs":false,"_jetpack_newsletter_tier_id":0,"_jetpack_memberships_contains_paywalled_content":false,"_jetpack_memberships_contains_paid_content":false,"footnotes":"","jetpack_publicize_message":"","jetpack_publicize_feature_enabled":true,"jetpack_social_post_already_shared":false,"jetpack_social_options":{"image_generator_settings":{"template":"highway","default_image_id":0,"font":"","enabled":false},"version":2}},"categories":[8],"tags":[1499],"class_list":{"0":"post-34963","1":"post","2":"type-post","3":"status-publish","4":"format-standard","5":"has-post-thumbnail","7":"category-jalisco","8":"tag-covid-19"},"jetpack_publicize_connections":[],"jetpack_featured_media_url":"https:\/\/i0.wp.com\/mexicocodigorojo.com.mx\/wp-content\/uploads\/2020\/03\/mujeres-con-cubrebocas-para-prevenir-el-coronavirus.jpg?fit=980%2C550&ssl=1","jetpack-related-posts":[{"id":35611,"url":"https:\/\/mexicocodigorojo.com.mx\/?p=35611","url_meta":{"origin":34963,"position":0},"title":"Suman 64 casos confirmados de COVID-19 en Nuevo Le\u00f3n","author":"Staff","date":"marzo 27, 2020","format":false,"excerpt":"Manuel de la O Cavazos, titular de Salud del estado de Nuevo L\u00e9on, apunt\u00f3 que se presentaron cuatro nuevos casos La Secretar\u00eda de Salud de\u00a0Nuevo Le\u00f3n\u00a0inform\u00f3 que suman\u00a064 casos confirmados\u00a0de\u00a0COVID-19\u00a0en el estado. https:\/\/www.facebook.com\/gobiernonuevoleon\/videos\/1068499243516119\/ En conferencia de prensa,\u00a0Manuel de la O Cavazos, titular de Salud estatal, apunt\u00f3 que se presentaron\u00a0cuatro nuevos\u2026","rel":"","context":"En \u00abNuevo Le\u00f3n\u00bb","block_context":{"text":"Nuevo Le\u00f3n","link":"https:\/\/mexicocodigorojo.com.mx\/?cat=29"},"img":{"alt_text":"","src":"https:\/\/i0.wp.com\/mexicocodigorojo.com.mx\/wp-content\/uploads\/2020\/03\/prueba-coronavirus-covid-19-test-indre.jpg?fit=980%2C550&ssl=1&resize=350%2C200","width":350,"height":200,"srcset":"https:\/\/i0.wp.com\/mexicocodigorojo.com.mx\/wp-content\/uploads\/2020\/03\/prueba-coronavirus-covid-19-test-indre.jpg?fit=980%2C550&ssl=1&resize=350%2C200 1x, https:\/\/i0.wp.com\/mexicocodigorojo.com.mx\/wp-content\/uploads\/2020\/03\/prueba-coronavirus-covid-19-test-indre.jpg?fit=980%2C550&ssl=1&resize=525%2C300 1.5x, https:\/\/i0.wp.com\/mexicocodigorojo.com.mx\/wp-content\/uploads\/2020\/03\/prueba-coronavirus-covid-19-test-indre.jpg?fit=980%2C550&ssl=1&resize=700%2C400 2x"},"classes":[]},{"id":36533,"url":"https:\/\/mexicocodigorojo.com.mx\/?p=36533","url_meta":{"origin":34963,"position":1},"title":"Cuba env\u00eda m\u00e9dicos a M\u00e9xico para enfrentar COVID-19","author":"Staff","date":"abril 8, 2020","format":false,"excerpt":"Autoridades de Salud de Cuba confirman el env\u00edo de personal m\u00e9dico a M\u00e9xico para combatir el coronavirus COVID-19 El gobierno de\u00a0Cuba\u00a0envi\u00f3 personal m\u00e9dico a\u00a0M\u00e9xico\u00a0para combatir el coronavirus, en medio de la crisis por esa enfermedad en la Isla. Cuba manda a m\u00e9dicos especialistas a M\u00e9xico para enfrentar la pandemia.\u00a0#Despierta\u00a0con\u00a0@campossuarezpic.twitter.com\/hCLz6j7Ycm \u2014\u2026","rel":"","context":"En \u00abFeatured\u00bb","block_context":{"text":"Featured","link":"https:\/\/mexicocodigorojo.com.mx\/?cat=1724"},"img":{"alt_text":"","src":"https:\/\/i0.wp.com\/mexicocodigorojo.com.mx\/wp-content\/uploads\/2020\/04\/medicos-cubanos-1.png?fit=980%2C550&ssl=1&resize=350%2C200","width":350,"height":200,"srcset":"https:\/\/i0.wp.com\/mexicocodigorojo.com.mx\/wp-content\/uploads\/2020\/04\/medicos-cubanos-1.png?fit=980%2C550&ssl=1&resize=350%2C200 1x, https:\/\/i0.wp.com\/mexicocodigorojo.com.mx\/wp-content\/uploads\/2020\/04\/medicos-cubanos-1.png?fit=980%2C550&ssl=1&resize=525%2C300 1.5x, https:\/\/i0.wp.com\/mexicocodigorojo.com.mx\/wp-content\/uploads\/2020\/04\/medicos-cubanos-1.png?fit=980%2C550&ssl=1&resize=700%2C400 2x"},"classes":[]},{"id":35490,"url":"https:\/\/mexicocodigorojo.com.mx\/?p=35490","url_meta":{"origin":34963,"position":2},"title":"Suman cinco casos positivos de COVID-19 en Baja California Sur","author":"Staff","date":"marzo 25, 2020","format":false,"excerpt":"El secretario de Salud en Baja California Sur report\u00f3 tres nuevos casos positivos de COVID-19 en Los Cabos, por lo que suman cinco en el estado Autoridades de Salud en\u00a0Baja California Sur\u00a0reportaron\u00a0tres nuevos casos positivos\u00a0de coronavirus\u00a0COVID-19\u00a0en\u00a0Los Cabos, por lo que suman cinco en el estado. En redes sociales, el secretario\u2026","rel":"","context":"En \u00abBaja California Sur\u00bb","block_context":{"text":"Baja California Sur","link":"https:\/\/mexicocodigorojo.com.mx\/?cat=134"},"img":{"alt_text":"","src":"https:\/\/i0.wp.com\/mexicocodigorojo.com.mx\/wp-content\/uploads\/2020\/03\/baja-california-sur-covid-19-coronavirus.jpg?fit=980%2C550&ssl=1&resize=350%2C200","width":350,"height":200,"srcset":"https:\/\/i0.wp.com\/mexicocodigorojo.com.mx\/wp-content\/uploads\/2020\/03\/baja-california-sur-covid-19-coronavirus.jpg?fit=980%2C550&ssl=1&resize=350%2C200 1x, https:\/\/i0.wp.com\/mexicocodigorojo.com.mx\/wp-content\/uploads\/2020\/03\/baja-california-sur-covid-19-coronavirus.jpg?fit=980%2C550&ssl=1&resize=525%2C300 1.5x, https:\/\/i0.wp.com\/mexicocodigorojo.com.mx\/wp-content\/uploads\/2020\/03\/baja-california-sur-covid-19-coronavirus.jpg?fit=980%2C550&ssl=1&resize=700%2C400 2x"},"classes":[]},{"id":38423,"url":"https:\/\/mexicocodigorojo.com.mx\/?p=38423","url_meta":{"origin":34963,"position":3},"title":"Ri\u00f1a en penal de Puente Grande deja siete muertos","author":"Staff","date":"mayo 24, 2020","format":false,"excerpt":"Una ri\u00f1a al interior del Reclusorio de Reinserci\u00f3n Social del Estado en Puente Grande, en el estado de Jalisco, dej\u00f3 siete muertos y ocho lesionados Una\u00a0ri\u00f1a\u00a0se registr\u00f3 al interior del Reclusorio de Reinserci\u00f3n Social del Estado en\u00a0Puente Grande, en el estado de\u00a0Jalisco. En conferencia de prensa, la\u00a0Secretar\u00eda de Seguridad\u00a0estatal inform\u00f3\u2026","rel":"","context":"En \u00abJalisco\u00bb","block_context":{"text":"Jalisco","link":"https:\/\/mexicocodigorojo.com.mx\/?cat=8"},"img":{"alt_text":"","src":"https:\/\/i0.wp.com\/mexicocodigorojo.com.mx\/wp-content\/uploads\/2020\/05\/penal-puente-grande-jalisco-1.jpg?fit=980%2C550&ssl=1&resize=350%2C200","width":350,"height":200,"srcset":"https:\/\/i0.wp.com\/mexicocodigorojo.com.mx\/wp-content\/uploads\/2020\/05\/penal-puente-grande-jalisco-1.jpg?fit=980%2C550&ssl=1&resize=350%2C200 1x, https:\/\/i0.wp.com\/mexicocodigorojo.com.mx\/wp-content\/uploads\/2020\/05\/penal-puente-grande-jalisco-1.jpg?fit=980%2C550&ssl=1&resize=525%2C300 1.5x, https:\/\/i0.wp.com\/mexicocodigorojo.com.mx\/wp-content\/uploads\/2020\/05\/penal-puente-grande-jalisco-1.jpg?fit=980%2C550&ssl=1&resize=700%2C400 2x"},"classes":[]},{"id":36380,"url":"https:\/\/mexicocodigorojo.com.mx\/?p=36380","url_meta":{"origin":34963,"position":4},"title":"Primera muerte por COVID-19 en Guanajuato","author":"Staff","date":"abril 6, 2020","format":false,"excerpt":"El secretario de Salud de Guanajuato confirm\u00f3 la muerte de dos hombres con problemas respiratorios, uno de ellos a causa del COVID-19 El secretario de Salud de\u00a0Guanajuato,\u00a0Daniel Alberto D\u00edaz Mart\u00ednez, dio a conocer la primera muerte por\u00a0coronavirus COVID-19\u00a0en el estado, donde la cifra de casos confirmados aument\u00f3 a 58. En\u2026","rel":"","context":"En \u00abGuanajuato\u00bb","block_context":{"text":"Guanajuato","link":"https:\/\/mexicocodigorojo.com.mx\/?cat=18"},"img":{"alt_text":"","src":"https:\/\/i0.wp.com\/mexicocodigorojo.com.mx\/wp-content\/uploads\/2020\/04\/guanajuato-coronavirus-covid-19.jpg?fit=980%2C550&ssl=1&resize=350%2C200","width":350,"height":200,"srcset":"https:\/\/i0.wp.com\/mexicocodigorojo.com.mx\/wp-content\/uploads\/2020\/04\/guanajuato-coronavirus-covid-19.jpg?fit=980%2C550&ssl=1&resize=350%2C200 1x, https:\/\/i0.wp.com\/mexicocodigorojo.com.mx\/wp-content\/uploads\/2020\/04\/guanajuato-coronavirus-covid-19.jpg?fit=980%2C550&ssl=1&resize=525%2C300 1.5x, https:\/\/i0.wp.com\/mexicocodigorojo.com.mx\/wp-content\/uploads\/2020\/04\/guanajuato-coronavirus-covid-19.jpg?fit=980%2C550&ssl=1&resize=700%2C400 2x"},"classes":[]},{"id":18825,"url":"https:\/\/mexicocodigorojo.com.mx\/?p=18825","url_meta":{"origin":34963,"position":5},"title":"Confirman cifra de muertos en Jalisco; \u201csano y salvo\u201d estudiante desaparecido","author":"Staff","date":"junio 22, 2019","format":false,"excerpt":"Las autoridades de Jalisco\u00a0informaron que fueron decomisadas 10 armas largas y dos granadas que no estallaron Luego de los hechos de violencia de la ma\u00f1ana de este viernes en\u00a0Tlajomulco de Zu\u00f1iga, autoridades de Jalisco ofrecieron una conferencia de prensa donde confirmaron que el saldo del ataque fue de dos presuntos\u2026","rel":"","context":"En \u00abJalisco\u00bb","block_context":{"text":"Jalisco","link":"https:\/\/mexicocodigorojo.com.mx\/?cat=8"},"img":{"alt_text":"","src":"https:\/\/i0.wp.com\/mexicocodigorojo.com.mx\/wp-content\/uploads\/2019\/06\/fiscalia-jalisco.png?fit=980%2C550&ssl=1&resize=350%2C200","width":350,"height":200,"srcset":"https:\/\/i0.wp.com\/mexicocodigorojo.com.mx\/wp-content\/uploads\/2019\/06\/fiscalia-jalisco.png?fit=980%2C550&ssl=1&resize=350%2C200 1x, https:\/\/i0.wp.com\/mexicocodigorojo.com.mx\/wp-content\/uploads\/2019\/06\/fiscalia-jalisco.png?fit=980%2C550&ssl=1&resize=525%2C300 1.5x, https:\/\/i0.wp.com\/mexicocodigorojo.com.mx\/wp-content\/uploads\/2019\/06\/fiscalia-jalisco.png?fit=980%2C550&ssl=1&resize=700%2C400 2x"},"classes":[]}],"jetpack_sharing_enabled":true,"jetpack_likes_enabled":true,"jetpack_shortlink":"https:\/\/wp.me\/p9TedA-95V","_links":{"self":[{"href":"https:\/\/mexicocodigorojo.com.mx\/index.php?rest_route=\/wp\/v2\/posts\/34963","targetHints":{"allow":["GET"]}}],"collection":[{"href":"https:\/\/mexicocodigorojo.com.mx\/index.php?rest_route=\/wp\/v2\/posts"}],"about":[{"href":"https:\/\/mexicocodigorojo.com.mx\/index.php?rest_route=\/wp\/v2\/types\/post"}],"author":[{"embeddable":true,"href":"https:\/\/mexicocodigorojo.com.mx\/index.php?rest_route=\/wp\/v2\/users\/5"}],"replies":[{"embeddable":true,"href":"https:\/\/mexicocodigorojo.com.mx\/index.php?rest_route=%2Fwp%2Fv2%2Fcomments&post=34963"}],"version-history":[{"count":0,"href":"https:\/\/mexicocodigorojo.com.mx\/index.php?rest_route=\/wp\/v2\/posts\/34963\/revisions"}],"wp:featuredmedia":[{"embeddable":true,"href":"https:\/\/mexicocodigorojo.com.mx\/index.php?rest_route=\/wp\/v2\/media\/34964"}],"wp:attachment":[{"href":"https:\/\/mexicocodigorojo.com.mx\/index.php?rest_route=%2Fwp%2Fv2%2Fmedia&parent=34963"}],"wp:term":[{"taxonomy":"category","embeddable":true,"href":"https:\/\/mexicocodigorojo.com.mx\/index.php?rest_route=%2Fwp%2Fv2%2Fcategories&post=34963"},{"taxonomy":"post_tag","embeddable":true,"href":"https:\/\/mexicocodigorojo.com.mx\/index.php?rest_route=%2Fwp%2Fv2%2Ftags&post=34963"}],"curies":[{"name":"wp","href":"https:\/\/api.w.org\/{rel}","templated":true}]}}