{"id":34069,"date":"2020-03-02T21:14:22","date_gmt":"2020-03-03T03:14:22","guid":{"rendered":"https:\/\/mexicocodigorojo.com.mx\/?p=34069"},"modified":"2020-03-02T21:14:23","modified_gmt":"2020-03-03T03:14:23","slug":"agreden-a-golpes-a-reportero-en-los-cabos","status":"publish","type":"post","link":"https:\/\/mexicocodigorojo.com.mx\/?p=34069","title":{"rendered":"AGREDEN A GOLPES A REPORTERO EN LOS CABOS"},"content":{"rendered":"<p>Cristian P\u00e9rez Ojeda, director del portal \u201cSin Censura Noticias\u201d, se\u00f1al\u00f3 que dos sujetos con armas largas se lo llevaron a fuerza de un negocio suyo para despu\u00e9s amenazarlo y exigirle dejar de aborda informaci\u00f3n del Ayuntamiento; la alcaldesa Armida Castro Guzm\u00e1n conden\u00f3 la agresi\u00f3n y se deslind\u00f3 de la misma<\/p>\n<p>LA PAZ.- Un reportero en Los Cabos, Baja California Sur, fue agredido a golpes y pidi\u00f3 se investigue a las autoridades municipales.<\/p>\n<p>Entrevistado por EL UNIVERSAL, Cristian P\u00e9rez Ojeda, director del portal \u201cSin Censura Noticias\u201d, refiri\u00f3 que los hechos ocurrieron el s\u00e1bado por la noche, cuando dos sujetos \u201ccon armas largas\u201d, se lo llevaron por la fuerza de un negocio suyo.<\/p>\n<p>\u201cMe llevaron en una camioneta blanca hacia el monte y me golpearon\u201d, expuso, al tiempo que sostuvo que fue obligado a mostrar contenido de su celular.<\/p>\n<p>A\u00f1adi\u00f3 que lo amenazaron y exigieron que dejara de abordar informaci\u00f3n del Ayuntamiento de Los Cabos. Seg\u00fan dijo, mientras revisaban el celular logr\u00f3 escapar y pedir ayuda.<\/p>\n<p>DENUNCIA PRESIONES DE POLIC\u00cdAS<\/p>\n<p>El comunicador fue llevado por sus familiares al hospital y all\u00ed mismo &#8211;acus\u00f3&#8211; se presentaron polic\u00edas municipales, quienes presuntamente con enga\u00f1os lograron que firmara un reporte inicial de hechos (Informe Policial Homologado, IPH).<\/p>\n<p>\u201cEstaba todo golpeado y me dijeron que firmara r\u00e1pido para mandarme protecci\u00f3n al hospital, que mi esposa ya hab\u00eda contado lo que pas\u00f3\u201d, expuso, al tiempo que reprob\u00f3 que autoridades municipales \u201cpretendan\u201d tergiversar lo ocurrido.<\/p>\n<p>El reportero manifest\u00f3 que ya interpuso una denuncia ante la Procuradur\u00eda General de Justicia del estado y se vincula con los mecanismos de Protecci\u00f3n a Periodistas.<\/p>\n<p>Refiri\u00f3 que desde su portal de noticias ha evidenciado presuntas irregularidades en el manejo financiero y en el trabajo en general de la administraci\u00f3n municipal y la amenaza de quienes lo golpearon \u201cfue clara\u201d, y en el sentido que dejara de publicar sobre estos temas.<\/p>\n<p><strong>AUTORIDADES SE DESLINDAN<\/strong><\/p>\n<p>Esta ma\u00f1ana, la alcaldesa Armida Castro Guzm\u00e1n acompa\u00f1ada del director de Seguridad P\u00fablica Municipal, Juan Jos\u00e9 Zamorano Mart\u00ednez, dijeron condenar la agresi\u00f3n y se deslindaron de la misma.<\/p>\n<p>\u201cNinguno ni yo en persona estar\u00edamos haciendo da\u00f1o. Nuestra conducta ha sido siempre otra. Nos deslindamos de ser parte o generar una situaci\u00f3n as\u00ed\u201d, dijo la alcaldesa y llam\u00f3 a que las autoridades investiguen y esclarezcan los hechos.<\/p>\n<p>\u201cCondenamos la violencia y m\u00e1s si es el caso de un atentado contra la libertad de expresi\u00f3n. Lo rechazamos completamente\u201d, afirm\u00f3 Zamorano Mart\u00ednez.<\/p>\n<p>En conferencia de prensa, el funcionario revel\u00f3 informaci\u00f3n del IPH donde presuntamente el comunicador no habr\u00eda acusado a ninguna autoridad como responsable.<\/p>\n<p>P\u00e9rez Ojeda cuestion\u00f3 que se pretenda &#8211;dijo&#8211; \u201cdesvirtuar los hechos\u201d y reiter\u00f3 que obedecieron a su ejercicio period\u00edstico.<\/p>\n<p>El a\u00f1o pasado el reportero laboraba en la Direcci\u00f3n de Comunicaci\u00f3n Social del Ayuntamiento de Los Cabos, y actualmente tiene una demanda contra la administraci\u00f3n por despido injustificado.<\/p>\n<p>Con informaci\u00f3n de El Universal<\/p>\n","protected":false},"excerpt":{"rendered":"<p>Cristian P\u00e9rez Ojeda, director del portal \u201cSin Censura Noticias\u201d, se\u00f1al\u00f3 que dos sujetos con armas largas se lo llevaron a fuerza de un negocio suyo para despu\u00e9s amenazarlo y exigirle dejar de aborda informaci\u00f3n del Ayuntamiento; la alcaldesa Armida Castro Guzm\u00e1n conden\u00f3 la agresi\u00f3n y se deslind\u00f3 de la misma LA PAZ.- Un reportero en [&hellip;]<\/p>\n","protected":false},"author":5,"featured_media":0,"comment_status":"closed","ping_status":"closed","sticky":false,"template":"","format":"standard","meta":{"_uf_show_specific_survey":0,"_uf_disable_surveys":false,"advanced_seo_description":"","jetpack_seo_html_title":"","jetpack_seo_noindex":false,"jetpack_post_was_ever_published":false,"_jetpack_newsletter_access":"","_jetpack_dont_email_post_to_subs":false,"_jetpack_newsletter_tier_id":0,"_jetpack_memberships_contains_paywalled_content":false,"_jetpack_memberships_contains_paid_content":false,"footnotes":"","jetpack_publicize_message":"","jetpack_publicize_feature_enabled":true,"jetpack_social_post_already_shared":false,"jetpack_social_options":{"image_generator_settings":{"template":"highway","default_image_id":0,"font":"","enabled":false},"version":2}},"categories":[134],"tags":[859],"class_list":{"0":"post-34069","1":"post","2":"type-post","3":"status-publish","4":"format-standard","6":"category-baja-california-sur","7":"tag-prensa"},"jetpack_publicize_connections":[],"jetpack_featured_media_url":"","jetpack-related-posts":[{"id":3352,"url":"https:\/\/mexicocodigorojo.com.mx\/?p=3352","url_meta":{"origin":34069,"position":0},"title":"Suspenden Clases En Los Cabos, La Paz Y Comond\u00fa En Baja California Sur","author":"Staff","date":"septiembre 19, 2018","format":false,"excerpt":"La Paz, Baja California Sur.- El Consejo Estatal de Protecci\u00f3n Civil acord\u00f3 suspender de manera preventiva, este mi\u00e9rcoles 19 de septiembre las clases en todos los niveles educativos, as\u00ed como en las estancias infantiles y guarder\u00edas en los municipios de La Paz, Los Cabos y Comond\u00fa, a ra\u00edz de las\u2026","rel":"","context":"En \u00abBaja California Sur\u00bb","block_context":{"text":"Baja California Sur","link":"https:\/\/mexicocodigorojo.com.mx\/?cat=134"},"img":{"alt_text":"","src":"","width":0,"height":0},"classes":[]},{"id":16363,"url":"https:\/\/mexicocodigorojo.com.mx\/?p=16363","url_meta":{"origin":34069,"position":1},"title":"EN LOS CABOS BCS VOLVIERON LOS LEVANTONES &#038; LAS EJECUCIONES POR G.ARMADA","author":"Staff","date":"abril 17, 2019","format":false,"excerpt":"EN LOS CABOS BCS VOLVIERON LOS LEVANTONES & LAS EJECUCIONES POR G.ARMADA Los Cabos, BCS.- En \u201clunes santo\u201d se solt\u00f3 el diablo en la cabecera municipal, por la ma\u00f1ana un hombre fue sacado con lujo de violencia de su negocio en la colonia El Zacatal, por lo noche se dio\u2026","rel":"","context":"En \u00abFeatured\u00bb","block_context":{"text":"Featured","link":"https:\/\/mexicocodigorojo.com.mx\/?cat=1724"},"img":{"alt_text":"","src":"https:\/\/i0.wp.com\/mexicocodigorojo.com.mx\/wp-content\/uploads\/2019\/04\/57540212_2159553304338599_7049295269912903680_n-768x5121163825188.jpg?resize=350%2C200&ssl=1","width":350,"height":200,"srcset":"https:\/\/i0.wp.com\/mexicocodigorojo.com.mx\/wp-content\/uploads\/2019\/04\/57540212_2159553304338599_7049295269912903680_n-768x5121163825188.jpg?resize=350%2C200&ssl=1 1x, https:\/\/i0.wp.com\/mexicocodigorojo.com.mx\/wp-content\/uploads\/2019\/04\/57540212_2159553304338599_7049295269912903680_n-768x5121163825188.jpg?resize=525%2C300&ssl=1 1.5x, https:\/\/i0.wp.com\/mexicocodigorojo.com.mx\/wp-content\/uploads\/2019\/04\/57540212_2159553304338599_7049295269912903680_n-768x5121163825188.jpg?resize=700%2C400&ssl=1 2x"},"classes":[]},{"id":59144,"url":"https:\/\/mexicocodigorojo.com.mx\/?p=59144","url_meta":{"origin":34069,"position":2},"title":"BALACERA EN RESIDENCIAL VILLA TOSCAN EN TIJUANA BAJA CALIFORNIA","author":"MexicoRojo","date":"febrero 27, 2024","format":false,"excerpt":"La madrugada de este Lunes, 7 hombres a bordo de un camion de mudanza tipo 'U-Haul', entraron por la fuerza a el Residencial Toscana en Cumbres de Juarez para posteriormente abrir fuego en contra de una residencia. \u00a0 Un comando armado lleg\u00f3 camuflado en un camion de mudanza a ejecutar\u2026","rel":"","context":"En \u00abFeatured\u00bb","block_context":{"text":"Featured","link":"https:\/\/mexicocodigorojo.com.mx\/?cat=1724"},"img":{"alt_text":"","src":"https:\/\/i0.wp.com\/mexicocodigorojo.com.mx\/wp-content\/uploads\/2024\/02\/FB_IMG_1709058474982.jpg?fit=720%2C385&ssl=1&resize=350%2C200","width":350,"height":200,"srcset":"https:\/\/i0.wp.com\/mexicocodigorojo.com.mx\/wp-content\/uploads\/2024\/02\/FB_IMG_1709058474982.jpg?fit=720%2C385&ssl=1&resize=350%2C200 1x, https:\/\/i0.wp.com\/mexicocodigorojo.com.mx\/wp-content\/uploads\/2024\/02\/FB_IMG_1709058474982.jpg?fit=720%2C385&ssl=1&resize=525%2C300 1.5x, https:\/\/i0.wp.com\/mexicocodigorojo.com.mx\/wp-content\/uploads\/2024\/02\/FB_IMG_1709058474982.jpg?fit=720%2C385&ssl=1&resize=700%2C400 2x"},"classes":[]},{"id":12675,"url":"https:\/\/mexicocodigorojo.com.mx\/?p=12675","url_meta":{"origin":34069,"position":3},"title":"ASESINAN EN BAJA CALIFORNIA SUR AL PRIMER PERIODISTA DEL 2019 \u00abNo Existe La Libertad De Expresi\u00f3n \u00ab","author":"Staff","date":"enero 22, 2019","format":false,"excerpt":"ASESINAN EN BAJA CALIFORNIA SUR AL PRIMER PERIODISTA DEL A\u00d1O 2019 Todas las alarmas para proteger su vida no fueron suficientes.El periodista Rafael Mur\u00faa Manr\u00edquez, de 34 a\u00f1os, fue asesinado en el Estado de Baja California Sur, en el norte de M\u00e9xico. Su cuerpo fue hallado entre la maleza este\u2026","rel":"","context":"En \u00abBaja California Sur\u00bb","block_context":{"text":"Baja California Sur","link":"https:\/\/mexicocodigorojo.com.mx\/?cat=134"},"img":{"alt_text":"","src":"https:\/\/i0.wp.com\/mexicocodigorojo.com.mx\/wp-content\/uploads\/2019\/01\/photoeditor_20190122_0459005921075793443.jpg?resize=350%2C200&ssl=1","width":350,"height":200,"srcset":"https:\/\/i0.wp.com\/mexicocodigorojo.com.mx\/wp-content\/uploads\/2019\/01\/photoeditor_20190122_0459005921075793443.jpg?resize=350%2C200&ssl=1 1x, https:\/\/i0.wp.com\/mexicocodigorojo.com.mx\/wp-content\/uploads\/2019\/01\/photoeditor_20190122_0459005921075793443.jpg?resize=525%2C300&ssl=1 1.5x, https:\/\/i0.wp.com\/mexicocodigorojo.com.mx\/wp-content\/uploads\/2019\/01\/photoeditor_20190122_0459005921075793443.jpg?resize=700%2C400&ssl=1 2x, https:\/\/i0.wp.com\/mexicocodigorojo.com.mx\/wp-content\/uploads\/2019\/01\/photoeditor_20190122_0459005921075793443.jpg?resize=1050%2C600&ssl=1 3x, https:\/\/i0.wp.com\/mexicocodigorojo.com.mx\/wp-content\/uploads\/2019\/01\/photoeditor_20190122_0459005921075793443.jpg?resize=1400%2C800&ssl=1 4x"},"classes":[]},{"id":13811,"url":"https:\/\/mexicocodigorojo.com.mx\/?p=13811","url_meta":{"origin":34069,"position":4},"title":"(V\u00eddeo) BALACERA EN LA PAZ BCS SE TOPARON POLICIAS MINISTERIALES &#038; SICARIOS","author":"Staff","date":"febrero 8, 2019","format":false,"excerpt":"BALACERA EN LA PAZ BCS SE TOPARON POLICIAS MINISTERIALES & SICARIOS La noche de ayer jueves al sur del municipio de La Paz Baja California Sur con direcci\u00f3n a los cabos se desat\u00f3 una intensa persecuci\u00f3n que culmin\u00f3 en un enfrentamiento entre sicarios y polic\u00edas ministeriales. Los hechos ocurrieron en\u2026","rel":"","context":"En \u00abBaja California Sur\u00bb","block_context":{"text":"Baja California Sur","link":"https:\/\/mexicocodigorojo.com.mx\/?cat=134"},"img":{"alt_text":"","src":"https:\/\/i0.wp.com\/img.youtube.com\/vi\/ZpV4XXvGNbk\/0.jpg?resize=350%2C200","width":350,"height":200},"classes":[]},{"id":19176,"url":"https:\/\/mexicocodigorojo.com.mx\/?p=19176","url_meta":{"origin":34069,"position":5},"title":"VIDEO Subastan residencia del C\u00e1rtel de Tijuana ubicada en Rancho Leonero, en Santiago Baja California SUR","author":"Staff","date":"junio 26, 2019","format":false,"excerpt":"Subastan residencia del C\u00e1rtel de Tijuana ubicada en Rancho Leonero, en Santiago Baja California SUR *Este 23 de junio pasado pusieron a rematar el inmueble de uno de los jefes del temible y despiadado Cartel de Tijuana o Arellano Felix siendo uno de los hermanos mas chico de nombre Francisco\u2026","rel":"","context":"En \u00abBaja California Sur\u00bb","block_context":{"text":"Baja California Sur","link":"https:\/\/mexicocodigorojo.com.mx\/?cat=134"},"img":{"alt_text":"","src":"","width":0,"height":0},"classes":[]}],"jetpack_sharing_enabled":true,"jetpack_likes_enabled":true,"jetpack_shortlink":"https:\/\/wp.me\/p9TedA-8Rv","_links":{"self":[{"href":"https:\/\/mexicocodigorojo.com.mx\/index.php?rest_route=\/wp\/v2\/posts\/34069","targetHints":{"allow":["GET"]}}],"collection":[{"href":"https:\/\/mexicocodigorojo.com.mx\/index.php?rest_route=\/wp\/v2\/posts"}],"about":[{"href":"https:\/\/mexicocodigorojo.com.mx\/index.php?rest_route=\/wp\/v2\/types\/post"}],"author":[{"embeddable":true,"href":"https:\/\/mexicocodigorojo.com.mx\/index.php?rest_route=\/wp\/v2\/users\/5"}],"replies":[{"embeddable":true,"href":"https:\/\/mexicocodigorojo.com.mx\/index.php?rest_route=%2Fwp%2Fv2%2Fcomments&post=34069"}],"version-history":[{"count":0,"href":"https:\/\/mexicocodigorojo.com.mx\/index.php?rest_route=\/wp\/v2\/posts\/34069\/revisions"}],"wp:attachment":[{"href":"https:\/\/mexicocodigorojo.com.mx\/index.php?rest_route=%2Fwp%2Fv2%2Fmedia&parent=34069"}],"wp:term":[{"taxonomy":"category","embeddable":true,"href":"https:\/\/mexicocodigorojo.com.mx\/index.php?rest_route=%2Fwp%2Fv2%2Fcategories&post=34069"},{"taxonomy":"post_tag","embeddable":true,"href":"https:\/\/mexicocodigorojo.com.mx\/index.php?rest_route=%2Fwp%2Fv2%2Ftags&post=34069"}],"curies":[{"name":"wp","href":"https:\/\/api.w.org\/{rel}","templated":true}]}}