{"id":3341,"date":"2018-09-19T04:13:53","date_gmt":"2018-09-19T04:13:53","guid":{"rendered":"https:\/\/mexicocodigorojo.com.mx\/?p=3341"},"modified":"2018-09-19T04:25:46","modified_gmt":"2018-09-19T04:25:46","slug":"garibaldi-ellos-son-los-sicarios-disfrazados-de-mariachis-2","status":"publish","type":"post","link":"https:\/\/mexicocodigorojo.com.mx\/?p=3341","title":{"rendered":"Garibaldi: ellos son los sicarios disfrazados de mariachis"},"content":{"rendered":"<p><strong><i>Hay dos mujeres que son claves en la investigaci\u00f3n: una <\/i><\/strong>de ellas era viuda de V\u00edctor de Jes\u00fas \u00abEl Barajas\u00bb<\/p>\n<div class=\"wrapper100\" id=\"main-body-cont\" style=\"box-sizing:border-box; width:320px; overflow:hidden; color:rgb(51,51,51); font-family:Helvetica; font-size:14px; font-style:normal; font-variant-ligatures:normal; font-variant-caps:normal; font-weight:400; letter-spacing:normal; orphans:2text-indent:0px; text-transform:none; white-space:normal; widows:2; word-spacing:0px; -webkit-text-stroke-width:0px; text-decoration-style:initial; text-decoration-color:initial; text-align:left;\">\n<div class=\"container-fluid naci\u00f3n\" id=\"pagewrap\" style=\"box-sizing:border-box; padding-right:15px; padding-left:15px; margin-right:auto; margin-left:auto; background:rgb(255,255,255);\">\n<div class=\"wrapper100\" id=\"main-body-cont\" style=\"box-sizing:border-box; width:320px; overflow:hidden; color:rgb(51,51,51); font-family:Helvetica; font-size:14px; font-style:normal; font-variant-ligatures:normal; font-variant-caps:normal; font-weight:400; letter-spacing:normal; orphans:2text-indent:0px; text-transform:none; white-space:normal; widows:2; word-spacing:0px; -webkit-text-stroke-width:0px; text-decoration-style:initial; text-decoration-color:initial; text-align:left;\">\n<div class=\"container-fluid naci\u00f3n\" id=\"pagewrap\" style=\"box-sizing:border-box; padding-right:15px; padding-left:15px; margin-right:auto; margin-left:auto; background:rgb(255,255,255);\">\n<div class=\"row\" style=\"box-sizing:border-box; margin-right:-15px; margin-left:-15px;\">\n<div class=\"col-xs-12 col-sm-12 note-sumary-cont\" style=\"box-sizing:border-box; position:relative; min-height:1px; padding:0px10px; float:left; width:320px;\"><\/div>\n<\/div>\n<div class=\"row\" style=\"box-sizing:border-box; margin-right:-15px; margin-left:-15px;\">\n<div class=\"col-xs-12 col-sm-12 note-imgs-cont\" style=\"box-sizing:border-box; position:relative; min-height:1px; padding:0px5px; float:left; width:320px; text-align:center;\"><img data-recalc-dims=\"1\" loading=\"lazy\" decoding=\"async\" data-attachment-id=\"3348\" data-permalink=\"https:\/\/mexicocodigorojo.com.mx\/?attachment_id=3348\" data-orig-file=\"https:\/\/i0.wp.com\/mexicocodigorojo.com.mx\/wp-content\/uploads\/2018\/09\/ppalbalacerasicariogaribaldiantiuniondos-focus-0-0-480-345-5.jpg?fit=480%2C345&amp;ssl=1\" data-orig-size=\"480,345\" data-comments-opened=\"1\" data-image-meta=\"{&quot;aperture&quot;:&quot;0&quot;,&quot;credit&quot;:&quot;&quot;,&quot;camera&quot;:&quot;&quot;,&quot;caption&quot;:&quot;&quot;,&quot;created_timestamp&quot;:&quot;0&quot;,&quot;copyright&quot;:&quot;&quot;,&quot;focal_length&quot;:&quot;0&quot;,&quot;iso&quot;:&quot;0&quot;,&quot;shutter_speed&quot;:&quot;0&quot;,&quot;title&quot;:&quot;&quot;,&quot;orientation&quot;:&quot;0&quot;}\" data-image-title=\"ppalbalacerasicariogaribaldiantiuniondos-focus-0-0-480-345.jpg\" data-image-description=\"\" data-image-caption=\"\" data-large-file=\"https:\/\/i0.wp.com\/mexicocodigorojo.com.mx\/wp-content\/uploads\/2018\/09\/ppalbalacerasicariogaribaldiantiuniondos-focus-0-0-480-345-5.jpg?fit=480%2C345&amp;ssl=1\" class=\"alignnone wp-image-3348 size-full\" src=\"https:\/\/i0.wp.com\/mexicocodigorojo.com.mx\/wp-content\/uploads\/2018\/09\/ppalbalacerasicariogaribaldiantiuniondos-focus-0-0-480-345-5.jpg?resize=480%2C345&#038;ssl=1\" width=\"480\" height=\"345\" srcset=\"https:\/\/i0.wp.com\/mexicocodigorojo.com.mx\/wp-content\/uploads\/2018\/09\/ppalbalacerasicariogaribaldiantiuniondos-focus-0-0-480-345-5.jpg?w=480&amp;ssl=1 480w, https:\/\/i0.wp.com\/mexicocodigorojo.com.mx\/wp-content\/uploads\/2018\/09\/ppalbalacerasicariogaribaldiantiuniondos-focus-0-0-480-345-5.jpg?resize=300%2C216&amp;ssl=1 300w\" sizes=\"auto, (max-width: 480px) 100vw, 480px\" \/><\/p>\n<\/div>\n<\/div>\n<div class=\"row\" style=\"box-sizing:border-box; margin-right:-15px; margin-left:-15px;\">\n<div class=\"col-xs-12 col-sm-12 note-body\" style=\"box-sizing:border-box; position:relative; min-height:1px; padding-right:15px; padding-left:15px; float:left; width:320px;\">\n<p style=\"box-sizing:border-box; margin:0px0px10px;\"><strong style=\"box-sizing: border-box; font-weight: 700;\">Los sicarios vestidos de mariachi que asesinaron el viernes pasado a seis personas en plena Plaza Garibaldi fueron identificados como V\u00edctor Hugo \u00abEl Huguito\u00bb; Enrique \u00abQuique Coronas\u00bb y \u00abEl Romel\u00bb.<\/strong><\/p>\n<p>Avances en la carpeta CI-FCH\/CUH-4\/UI-3S\/D\/1330\/09-2018 se\u00f1alan que el trio us\u00f3 armas calibre .9mm y .223, de rifle de asalto, para agredir a decenas de personas que se encontraban en un negocio de comida y una tienda de conveniencia.<\/p>\n<div class=\"row\" style=\"box-sizing:border-box; margin-right:-15px; margin-left:-15px;\">\n<div class=\"col-xs-12 col-sm-12 note-relativas-cont\" style=\"box-sizing:border-box; position:relative; min-height:1px; padding-right:15px; padding-left:15px; float:left; width:320px; border-bottom:1pxsolidrgb(192,192,192); border-top:1pxsolidrgb(192,192,192); margin-bottom:10px;\">\n<div class=\"note-relativas\" style=\"box-sizing:border-box; float:left; position:relative; width:290px;\">\n<h4 style=\"box-sizing:border-box; font-family:inherit; font-weight:500; line-height:1.1; color:rgb(225,4,4); margin:7pxauto16px; font-size:18pxwidth:261px; border-bottom:1pxsolidrgb(192,192,192); padding-bottom:7px; text-align:center;\"><a class=\"itm-rel-txt\" data-n=\"80378\" href=\"http:\/\/www.m.e-veracruz.mx\/nota\/2018-09-15\/nacion\/videos-asi-fue-la-balacera-en-garibaldi-cdmx\" style=\"box-sizing: border-box; background-color: rgb(230, 230, 230); color: rgb(38, 41, 48); text-decoration: none; float: left; position: relative; padding-left: 6px; display: inline-block; border: none; width: 260px;\"> <\/a>Entre las v\u00edctimas hay dos mujeres, quienes son claves en la investigaci\u00f3n. Se trata de las hermanas Araceli y Cristina, de 27 y 22 a\u00f1os de edad, respectivamente.<\/h4>\n<\/div>\n<\/div>\n<\/div>\n<p>De acuerdo con las pesquisas, Araceli era esposa de V\u00edctor de Jes\u00fas \u00abEl Barajas\u00bb, asesinado la noche del 21 de marzo pasado en unas canchas de futbol r\u00e1pido ubicadas frente al Metro Tlatelolco.<\/p>\n<p style=\"box-sizing:border-box; margin:0px0px10px;\"><img data-recalc-dims=\"1\" decoding=\"async\" alt=\"\" src=\"https:\/\/i0.wp.com\/lasillarotarm.blob.core.windows.net.optimalcdn.com\/images\/2018\/09\/17\/balacerasicariogaribaldiantiuniondos.jpeg?w=696&#038;ssl=1\" style=\"box-sizing: border-box; border: 0px; vertical-align: middle; max-width: 100%; text-align: center; margin: 0px auto; width: 500px; height: 375px;\"><\/p>\n<p>La Procuradur\u00eda (PGJ-CDMX) y la Secretar\u00eda de Seguridad P\u00fablica (SSP-CDMX) capitalinas vincularon a \u00abEl Barajas\u00bb con la venta de droga en la zona y el grupo delictivo Fuerza AntiUni\u00f3n, que encabeza Jorge Flores Conchas \u00abEl Tortas\u00bb.<\/p>\n<p style=\"box-sizing:border-box; margin:0px0px10px;\">Dicha organizaci\u00f3n criminal y la Uni\u00f3n de la B, fundada por Roberto Mollado Esparza \u00abEl Betito\u00bb -detenido recientemente por agentes federales- sostienen una lucha por el control del narcomenudeo no s\u00f3lo en Garibaldi, sino en todo el Centro Hist\u00f3rico.<\/p>\n<p style=\"box-sizing:border-box; margin:0px0px10px;\">Los mariachis asesinos ser\u00edan pistoleros de la Uni\u00f3n de la B, acorde con las indagatorias.<\/p>\n<p style=\"box-sizing:border-box; margin:0px0px10px;\"><img data-recalc-dims=\"1\" decoding=\"async\" alt=\"\" src=\"https:\/\/i0.wp.com\/lasillarotarm.blob.core.windows.net.optimalcdn.com\/images\/2018\/08\/31\/elbetito.jpg?w=696&#038;ssl=1\" style=\"box-sizing: border-box; border: 0px; vertical-align: middle; max-width: 100%; text-align: center; margin: 0px auto; width: 500px; height: 510px;\"><\/p>\n<p style=\"box-sizing:border-box; margin:0px0px10px;\">Varios asesinatos de uno y otro bando han tenido lugar en la CDMX y el Estado de M\u00e9xico desde enero, cuando Fuerza AntiUni\u00f3n dej\u00f3 un mensaje escrito en la playera de un hombre ultimado en Tepito.<\/p>\n<p style=\"box-sizing:border-box; margin:0px0px10px;\">Un mes antes, el hermano de \u00abEl Tortas\u00bb fue secuestrado presuntamente por miembros de la Uni\u00f3n de la B, pero hasta la fecha se ignora su paradero.<\/p>\n<p style=\"box-sizing:border-box; margin:0px0px10px;\">Este hecho fue el detonante de la pugna entre las dos bandas delictivas, cuyo m\u00e1s reciente cap\u00edtulo fue el ataque en Garibaldi.<\/p>\n<p style=\"box-sizing:border-box; margin:0px0px10px;\"><strong style=\"box-sizing: border-box; font-weight: 700;\">OPERATIVO EN LA GUERRERO PARA CAPTURAR A LOS MARIACHIS ASESINOS<\/strong><\/p>\n<p style=\"box-sizing:border-box; margin:0px0px10px;\">Tras analizar videos del C5, la SSP y la Procuradur\u00eda establecieron la ruta por donde escaparon los mariachis asesinos.<\/p>\n<p style=\"box-sizing:border-box; margin:0px0px10px;\">Un video que dio a conocer La Silla Rota evidenci\u00f3 c\u00f3mo tres motociclistas llegaron a Plaza Montero y Rep\u00fablica de Per\u00fa, a las 21:39 horas del viernes.<\/p>\n<p style=\"box-sizing:border-box; margin:0px0px10px;\">All\u00ed aguardaron a que los pistoleros, vestidos de mariachi, corrieran hasta ellos y montaran los asientos traseros de los veh\u00edculos.<\/p>\n<p>https:\/\/youtu.be\/sfy7Tz7ohk4<\/p>\n<p style=\"box-sizing:border-box; margin:0px0px10px; color:rgb(51,51,51); font-family:Helvetica; font-style:normal; font-variant-ligatures:normal; font-variant-caps:normal; font-weight:400; letter-spacing:normal; orphans:2text-indent:0px; text-transform:none; white-space:normal; widows:2; word-spacing:0px; -webkit-text-stroke-width:0px; background-color:rgb(255,255,255); text-decoration-style:initial; text-decoration-color:initial; text-align:left;\">Enseguida avanzaron por Eje Central L\u00e1zaro C\u00e1rdenas y fueron captados nuevamente en la colonia Guerrero.<\/p>\n<p style=\"box-sizing:border-box; margin:0px0px10px; color:rgb(51,51,51); font-family:Helvetica; font-style:normal; font-variant-ligatures:normal; font-variant-caps:normal; font-weight:400; letter-spacing:normal; orphans:2text-indent:0px; text-transform:none; white-space:normal; widows:2; word-spacing:0px; -webkit-text-stroke-width:0px; background-color:rgb(255,255,255); text-decoration-style:initial; text-decoration-color:initial; text-align:left;\">Finalmente las motos, dos KTM y una Pulsar, supuestamente fueron escondidas en un estacionamiento de la calle Sol.<\/p>\n<p style=\"box-sizing:border-box; margin:0px0px10px; color:rgb(51,51,51); font-family:Helvetica; font-style:normal; font-variant-ligatures:normal; font-variant-caps:normal; font-weight:400; letter-spacing:normal; orphans:2text-indent:0px; text-transform:none; white-space:normal; widows:2; word-spacing:0px; -webkit-text-stroke-width:0px; background-color:rgb(255,255,255); text-decoration-style:initial; text-decoration-color:initial; text-align:left;\">\u00abTenemos ya evidencia en video de c\u00f3mo pasaron los hechos desde la primera acci\u00f3n donde llegan tres sujetos que van vestidos de ropa t\u00edpica de mariachi y realizan la agresi\u00f3n directa. Se dan a la fuga por la calle Per\u00fa, donde hay tres motocicletas con tripulantes; ya tenemos el seguimiento por parte del C5 para ubicar el traslado\u00bb, dijo.<\/p>\n<p style=\"box-sizing:border-box; margin:0px0px10px; color:rgb(51,51,51); font-family:Helvetica; font-size:14px; font-style:normal; font-variant-ligatures:normal; font-variant-caps:normal; font-weight:400; letter-spacing:normal; orphans:2text-indent:0px; text-transform:none; white-space:normal; widows:2; word-spacing:0px; -webkit-text-stroke-width:0px; background-color:rgb(255,255,255); text-decoration-style:initial; text-decoration-color:initial; text-align:left;\"><img data-recalc-dims=\"1\" decoding=\"async\" alt=\"\" src=\"https:\/\/i0.wp.com\/lasillarotarm.blob.core.windows.net.optimalcdn.com\/images\/2018\/09\/17\/balacerasicariogaribaldiantiunionuno.jpeg?w=696&#038;ssl=1\" style=\"box-sizing: border-box; border: 0px; vertical-align: middle; max-width: 100%; text-align: center; margin: 0px auto; width: 500px; height: 960px;\"><\/p>\n<p>\u00abEl m\u00f3vil hasta ahorita est\u00e1 fortalecido. Es una ejecuci\u00f3n directa, eso es un hecho y todo parece indicar que el \u00e1rea m\u00e1s abierta es una tema de narcomenudeo\u00bb, admiti\u00f3 el procurador local Edmundo Garrido Osorio, al t\u00e9rmino de la quinta sesi\u00f3n del Consejo Consultivo de la Comisi\u00f3n para la Reconstrucci\u00f3n de la CDMX.<\/p>\n<p style=\"box-sizing:border-box; margin:0px0px10px; color:rgb(51,51,51); font-family:Helvetica; font-style:normal; font-variant-ligatures:normal; font-variant-caps:normal; font-weight:400; letter-spacing:normal; orphans:2text-indent:0px; text-transform:none; white-space:normal; widows:2; word-spacing:0px; -webkit-text-stroke-width:0px; background-color:rgb(255,255,255); text-decoration-style:initial; text-decoration-color:initial; text-align:left;\">Informantes de la Polic\u00eda les revelaron que los gatilleros son \u00abEl Huguito\u00bb, el \u00abQuique Coronas\u00bb y \u00abEl Romel\u00bb, por quienes hay un operativo permanente para localizarlos.<\/p>\n<p>https:\/\/youtu.be\/5iu1u0mma2w<\/p>\n<p>El tr\u00edo forma parte de la Uni\u00f3n de la B y presuntamente recibieron la orden de agredir a Jorge Flores Conchas \u00abEl Tortas\u00bb, quien se cree estaba en el lugar de los hechos, pero logr\u00f3 huir.<\/p>\n<p style=\"box-sizing:border-box; margin:0px0px10px; color:rgb(51,51,51); font-family:Helvetica; font-style:normal; font-variant-ligatures:normal; font-variant-caps:normal; font-weight:400; letter-spacing:normal; orphans:2text-indent:0px; text-transform:none; white-space:normal; widows:2; word-spacing:0px; -webkit-text-stroke-width:0px; background-color:rgb(255,255,255); text-decoration-style:initial; text-decoration-color:initial; text-align:left;\">Un d\u00eda antes, en la colonia Tabacalera, tambi\u00e9n de la alcald\u00eda de Cuauht\u00e9moc, fue asesinado a balazos un supuesto dealer bajo las \u00f3rdenes de \u00abEl Popeye\u00bb, personaje cercano a la Uni\u00f3n de la B.<\/p>\n<p style=\"box-sizing:border-box; margin:0px0px10px; color:rgb(51,51,51); font-family:Helvetica; font-size:14px; font-style:normal; font-variant-ligatures:normal; font-variant-caps:normal; font-weight:400; letter-spacing:normal; orphans:2text-indent:0px; text-transform:none; white-space:normal; widows:2; word-spacing:0px; -webkit-text-stroke-width:0px; background-color:rgb(255,255,255); text-decoration-style:initial; text-decoration-color:initial; text-align:left;\"><img data-recalc-dims=\"1\" decoding=\"async\" alt=\"\" src=\"https:\/\/i0.wp.com\/lasillarotarm.blob.core.windows.net.optimalcdn.com\/images\/2018\/09\/17\/elhuguitosicariogaribaldiantiunion.jpeg?w=696&#038;ssl=1\" style=\"box-sizing: border-box; border: 0px; vertical-align: middle; max-width: 100%; text-align: center; margin: 0px auto; width: 500px; height: 889px;\"><\/p>\n<p><strong style=\"box-sizing: border-box; font-weight: 700;\">\u00abEl Huguito\u00bb<\/strong><\/p>\n<p style=\"box-sizing:border-box; margin:0px0px10px; color:rgb(51,51,51); font-family:Helvetica; font-style:normal; font-variant-ligatures:normal; font-variant-caps:normal; font-weight:400; letter-spacing:normal; orphans:2text-indent:0px; text-transform:none; white-space:normal; widows:2; word-spacing:0px; -webkit-text-stroke-width:0px; background-color:rgb(255,255,255); text-decoration-style:initial; text-decoration-color:initial; text-align:left;\">Esto ocurri\u00f3 en Puente de Alvarado y San Fernando, y se considera el evento final que termin\u00f3 por desembocar en la matanza de Garibaldi.<\/p>\n<p style=\"box-sizing:border-box; margin:0px0px10px; color:rgb(51,51,51); font-family:Helvetica; font-style:normal; font-variant-ligatures:normal; font-variant-caps:normal; font-weight:400; letter-spacing:normal; orphans:2text-indent:0px; text-transform:none; white-space:normal; widows:2; word-spacing:0px; -webkit-text-stroke-width:0px; background-color:rgb(255,255,255); text-decoration-style:initial; text-decoration-color:initial; text-align:left;\">Seg\u00fan los informes de la Procuradur\u00eda, uno de los sospechosos de estos cr\u00edmenes, \u00abEl Huguito\u00bb, fue detenido en octubre del a\u00f1o pasado, acusado de llevar secuestrada a una persona dentro de una camioneta.<\/p>\n<p style=\"box-sizing:border-box; margin:0px0px10px; color:rgb(51,51,51); font-family:Helvetica; font-style:normal; font-variant-ligatures:normal; font-variant-caps:normal; font-weight:400; letter-spacing:normal; orphans:2text-indent:0px; text-transform:none; white-space:normal; widows:2; word-spacing:0px; -webkit-text-stroke-width:0px; background-color:rgb(255,255,255); text-decoration-style:initial; text-decoration-color:initial; text-align:left;\">El incidente tuvo lugar en Paseo de la Reforma, donde elementos de la SSP pararon la marcha del veh\u00edculo y encontraron a la v\u00edctima en los asientos traseros.<\/p>\n<p style=\"box-sizing:border-box; margin:0px0px10px; color:rgb(51,51,51); font-family:Helvetica; font-style:normal; font-variant-ligatures:normal; font-variant-caps:normal; font-weight:400; letter-spacing:normal; orphans:2text-indent:0px; text-transform:none; white-space:normal; widows:2; word-spacing:0px; -webkit-text-stroke-width:0px; background-color:rgb(255,255,255); text-decoration-style:initial; text-decoration-color:initial; text-align:left;\">Junto con otros individuos, \u00abEl Huguito\u00bb fue presentado ante el Ministerio P\u00fablico, pero el afectado se neg\u00f3 a continuar con la denuncia pues argument\u00f3 que en realidad no iba plagiado, sino que estaban jugando luego de una \u00abjuerga\u00bb.<\/p>\n<p style=\"box-sizing:border-box; margin:0px0px10px; color:rgb(51,51,51); font-family:Helvetica; font-style:normal; font-variant-ligatures:normal; font-variant-caps:normal; font-weight:400; letter-spacing:normal; orphans:2text-indent:0px; text-transform:none; white-space:normal; widows:2; word-spacing:0px; -webkit-text-stroke-width:0px; background-color:rgb(255,255,255); text-decoration-style:initial; text-decoration-color:initial; text-align:left;\">A\u00f1adi\u00f3 que conoc\u00eda a \u00abEl Huguito\u00bb y al resto de los detenidos, y que no los imputar\u00eda ante la PGJ.<\/p>\n<p style=\"box-sizing:border-box; margin:0px0px10px; color:rgb(51,51,51); font-family:Helvetica; font-style:normal; font-variant-ligatures:normal; font-variant-caps:normal; font-weight:400; letter-spacing:normal; orphans:2text-indent:0px; text-transform:none; white-space:normal; widows:2; word-spacing:0px; -webkit-text-stroke-width:0px; background-color:rgb(255,255,255); text-decoration-style:initial; text-decoration-color:initial; text-align:left;\">Fue as\u00ed que \u00abEl Huguito\u00bb sali\u00f3 libre. Es relacionado con la venta de estupefacientes y la extorsi\u00f3n en Santo Domingo y el Centro.<\/p>\n<p style=\"box-sizing:border-box; margin:0px0px10px; color:rgb(51,51,51); font-family:Helvetica; font-style:normal; font-variant-ligatures:normal; font-variant-caps:normal; font-weight:400; letter-spacing:normal; orphans:2text-indent:0px; text-transform:none; white-space:normal; widows:2; word-spacing:0px; -webkit-text-stroke-width:0px; background-color:rgb(255,255,255); text-decoration-style:initial; text-decoration-color:initial; text-align:left;\">Con informaci\u00f3n de<span> <\/span><i style=\"box-sizing: border-box;\"><a href=\"https:\/\/lasillarota.com\/huguito-quique-coronas-romel-asesinos-garibaldi\/247444\" style=\"box-sizing: border-box; background-color: transparent; color: rgb(80, 80, 80); text-decoration: none;\">La Silla Rota<\/a><\/i><\/p>\n<\/div>\n<\/div>\n<\/div>\n<\/div>\n<\/div>\n<\/div>\n","protected":false},"excerpt":{"rendered":"<p>Hay dos mujeres que son claves en la investigaci\u00f3n: una de ellas era viuda de V\u00edctor de Jes\u00fas \u00abEl Barajas\u00bb Los sicarios vestidos de mariachi que asesinaron el viernes pasado a seis personas en plena Plaza Garibaldi fueron identificados como V\u00edctor Hugo \u00abEl Huguito\u00bb; Enrique \u00abQuique Coronas\u00bb y \u00abEl Romel\u00bb. Avances en la carpeta CI-FCH\/CUH-4\/UI-3S\/D\/1330\/09-2018 [&hellip;]<\/p>\n","protected":false},"author":5,"featured_media":0,"comment_status":"open","ping_status":"open","sticky":false,"template":"","format":"standard","meta":{"_uf_show_specific_survey":0,"_uf_disable_surveys":false,"advanced_seo_description":"","jetpack_seo_html_title":"","jetpack_seo_noindex":false,"jetpack_post_was_ever_published":false,"_jetpack_newsletter_access":"","_jetpack_dont_email_post_to_subs":false,"_jetpack_newsletter_tier_id":0,"_jetpack_memberships_contains_paywalled_content":false,"_jetpack_memberships_contains_paid_content":false,"footnotes":"","jetpack_publicize_message":"","jetpack_publicize_feature_enabled":true,"jetpack_social_post_already_shared":false,"jetpack_social_options":{"image_generator_settings":{"template":"highway","default_image_id":0,"font":"","enabled":false},"version":2}},"categories":[101],"tags":[175,12],"class_list":{"0":"post-3341","1":"post","2":"type-post","3":"status-publish","4":"format-standard","6":"category-ciudad-de-mexico","7":"tag-ajustes-de-cuentas","8":"tag-crimen-organizado"},"jetpack_publicize_connections":[],"jetpack_featured_media_url":"","jetpack-related-posts":[{"id":35482,"url":"https:\/\/mexicocodigorojo.com.mx\/?p=35482","url_meta":{"origin":3341,"position":0},"title":"Si son ricos tienen riesgo de COVID-19; si son pobres son inmunes, dice Barbosa","author":"Staff","date":"marzo 25, 2020","format":false,"excerpt":"Esta declaraci\u00f3n fue realizada por Miguel Barbosa tras hacer \u00e9nfasis de que la mayor\u00eda de los casos de COVID-19 son de personas que viajaron Miguel Barbosa, gobernador de\u00a0Puebla, afirm\u00f3 que los\u00a0pobres\u00a0est\u00e1n\u00a0inmunes\u00a0por su condici\u00f3n ante el\u00a0coronavirus\u00a0(COVID-19), pero que los\u00a0ricos\u00a0est\u00e1n en\u00a0riesgo\u00a0ante dicha enfermedad. Esta declaraci\u00f3n fue realizada tras hacer \u00e9nfasis de que\u2026","rel":"","context":"En \u00abPuebla\u00bb","block_context":{"text":"Puebla","link":"https:\/\/mexicocodigorojo.com.mx\/?cat=46"},"img":{"alt_text":"","src":"https:\/\/i0.wp.com\/mexicocodigorojo.com.mx\/wp-content\/uploads\/2020\/03\/miguel-barbosa-puebla.jpg?fit=980%2C550&ssl=1&resize=350%2C200","width":350,"height":200,"srcset":"https:\/\/i0.wp.com\/mexicocodigorojo.com.mx\/wp-content\/uploads\/2020\/03\/miguel-barbosa-puebla.jpg?fit=980%2C550&ssl=1&resize=350%2C200 1x, https:\/\/i0.wp.com\/mexicocodigorojo.com.mx\/wp-content\/uploads\/2020\/03\/miguel-barbosa-puebla.jpg?fit=980%2C550&ssl=1&resize=525%2C300 1.5x, https:\/\/i0.wp.com\/mexicocodigorojo.com.mx\/wp-content\/uploads\/2020\/03\/miguel-barbosa-puebla.jpg?fit=980%2C550&ssl=1&resize=700%2C400 2x"},"classes":[]},{"id":21847,"url":"https:\/\/mexicocodigorojo.com.mx\/?p=21847","url_meta":{"origin":3341,"position":1},"title":"\u201cNo son protestas, son provocaciones\u201d: Sheinbaum","author":"Staff","date":"agosto 12, 2019","format":false,"excerpt":"Claudia Sheinbaum calific\u00f3 como \"provocaciones\" los actos de vandalizaci\u00f3n llevados a cabo por mujeres en las instalaciones de la PGJ capitalina La jefa de Gobierno de la Ciudad de M\u00e9xico,\u00a0Claudia Sheinbaum, calific\u00f3 como \u201cprovocaciones\u201d los actos de vandalizaci\u00f3n llevados a cabo por mujeres en las instalaciones de la\u00a0Procuradur\u00eda General de\u2026","rel":"","context":"En \u00abCiudad de M\u00e9xico\u00bb","block_context":{"text":"Ciudad de M\u00e9xico","link":"https:\/\/mexicocodigorojo.com.mx\/?cat=101"},"img":{"alt_text":"","src":"https:\/\/i0.wp.com\/mexicocodigorojo.com.mx\/wp-content\/uploads\/2019\/08\/manifestacion-pgj.png?fit=980%2C550&ssl=1&resize=350%2C200","width":350,"height":200,"srcset":"https:\/\/i0.wp.com\/mexicocodigorojo.com.mx\/wp-content\/uploads\/2019\/08\/manifestacion-pgj.png?fit=980%2C550&ssl=1&resize=350%2C200 1x, https:\/\/i0.wp.com\/mexicocodigorojo.com.mx\/wp-content\/uploads\/2019\/08\/manifestacion-pgj.png?fit=980%2C550&ssl=1&resize=525%2C300 1.5x, https:\/\/i0.wp.com\/mexicocodigorojo.com.mx\/wp-content\/uploads\/2019\/08\/manifestacion-pgj.png?fit=980%2C550&ssl=1&resize=700%2C400 2x"},"classes":[]},{"id":29775,"url":"https:\/\/mexicocodigorojo.com.mx\/?p=29775","url_meta":{"origin":3341,"position":2},"title":"El C\u00e1rtel del Noreste ataco a polic\u00edas de An\u00e1huac, Nuevo Le\u00f3n","author":"Staff","date":"enero 8, 2020","format":false,"excerpt":"An\u00e1huac, Nuevo Le\u00f3n.- Polic\u00edas de Fuerza Civil fueron atacados por hombres armados a bordo de una camioneta, en el municipio de An\u00e1huac. Los oficiales presuntamente detectaron un veh\u00edculo Chevrolet Silverado, cuyos tripulantes, al verlos, emprendieron la huida, lo que desat\u00f3 una persecuci\u00f3n a balazos. Los hechos se registraron en la\u2026","rel":"","context":"En \u00abNuevo Le\u00f3n\u00bb","block_context":{"text":"Nuevo Le\u00f3n","link":"https:\/\/mexicocodigorojo.com.mx\/?cat=29"},"img":{"alt_text":"","src":"https:\/\/i0.wp.com\/mexicocodigorojo.com.mx\/wp-content\/uploads\/2020\/01\/collage-nuevo-le%C3%B3n.jpg?fit=640%2C399&ssl=1&resize=350%2C200","width":350,"height":200,"srcset":"https:\/\/i0.wp.com\/mexicocodigorojo.com.mx\/wp-content\/uploads\/2020\/01\/collage-nuevo-le%C3%B3n.jpg?fit=640%2C399&ssl=1&resize=350%2C200 1x, https:\/\/i0.wp.com\/mexicocodigorojo.com.mx\/wp-content\/uploads\/2020\/01\/collage-nuevo-le%C3%B3n.jpg?fit=640%2C399&ssl=1&resize=525%2C300 1.5x"},"classes":[]},{"id":51418,"url":"https:\/\/mexicocodigorojo.com.mx\/?p=51418","url_meta":{"origin":3341,"position":3},"title":"IDENTIFICAN A 11 ASESINADOS EN MICHOACAN; 6 SON MENORES DE EDAD","author":"Staff","date":"noviembre 3, 2021","format":false,"excerpt":"La Fiscal\u00eda de Michoac\u00e1n inform\u00f3 que las 11 v\u00edctimas de homicidio halladas la noche de ayer sobre un camino de terracer\u00eda, son habitantes de la comunidad de Tarecuato, municipio de Tangamandapio. La FGE se\u00f1al\u00f3 que se trata de cinco adultos y seis menores de edad, originarios de la tenencia donde\u2026","rel":"","context":"En \u00abFeatured\u00bb","block_context":{"text":"Featured","link":"https:\/\/mexicocodigorojo.com.mx\/?cat=1724"},"img":{"alt_text":"","src":"https:\/\/i0.wp.com\/mexicocodigorojo.com.mx\/wp-content\/uploads\/2021\/11\/Captura-de-Pantalla-2021-11-02-a-las-12.42.50.png?resize=350%2C200&ssl=1","width":350,"height":200,"srcset":"https:\/\/i0.wp.com\/mexicocodigorojo.com.mx\/wp-content\/uploads\/2021\/11\/Captura-de-Pantalla-2021-11-02-a-las-12.42.50.png?resize=350%2C200&ssl=1 1x, https:\/\/i0.wp.com\/mexicocodigorojo.com.mx\/wp-content\/uploads\/2021\/11\/Captura-de-Pantalla-2021-11-02-a-las-12.42.50.png?resize=525%2C300&ssl=1 1.5x, https:\/\/i0.wp.com\/mexicocodigorojo.com.mx\/wp-content\/uploads\/2021\/11\/Captura-de-Pantalla-2021-11-02-a-las-12.42.50.png?resize=700%2C400&ssl=1 2x, https:\/\/i0.wp.com\/mexicocodigorojo.com.mx\/wp-content\/uploads\/2021\/11\/Captura-de-Pantalla-2021-11-02-a-las-12.42.50.png?resize=1050%2C600&ssl=1 3x"},"classes":[]},{"id":23673,"url":"https:\/\/mexicocodigorojo.com.mx\/?p=23673","url_meta":{"origin":3341,"position":4},"title":"5 j\u00f3venes son detenidos por secuestrar y asesinar a ni\u00f1a de 6 a\u00f1os","author":"Staff","date":"septiembre 14, 2019","format":false,"excerpt":"Cinco j\u00f3venes fueron detenidos por secuestrar y asesinar a\u00a0una menor de apenas seis a\u00f1os de edad en el\u00a0municipio de Mezcalapa, Chiapas Mezcalapa, Chiapas.-\u00a0Cinco presuntos secuestradores podr\u00eda recibir una\u00a0condena\u00a0de 170 a\u00f1os de\u00a0prisi\u00f3n, tras ser detenidos por estar involucrados con el rapto y asesinato de una menor de apenas seis a\u00f1os de\u2026","rel":"","context":"En \u00abChiapas\u00bb","block_context":{"text":"Chiapas","link":"https:\/\/mexicocodigorojo.com.mx\/?cat=75"},"img":{"alt_text":"","src":"https:\/\/i0.wp.com\/mexicocodigorojo.com.mx\/wp-content\/uploads\/2019\/09\/awe.jpg_112278454.jpg?fit=1069%2C563&ssl=1&resize=350%2C200","width":350,"height":200,"srcset":"https:\/\/i0.wp.com\/mexicocodigorojo.com.mx\/wp-content\/uploads\/2019\/09\/awe.jpg_112278454.jpg?fit=1069%2C563&ssl=1&resize=350%2C200 1x, https:\/\/i0.wp.com\/mexicocodigorojo.com.mx\/wp-content\/uploads\/2019\/09\/awe.jpg_112278454.jpg?fit=1069%2C563&ssl=1&resize=525%2C300 1.5x, https:\/\/i0.wp.com\/mexicocodigorojo.com.mx\/wp-content\/uploads\/2019\/09\/awe.jpg_112278454.jpg?fit=1069%2C563&ssl=1&resize=700%2C400 2x, https:\/\/i0.wp.com\/mexicocodigorojo.com.mx\/wp-content\/uploads\/2019\/09\/awe.jpg_112278454.jpg?fit=1069%2C563&ssl=1&resize=1050%2C600 3x"},"classes":[]},{"id":20194,"url":"https:\/\/mexicocodigorojo.com.mx\/?p=20194","url_meta":{"origin":3341,"position":5},"title":"Los herederos de El Chapo","author":"Staff","date":"julio 16, 2019","format":false,"excerpt":"A lo largo de su vida El Chapo ha tenido innumerables conquistas, aunque hasta el momento \u00e9l solo ha reconocido a los 10 hijos que tuvo con sus tres diferentes esposa Joaqu\u00edn \u201cEl Chapo\u201d Guzm\u00e1n, ex l\u00edder del C\u00e1rtel de Sinaloa, tiene 10 hijos reconocidos, sin embargo hay quienes aseguran\u2026","rel":"","context":"En \u00abSinaloa\u00bb","block_context":{"text":"Sinaloa","link":"https:\/\/mexicocodigorojo.com.mx\/?cat=41"},"img":{"alt_text":"","src":"https:\/\/i0.wp.com\/mexicocodigorojo.com.mx\/wp-content\/uploads\/2019\/07\/xalfredillox_hijo_de_xel_chapox_xpodrixa_construir_su_propio_imperio_criminalx3_1.jpeg_793492074.jpeg?fit=718%2C452&ssl=1&resize=350%2C200","width":350,"height":200,"srcset":"https:\/\/i0.wp.com\/mexicocodigorojo.com.mx\/wp-content\/uploads\/2019\/07\/xalfredillox_hijo_de_xel_chapox_xpodrixa_construir_su_propio_imperio_criminalx3_1.jpeg_793492074.jpeg?fit=718%2C452&ssl=1&resize=350%2C200 1x, https:\/\/i0.wp.com\/mexicocodigorojo.com.mx\/wp-content\/uploads\/2019\/07\/xalfredillox_hijo_de_xel_chapox_xpodrixa_construir_su_propio_imperio_criminalx3_1.jpeg_793492074.jpeg?fit=718%2C452&ssl=1&resize=525%2C300 1.5x, https:\/\/i0.wp.com\/mexicocodigorojo.com.mx\/wp-content\/uploads\/2019\/07\/xalfredillox_hijo_de_xel_chapox_xpodrixa_construir_su_propio_imperio_criminalx3_1.jpeg_793492074.jpeg?fit=718%2C452&ssl=1&resize=700%2C400 2x"},"classes":[]}],"jetpack_sharing_enabled":true,"jetpack_likes_enabled":true,"jetpack_shortlink":"https:\/\/wp.me\/p9TedA-RT","_links":{"self":[{"href":"https:\/\/mexicocodigorojo.com.mx\/index.php?rest_route=\/wp\/v2\/posts\/3341","targetHints":{"allow":["GET"]}}],"collection":[{"href":"https:\/\/mexicocodigorojo.com.mx\/index.php?rest_route=\/wp\/v2\/posts"}],"about":[{"href":"https:\/\/mexicocodigorojo.com.mx\/index.php?rest_route=\/wp\/v2\/types\/post"}],"author":[{"embeddable":true,"href":"https:\/\/mexicocodigorojo.com.mx\/index.php?rest_route=\/wp\/v2\/users\/5"}],"replies":[{"embeddable":true,"href":"https:\/\/mexicocodigorojo.com.mx\/index.php?rest_route=%2Fwp%2Fv2%2Fcomments&post=3341"}],"version-history":[{"count":0,"href":"https:\/\/mexicocodigorojo.com.mx\/index.php?rest_route=\/wp\/v2\/posts\/3341\/revisions"}],"wp:attachment":[{"href":"https:\/\/mexicocodigorojo.com.mx\/index.php?rest_route=%2Fwp%2Fv2%2Fmedia&parent=3341"}],"wp:term":[{"taxonomy":"category","embeddable":true,"href":"https:\/\/mexicocodigorojo.com.mx\/index.php?rest_route=%2Fwp%2Fv2%2Fcategories&post=3341"},{"taxonomy":"post_tag","embeddable":true,"href":"https:\/\/mexicocodigorojo.com.mx\/index.php?rest_route=%2Fwp%2Fv2%2Ftags&post=3341"}],"curies":[{"name":"wp","href":"https:\/\/api.w.org\/{rel}","templated":true}]}}