{"id":27997,"date":"2019-11-30T06:18:45","date_gmt":"2019-11-30T18:18:45","guid":{"rendered":"https:\/\/mexicocodigorojo.com.mx\/?p=27997"},"modified":"2019-11-30T12:18:23","modified_gmt":"2019-11-30T18:18:23","slug":"le-quema-los-pies-a-su-hija-de-ocho-anos-con-una-plancha","status":"publish","type":"post","link":"https:\/\/mexicocodigorojo.com.mx\/?p=27997","title":{"rendered":"LE QUEMA LOS PIES A SU HIJA DE OCHO A\u00d1OS CON UNA PLANCHA"},"content":{"rendered":"<p style=\"box-sizing: border-box; font-family: Verdana, Geneva, sans-serif; font-size: 15px; line-height: 26px; margin-top: 0px; margin-bottom: 26px; overflow-wrap: break-word; text-align: justify; color: rgb(34, 34, 34); font-style: normal; font-variant-ligatures: normal; font-variant-caps: normal; font-weight: 400; letter-spacing: normal; orphans: 2; text-indent: 0px; text-transform: none; white-space: normal; widows: 2; word-spacing: 0px; -webkit-text-stroke-width: 0px; background-color: rgb(255, 255, 255); text-decoration-style: initial; text-decoration-color: initial;\"><strong style=\"box-sizing: border-box; font-weight: bold;\">M\u00e9xico.<\/strong><span> <\/span>Una mujer le<span> <\/span><strong style=\"box-sizing: border-box; font-weight: bold;\">quem\u00f3 los pies<\/strong><span> <\/span>a su hija con una plancha caliente en<span> <\/span><strong style=\"box-sizing: border-box; font-weight: bold;\">Valladolid, Yucat\u00e1n,<\/strong><span> <\/span>como castigo por<span> <\/span><strong style=\"box-sizing: border-box; font-weight: bold;\">desobedecerla.<\/strong><\/p>\n<p style=\"box-sizing: border-box; font-family: Verdana, Geneva, sans-serif; font-size: 15px; line-height: 26px; margin-top: 0px; margin-bottom: 26px; overflow-wrap: break-word; text-align: justify; color: rgb(34, 34, 34); font-style: normal; font-variant-ligatures: normal; font-variant-caps: normal; font-weight: 400; letter-spacing: normal; orphans: 2; text-indent: 0px; text-transform: none; white-space: normal; widows: 2; word-spacing: 0px; -webkit-text-stroke-width: 0px; background-color: rgb(255, 255, 255); text-decoration-style: initial; text-decoration-color: initial;\">La ni\u00f1a, de<span> <\/span><strong style=\"box-sizing: border-box; font-weight: bold;\">8 a\u00f1os<\/strong><span> <\/span>de edad, no le hizo caso a su madre cuando \u00e9sta le instruy\u00f3 que dejara de jugar y se metiera a la casa.<\/p>\n<p style=\"box-sizing: border-box; font-family: Verdana, Geneva, sans-serif; font-size: 15px; line-height: 26px; margin-top: 0px; margin-bottom: 26px; overflow-wrap: break-word; text-align: justify; color: rgb(34, 34, 34); font-style: normal; font-variant-ligatures: normal; font-variant-caps: normal; font-weight: 400; letter-spacing: normal; orphans: 2; text-indent: 0px; text-transform: none; white-space: normal; widows: 2; word-spacing: 0px; -webkit-text-stroke-width: 0px; background-color: rgb(255, 255, 255); text-decoration-style: initial; text-decoration-color: initial;\">Furiosa por la renuencia de la menor, la mujer le orden\u00f3 a su otra hija, de 12 a\u00f1os, que sujetara a su hermana mientras ella le colocaba la plancha caliente en los pies.<\/p>\n<p style=\"box-sizing: border-box; font-family: Verdana, Geneva, sans-serif; font-size: 15px; line-height: 26px; margin-top: 0px; margin-bottom: 26px; overflow-wrap: break-word; text-align: justify; color: rgb(34, 34, 34); font-style: normal; font-variant-ligatures: normal; font-variant-caps: normal; font-weight: 400; letter-spacing: normal; orphans: 2; text-indent: 0px; text-transform: none; white-space: normal; widows: 2; word-spacing: 0px; -webkit-text-stroke-width: 0px; background-color: rgb(255, 255, 255); text-decoration-style: initial; text-decoration-color: initial;\">Tras la agresi\u00f3n, la ni\u00f1a logr\u00f3 escapar de la vivienda y acudi\u00f3 a pedir ayuda a sus vecinos, quienes dieron aviso a las autoridades.<\/p>\n<p style=\"box-sizing: border-box; font-family: Verdana, Geneva, sans-serif; font-size: 15px; line-height: 26px; margin-top: 0px; margin-bottom: 26px; overflow-wrap: break-word; text-align: justify; color: rgb(34, 34, 34); font-style: normal; font-variant-ligatures: normal; font-variant-caps: normal; font-weight: 400; letter-spacing: normal; orphans: 2; text-indent: 0px; text-transform: none; white-space: normal; widows: 2; word-spacing: 0px; -webkit-text-stroke-width: 0px; background-color: rgb(255, 255, 255); text-decoration-style: initial; text-decoration-color: initial;\">La menor fue trasladada al DIF municipal, en donde contin\u00faa siendo atendida.<\/p>\n<p style=\"box-sizing: border-box; font-family: Verdana, Geneva, sans-serif; font-size: 15px; line-height: 26px; margin-top: 0px; margin-bottom: 26px; overflow-wrap: break-word; text-align: justify; color: rgb(34, 34, 34); font-style: normal; font-variant-ligatures: normal; font-variant-caps: normal; font-weight: 400; letter-spacing: normal; orphans: 2; text-indent: 0px; text-transform: none; white-space: normal; widows: 2; word-spacing: 0px; -webkit-text-stroke-width: 0px; background-color: rgb(255, 255, 255); text-decoration-style: initial; text-decoration-color: initial;\">De acuerdo con medios de comunicaci\u00f3n, vecinos refieren que tanto la mujer como su esposo, de origen chiapaneco, ejerc\u00edan maltrato en contra de la menor y sus cuatro hermanos.<\/p>\n<p><em>Informaci\u00f3n<\/em> <em>e imagen <\/em><em><strong>Letra Roja<\/strong><\/em><\/p>\n<p><img data-recalc-dims=\"1\" loading=\"lazy\" decoding=\"async\" src=\"https:\/\/i0.wp.com\/secureservercdn.net\/166.62.108.22\/cg1.af3.myftpupload.com\/wp-content\/uploads\/2019\/11\/cymera_20191130_111655-1276051942.jpg?resize=696%2C696&#038;ssl=1\" class=\"alignnone wp-image-27996 size-full\" width=\"696\" height=\"696\"><\/p>\n","protected":false},"excerpt":{"rendered":"<p>M\u00e9xico. Una mujer le quem\u00f3 los pies a su hija con una plancha caliente en Valladolid, Yucat\u00e1n, como castigo por desobedecerla. La ni\u00f1a, de 8 a\u00f1os de edad, no le hizo caso a su madre cuando \u00e9sta le instruy\u00f3 que dejara de jugar y se metiera a la casa. Furiosa por la renuencia de la [&hellip;]<\/p>\n","protected":false},"author":16,"featured_media":0,"comment_status":"open","ping_status":"open","sticky":false,"template":"","format":"standard","meta":{"_uf_show_specific_survey":0,"_uf_disable_surveys":false,"advanced_seo_description":"","jetpack_seo_html_title":"","jetpack_seo_noindex":false,"jetpack_seo_schema_type":"","_jetpack_newsletter_access":"","_jetpack_dont_email_post_to_subs":false,"_jetpack_newsletter_tier_id":0,"_jetpack_memberships_contains_paywalled_content":false,"_jetpack_feature_clip_id":0,"_jetpack_memberships_contains_paid_content":false,"footnotes":"","jetpack_publicize_message":"","jetpack_publicize_feature_enabled":true,"jetpack_social_post_already_shared":false,"jetpack_social_options":{"image_generator_settings":{"template":"highway","default_image_id":0,"font":"","enabled":false},"version":2},"jetpack_post_was_ever_published":false},"categories":[1724],"tags":[],"class_list":["post-27997","post","type-post","status-publish","format-standard","category-featured"],"jetpack_publicize_connections":[],"jetpack-related-posts":[{"id":29278,"url":"https:\/\/mexicocodigorojo.com.mx\/?p=29278","url_meta":{"origin":27997,"position":0},"title":"DOBLE FEMINICIDIO EN REYNOSA TAMAULIPAS ERAN MADRE E HIJA","author":"MexicoRojo","date":"diciembre 26, 2019","format":false,"excerpt":"Reynosa, Tamaulipas manairadas de manos y pies hallaron los cuerpos sin vida de dos personas del sexo femenino el d\u00eda de hoy en la ma\u00f1ana en la calle Sierra del mercado en la Colonia Fuentes Secci\u00f3n Lomas en Reynosa. La vestimenta de las occisas es el siguiente: Una de ellas\u2026","rel":"","context":"En \u00abFeatured\u00bb","block_context":{"text":"Featured","link":"https:\/\/mexicocodigorojo.com.mx\/?cat=1724"},"img":{"alt_text":"","src":"https:\/\/i0.wp.com\/secureservercdn.net\/166.62.108.22\/cg1.af3.myftpupload.com\/wp-content\/uploads\/2019\/12\/polish_20191226_163314183-1186118421.jpg?resize=350%2C200&ssl=1","width":350,"height":200,"srcset":"https:\/\/i0.wp.com\/secureservercdn.net\/166.62.108.22\/cg1.af3.myftpupload.com\/wp-content\/uploads\/2019\/12\/polish_20191226_163314183-1186118421.jpg?resize=350%2C200&ssl=1 1x, https:\/\/i0.wp.com\/secureservercdn.net\/166.62.108.22\/cg1.af3.myftpupload.com\/wp-content\/uploads\/2019\/12\/polish_20191226_163314183-1186118421.jpg?resize=525%2C300&ssl=1 1.5x"},"classes":[]},{"id":22074,"url":"https:\/\/mexicocodigorojo.com.mx\/?p=22074","url_meta":{"origin":27997,"position":1},"title":"Golpea hasta matar a su hija de 5 meses en Uruapan, Michoac\u00e1n","author":"Staff","date":"agosto 15, 2019","format":false,"excerpt":"El hombre refiri\u00f3 a los param\u00e9dicos que su hija se hab\u00eda ca\u00eddo de la cama, sin embargo, la beb\u00e9 presentaba contusiones provocadas por un ataque f\u00edsico. Una beb\u00e9 de apenas cinco meses de edad perdi\u00f3 la vida luego de que su padre, presuntamente, le golpeara brutalmente en su cabeza; el\u2026","rel":"","context":"En \u00abMichoac\u00e1n\u00bb","block_context":{"text":"Michoac\u00e1n","link":"https:\/\/mexicocodigorojo.com.mx\/?cat=50"},"img":{"alt_text":"","src":"https:\/\/i0.wp.com\/mexicocodigorojo.com.mx\/wp-content\/uploads\/2019\/08\/mata-bebe-702x405.jpeg?fit=702%2C405&ssl=1&resize=350%2C200","width":350,"height":200,"srcset":"https:\/\/i0.wp.com\/mexicocodigorojo.com.mx\/wp-content\/uploads\/2019\/08\/mata-bebe-702x405.jpeg?fit=702%2C405&ssl=1&resize=350%2C200 1x, https:\/\/i0.wp.com\/mexicocodigorojo.com.mx\/wp-content\/uploads\/2019\/08\/mata-bebe-702x405.jpeg?fit=702%2C405&ssl=1&resize=525%2C300 1.5x, https:\/\/i0.wp.com\/mexicocodigorojo.com.mx\/wp-content\/uploads\/2019\/08\/mata-bebe-702x405.jpeg?fit=702%2C405&ssl=1&resize=700%2C400 2x"},"classes":[]},{"id":14698,"url":"https:\/\/mexicocodigorojo.com.mx\/?p=14698","url_meta":{"origin":27997,"position":2},"title":"Ana Karen: la esperanza en una foto por un levant\u00f3n a manos del narco","author":"Staff","date":"febrero 26, 2019","format":false,"excerpt":"Ana Karen: la esperanza en una foto por un levant\u00f3n a manos del narco La madre de esta joven tiene siete a\u00f1os de no tener un rastro de su peque\u00f1a En M\u00e9xico todos los d\u00edas se dan a conocer nuevos casos de mujeres desaparecidas; Ana Karen es un ejemplo. El\u2026","rel":"","context":"En \u00abFeatured\u00bb","block_context":{"text":"Featured","link":"https:\/\/mexicocodigorojo.com.mx\/?cat=1724"},"img":{"alt_text":"","src":"https:\/\/i0.wp.com\/mexicocodigorojo.com.mx\/wp-content\/uploads\/2019\/02\/2c50a985-5be0-4786-8440-5ac1b0128dca-400x2221309172253.jpg?resize=350%2C200&ssl=1","width":350,"height":200},"classes":[]},{"id":10651,"url":"https:\/\/mexicocodigorojo.com.mx\/?p=10651","url_meta":{"origin":27997,"position":3},"title":"\u00abPerdoname hija m\u00eda porque no trabaje lo suficiente para pagar tu rescate\u00bb Palabras que le dedica la mama a la joven Itzel que estuvo secuestrada un mes en Naranjos Veracruz y fue asesinada por sus captores","author":"Staff","date":"diciembre 16, 2018","format":false,"excerpt":"\"Perdoname hija m\u00eda porque no trabaje lo suficiente para pagar tu rescate\" Palabras que le dedica la mama a la joven Itzel que estuvo secuestrada un mes en Naranjos Veracruz y fue asesinada por sus captores Tancoco, Ver.- Una joven hija de una conocida empresaria, fue encontrada asesinada en el\u2026","rel":"","context":"En \u00abVeracruz\u00bb","block_context":{"text":"Veracruz","link":"https:\/\/mexicocodigorojo.com.mx\/?cat=22"},"img":{"alt_text":"","src":"https:\/\/i0.wp.com\/mexicocodigorojo.com.mx\/wp-content\/uploads\/2018\/12\/cymera_20181216_082103-1439417297.jpg?resize=350%2C200&ssl=1","width":350,"height":200,"srcset":"https:\/\/i0.wp.com\/mexicocodigorojo.com.mx\/wp-content\/uploads\/2018\/12\/cymera_20181216_082103-1439417297.jpg?resize=350%2C200&ssl=1 1x, https:\/\/i0.wp.com\/mexicocodigorojo.com.mx\/wp-content\/uploads\/2018\/12\/cymera_20181216_082103-1439417297.jpg?resize=525%2C300&ssl=1 1.5x, https:\/\/i0.wp.com\/mexicocodigorojo.com.mx\/wp-content\/uploads\/2018\/12\/cymera_20181216_082103-1439417297.jpg?resize=700%2C400&ssl=1 2x"},"classes":[]},{"id":25923,"url":"https:\/\/mexicocodigorojo.com.mx\/?p=25923","url_meta":{"origin":27997,"position":4},"title":"Intenta lanzar a su hija de puente; la detienen en Monterrey","author":"Staff","date":"octubre 23, 2019","format":false,"excerpt":"La mujer habr\u00eda sostenido una discusi\u00f3n con su pareja, por lo que amenaz\u00f3 con lanzar a su hija desde el puente peatonal Monterrey.-\u00a0Una\u00a0mujer\u00a0fue detenida por polic\u00edas municipales de Monterrey, por amenazar con lanzar a su\u00a0hija\u00a0de 2 a\u00f1os de un\u00a0puente peatonal, esto despu\u00e9s de haber discutido con su pareja. El incidente\u2026","rel":"","context":"En \u00abNuevo Le\u00f3n\u00bb","block_context":{"text":"Nuevo Le\u00f3n","link":"https:\/\/mexicocodigorojo.com.mx\/?cat=29"},"img":{"alt_text":"","src":"https:\/\/i0.wp.com\/mexicocodigorojo.com.mx\/wp-content\/uploads\/2019\/10\/Mty.jpg?fit=930%2C577&ssl=1&resize=350%2C200","width":350,"height":200,"srcset":"https:\/\/i0.wp.com\/mexicocodigorojo.com.mx\/wp-content\/uploads\/2019\/10\/Mty.jpg?fit=930%2C577&ssl=1&resize=350%2C200 1x, https:\/\/i0.wp.com\/mexicocodigorojo.com.mx\/wp-content\/uploads\/2019\/10\/Mty.jpg?fit=930%2C577&ssl=1&resize=525%2C300 1.5x, https:\/\/i0.wp.com\/mexicocodigorojo.com.mx\/wp-content\/uploads\/2019\/10\/Mty.jpg?fit=930%2C577&ssl=1&resize=700%2C400 2x"},"classes":[]},{"id":43073,"url":"https:\/\/mexicocodigorojo.com.mx\/?p=43073","url_meta":{"origin":27997,"position":5},"title":"V\u00eddeo; Hombre apu\u00f1ala a presunto violador de su hija en Le\u00f3n, Guanajuato","author":"Staff","date":"septiembre 11, 2020","format":false,"excerpt":"Im\u00e1genes captadas por c\u00e1maras de seguridad muestran el momento en que un hombre asesina a un sujeto acusado de agredir sexualmente a su hija Un hombre atac\u00f3 con un\u00a0cuchillo\u00a0al supuesto violador de su hija en\u00a0Le\u00f3n,\u00a0Guanajuato. C\u00e1maras de seguridad captaron el momento en que el padre de familia, identificado como\u00a0Luis Manuel,\u2026","rel":"","context":"En \u00abFeatured\u00bb","block_context":{"text":"Featured","link":"https:\/\/mexicocodigorojo.com.mx\/?cat=1724"},"img":{"alt_text":"","src":"https:\/\/i0.wp.com\/mexicocodigorojo.com.mx\/wp-content\/uploads\/2020\/09\/agresion-en-leon.jpg?fit=980%2C550&ssl=1&resize=350%2C200","width":350,"height":200,"srcset":"https:\/\/i0.wp.com\/mexicocodigorojo.com.mx\/wp-content\/uploads\/2020\/09\/agresion-en-leon.jpg?fit=980%2C550&ssl=1&resize=350%2C200 1x, https:\/\/i0.wp.com\/mexicocodigorojo.com.mx\/wp-content\/uploads\/2020\/09\/agresion-en-leon.jpg?fit=980%2C550&ssl=1&resize=525%2C300 1.5x, https:\/\/i0.wp.com\/mexicocodigorojo.com.mx\/wp-content\/uploads\/2020\/09\/agresion-en-leon.jpg?fit=980%2C550&ssl=1&resize=700%2C400 2x"},"classes":[]}],"jetpack_sharing_enabled":true,"jetpack_likes_enabled":true,"jetpack_shortlink":"https:\/\/wp.me\/p9TedA-7hz","jetpack_featured_media_url":"","_links":{"self":[{"href":"https:\/\/mexicocodigorojo.com.mx\/index.php?rest_route=\/wp\/v2\/posts\/27997","targetHints":{"allow":["GET"]}}],"collection":[{"href":"https:\/\/mexicocodigorojo.com.mx\/index.php?rest_route=\/wp\/v2\/posts"}],"about":[{"href":"https:\/\/mexicocodigorojo.com.mx\/index.php?rest_route=\/wp\/v2\/types\/post"}],"author":[{"embeddable":true,"href":"https:\/\/mexicocodigorojo.com.mx\/index.php?rest_route=\/wp\/v2\/users\/16"}],"replies":[{"embeddable":true,"href":"https:\/\/mexicocodigorojo.com.mx\/index.php?rest_route=%2Fwp%2Fv2%2Fcomments&post=27997"}],"version-history":[{"count":0,"href":"https:\/\/mexicocodigorojo.com.mx\/index.php?rest_route=\/wp\/v2\/posts\/27997\/revisions"}],"wp:attachment":[{"href":"https:\/\/mexicocodigorojo.com.mx\/index.php?rest_route=%2Fwp%2Fv2%2Fmedia&parent=27997"}],"wp:term":[{"taxonomy":"category","embeddable":true,"href":"https:\/\/mexicocodigorojo.com.mx\/index.php?rest_route=%2Fwp%2Fv2%2Fcategories&post=27997"},{"taxonomy":"post_tag","embeddable":true,"href":"https:\/\/mexicocodigorojo.com.mx\/index.php?rest_route=%2Fwp%2Fv2%2Ftags&post=27997"}],"curies":[{"name":"wp","href":"https:\/\/api.w.org\/{rel}","templated":true}]}}