{"id":2738,"date":"2018-09-12T22:04:44","date_gmt":"2018-09-12T22:04:44","guid":{"rendered":"https:\/\/mexicocodigorojo.com.mx\/?p=2738"},"modified":"2018-09-12T22:04:44","modified_gmt":"2018-09-12T22:04:44","slug":"genio-da-clases-increibles-de-geometria-y-es-muy-amable","status":"publish","type":"post","link":"https:\/\/mexicocodigorojo.com.mx\/?p=2738","title":{"rendered":"Genio Da Clases Incre\u00edbles De Geometr\u00eda Y Es Muy Amable"},"content":{"rendered":"<p>En la CDMX hay una persona que da clases incre\u00edbles de Geometr\u00eda y es muy amable.<\/p>\n<p><img data-recalc-dims=\"1\" loading=\"lazy\" decoding=\"async\" data-attachment-id=\"2737\" data-permalink=\"https:\/\/mexicocodigorojo.com.mx\/?attachment_id=2737\" data-orig-file=\"https:\/\/i0.wp.com\/mexicocodigorojo.com.mx\/wp-content\/uploads\/2018\/09\/IMG-20180912-WA0048.jpg?fit=900%2C1200&amp;ssl=1\" data-orig-size=\"900,1200\" data-comments-opened=\"1\" data-image-meta=\"{&quot;aperture&quot;:&quot;0&quot;,&quot;credit&quot;:&quot;&quot;,&quot;camera&quot;:&quot;&quot;,&quot;caption&quot;:&quot;&quot;,&quot;created_timestamp&quot;:&quot;0&quot;,&quot;copyright&quot;:&quot;&quot;,&quot;focal_length&quot;:&quot;0&quot;,&quot;iso&quot;:&quot;0&quot;,&quot;shutter_speed&quot;:&quot;0&quot;,&quot;title&quot;:&quot;&quot;,&quot;orientation&quot;:&quot;0&quot;}\" data-image-title=\"IMG-20180912-WA0048.jpg\" data-image-description=\"\" data-image-caption=\"\" data-large-file=\"https:\/\/i0.wp.com\/mexicocodigorojo.com.mx\/wp-content\/uploads\/2018\/09\/IMG-20180912-WA0048.jpg?fit=696%2C928&amp;ssl=1\" src=\"https:\/\/i0.wp.com\/mexicocodigorojo.com.mx\/wp-content\/uploads\/2018\/09\/IMG-20180912-WA0048.jpg?resize=696%2C928&#038;ssl=1\" class=\"alignnone size-full wp-image-2737\" width=\"696\" height=\"928\" srcset=\"https:\/\/i0.wp.com\/mexicocodigorojo.com.mx\/wp-content\/uploads\/2018\/09\/IMG-20180912-WA0048.jpg?w=900&amp;ssl=1 900w, https:\/\/i0.wp.com\/mexicocodigorojo.com.mx\/wp-content\/uploads\/2018\/09\/IMG-20180912-WA0048.jpg?resize=225%2C300&amp;ssl=1 225w, https:\/\/i0.wp.com\/mexicocodigorojo.com.mx\/wp-content\/uploads\/2018\/09\/IMG-20180912-WA0048.jpg?resize=768%2C1024&amp;ssl=1 768w\" sizes=\"auto, (max-width: 696px) 100vw, 696px\" \/><\/p>\n<p>Se encuentra en Av. Francisco I. Madero Z. P. 1 de admirar sus ganas de trabajar aunque se est\u00e9 quedando ciego, sobre todo est\u00e1 agradecido con Dios y con la gente que lo apoya<\/p>\n<p>Fuente @DIF_NMX \u201cLa verdad se mueve\u201d<\/p>\n","protected":false},"excerpt":{"rendered":"<p>En la CDMX hay una persona que da clases incre\u00edbles de Geometr\u00eda y es muy amable. Se encuentra en Av. Francisco I. Madero Z. P. 1 de admirar sus ganas de trabajar aunque se est\u00e9 quedando ciego, sobre todo est\u00e1 agradecido con Dios y con la gente que lo apoya Fuente @DIF_NMX \u201cLa verdad se [&hellip;]<\/p>\n","protected":false},"author":5,"featured_media":2737,"comment_status":"open","ping_status":"open","sticky":false,"template":"","format":"standard","meta":{"_uf_show_specific_survey":0,"_uf_disable_surveys":false,"advanced_seo_description":"","jetpack_seo_html_title":"","jetpack_seo_noindex":false,"jetpack_post_was_ever_published":false,"_jetpack_newsletter_access":"","_jetpack_dont_email_post_to_subs":false,"_jetpack_newsletter_tier_id":0,"_jetpack_memberships_contains_paywalled_content":false,"_jetpack_memberships_contains_paid_content":false,"footnotes":"","jetpack_publicize_message":"","jetpack_publicize_feature_enabled":true,"jetpack_social_post_already_shared":false,"jetpack_social_options":{"image_generator_settings":{"template":"highway","default_image_id":0,"font":"","enabled":false},"version":2}},"categories":[101],"tags":[217],"class_list":{"0":"post-2738","1":"post","2":"type-post","3":"status-publish","4":"format-standard","5":"has-post-thumbnail","7":"category-ciudad-de-mexico","8":"tag-genios"},"jetpack_publicize_connections":[],"jetpack_featured_media_url":"https:\/\/i0.wp.com\/mexicocodigorojo.com.mx\/wp-content\/uploads\/2018\/09\/IMG-20180912-WA0048.jpg?fit=900%2C1200&ssl=1","jetpack-related-posts":[{"id":26233,"url":"https:\/\/mexicocodigorojo.com.mx\/?p=26233","url_meta":{"origin":2738,"position":0},"title":"Suspenden clases en tres municipios de Baja California","author":"Staff","date":"octubre 31, 2019","format":false,"excerpt":"La Secretar\u00eda de Seguridad y Protecci\u00f3n Ciudadana dio a conocer que se suspender\u00e1n las clases para este jueves en los municipios de Tijuana, Tecate y Rosarito Elementos de la\u00a0Marina, la\u00a0Secretar\u00eda de la Defensa Nacional, la\u00a0Guardia Nacional\u00a0y la Coordinaci\u00f3n Nacional Forestal desarrollaron\u00a0acciones conjuntas\u00a0para dominar ciento por ciento los tres\u00a0principales incendios\u00a0en\u00a0Baja California.\u2026","rel":"","context":"En \u00abBaja California\u00bb","block_context":{"text":"Baja California","link":"https:\/\/mexicocodigorojo.com.mx\/?cat=130"},"img":{"alt_text":"","src":"https:\/\/i0.wp.com\/mexicocodigorojo.com.mx\/wp-content\/uploads\/2019\/10\/baja-california-incendios-vientos.jpg?fit=980%2C550&ssl=1&resize=350%2C200","width":350,"height":200,"srcset":"https:\/\/i0.wp.com\/mexicocodigorojo.com.mx\/wp-content\/uploads\/2019\/10\/baja-california-incendios-vientos.jpg?fit=980%2C550&ssl=1&resize=350%2C200 1x, https:\/\/i0.wp.com\/mexicocodigorojo.com.mx\/wp-content\/uploads\/2019\/10\/baja-california-incendios-vientos.jpg?fit=980%2C550&ssl=1&resize=525%2C300 1.5x, https:\/\/i0.wp.com\/mexicocodigorojo.com.mx\/wp-content\/uploads\/2019\/10\/baja-california-incendios-vientos.jpg?fit=980%2C550&ssl=1&resize=700%2C400 2x"},"classes":[]},{"id":8931,"url":"https:\/\/mexicocodigorojo.com.mx\/?p=8931","url_meta":{"origin":2738,"position":1},"title":"Mujeres denuncian clases de zumba por tener a\u00f1os yendo y no logran bajar la panza","author":"Staff","date":"noviembre 16, 2018","format":false,"excerpt":"El cuidar de nuestro cuerpo es una cuesti\u00f3n cuya importancia va mucho m\u00e1s all\u00e1 de la apariencia f\u00edsica y la vanidad; se trata de nuestra salud y calidad de vida.Sin embargo nadie dijo que esto sea una tarea f\u00e1cil, es necesario esfuerzo, constancia y dedicaci\u00f3n; y al parecer no todos\u2026","rel":"","context":"En \u00abFeatured\u00bb","block_context":{"text":"Featured","link":"https:\/\/mexicocodigorojo.com.mx\/?cat=1724"},"img":{"alt_text":"","src":"https:\/\/i0.wp.com\/mexicocodigorojo.com.mx\/wp-content\/uploads\/2018\/11\/img_9872-1802514738.jpg?resize=350%2C200&ssl=1","width":350,"height":200,"srcset":"https:\/\/i0.wp.com\/mexicocodigorojo.com.mx\/wp-content\/uploads\/2018\/11\/img_9872-1802514738.jpg?resize=350%2C200&ssl=1 1x, https:\/\/i0.wp.com\/mexicocodigorojo.com.mx\/wp-content\/uploads\/2018\/11\/img_9872-1802514738.jpg?resize=525%2C300&ssl=1 1.5x, https:\/\/i0.wp.com\/mexicocodigorojo.com.mx\/wp-content\/uploads\/2018\/11\/img_9872-1802514738.jpg?resize=700%2C400&ssl=1 2x, https:\/\/i0.wp.com\/mexicocodigorojo.com.mx\/wp-content\/uploads\/2018\/11\/img_9872-1802514738.jpg?resize=1050%2C600&ssl=1 3x"},"classes":[]},{"id":3352,"url":"https:\/\/mexicocodigorojo.com.mx\/?p=3352","url_meta":{"origin":2738,"position":2},"title":"Suspenden Clases En Los Cabos, La Paz Y Comond\u00fa En Baja California Sur","author":"Staff","date":"septiembre 19, 2018","format":false,"excerpt":"La Paz, Baja California Sur.- El Consejo Estatal de Protecci\u00f3n Civil acord\u00f3 suspender de manera preventiva, este mi\u00e9rcoles 19 de septiembre las clases en todos los niveles educativos, as\u00ed como en las estancias infantiles y guarder\u00edas en los municipios de La Paz, Los Cabos y Comond\u00fa, a ra\u00edz de las\u2026","rel":"","context":"En \u00abBaja California Sur\u00bb","block_context":{"text":"Baja California Sur","link":"https:\/\/mexicocodigorojo.com.mx\/?cat=134"},"img":{"alt_text":"","src":"","width":0,"height":0},"classes":[]},{"id":51966,"url":"https:\/\/mexicocodigorojo.com.mx\/?p=51966","url_meta":{"origin":2738,"position":3},"title":"Ordena la SEP volver a aulas, aun con alza en contagios","author":"Staff","date":"enero 3, 2022","format":false,"excerpt":"Pese a que la Secretar\u00eda de Salud reporta un importante aumento de contagios por covid-19 en todo el pa\u00eds, la SEP orden\u00f3 a todas las escuelas p\u00fablicas regresar a clases presenciales, aunque ocho entidades anuncian que lo har\u00e1n a lo largo de las siguientes dos semanas. La Secretar\u00eda de Educaci\u00f3n\u2026","rel":"","context":"En \u00abFeatured\u00bb","block_context":{"text":"Featured","link":"https:\/\/mexicocodigorojo.com.mx\/?cat=1724"},"img":{"alt_text":"","src":"https:\/\/i0.wp.com\/mexicocodigorojo.com.mx\/wp-content\/uploads\/2022\/01\/regreso-a-clases-presenciales-cortesia.jpg?fit=958%2C596&ssl=1&resize=350%2C200","width":350,"height":200,"srcset":"https:\/\/i0.wp.com\/mexicocodigorojo.com.mx\/wp-content\/uploads\/2022\/01\/regreso-a-clases-presenciales-cortesia.jpg?fit=958%2C596&ssl=1&resize=350%2C200 1x, https:\/\/i0.wp.com\/mexicocodigorojo.com.mx\/wp-content\/uploads\/2022\/01\/regreso-a-clases-presenciales-cortesia.jpg?fit=958%2C596&ssl=1&resize=525%2C300 1.5x, https:\/\/i0.wp.com\/mexicocodigorojo.com.mx\/wp-content\/uploads\/2022\/01\/regreso-a-clases-presenciales-cortesia.jpg?fit=958%2C596&ssl=1&resize=700%2C400 2x"},"classes":[]},{"id":17828,"url":"https:\/\/mexicocodigorojo.com.mx\/?p=17828","url_meta":{"origin":2738,"position":4},"title":"Ni\u00f1as podr\u00e1n usar pantal\u00f3n y ni\u00f1os falda en escuelas de la CDMX: Sheinbaum","author":"Staff","date":"junio 4, 2019","format":false,"excerpt":"CIUDAD DE M\u00c9XICO (apro).- Para la jefa de gobierno, Claudia Sheinbaum, una forma de generar igualdad, equidad y respeto en las escuelas de nivel b\u00e1sico es el \u201cuniforme neutro\u201d, con el que, a partir del pr\u00f3ximo ciclo escolar, las ni\u00f1as podr\u00e1n vestir pantal\u00f3n y los ni\u00f1os, falda, para asistir a\u2026","rel":"","context":"En \u00abFeatured\u00bb","block_context":{"text":"Featured","link":"https:\/\/mexicocodigorojo.com.mx\/?cat=1724"},"img":{"alt_text":"","src":"https:\/\/i0.wp.com\/mexicocodigorojo.com.mx\/wp-content\/uploads\/2019\/06\/D8JT1cNXsAErfDl-1078x800.jpg?fit=1078%2C800&ssl=1&resize=350%2C200","width":350,"height":200,"srcset":"https:\/\/i0.wp.com\/mexicocodigorojo.com.mx\/wp-content\/uploads\/2019\/06\/D8JT1cNXsAErfDl-1078x800.jpg?fit=1078%2C800&ssl=1&resize=350%2C200 1x, https:\/\/i0.wp.com\/mexicocodigorojo.com.mx\/wp-content\/uploads\/2019\/06\/D8JT1cNXsAErfDl-1078x800.jpg?fit=1078%2C800&ssl=1&resize=525%2C300 1.5x, https:\/\/i0.wp.com\/mexicocodigorojo.com.mx\/wp-content\/uploads\/2019\/06\/D8JT1cNXsAErfDl-1078x800.jpg?fit=1078%2C800&ssl=1&resize=700%2C400 2x, https:\/\/i0.wp.com\/mexicocodigorojo.com.mx\/wp-content\/uploads\/2019\/06\/D8JT1cNXsAErfDl-1078x800.jpg?fit=1078%2C800&ssl=1&resize=1050%2C600 3x"},"classes":[]},{"id":61589,"url":"https:\/\/mexicocodigorojo.com.mx\/?p=61589","url_meta":{"origin":2738,"position":5},"title":"Es oficial: SEP aprueba adelantar las vacaciones","author":"MCR","date":"junio 11, 2024","format":false,"excerpt":"En medio de una intensa ola de calor que azota a gran parte del pa\u00eds, la Secretar\u00eda de Educaci\u00f3n P\u00fablica (SEP) ha tomado la decisi\u00f3n de adelantar las vacaciones de verano para estudiantes de educaci\u00f3n b\u00e1sica en algunos estados de M\u00e9xico. Pero, \u00bfcu\u00e1les son las entidades en donde aplicar\u00e1 esta\u2026","rel":"","context":"En \u00abCiudad de M\u00e9xico\u00bb","block_context":{"text":"Ciudad de M\u00e9xico","link":"https:\/\/mexicocodigorojo.com.mx\/?cat=101"},"img":{"alt_text":"","src":"https:\/\/i0.wp.com\/mexicocodigorojo.com.mx\/wp-content\/uploads\/2024\/06\/Captura-de-Pantalla-2020-12-08-a-las-10.39.17-1024x576-1.png?fit=1024%2C576&ssl=1&resize=350%2C200","width":350,"height":200,"srcset":"https:\/\/i0.wp.com\/mexicocodigorojo.com.mx\/wp-content\/uploads\/2024\/06\/Captura-de-Pantalla-2020-12-08-a-las-10.39.17-1024x576-1.png?fit=1024%2C576&ssl=1&resize=350%2C200 1x, https:\/\/i0.wp.com\/mexicocodigorojo.com.mx\/wp-content\/uploads\/2024\/06\/Captura-de-Pantalla-2020-12-08-a-las-10.39.17-1024x576-1.png?fit=1024%2C576&ssl=1&resize=525%2C300 1.5x, https:\/\/i0.wp.com\/mexicocodigorojo.com.mx\/wp-content\/uploads\/2024\/06\/Captura-de-Pantalla-2020-12-08-a-las-10.39.17-1024x576-1.png?fit=1024%2C576&ssl=1&resize=700%2C400 2x"},"classes":[]}],"jetpack_sharing_enabled":true,"jetpack_likes_enabled":true,"jetpack_shortlink":"https:\/\/wp.me\/p9TedA-Ia","_links":{"self":[{"href":"https:\/\/mexicocodigorojo.com.mx\/index.php?rest_route=\/wp\/v2\/posts\/2738","targetHints":{"allow":["GET"]}}],"collection":[{"href":"https:\/\/mexicocodigorojo.com.mx\/index.php?rest_route=\/wp\/v2\/posts"}],"about":[{"href":"https:\/\/mexicocodigorojo.com.mx\/index.php?rest_route=\/wp\/v2\/types\/post"}],"author":[{"embeddable":true,"href":"https:\/\/mexicocodigorojo.com.mx\/index.php?rest_route=\/wp\/v2\/users\/5"}],"replies":[{"embeddable":true,"href":"https:\/\/mexicocodigorojo.com.mx\/index.php?rest_route=%2Fwp%2Fv2%2Fcomments&post=2738"}],"version-history":[{"count":0,"href":"https:\/\/mexicocodigorojo.com.mx\/index.php?rest_route=\/wp\/v2\/posts\/2738\/revisions"}],"wp:featuredmedia":[{"embeddable":true,"href":"https:\/\/mexicocodigorojo.com.mx\/index.php?rest_route=\/wp\/v2\/media\/2737"}],"wp:attachment":[{"href":"https:\/\/mexicocodigorojo.com.mx\/index.php?rest_route=%2Fwp%2Fv2%2Fmedia&parent=2738"}],"wp:term":[{"taxonomy":"category","embeddable":true,"href":"https:\/\/mexicocodigorojo.com.mx\/index.php?rest_route=%2Fwp%2Fv2%2Fcategories&post=2738"},{"taxonomy":"post_tag","embeddable":true,"href":"https:\/\/mexicocodigorojo.com.mx\/index.php?rest_route=%2Fwp%2Fv2%2Ftags&post=2738"}],"curies":[{"name":"wp","href":"https:\/\/api.w.org\/{rel}","templated":true}]}}