{"id":27299,"date":"2019-11-19T09:01:17","date_gmt":"2019-11-19T15:01:17","guid":{"rendered":"https:\/\/mexicocodigorojo.com.mx\/?p=27299"},"modified":"2019-11-19T09:01:17","modified_gmt":"2019-11-19T15:01:17","slug":"sube-a-13-cifra-de-muertos-por-accidente-en-la-mexico-pachuca","status":"publish","type":"post","link":"https:\/\/mexicocodigorojo.com.mx\/?p=27299","title":{"rendered":"Sube a 13 cifra de muertos por accidente en la M\u00e9xico-Pachuca"},"content":{"rendered":"<div class=\"article__singular--teaser\">\n<h2>El choque de autob\u00fas y cami\u00f3n de transporte p\u00fablico en el Km. 16 de la M\u00e9xico-Pachuca, dej\u00f3 como saldo 13 muertos<\/h2>\n<\/div>\n<div class=\"sp--share-buttons item__article--shares\">\n<p>La Fiscal\u00eda General de Justicia del Estado de M\u00e9xico inform\u00f3 que la cifra de muertos por el fuerte accidente entre dos autobuses en la autopista\u00a0<strong>M\u00e9xico-Pachuca ascendi\u00f3 a 13 personas muertas<\/strong>.<\/p>\n<blockquote class=\"twitter-tweet\" data-width=\"550\" data-dnt=\"true\">\n<p lang=\"es\" dir=\"ltr\">Esta noche compa\u00f1eros de Atenci\u00f3n Prehospitalaria, Bomberos y Rescate Urbano atendieron un fuerte choque en la autopista M\u00e9xico-Pachuca a la altura la colonia El Gallito. Lamentablemente se reporta el fallecimiento de algunos pasajeros. <a href=\"https:\/\/t.co\/UkD33jRja4\">pic.twitter.com\/UkD33jRja4<\/a><\/p>\n<p>&mdash; Proteccion Civil (@PCB_Ecatepec) <a href=\"https:\/\/twitter.com\/PCB_Ecatepec\/status\/1196623257174036480?ref_src=twsrc%5Etfw\">November 19, 2019<\/a><\/p><\/blockquote>\n<p><script async src=\"https:\/\/platform.twitter.com\/widgets.js\" charset=\"utf-8\"><\/script><\/p>\n<p>La\u00a0<strong>Fiscal\u00eda<\/strong>\u00a0inform\u00f3 que por el choque entre tres unidades de transporte en la autopista M\u00e9xico-Pachuca,\u00a0once personas murieron en el lugar y dos m\u00e1s mientras recib\u00edan atenci\u00f3n en el hospital\u00a0<strong>Magdalena de las Salinas<\/strong>, en la\u00a0<strong>Ciudad de M\u00e9xico<\/strong>.<\/p>\n<p>Entre las v\u00edctimas, confirm\u00f3, se encuentra un menor de tres a\u00f1os, as\u00ed como siete adultos m\u00e1s, todos ellos identificados.<\/p>\n<p>&nbsp;<\/p>\n<div class=\"embed embed--twitter\">\n<blockquote class=\"twitter-tweet twitter-tweet-error\" data-data-dnt=\"true\" data-twitter-extracted-i1574175356394365166=\"true\">\n<p dir=\"ltr\" lang=\"es\">Fuerte accidente en la M\u00e9xico Pachuca direcci\u00f3n ecatepec\u00a0<a href=\"https:\/\/t.co\/CSCy7jPCuX\">pic.twitter.com\/CSCy7jPCuX<\/a><\/p>\n<p>\u2014 AUTOBUSEROS Y TRAILEROS VIP DE LA 57 (@Autobuseros5)\u00a0<a href=\"https:\/\/twitter.com\/Autobuseros5\/status\/1196608339435765761?ref_src=twsrc%5Etfw\">November 19, 2019<\/a><\/p><\/blockquote>\n<\/div>\n<p>&nbsp;<\/p>\n<p>El choque tuvo lugar en el kil\u00f3metro 16 de dicha autopista a la altura de la parada conocida como\u00a0<strong>\u00a0\u201cEl Gallito\u201d\u00a0<\/strong>cuando un cami\u00f3n, que era conducido a exceso de velocidad, se impact\u00f3 con la parte trasera de otro que se encontraba estacionado en el acotamiento.<\/p>\n<p>&nbsp;<\/p>\n<div class=\"embed embed--twitter\">\n<blockquote class=\"twitter-tweet twitter-tweet-error\" data-data-dnt=\"true\" data-twitter-extracted-i1574175356394365166=\"true\">\n<p dir=\"ltr\" lang=\"es\">11 personas murieron tras el choque de un cami\u00f3n de transporte p\u00fablico sobre la autopista M\u00e9xico-Pachuca. La unidad era manejada a exceso de velocidad.<br \/>\n<a href=\"https:\/\/twitter.com\/hashtag\/LasNoticias?src=hash&amp;ref_src=twsrc%5Etfw\">#LasNoticias<\/a>\u00a0con\u00a0<a href=\"https:\/\/twitter.com\/ClaudioOchoaH?ref_src=twsrc%5Etfw\">@ClaudioOchoaH<\/a>\u00a0<a href=\"https:\/\/t.co\/dTOW2I1HNg\">pic.twitter.com\/dTOW2I1HNg<\/a><\/p>\n<p>\u2014 Noticieros Televisa (@NTelevisa_com)\u00a0<a href=\"https:\/\/twitter.com\/NTelevisa_com\/status\/1196763690604720128?ref_src=twsrc%5Etfw\">November 19, 2019<\/a><\/p><\/blockquote>\n<\/div>\n<p>&nbsp;<\/p>\n<p class=\"post--content--img \"><img loading=\"lazy\" decoding=\"async\" class=\"size-full wp-image-1066246 aligncenter img-responsive  jetpack-lazy-image jetpack-lazy-image--handled\" src=\"https:\/\/i2.wp.com\/lopezdoriga.com\/wp-content\/uploads\/2019\/11\/accidente-mexico-pachuca1.png?ssl=1\" alt=\"\" width=\"774\" height=\"448\" data-lazy-loaded=\"1\" \/><\/p>\n<p>&nbsp;<\/p>\n<p>&nbsp;<\/p>\n<p>Elementos de emergencia arribaron al lugar para tratar de\u00a0<strong>rescatar a las personas lesionadas<\/strong>\u00a0tras el accidente.<\/p>\n<div class=\"embed embed--twitter\">\n<blockquote class=\"twitter-tweet twitter-tweet-error\" data-data-dnt=\"true\" data-twitter-extracted-i1574175356394365166=\"true\">\n<p dir=\"ltr\" lang=\"es\">En relaci\u00f3n al accidente registrado esta noche en el km 16 de la carretera M\u00e9xico Pachuca respondieron las Delegaciones de\u00a0<a href=\"https:\/\/twitter.com\/hashtag\/CruzRoja?src=hash&amp;ref_src=twsrc%5Etfw\">#CruzRoja<\/a>\u00a0Tecamac, Teotihuac\u00e1n, Ecatepec y L\u00e1zaro C\u00e1rdenas con siete ambulancias, 11 lesionados fueron trasladados a distintos hospitales del Edomex y Cdmx<\/p>\n<p>\u2014 Cruz Roja Edomex (@CruzRojaEM)\u00a0<a href=\"https:\/\/twitter.com\/CruzRojaEM\/status\/1196633971708375040?ref_src=twsrc%5Etfw\">November 19, 2019<\/a><\/p><\/blockquote>\n<\/div>\n<p>&nbsp;<\/p>\n<div class=\"embed embed--twitter\">\n<blockquote class=\"twitter-tweet twitter-tweet-error\" data-data-dnt=\"true\" data-twitter-extracted-i1574175356394365166=\"true\">\n<p dir=\"ltr\" lang=\"es\">Lista de pacientes trasladados por nuestra delegaci\u00f3n\u00a0<a href=\"https:\/\/t.co\/2BOAyovlfe\">pic.twitter.com\/2BOAyovlfe<\/a><\/p>\n<p>\u2014 Cruz Roja Tecamac (@CruzRojaTecamac)\u00a0<a href=\"https:\/\/twitter.com\/CruzRojaTecamac\/status\/1196658751131938817?ref_src=twsrc%5Etfw\">November 19, 2019<\/a><\/p><\/blockquote>\n<\/div>\n<p>Con informaci\u00f3n de L\u00f3pez-D\u00f3riga Digital<\/p>\n<\/div>\n","protected":false},"excerpt":{"rendered":"<p>El choque de autob\u00fas y cami\u00f3n de transporte p\u00fablico en el Km. 16 de la M\u00e9xico-Pachuca, dej\u00f3 como saldo 13 muertos La Fiscal\u00eda General de Justicia del Estado de M\u00e9xico inform\u00f3 que la cifra de muertos por el fuerte accidente entre dos autobuses en la autopista\u00a0M\u00e9xico-Pachuca ascendi\u00f3 a 13 personas muertas. Esta noche compa\u00f1eros de [&hellip;]<\/p>\n","protected":false},"author":5,"featured_media":27300,"comment_status":"open","ping_status":"open","sticky":false,"template":"","format":"standard","meta":{"_uf_show_specific_survey":0,"_uf_disable_surveys":false,"advanced_seo_description":"","jetpack_seo_html_title":"","jetpack_seo_noindex":false,"jetpack_post_was_ever_published":false,"_jetpack_newsletter_access":"","_jetpack_dont_email_post_to_subs":false,"_jetpack_newsletter_tier_id":0,"_jetpack_memberships_contains_paywalled_content":false,"_jetpack_memberships_contains_paid_content":false,"footnotes":"","jetpack_publicize_message":"","jetpack_publicize_feature_enabled":true,"jetpack_social_post_already_shared":false,"jetpack_social_options":{"image_generator_settings":{"template":"highway","default_image_id":0,"font":"","enabled":false},"version":2}},"categories":[53],"tags":[415],"class_list":{"0":"post-27299","1":"post","2":"type-post","3":"status-publish","4":"format-standard","5":"has-post-thumbnail","7":"category-estado-de-mexico","8":"tag-accidente"},"jetpack_publicize_connections":[],"jetpack_featured_media_url":"https:\/\/i0.wp.com\/mexicocodigorojo.com.mx\/wp-content\/uploads\/2019\/11\/accidente-mexico-pachuca.jpeg?fit=980%2C550&ssl=1","jetpack-related-posts":[{"id":57107,"url":"https:\/\/mexicocodigorojo.com.mx\/?p=57107","url_meta":{"origin":27299,"position":0},"title":"Asesinan PAF a Chofer de Transporte en la M\u00e9xico-Pachuca","author":"Staff","date":"septiembre 8, 2023","format":false,"excerpt":"La ma\u00f1ana de este jueves 7 de septiembre se report\u00f3 el asesinato de un chofer de autob\u00fas de la ruta M\u00e9xico-Tizayuca. Los hechos ocurrieron en la autopista M\u00e9xico-Pachuca, a la altura del kil\u00f3metro 29, en el municipio de Tec\u00e1mac, Estado de M\u00e9xico. De acuerdo con el testimonio de los pasajeros\u2026","rel":"","context":"En \u00abEstado de M\u00e9xico\u00bb","block_context":{"text":"Estado de M\u00e9xico","link":"https:\/\/mexicocodigorojo.com.mx\/?cat=53"},"img":{"alt_text":"","src":"https:\/\/i0.wp.com\/mexicocodigorojo.com.mx\/wp-content\/uploads\/2023\/09\/muerto.jpg?fit=768%2C530&ssl=1&resize=350%2C200","width":350,"height":200,"srcset":"https:\/\/i0.wp.com\/mexicocodigorojo.com.mx\/wp-content\/uploads\/2023\/09\/muerto.jpg?fit=768%2C530&ssl=1&resize=350%2C200 1x, https:\/\/i0.wp.com\/mexicocodigorojo.com.mx\/wp-content\/uploads\/2023\/09\/muerto.jpg?fit=768%2C530&ssl=1&resize=525%2C300 1.5x, https:\/\/i0.wp.com\/mexicocodigorojo.com.mx\/wp-content\/uploads\/2023\/09\/muerto.jpg?fit=768%2C530&ssl=1&resize=700%2C400 2x"},"classes":[]},{"id":46527,"url":"https:\/\/mexicocodigorojo.com.mx\/?p=46527","url_meta":{"origin":27299,"position":1},"title":"Ultiman a hombre en la M\u00e9xico-Pachuca","author":"MexicoRojoCvmx","date":"enero 28, 2021","format":false,"excerpt":"Ecatepec, M\u00e9xico (28 enero 2021).- Un hombre fue asesinado de un balazo en la cabeza durante un supuesto asalto sobre la Autopista M\u00e9xico-Puebla, en Ecatepec. La v\u00edctima, de 30 a\u00f1os aproximadamente, fue atacada alrededor de las 8:00 horas, en el paradero de transporte p\u00fablico aleda\u00f1o a la caseta San Crist\u00f3bal,\u2026","rel":"","context":"En \u00abEstado de M\u00e9xico\u00bb","block_context":{"text":"Estado de M\u00e9xico","link":"https:\/\/mexicocodigorojo.com.mx\/?cat=53"},"img":{"alt_text":"","src":"https:\/\/i0.wp.com\/mexicocodigorojo.com.mx\/wp-content\/uploads\/2021\/01\/4962780.jpg?fit=960%2C640&ssl=1&resize=350%2C200","width":350,"height":200,"srcset":"https:\/\/i0.wp.com\/mexicocodigorojo.com.mx\/wp-content\/uploads\/2021\/01\/4962780.jpg?fit=960%2C640&ssl=1&resize=350%2C200 1x, https:\/\/i0.wp.com\/mexicocodigorojo.com.mx\/wp-content\/uploads\/2021\/01\/4962780.jpg?fit=960%2C640&ssl=1&resize=525%2C300 1.5x, https:\/\/i0.wp.com\/mexicocodigorojo.com.mx\/wp-content\/uploads\/2021\/01\/4962780.jpg?fit=960%2C640&ssl=1&resize=700%2C400 2x"},"classes":[]},{"id":23434,"url":"https:\/\/mexicocodigorojo.com.mx\/?p=23434","url_meta":{"origin":27299,"position":2},"title":"Video; As\u00ed fue el ataque al fiscal de Tec\u00e1mac amenazado por el &#8216;CJNG&#8217;","author":"Staff","date":"septiembre 11, 2019","format":false,"excerpt":"Difunden video del momento en que tres elementos de la FGJEM, entre ellos el fiscal de Tec\u00e1mac, fueron atacados por hombres armados Pachuca.- La noche de este martes tres elementos de la Fiscal\u00eda General de Justicia del Estado de M\u00e9xico (FGJEM) fueron atacados a balazos por hombres armados mientras se\u2026","rel":"","context":"En \u00abFeatured\u00bb","block_context":{"text":"Featured","link":"https:\/\/mexicocodigorojo.com.mx\/?cat=1724"},"img":{"alt_text":"","src":"https:\/\/i0.wp.com\/mexicocodigorojo.com.mx\/wp-content\/uploads\/2019\/09\/ataque_fiscal_tecamac.jpg_219914347.jpg?fit=960%2C540&ssl=1&resize=350%2C200","width":350,"height":200,"srcset":"https:\/\/i0.wp.com\/mexicocodigorojo.com.mx\/wp-content\/uploads\/2019\/09\/ataque_fiscal_tecamac.jpg_219914347.jpg?fit=960%2C540&ssl=1&resize=350%2C200 1x, https:\/\/i0.wp.com\/mexicocodigorojo.com.mx\/wp-content\/uploads\/2019\/09\/ataque_fiscal_tecamac.jpg_219914347.jpg?fit=960%2C540&ssl=1&resize=525%2C300 1.5x, https:\/\/i0.wp.com\/mexicocodigorojo.com.mx\/wp-content\/uploads\/2019\/09\/ataque_fiscal_tecamac.jpg_219914347.jpg?fit=960%2C540&ssl=1&resize=700%2C400 2x"},"classes":[]},{"id":53970,"url":"https:\/\/mexicocodigorojo.com.mx\/?p=53970","url_meta":{"origin":27299,"position":3},"title":"Suman 26 lesionados por choque entre dos unidades de Mexib\u00fas en Las Am\u00e9ricas, Ecatepec","author":"MexicoRojoCvmx","date":"septiembre 8, 2022","format":false,"excerpt":"Ecatepec, M\u00e9x.- El gobierno del Estado de M\u00e9xico precis\u00f3 que son 26 las personas que resultaron lesionadas por el accidente que se registr\u00f3 la ma\u00f1ana de este jueves entre dos unidades de la L\u00ednea 1 del Mexib\u00fas, en el municipio mexiquense de Ecatepec. El percance se present\u00f3 a las 5:55\u2026","rel":"","context":"En \u00abEstado de M\u00e9xico\u00bb","block_context":{"text":"Estado de M\u00e9xico","link":"https:\/\/mexicocodigorojo.com.mx\/?cat=53"},"img":{"alt_text":"","src":"https:\/\/i0.wp.com\/mexicocodigorojo.com.mx\/wp-content\/uploads\/2022\/09\/Captura-de-pantalla-2022-09-08-103339.jpg?fit=1178%2C723&ssl=1&resize=350%2C200","width":350,"height":200,"srcset":"https:\/\/i0.wp.com\/mexicocodigorojo.com.mx\/wp-content\/uploads\/2022\/09\/Captura-de-pantalla-2022-09-08-103339.jpg?fit=1178%2C723&ssl=1&resize=350%2C200 1x, https:\/\/i0.wp.com\/mexicocodigorojo.com.mx\/wp-content\/uploads\/2022\/09\/Captura-de-pantalla-2022-09-08-103339.jpg?fit=1178%2C723&ssl=1&resize=525%2C300 1.5x, https:\/\/i0.wp.com\/mexicocodigorojo.com.mx\/wp-content\/uploads\/2022\/09\/Captura-de-pantalla-2022-09-08-103339.jpg?fit=1178%2C723&ssl=1&resize=700%2C400 2x, https:\/\/i0.wp.com\/mexicocodigorojo.com.mx\/wp-content\/uploads\/2022\/09\/Captura-de-pantalla-2022-09-08-103339.jpg?fit=1178%2C723&ssl=1&resize=1050%2C600 3x"},"classes":[]},{"id":20752,"url":"https:\/\/mexicocodigorojo.com.mx\/?p=20752","url_meta":{"origin":27299,"position":4},"title":"Eran ch\u00f3feres; Uno estaba decapitado y otro encajuelado en Zumpango","author":"Staff","date":"julio 29, 2019","format":false,"excerpt":"Dos ch\u00f3feres fueron bajados de su unidad, la cual fue quemada y el d\u00eda de ayer sus cuerpos fueron localizados en el interior de un auto en Zumpango junto a un mensaje Estado de M\u00e9xico.- Eran de ch\u00f3feres de transporte p\u00fablico secuestrados los cuerpos localizados en el municipio de Zumpango,\u2026","rel":"","context":"En \u00abEstado de M\u00e9xico\u00bb","block_context":{"text":"Estado de M\u00e9xico","link":"https:\/\/mexicocodigorojo.com.mx\/?cat=53"},"img":{"alt_text":"","src":"https:\/\/i0.wp.com\/mexicocodigorojo.com.mx\/wp-content\/uploads\/2019\/07\/eran_chxferesx_uno_estaba_decapitado_y_otro_encajuelado_en_zumpango_crop1564239234715.jpg_1727466156.jpg?fit=960%2C540&ssl=1&resize=350%2C200","width":350,"height":200,"srcset":"https:\/\/i0.wp.com\/mexicocodigorojo.com.mx\/wp-content\/uploads\/2019\/07\/eran_chxferesx_uno_estaba_decapitado_y_otro_encajuelado_en_zumpango_crop1564239234715.jpg_1727466156.jpg?fit=960%2C540&ssl=1&resize=350%2C200 1x, https:\/\/i0.wp.com\/mexicocodigorojo.com.mx\/wp-content\/uploads\/2019\/07\/eran_chxferesx_uno_estaba_decapitado_y_otro_encajuelado_en_zumpango_crop1564239234715.jpg_1727466156.jpg?fit=960%2C540&ssl=1&resize=525%2C300 1.5x, https:\/\/i0.wp.com\/mexicocodigorojo.com.mx\/wp-content\/uploads\/2019\/07\/eran_chxferesx_uno_estaba_decapitado_y_otro_encajuelado_en_zumpango_crop1564239234715.jpg_1727466156.jpg?fit=960%2C540&ssl=1&resize=700%2C400 2x"},"classes":[]},{"id":23437,"url":"https:\/\/mexicocodigorojo.com.mx\/?p=23437","url_meta":{"origin":27299,"position":5},"title":"VIDEO; ATACAN A FISCAL DE TEC\u00c1MAC, MUEREN SUS DOS ESCOLTAS","author":"Staff","date":"septiembre 11, 2019","format":false,"excerpt":"Ya es casi de todos los d\u00edas\u2026 \u00bfa alguien le sorprende que una autoridad sea atacada?, \u00bfy que las autoridades no hagan nada al respecto? Bueno, pues esperemos que despu\u00e9s del atentado contra el\u00a0fiscal regional de Tec\u00e1mac, la respuesta a la \u00faltima pregunte cambie. De acuerdo con diferentes medios,\u00a0Joel S\u00e1nchez\u2026","rel":"","context":"En \u00abEstado de M\u00e9xico\u00bb","block_context":{"text":"Estado de M\u00e9xico","link":"https:\/\/mexicocodigorojo.com.mx\/?cat=53"},"img":{"alt_text":"","src":"https:\/\/i0.wp.com\/mexicocodigorojo.com.mx\/wp-content\/uploads\/2019\/09\/ataque-fiscal-tecamac-720x405.jpg?fit=720%2C405&ssl=1&resize=350%2C200","width":350,"height":200,"srcset":"https:\/\/i0.wp.com\/mexicocodigorojo.com.mx\/wp-content\/uploads\/2019\/09\/ataque-fiscal-tecamac-720x405.jpg?fit=720%2C405&ssl=1&resize=350%2C200 1x, https:\/\/i0.wp.com\/mexicocodigorojo.com.mx\/wp-content\/uploads\/2019\/09\/ataque-fiscal-tecamac-720x405.jpg?fit=720%2C405&ssl=1&resize=525%2C300 1.5x, https:\/\/i0.wp.com\/mexicocodigorojo.com.mx\/wp-content\/uploads\/2019\/09\/ataque-fiscal-tecamac-720x405.jpg?fit=720%2C405&ssl=1&resize=700%2C400 2x"},"classes":[]}],"jetpack_sharing_enabled":true,"jetpack_likes_enabled":true,"jetpack_shortlink":"https:\/\/wp.me\/p9TedA-76j","_links":{"self":[{"href":"https:\/\/mexicocodigorojo.com.mx\/index.php?rest_route=\/wp\/v2\/posts\/27299","targetHints":{"allow":["GET"]}}],"collection":[{"href":"https:\/\/mexicocodigorojo.com.mx\/index.php?rest_route=\/wp\/v2\/posts"}],"about":[{"href":"https:\/\/mexicocodigorojo.com.mx\/index.php?rest_route=\/wp\/v2\/types\/post"}],"author":[{"embeddable":true,"href":"https:\/\/mexicocodigorojo.com.mx\/index.php?rest_route=\/wp\/v2\/users\/5"}],"replies":[{"embeddable":true,"href":"https:\/\/mexicocodigorojo.com.mx\/index.php?rest_route=%2Fwp%2Fv2%2Fcomments&post=27299"}],"version-history":[{"count":0,"href":"https:\/\/mexicocodigorojo.com.mx\/index.php?rest_route=\/wp\/v2\/posts\/27299\/revisions"}],"wp:featuredmedia":[{"embeddable":true,"href":"https:\/\/mexicocodigorojo.com.mx\/index.php?rest_route=\/wp\/v2\/media\/27300"}],"wp:attachment":[{"href":"https:\/\/mexicocodigorojo.com.mx\/index.php?rest_route=%2Fwp%2Fv2%2Fmedia&parent=27299"}],"wp:term":[{"taxonomy":"category","embeddable":true,"href":"https:\/\/mexicocodigorojo.com.mx\/index.php?rest_route=%2Fwp%2Fv2%2Fcategories&post=27299"},{"taxonomy":"post_tag","embeddable":true,"href":"https:\/\/mexicocodigorojo.com.mx\/index.php?rest_route=%2Fwp%2Fv2%2Ftags&post=27299"}],"curies":[{"name":"wp","href":"https:\/\/api.w.org\/{rel}","templated":true}]}}