{"id":27278,"date":"2019-11-18T03:57:48","date_gmt":"2019-11-18T15:57:48","guid":{"rendered":"https:\/\/mexicocodigorojo.com.mx\/?p=27278"},"modified":"2019-11-18T09:57:50","modified_gmt":"2019-11-18T15:57:50","slug":"lider-de-los-salazar-murio-en-balacera-que-dejo-3-muertos-en-sonora","status":"publish","type":"post","link":"https:\/\/mexicocodigorojo.com.mx\/?p=27278","title":{"rendered":"L\u00edder de Los Salazar muri\u00f3 en balacera que dej\u00f3 3 muertos en Sonora"},"content":{"rendered":"<p>Sonora, 17 noviembre (Zeta).- Uno de los presuntos l\u00edderes de la agrupaci\u00f3n delictiva conocida como \u201cLos Salazar\u201d, result\u00f3 muerto, tras una balacera ocurrida en San Luis R\u00edo Colorado, Sonora, ayer s\u00e1bado y cuyo saldo ya ascendi\u00f3 a 3 fallecidos.<\/p>\n<p>Las v\u00edctimas fueron identificadas por la Fiscal\u00eda solo como Guillermo Esa\u00fa \u201cN.\u201d, de 32 a\u00f1os de edad, alias \u201cEl Memo\u201d o el \u201cChester\u201d y Alberto \u201cN.\u201d, de 29 a\u00f1os, adem\u00e1s result\u00f3 herido por proyectiles de arma de fuego Ricardo Humberto \u201cN.\u201d, de 33 a\u00f1os, quien perdi\u00f3 la vida en el nosocomio donde era atendido.<\/p>\n<p>La Fiscal\u00eda General realiz\u00f3 una inspecci\u00f3n total en el negocio de la avenida 12 y Venustiano Carranza, donde se cometi\u00f3 el atentado con armas calibre .223, en el que localizaron cuatro radios de comunicaci\u00f3n, un hacha con funda, armas de uso exclusivo del Ej\u00e9rcito, adem\u00e1s de un lanzacohetes RPG.<\/p>\n<p>Tambi\u00e9n se hallaron una pechera, equipo t\u00e1ctico, 96 mil pesos, adem\u00e1s de marihuana y metanfetamina.<\/p>\n<p>Algunos de estos objetos se encontraron al interior de dos veh\u00edculos, un pick up Dodge Ram, color rojo, modelo 2017, y un Nissan, color azul marino, ambos con reporte de robo, en Yuma, Arizona y San Diego, California, respectivamente .<\/p>\n<p><img data-recalc-dims=\"1\" loading=\"lazy\" decoding=\"async\" src=\"https:\/\/i0.wp.com\/secureservercdn.net\/166.62.108.22\/cg1.af3.myftpupload.com\/wp-content\/uploads\/2019\/11\/img_7851.jpg?resize=696%2C321&#038;ssl=1\" class=\"size-full wp-image-27274\" width=\"696\" height=\"321\"><img data-recalc-dims=\"1\" loading=\"lazy\" decoding=\"async\" src=\"https:\/\/i0.wp.com\/secureservercdn.net\/166.62.108.22\/cg1.af3.myftpupload.com\/wp-content\/uploads\/2019\/11\/img_7852.jpg?resize=696%2C691&#038;ssl=1\" class=\"size-full wp-image-27275\" width=\"696\" height=\"691\"><img data-recalc-dims=\"1\" loading=\"lazy\" decoding=\"async\" src=\"https:\/\/i0.wp.com\/secureservercdn.net\/166.62.108.22\/cg1.af3.myftpupload.com\/wp-content\/uploads\/2019\/11\/img_7853.jpg?resize=696%2C392&#038;ssl=1\" class=\"size-full wp-image-27276\" width=\"696\" height=\"392\"><\/p>\n","protected":false},"excerpt":{"rendered":"<p>Sonora, 17 noviembre (Zeta).- Uno de los presuntos l\u00edderes de la agrupaci\u00f3n delictiva conocida como \u201cLos Salazar\u201d, result\u00f3 muerto, tras una balacera ocurrida en San Luis R\u00edo Colorado, Sonora, ayer s\u00e1bado y cuyo saldo ya ascendi\u00f3 a 3 fallecidos. Las v\u00edctimas fueron identificadas por la Fiscal\u00eda solo como Guillermo Esa\u00fa \u201cN.\u201d, de 32 a\u00f1os de [&hellip;]<\/p>\n","protected":false},"author":5,"featured_media":0,"comment_status":"open","ping_status":"open","sticky":false,"template":"","format":"standard","meta":{"_uf_show_specific_survey":0,"_uf_disable_surveys":false,"advanced_seo_description":"","jetpack_seo_html_title":"","jetpack_seo_noindex":false,"jetpack_post_was_ever_published":false,"_jetpack_newsletter_access":"","_jetpack_dont_email_post_to_subs":false,"_jetpack_newsletter_tier_id":0,"_jetpack_memberships_contains_paywalled_content":false,"_jetpack_memberships_contains_paid_content":false,"footnotes":"","jetpack_publicize_message":"","jetpack_publicize_feature_enabled":true,"jetpack_social_post_already_shared":false,"jetpack_social_options":{"image_generator_settings":{"template":"highway","default_image_id":0,"font":"","enabled":false},"version":2}},"categories":[115],"tags":[13],"class_list":{"0":"post-27278","1":"post","2":"type-post","3":"status-publish","4":"format-standard","6":"category-sonora","7":"tag-narcos"},"jetpack_publicize_connections":[],"jetpack_featured_media_url":"","jetpack-related-posts":[{"id":18242,"url":"https:\/\/mexicocodigorojo.com.mx\/?p=18242","url_meta":{"origin":27278,"position":0},"title":"VIDEO EN LA BALACERA OCURRIDA ESTE LUNES EN  AGUA PRIETA SONORA HUBO GENTE QUE SE ROBO ARMAS AK-47","author":"Staff","date":"junio 12, 2019","format":false,"excerpt":"Sonora.-La Fiscal\u00eda de Sonora investiga los hechos ocurridos en Agua Prieta, en donde fallecieron cinco personas, as\u00ed como en Naco, con la muerte de cuatro personas por armas de fuego. De acuerdo con reportes period\u00edsticos, los enfrentamientos y balaceras en Agua Prieta y Naco, dejaron nueve muertos y los pobladores\u2026","rel":"","context":"En \u00abSonora\u00bb","block_context":{"text":"Sonora","link":"https:\/\/mexicocodigorojo.com.mx\/?cat=115"},"img":{"alt_text":"","src":"","width":0,"height":0},"classes":[]},{"id":52490,"url":"https:\/\/mexicocodigorojo.com.mx\/?p=52490","url_meta":{"origin":27278,"position":1},"title":"Muri\u00f3 un militar en Caborca; tres muertos y cinco heridos tras enfrentamiento","author":"Staff","date":"marzo 4, 2022","format":false,"excerpt":"Un enfrentamiento entre elementos de seguridad y presuntos criminales, en el municipio de Caborca, Sonora, dej\u00f3 un saldo de tres personas muertas y cinco heridas. En los hechos violentos ocurridos en esta madrugada de este jueves 3 de marzo, muri\u00f3 un militar y fueron abatidos dos presuntos delincuentes. Adem\u00e1s, un\u2026","rel":"","context":"En \u00abFeatured\u00bb","block_context":{"text":"Featured","link":"https:\/\/mexicocodigorojo.com.mx\/?cat=1724"},"img":{"alt_text":"","src":"https:\/\/i0.wp.com\/mexicocodigorojo.com.mx\/wp-content\/uploads\/2022\/03\/sonora.webp?fit=1200%2C900&ssl=1&resize=350%2C200","width":350,"height":200,"srcset":"https:\/\/i0.wp.com\/mexicocodigorojo.com.mx\/wp-content\/uploads\/2022\/03\/sonora.webp?fit=1200%2C900&ssl=1&resize=350%2C200 1x, https:\/\/i0.wp.com\/mexicocodigorojo.com.mx\/wp-content\/uploads\/2022\/03\/sonora.webp?fit=1200%2C900&ssl=1&resize=525%2C300 1.5x, https:\/\/i0.wp.com\/mexicocodigorojo.com.mx\/wp-content\/uploads\/2022\/03\/sonora.webp?fit=1200%2C900&ssl=1&resize=700%2C400 2x, https:\/\/i0.wp.com\/mexicocodigorojo.com.mx\/wp-content\/uploads\/2022\/03\/sonora.webp?fit=1200%2C900&ssl=1&resize=1050%2C600 3x"},"classes":[]},{"id":59258,"url":"https:\/\/mexicocodigorojo.com.mx\/?p=59258","url_meta":{"origin":27278,"position":2},"title":"Abaten a \u2018El Junior\u2019, objetivo prioritario en Guaymas","author":"Staff","date":"marzo 20, 2024","format":false,"excerpt":"Tras enfrentamiento armado en V\u00edcam, comunidad yaqui de Guaymas, fue abatido Raymundo N, alias \u201cEl junior\u201d, identificado como objetivo prioritario en el combate al crimen organizado por las autoridades de Sonora. La Fiscal\u00eda General de Justicia del Estado confirm\u00f3 que se registr\u00f3 este combate armado el pasado 18 de marzo,\u2026","rel":"","context":"En \u00abFeatured\u00bb","block_context":{"text":"Featured","link":"https:\/\/mexicocodigorojo.com.mx\/?cat=1724"},"img":{"alt_text":"","src":"https:\/\/i0.wp.com\/mexicocodigorojo.com.mx\/wp-content\/uploads\/2024\/03\/Captura-de-Pantalla-2024-03-19-a-las-23.44.50.webp?fit=708%2C588&ssl=1&resize=350%2C200","width":350,"height":200,"srcset":"https:\/\/i0.wp.com\/mexicocodigorojo.com.mx\/wp-content\/uploads\/2024\/03\/Captura-de-Pantalla-2024-03-19-a-las-23.44.50.webp?fit=708%2C588&ssl=1&resize=350%2C200 1x, https:\/\/i0.wp.com\/mexicocodigorojo.com.mx\/wp-content\/uploads\/2024\/03\/Captura-de-Pantalla-2024-03-19-a-las-23.44.50.webp?fit=708%2C588&ssl=1&resize=525%2C300 1.5x, https:\/\/i0.wp.com\/mexicocodigorojo.com.mx\/wp-content\/uploads\/2024\/03\/Captura-de-Pantalla-2024-03-19-a-las-23.44.50.webp?fit=708%2C588&ssl=1&resize=700%2C400 2x"},"classes":[]},{"id":40484,"url":"https:\/\/mexicocodigorojo.com.mx\/?p=40484","url_meta":{"origin":27278,"position":3},"title":"Enfrentamiento entre grupos del Narco en Sonora","author":"Staff","date":"julio 6, 2020","format":false,"excerpt":"Elementos de los tres \u00f3rdenes de Gobierno, que integran la Mesa de Seguridad en Sonora, atienden eventos registrados este domingo, en la regi\u00f3n de Altar-Caborca. \u2022 Al parecer, producto de uno de los enfrentamientos entre dos grupos rivales de la delincuencia organizada, en el tramo carretero Altar-Pitiquito, quedaron en el\u2026","rel":"","context":"En \u00abSonora\u00bb","block_context":{"text":"Sonora","link":"https:\/\/mexicocodigorojo.com.mx\/?cat=115"},"img":{"alt_text":"","src":"https:\/\/i0.wp.com\/secureservercdn.net\/166.62.108.22\/cg1.af3.myftpupload.com\/wp-content\/uploads\/2020\/07\/412a64ea-62c4-4771-be04-0f62926ee85d.jpg?resize=350%2C200&ssl=1","width":350,"height":200,"srcset":"https:\/\/i0.wp.com\/secureservercdn.net\/166.62.108.22\/cg1.af3.myftpupload.com\/wp-content\/uploads\/2020\/07\/412a64ea-62c4-4771-be04-0f62926ee85d.jpg?resize=350%2C200&ssl=1 1x, https:\/\/i0.wp.com\/secureservercdn.net\/166.62.108.22\/cg1.af3.myftpupload.com\/wp-content\/uploads\/2020\/07\/412a64ea-62c4-4771-be04-0f62926ee85d.jpg?resize=525%2C300&ssl=1 1.5x, https:\/\/i0.wp.com\/secureservercdn.net\/166.62.108.22\/cg1.af3.myftpupload.com\/wp-content\/uploads\/2020\/07\/412a64ea-62c4-4771-be04-0f62926ee85d.jpg?resize=700%2C400&ssl=1 2x"},"classes":[]},{"id":21159,"url":"https:\/\/mexicocodigorojo.com.mx\/?p=21159","url_meta":{"origin":27278,"position":4},"title":"VIDEO BALACERA EN MAZATAN SONORA","author":"Staff","date":"agosto 4, 2019","format":false,"excerpt":"ELEMENTOS AMIC REPELEN AGRESION DE UN GRUPO ARMADO EN LA PLAZA P\u00daBLICA DE MAZAT\u00c1N Y HACEN HUIR A LOS AGRESORES, NO HAY CIVILES NI POLIC\u00cdAS LESIONADOS. Al huir, los agresores abandonaron una camioneta Pick up Ford Lobo modelo 2009, con placas afiliadas. En el veh\u00edculo se aseguraron cajas de cartuchos\u2026","rel":"","context":"En \u00abFeatured\u00bb","block_context":{"text":"Featured","link":"https:\/\/mexicocodigorojo.com.mx\/?cat=1724"},"img":{"alt_text":"","src":"https:\/\/i0.wp.com\/mexicocodigorojo.com.mx\/wp-content\/uploads\/2019\/08\/img-20190804-wa00221669775717.jpg?resize=350%2C200&ssl=1","width":350,"height":200,"srcset":"https:\/\/i0.wp.com\/mexicocodigorojo.com.mx\/wp-content\/uploads\/2019\/08\/img-20190804-wa00221669775717.jpg?resize=350%2C200&ssl=1 1x, https:\/\/i0.wp.com\/mexicocodigorojo.com.mx\/wp-content\/uploads\/2019\/08\/img-20190804-wa00221669775717.jpg?resize=525%2C300&ssl=1 1.5x, https:\/\/i0.wp.com\/mexicocodigorojo.com.mx\/wp-content\/uploads\/2019\/08\/img-20190804-wa00221669775717.jpg?resize=700%2C400&ssl=1 2x, https:\/\/i0.wp.com\/mexicocodigorojo.com.mx\/wp-content\/uploads\/2019\/08\/img-20190804-wa00221669775717.jpg?resize=1050%2C600&ssl=1 3x"},"classes":[]},{"id":36383,"url":"https:\/\/mexicocodigorojo.com.mx\/?p=36383","url_meta":{"origin":27278,"position":5},"title":"LA FGJE DE SONORA INVESTIGA C\u00d3MO FEMINICIDIO LA MUERTE DE UNA MENOR DE 13 A\u00d1OS DE EDAD, EN NOGALES","author":"Staff","date":"abril 6, 2020","format":false,"excerpt":"Nogales, Sonora, abril 3 de 2020.- Personal de la Fiscal\u00eda General de Justicia del Estado de Sonora (FGJE) inici\u00f3 con las indagatorias, al abrir carpeta de investigaci\u00f3n, por los hechos donde una persona menor de edad, de 13 a\u00f1os, fue privada de la vida. Los hechos se registraron a las\u2026","rel":"","context":"En \u00abSonora\u00bb","block_context":{"text":"Sonora","link":"https:\/\/mexicocodigorojo.com.mx\/?cat=115"},"img":{"alt_text":"","src":"https:\/\/i0.wp.com\/mexicocodigorojo.com.mx\/wp-content\/uploads\/2020\/04\/ana-paola.jpg?fit=980%2C550&ssl=1&resize=350%2C200","width":350,"height":200,"srcset":"https:\/\/i0.wp.com\/mexicocodigorojo.com.mx\/wp-content\/uploads\/2020\/04\/ana-paola.jpg?fit=980%2C550&ssl=1&resize=350%2C200 1x, https:\/\/i0.wp.com\/mexicocodigorojo.com.mx\/wp-content\/uploads\/2020\/04\/ana-paola.jpg?fit=980%2C550&ssl=1&resize=525%2C300 1.5x, https:\/\/i0.wp.com\/mexicocodigorojo.com.mx\/wp-content\/uploads\/2020\/04\/ana-paola.jpg?fit=980%2C550&ssl=1&resize=700%2C400 2x"},"classes":[]}],"jetpack_sharing_enabled":true,"jetpack_likes_enabled":true,"jetpack_shortlink":"https:\/\/wp.me\/p9TedA-75Y","_links":{"self":[{"href":"https:\/\/mexicocodigorojo.com.mx\/index.php?rest_route=\/wp\/v2\/posts\/27278","targetHints":{"allow":["GET"]}}],"collection":[{"href":"https:\/\/mexicocodigorojo.com.mx\/index.php?rest_route=\/wp\/v2\/posts"}],"about":[{"href":"https:\/\/mexicocodigorojo.com.mx\/index.php?rest_route=\/wp\/v2\/types\/post"}],"author":[{"embeddable":true,"href":"https:\/\/mexicocodigorojo.com.mx\/index.php?rest_route=\/wp\/v2\/users\/5"}],"replies":[{"embeddable":true,"href":"https:\/\/mexicocodigorojo.com.mx\/index.php?rest_route=%2Fwp%2Fv2%2Fcomments&post=27278"}],"version-history":[{"count":0,"href":"https:\/\/mexicocodigorojo.com.mx\/index.php?rest_route=\/wp\/v2\/posts\/27278\/revisions"}],"wp:attachment":[{"href":"https:\/\/mexicocodigorojo.com.mx\/index.php?rest_route=%2Fwp%2Fv2%2Fmedia&parent=27278"}],"wp:term":[{"taxonomy":"category","embeddable":true,"href":"https:\/\/mexicocodigorojo.com.mx\/index.php?rest_route=%2Fwp%2Fv2%2Fcategories&post=27278"},{"taxonomy":"post_tag","embeddable":true,"href":"https:\/\/mexicocodigorojo.com.mx\/index.php?rest_route=%2Fwp%2Fv2%2Ftags&post=27278"}],"curies":[{"name":"wp","href":"https:\/\/api.w.org\/{rel}","templated":true}]}}