{"id":27109,"date":"2019-11-14T15:55:29","date_gmt":"2019-11-14T21:55:29","guid":{"rendered":"https:\/\/mexicocodigorojo.com.mx\/?p=27109"},"modified":"2019-11-14T15:55:29","modified_gmt":"2019-11-14T21:55:29","slug":"sube-a-22-cifra-de-muertos-por-protestas-en-chile","status":"publish","type":"post","link":"https:\/\/mexicocodigorojo.com.mx\/?p=27109","title":{"rendered":"Sube a 22 cifra de muertos por protestas en Chile"},"content":{"rendered":"<div class=\"article__singular--teaser\">\n<h2>El Gobierno inform\u00f3 que la cifra de muertos durante las cuatro semanas de protestas en Chile alcanz\u00f3 las 22 personas, seis de ellas extranjeros<\/h2>\n<\/div>\n<div class=\"sp--share-buttons item__article--shares\">\n<p>El\u00a0<strong>Gobierno de Chile<\/strong>\u00a0inform\u00f3 este jueves que la cifra de muertos durante las casi cuatro semanas de protestas en\u00a0<strong>Chile<\/strong>\u00a0alcanz\u00f3 las\u00a0<strong>22 personas<\/strong>, seis de ellas ciudadanos extranjeros.<\/p>\n<p>El balance presentado hoy por las autoridades, que registra los hechos ocurridos en las \u00faltimas 24 horas, confirma el hallazgo de un cad\u00e1ver en el interior de un supermercado que fue incendiado en el norte del pa\u00eds.<\/p>\n<blockquote><p>\u201cLas polic\u00edas informaron del fallecimiento de una persona, cuyo cad\u00e1ver fue encontrado calcinado al interior de un supermercado L\u00edder, el que fue incendiado y saqueado en la ciudad de Arica (en la frontera con Per\u00fa) durante la noche del 12 de noviembre\u201d, explicaron a trav\u00e9s de un comunicado.<\/p><\/blockquote>\n<p>&nbsp;<\/p>\n<p>Con esta actualizaci\u00f3n la cifra de muertos ya supera la veintena en menos de un mes y del total de fallecimientos, cinco de ellos ocurrieron presuntamente a manos de agentes del Estado, ya sean polic\u00edas o militares, seg\u00fan el Instituto Nacional de Derechos Humanos (<strong>INDH<\/strong>).<\/p>\n<p>En cuanto a los extranjeros que perecieron en el marco de las protestas, tres de los fallecidos son de nacionalidad peruana, dos colombianos y uno ecuatoriano.<\/p>\n<p>Adem\u00e1s de las v\u00edctimas fatales, seg\u00fan las cifras del ente de derechos humanos, que monitorea las protestas en la calle, hospitales y comisar\u00edas, los heridos ya suman 2 mil 209.<\/p>\n<p>M\u00e1s de la mitad de las lesiones se producen a causa de los disparos de agentes del Estado, siendo los m\u00e1s graves los 209 casos de traumas oculares por los impactos de balines de goma, perdigones o bombas lacrim\u00f3genas percutidos hacia el rostro de los manifestantes.<\/p>\n<p>Por su parte, los detenidos son 6.046 hasta la fecha, seg\u00fan el INDH, que ha constatado testimonios de detenciones ilegales, palizas, torturas y violaciones a los derechos humanos de los retenidos durante las protestas.<\/p>\n<p>Por estos motivos, el organismo ha presentado 319 acciones judiciales en favor de 472 v\u00edctimas, principalmente querellas contra el actuar de Carabineros.<\/p>\n<p>El alza en el precio del pasaje del metro de Santiago fue la chispa que prendi\u00f3 un estallido social sin precedentes desde el final de la dictadura de Augusto Pinochet (1973-1990) que busca acabar con la desigualdad de un modelo econ\u00f3mico neoliberal y garantizar derechos fundamentales como salud, pensiones o educaci\u00f3n.<\/p>\n<p>Con informaci\u00f3n de EFE<\/p>\n<\/div>\n","protected":false},"excerpt":{"rendered":"<p>El Gobierno inform\u00f3 que la cifra de muertos durante las cuatro semanas de protestas en Chile alcanz\u00f3 las 22 personas, seis de ellas extranjeros El\u00a0Gobierno de Chile\u00a0inform\u00f3 este jueves que la cifra de muertos durante las casi cuatro semanas de protestas en\u00a0Chile\u00a0alcanz\u00f3 las\u00a022 personas, seis de ellas ciudadanos extranjeros. El balance presentado hoy por las [&hellip;]<\/p>\n","protected":false},"author":5,"featured_media":27110,"comment_status":"open","ping_status":"open","sticky":false,"template":"","format":"standard","meta":{"_uf_show_specific_survey":0,"_uf_disable_surveys":false,"advanced_seo_description":"","jetpack_seo_html_title":"","jetpack_seo_noindex":false,"jetpack_post_was_ever_published":false,"_jetpack_newsletter_access":"","_jetpack_dont_email_post_to_subs":false,"_jetpack_newsletter_tier_id":0,"_jetpack_memberships_contains_paywalled_content":false,"_jetpack_memberships_contains_paid_content":false,"footnotes":"","jetpack_publicize_message":"","jetpack_publicize_feature_enabled":true,"jetpack_social_post_already_shared":false,"jetpack_social_options":{"image_generator_settings":{"template":"highway","default_image_id":0,"font":"","enabled":false},"version":2}},"categories":[14],"tags":[908],"class_list":{"0":"post-27109","1":"post","2":"type-post","3":"status-publish","4":"format-standard","5":"has-post-thumbnail","7":"category-internacional","8":"tag-protestas"},"jetpack_publicize_connections":[],"jetpack_featured_media_url":"https:\/\/i0.wp.com\/mexicocodigorojo.com.mx\/wp-content\/uploads\/2019\/11\/protestas-chile.jpg?fit=980%2C550&ssl=1","jetpack-related-posts":[{"id":28308,"url":"https:\/\/mexicocodigorojo.com.mx\/?p=28308","url_meta":{"origin":27109,"position":0},"title":"SUBE A 24 LOS MUERTOS EN VILLA UNI\u00d3N HALLAN UN SICARIO MUERTO POR LA BRECHA \u00abEL COYOTE\u00bb EN COAHUILA","author":"MexicoRojo","date":"diciembre 6, 2019","format":false,"excerpt":"Nuevo Laredo.-Tras encontrar en una brecha el cuerpo de otro presunto delincuente, el Gobierno de Coahuila inform\u00f3 que la cifra de muertos por los enfrentamientos del s\u00e1bado en el Municipio de Villa Uni\u00f3n subi\u00f3 a 24. En un informe que ofreci\u00f3 el Gobierno de Coahuila, en coordinaci\u00f3n con el Ej\u00e9rcito,\u2026","rel":"","context":"En \u00abFeatured\u00bb","block_context":{"text":"Featured","link":"https:\/\/mexicocodigorojo.com.mx\/?cat=1724"},"img":{"alt_text":"","src":"https:\/\/i0.wp.com\/secureservercdn.net\/166.62.108.22\/cg1.af3.myftpupload.com\/wp-content\/uploads\/2019\/12\/blurimage_6-12-2019-9-0-23-903590424.jpg?resize=350%2C200&ssl=1","width":350,"height":200,"srcset":"https:\/\/i0.wp.com\/secureservercdn.net\/166.62.108.22\/cg1.af3.myftpupload.com\/wp-content\/uploads\/2019\/12\/blurimage_6-12-2019-9-0-23-903590424.jpg?resize=350%2C200&ssl=1 1x, https:\/\/i0.wp.com\/secureservercdn.net\/166.62.108.22\/cg1.af3.myftpupload.com\/wp-content\/uploads\/2019\/12\/blurimage_6-12-2019-9-0-23-903590424.jpg?resize=525%2C300&ssl=1 1.5x"},"classes":[]},{"id":27176,"url":"https:\/\/mexicocodigorojo.com.mx\/?p=27176","url_meta":{"origin":27109,"position":1},"title":"Mon Laferte muestra los senos en los Latin Grammy en protesta","author":"Staff","date":"noviembre 15, 2019","format":false,"excerpt":"'En Chile torturan, violan y matan', escribi\u00f3 la cantante Mon Laferte en su torso desnudo La cantante\u00a0Mon Laferte\u00a0mostr\u00f3 este jueves los senos durante la alfombra rojas de los Latin Grammys\u00a0en protesta a las violaciones y torturas en\u00a0Chile. \u201cEn\u00a0Chile torturan, violan y matan, escribi\u00f3 hoy la cantante\u00a0Mon Laferte\u00a0en su torso. Con\u2026","rel":"","context":"En \u00abInternacional\u00bb","block_context":{"text":"Internacional","link":"https:\/\/mexicocodigorojo.com.mx\/?cat=14"},"img":{"alt_text":"","src":"https:\/\/i0.wp.com\/mexicocodigorojo.com.mx\/wp-content\/uploads\/2019\/11\/foto-mon-laferte-pecho-latin-grammys-2.jpg?fit=1045%2C602&ssl=1&resize=350%2C200","width":350,"height":200,"srcset":"https:\/\/i0.wp.com\/mexicocodigorojo.com.mx\/wp-content\/uploads\/2019\/11\/foto-mon-laferte-pecho-latin-grammys-2.jpg?fit=1045%2C602&ssl=1&resize=350%2C200 1x, https:\/\/i0.wp.com\/mexicocodigorojo.com.mx\/wp-content\/uploads\/2019\/11\/foto-mon-laferte-pecho-latin-grammys-2.jpg?fit=1045%2C602&ssl=1&resize=525%2C300 1.5x, https:\/\/i0.wp.com\/mexicocodigorojo.com.mx\/wp-content\/uploads\/2019\/11\/foto-mon-laferte-pecho-latin-grammys-2.jpg?fit=1045%2C602&ssl=1&resize=700%2C400 2x"},"classes":[]},{"id":18899,"url":"https:\/\/mexicocodigorojo.com.mx\/?p=18899","url_meta":{"origin":27109,"position":2},"title":"Cifra de muertos por ataque en Zacatecas sube a 5","author":"Staff","date":"junio 22, 2019","format":false,"excerpt":"Un comando armado abri\u00f3 fuego contra personas que se encontraban en el establecimiento Bar Bohemio en Guadalupe, Zacatecas Cinco muertos y seis heridos es el resultado del enfrentamiento a balazos registrado la noche del viernes al interior de un bar en\u00a0Guadalupe,\u00a0Zacatecas, inform\u00f3 la Secretar\u00eda de Seguridad P\u00fablica (SSP). La informaci\u00f3n\u2026","rel":"","context":"En \u00abZacatecas\u00bb","block_context":{"text":"Zacatecas","link":"https:\/\/mexicocodigorojo.com.mx\/?cat=263"},"img":{"alt_text":"","src":"https:\/\/i0.wp.com\/mexicocodigorojo.com.mx\/wp-content\/uploads\/2019\/06\/zacatecas-guadalupe.png?fit=980%2C550&ssl=1&resize=350%2C200","width":350,"height":200,"srcset":"https:\/\/i0.wp.com\/mexicocodigorojo.com.mx\/wp-content\/uploads\/2019\/06\/zacatecas-guadalupe.png?fit=980%2C550&ssl=1&resize=350%2C200 1x, https:\/\/i0.wp.com\/mexicocodigorojo.com.mx\/wp-content\/uploads\/2019\/06\/zacatecas-guadalupe.png?fit=980%2C550&ssl=1&resize=525%2C300 1.5x, https:\/\/i0.wp.com\/mexicocodigorojo.com.mx\/wp-content\/uploads\/2019\/06\/zacatecas-guadalupe.png?fit=980%2C550&ssl=1&resize=700%2C400 2x"},"classes":[]},{"id":44694,"url":"https:\/\/mexicocodigorojo.com.mx\/?p=44694","url_meta":{"origin":27109,"position":3},"title":"Detienen a 6 de la Guardia Nacional por muerte de Yessica Silva en Chihuahua","author":"Staff","date":"octubre 27, 2020","format":false,"excerpt":"La muerte de la mujer fue durante las protestas que derivaron en la toma de la presa La Boquilla, en Delicias, Chihuahua, en septiembre pasado La Guardia Nacional\u00a0inform\u00f3 este martes que seis de sus elementos fueron detenidos por la\u00a0Fiscal\u00eda General de la Rep\u00fablica\u00a0(FGR) por la muerte de una mujer,\u00a0Yessica Silva,\u2026","rel":"","context":"En \u00abFeatured\u00bb","block_context":{"text":"Featured","link":"https:\/\/mexicocodigorojo.com.mx\/?cat=1724"},"img":{"alt_text":"","src":"https:\/\/i0.wp.com\/mexicocodigorojo.com.mx\/wp-content\/uploads\/2020\/10\/Captura-de-pantalla-2020-09-19-a-las-2.01.25-p.m..png?fit=579%2C375&ssl=1&resize=350%2C200","width":350,"height":200,"srcset":"https:\/\/i0.wp.com\/mexicocodigorojo.com.mx\/wp-content\/uploads\/2020\/10\/Captura-de-pantalla-2020-09-19-a-las-2.01.25-p.m..png?fit=579%2C375&ssl=1&resize=350%2C200 1x, https:\/\/i0.wp.com\/mexicocodigorojo.com.mx\/wp-content\/uploads\/2020\/10\/Captura-de-pantalla-2020-09-19-a-las-2.01.25-p.m..png?fit=579%2C375&ssl=1&resize=525%2C300 1.5x"},"classes":[]},{"id":41513,"url":"https:\/\/mexicocodigorojo.com.mx\/?p=41513","url_meta":{"origin":27109,"position":4},"title":"1 polic\u00eda muerto y 172 personas heridas tras protestas en Beirut","author":"Staff","date":"agosto 9, 2020","format":false,"excerpt":"M\u00e1s de 130 personas han recibido atenci\u00f3n m\u00e9dica tras enfrentamientos entre polic\u00edas y manifestantes en el centro de Beirut Un\u00a0polic\u00eda muri\u00f3\u00a0hoy al caer dentro de un c\u00e9ntrico hotel en un enfrentamiento con manifestantes y\u00a0al menos 172 personas\u00a0han sufrido heridas de diversa consideraci\u00f3n en una jornada de violentas protestas en\u00a0Beirut. https:\/\/twitter.com\/bey_today\/status\/1292117372128694273\u2026","rel":"","context":"En \u00abInternacional\u00bb","block_context":{"text":"Internacional","link":"https:\/\/mexicocodigorojo.com.mx\/?cat=14"},"img":{"alt_text":"","src":"https:\/\/i0.wp.com\/mexicocodigorojo.com.mx\/wp-content\/uploads\/2020\/08\/protestas-libano-4.jpg?fit=980%2C550&ssl=1&resize=350%2C200","width":350,"height":200,"srcset":"https:\/\/i0.wp.com\/mexicocodigorojo.com.mx\/wp-content\/uploads\/2020\/08\/protestas-libano-4.jpg?fit=980%2C550&ssl=1&resize=350%2C200 1x, https:\/\/i0.wp.com\/mexicocodigorojo.com.mx\/wp-content\/uploads\/2020\/08\/protestas-libano-4.jpg?fit=980%2C550&ssl=1&resize=525%2C300 1.5x, https:\/\/i0.wp.com\/mexicocodigorojo.com.mx\/wp-content\/uploads\/2020\/08\/protestas-libano-4.jpg?fit=980%2C550&ssl=1&resize=700%2C400 2x"},"classes":[]},{"id":39430,"url":"https:\/\/mexicocodigorojo.com.mx\/?p=39430","url_meta":{"origin":27109,"position":5},"title":"Enrique Alfaro pide a FGR atraer investigaciones sobre protestas en Guadalajara","author":"Staff","date":"junio 10, 2020","format":false,"excerpt":"El gobernador de Jalisco coment\u00f3 que el fiscal del estado ya se encuentra en la Ciudad de M\u00e9xico para poner a disposici\u00f3n de la FGR todos los elementos de prueba Enrique Alfaro, gobernador de Jalisco, pidi\u00f3 a la\u00a0Fiscal\u00eda General de la a Rep\u00fablica\u00a0(FGR) atraer las investigaciones por los hechos ocurridos\u2026","rel":"","context":"En \u00abJalisco\u00bb","block_context":{"text":"Jalisco","link":"https:\/\/mexicocodigorojo.com.mx\/?cat=8"},"img":{"alt_text":"","src":"https:\/\/i0.wp.com\/mexicocodigorojo.com.mx\/wp-content\/uploads\/2020\/06\/jalisco-protestas-giovanni-lopez-2.jpg?fit=980%2C550&ssl=1&resize=350%2C200","width":350,"height":200,"srcset":"https:\/\/i0.wp.com\/mexicocodigorojo.com.mx\/wp-content\/uploads\/2020\/06\/jalisco-protestas-giovanni-lopez-2.jpg?fit=980%2C550&ssl=1&resize=350%2C200 1x, https:\/\/i0.wp.com\/mexicocodigorojo.com.mx\/wp-content\/uploads\/2020\/06\/jalisco-protestas-giovanni-lopez-2.jpg?fit=980%2C550&ssl=1&resize=525%2C300 1.5x, https:\/\/i0.wp.com\/mexicocodigorojo.com.mx\/wp-content\/uploads\/2020\/06\/jalisco-protestas-giovanni-lopez-2.jpg?fit=980%2C550&ssl=1&resize=700%2C400 2x"},"classes":[]}],"jetpack_sharing_enabled":true,"jetpack_likes_enabled":true,"jetpack_shortlink":"https:\/\/wp.me\/p9TedA-73f","_links":{"self":[{"href":"https:\/\/mexicocodigorojo.com.mx\/index.php?rest_route=\/wp\/v2\/posts\/27109","targetHints":{"allow":["GET"]}}],"collection":[{"href":"https:\/\/mexicocodigorojo.com.mx\/index.php?rest_route=\/wp\/v2\/posts"}],"about":[{"href":"https:\/\/mexicocodigorojo.com.mx\/index.php?rest_route=\/wp\/v2\/types\/post"}],"author":[{"embeddable":true,"href":"https:\/\/mexicocodigorojo.com.mx\/index.php?rest_route=\/wp\/v2\/users\/5"}],"replies":[{"embeddable":true,"href":"https:\/\/mexicocodigorojo.com.mx\/index.php?rest_route=%2Fwp%2Fv2%2Fcomments&post=27109"}],"version-history":[{"count":0,"href":"https:\/\/mexicocodigorojo.com.mx\/index.php?rest_route=\/wp\/v2\/posts\/27109\/revisions"}],"wp:featuredmedia":[{"embeddable":true,"href":"https:\/\/mexicocodigorojo.com.mx\/index.php?rest_route=\/wp\/v2\/media\/27110"}],"wp:attachment":[{"href":"https:\/\/mexicocodigorojo.com.mx\/index.php?rest_route=%2Fwp%2Fv2%2Fmedia&parent=27109"}],"wp:term":[{"taxonomy":"category","embeddable":true,"href":"https:\/\/mexicocodigorojo.com.mx\/index.php?rest_route=%2Fwp%2Fv2%2Fcategories&post=27109"},{"taxonomy":"post_tag","embeddable":true,"href":"https:\/\/mexicocodigorojo.com.mx\/index.php?rest_route=%2Fwp%2Fv2%2Ftags&post=27109"}],"curies":[{"name":"wp","href":"https:\/\/api.w.org\/{rel}","templated":true}]}}