{"id":27103,"date":"2019-11-14T15:01:30","date_gmt":"2019-11-14T21:01:30","guid":{"rendered":"https:\/\/mexicocodigorojo.com.mx\/?p=27103"},"modified":"2019-11-14T15:01:30","modified_gmt":"2019-11-14T21:01:30","slug":"a-evo-morales-coperacha-de-189500","status":"publish","type":"post","link":"https:\/\/mexicocodigorojo.com.mx\/?p=27103","title":{"rendered":"A Evo Morales coperacha de $189,500"},"content":{"rendered":"<div class=\"article__singular--teaser\">\n<h3>Legisladores de Morena, PT y PES le ofrecen apoyo mensual de 189 mil 500 pesos; el ejecutivo percibe 108 mil<\/h3>\n<p>Una bolsa de 189 mil 500 pesos, cortes\u00eda de los\u00a0<strong>diputados federales<\/strong>\u00a0y senadores de Morena para su manutenci\u00f3n en M\u00e9xico, es la dote mensual para el boliviano\u00a0<strong>Evo Morales.<\/strong><\/p>\n<p>As\u00ed lo acordaron las bancadas de ese partido, de acuerdo con el l\u00edder de sus diputados,\u00a0<strong>Mario Delgado<\/strong>, y el senador Alejandro Armenta, a propuesta de\u00a0<strong>Gerardo Fern\u00e1ndez Noro\u00f1a.<\/strong><\/p>\n<p>Cada uno de los 256 diputados y 60 senadores de ese partido, m\u00e1s los 34 del PT y 24 del\u00a0<strong>PES<\/strong>, aportar\u00e1 500 pesos para el refugiado.<\/p>\n<p>Entre Morena y sus aliados PT y PES, tienen 319 diputados (Morena 259, PT 34 y PES 26), por lo Morales recibir\u00e1 casi 200 mil pesos, un monto mayor al salario del presidente mexicano,\u00a0<strong>Andr\u00e9s Manuel L\u00f3pez Obrador,<\/strong>\u00a0quien percibe 108 mil pesos netos mensuales.<\/p>\n<blockquote><p>Propongo a los diputados y diputadas del movimiento que cooperemos 500 pesos cada uno, mensualmente, para la manutenci\u00f3n del compa\u00f1ero Evo Morales. Alcanzar\u00e1 perfecto, ya que somos un chingo<span class=\"special_amp\">\u201d<\/span>, se\u00f1al\u00f3 el diputado Fern\u00e1ndez Noro\u00f1a.<\/p><\/blockquote>\n<p>Su propuesta fue avalada por el coordinador de los diputados de Morena.\u00a0<span class=\"special_amp\">\u201c<\/span>Queremos organizar esto para darle la bienvenida a nuestro pa\u00eds<span class=\"special_amp\">\u201d<\/span>, indic\u00f3 Delgado, luego de que \u00e9l y sus compa\u00f1eros\u00a0<strong>Dolores Padierna, Hirepan Maya, Mar\u00eda Eugenia Hern\u00e1ndez<\/strong>\u00a0y\u00a0<strong>Diego del Bosque Villareal<\/strong>\u00a0se reunieran con Morales. En el encuentro tambi\u00e9n particip\u00f3 el coordinador de los diputados del PT,\u00a0<strong>Reginaldo Sandoval Flores.<\/strong><\/p>\n<p>Por su parte, el senador y presidente de la\u00a0<strong>Comisi\u00f3n de Hacienda,<\/strong>\u00a0Alejandro Armenta, afirm\u00f3 que no hay problema en cooperar para mantener a\u00a0<strong>Evo Morales.<\/strong>\u00a0<span class=\"special_amp\">\u201c<\/span>No le veo mayor problema. Eso lo tiene que ver el partido, los grupos parlamentarios tambi\u00e9n lo podemos hacer<span class=\"special_amp\">\u201d<\/span>, sostuvo.<\/p>\n<p>Ayer mismo, el presidente\u00a0<strong>L\u00f3pez Obrador<\/strong>\u00a0calific\u00f3 de\u00a0<span class=\"special_amp\">\u201c<\/span>mezquinos<span class=\"special_amp\">\u201d<\/span>\u00a0a quienes cuestionan las atenciones de M\u00e9xico a Morales.<\/p>\n<p>Lament\u00f3 que los\u00a0<span class=\"special_amp\">\u201c<\/span><strong>conservadores<\/strong><span class=\"special_amp\">\u201d<\/span>\u00a0est\u00e9n preguntando por los costos de manutenci\u00f3n que se dar\u00e1n para el asilo del\u00a0<strong>boliviano<\/strong>\u00a0y confirm\u00f3 que su gobierno ya le ofreci\u00f3 un inmueble el tiempo que sea necesario.<\/p>\n<p>En\u00a0<strong>conferencia de prensa<\/strong>, record\u00f3 que esta acci\u00f3n es parte de la pol\u00edtica exterior tradicional del pa\u00eds.<\/p>\n<blockquote><p>Es un timbre de orgullo lo que se ha hecho en la historia de M\u00e9xico. Ning\u00fan pa\u00eds tiene un historial tan consecuente y digno en materia de asilo como nuestro pa\u00eds (durante el siglo XIX)<span class=\"special_amp\">\u201d<\/span>.<\/p><\/blockquote>\n<h3>HU\u00c9SPED DISTINGUIDO<\/h3>\n<p>Morales fue nombrado ayer hu\u00e9sped distinguido de la\u00a0<strong>Ciudad de M\u00e9xico.<\/strong>\u00a0En un evento en el Antiguo Palacio de Ayuntamiento, donde fue vitoreado como\u00a0<span class=\"special_amp\">\u201c<\/span>Presidente<span class=\"special_amp\">\u201d<\/span>, el boliviano resalt\u00f3 que s\u00f3lo habr\u00e1 paz con justicia social.<\/p>\n<p>Presumi\u00f3 sus logros al frente del\u00a0<strong>Ejecutivo<\/strong>, como la nacionalizaci\u00f3n de servicios b\u00e1sicos, la universalizaci\u00f3n del agua potable, y el aumento del PIB, de 9 mil mdd en 2005 a 40 mil 800 mdd en 2018.<\/p>\n<blockquote><p>Estas pol\u00edticas, la derecha, nuestros opositores, grupos que ostentan el poder econ\u00f3mico no nos perdonaron. Mi delito es ser el primer presidente ind\u00edgena de Bolivia, y haber implementado programas para los m\u00e1s humildes<span class=\"special_amp\">\u201d<\/span>.<\/p><\/blockquote>\n<div class=\"wp-block-spacer\" aria-hidden=\"true\"><\/div>\n<div class=\"page\" title=\"Page 22\">\n<div class=\"section\">\n<div class=\"layoutArea\">\n<div class=\"column\">\n<p>POR NAYELI CORTE\u0301S, FRANCISCO NIETO Y CARLOS NAVARRO<\/p>\n<p>Fuente: Heraldo de Mexico<\/p>\n<\/div>\n<\/div>\n<\/div>\n<\/div>\n<\/div>\n","protected":false},"excerpt":{"rendered":"<p>Legisladores de Morena, PT y PES le ofrecen apoyo mensual de 189 mil 500 pesos; el ejecutivo percibe 108 mil Una bolsa de 189 mil 500 pesos, cortes\u00eda de los\u00a0diputados federales\u00a0y senadores de Morena para su manutenci\u00f3n en M\u00e9xico, es la dote mensual para el boliviano\u00a0Evo Morales. As\u00ed lo acordaron las bancadas de ese partido, [&hellip;]<\/p>\n","protected":false},"author":5,"featured_media":27104,"comment_status":"open","ping_status":"open","sticky":false,"template":"","format":"standard","meta":{"_uf_show_specific_survey":0,"_uf_disable_surveys":false,"advanced_seo_description":"","jetpack_seo_html_title":"","jetpack_seo_noindex":false,"jetpack_post_was_ever_published":false,"_jetpack_newsletter_access":"","_jetpack_dont_email_post_to_subs":false,"_jetpack_newsletter_tier_id":0,"_jetpack_memberships_contains_paywalled_content":false,"_jetpack_memberships_contains_paid_content":false,"footnotes":"","jetpack_publicize_message":"","jetpack_publicize_feature_enabled":true,"jetpack_social_post_already_shared":false,"jetpack_social_options":{"image_generator_settings":{"template":"highway","default_image_id":0,"font":"","enabled":false},"version":2}},"categories":[101],"tags":[834],"class_list":{"0":"post-27103","1":"post","2":"type-post","3":"status-publish","4":"format-standard","5":"has-post-thumbnail","7":"category-ciudad-de-mexico","8":"tag-evomorales"},"jetpack_publicize_connections":[],"jetpack_featured_media_url":"https:\/\/i0.wp.com\/mexicocodigorojo.com.mx\/wp-content\/uploads\/2019\/11\/EVO-EN-ME%CC%81XICO.jpg?fit=600%2C400&ssl=1","jetpack-related-posts":[{"id":20988,"url":"https:\/\/mexicocodigorojo.com.mx\/?p=20988","url_meta":{"origin":27103,"position":0},"title":"110 veh\u00edculos usados por exlegisladores, a subasta desde 10 mil pesos precio inicial","author":"Staff","date":"agosto 2, 2019","format":false,"excerpt":"CIUDAD DE M\u00c9XICO.- Ciento diez veh\u00edculos (camionetas y autom\u00f3viles), que fueron usados por diputados y senadores de la anterior legislatura, salieron a subasta electr\u00f3nica este jueves, cuyos montos de salida oscilan entre los 10 mil y los 155 mil pesos. Del 1 al 14 de agosto, el Servicio de Administraci\u00f3n\u2026","rel":"","context":"En \u00abCiudad de M\u00e9xico\u00bb","block_context":{"text":"Ciudad de M\u00e9xico","link":"https:\/\/mexicocodigorojo.com.mx\/?cat=101"},"img":{"alt_text":"","src":"https:\/\/i0.wp.com\/mexicocodigorojo.com.mx\/wp-content\/uploads\/2019\/08\/toyota-1.jpg?fit=702%2C468&ssl=1&resize=350%2C200","width":350,"height":200,"srcset":"https:\/\/i0.wp.com\/mexicocodigorojo.com.mx\/wp-content\/uploads\/2019\/08\/toyota-1.jpg?fit=702%2C468&ssl=1&resize=350%2C200 1x, https:\/\/i0.wp.com\/mexicocodigorojo.com.mx\/wp-content\/uploads\/2019\/08\/toyota-1.jpg?fit=702%2C468&ssl=1&resize=525%2C300 1.5x, https:\/\/i0.wp.com\/mexicocodigorojo.com.mx\/wp-content\/uploads\/2019\/08\/toyota-1.jpg?fit=702%2C468&ssl=1&resize=700%2C400 2x"},"classes":[]},{"id":16226,"url":"https:\/\/mexicocodigorojo.com.mx\/?p=16226","url_meta":{"origin":27103,"position":1},"title":"Gasolineras \u201cse llevan\u201d 12 mmdp al a\u00f1o por no cargar litros completos","author":"Staff","date":"abril 12, 2019","format":false,"excerpt":"Cd. M\u00e9xico.- La C\u00e1mara de Diputados detect\u00f3 que el permitir en la ley un \u201crobo\u201d de hasta el 1.4 por ciento del total del despacho en las bombas, diariamente se le quita a las automovilistas hasta un mill\u00f3n 736 mil litros, es decir 34 millones 477 mil pesos diarios, mil\u2026","rel":"","context":"En \u00abCiudad de M\u00e9xico\u00bb","block_context":{"text":"Ciudad de M\u00e9xico","link":"https:\/\/mexicocodigorojo.com.mx\/?cat=101"},"img":{"alt_text":"","src":"","width":0,"height":0},"classes":[]},{"id":27120,"url":"https:\/\/mexicocodigorojo.com.mx\/?p=27120","url_meta":{"origin":27103,"position":2},"title":"Elementos del Estado Mayor protegen a Evo Morales","author":"Staff","date":"noviembre 14, 2019","format":false,"excerpt":"La corporaci\u00f3n se cre\u00eda extinta por instrucci\u00f3n del presidente Andr\u00e9s Manuel L\u00f3pez Obrador. Ahora, 15 elementos cuidan al exmandatario boliviano Al expresidente de Bolivia, Evo Morales, lo cuidan en M\u00e9xico elementos del supuestamente extinto Estado Mayor Presidencial (EMP). Se trata de al menos 15 guardias, algunos de los cuales incluso\u2026","rel":"","context":"En \u00abCiudad de M\u00e9xico\u00bb","block_context":{"text":"Ciudad de M\u00e9xico","link":"https:\/\/mexicocodigorojo.com.mx\/?cat=101"},"img":{"alt_text":"","src":"https:\/\/i0.wp.com\/mexicocodigorojo.com.mx\/wp-content\/uploads\/2019\/11\/Seguridad_Evo_Morales-4_Fotor-696x464.jpg?fit=696%2C464&ssl=1&resize=350%2C200","width":350,"height":200,"srcset":"https:\/\/i0.wp.com\/mexicocodigorojo.com.mx\/wp-content\/uploads\/2019\/11\/Seguridad_Evo_Morales-4_Fotor-696x464.jpg?fit=696%2C464&ssl=1&resize=350%2C200 1x, https:\/\/i0.wp.com\/mexicocodigorojo.com.mx\/wp-content\/uploads\/2019\/11\/Seguridad_Evo_Morales-4_Fotor-696x464.jpg?fit=696%2C464&ssl=1&resize=525%2C300 1.5x"},"classes":[]},{"id":48929,"url":"https:\/\/mexicocodigorojo.com.mx\/?p=48929","url_meta":{"origin":27103,"position":3},"title":"Acumula la Sedena &#8216;guardadito&#8217; millonario","author":"MexicoRojoCvmx","date":"mayo 3, 2021","format":false,"excerpt":"Cd. de M\u00e9xico (03 mayo 2021).- Mientras el Presidente Andr\u00e9s Manuel L\u00f3pez Obrador quiere desaparecer a cuatro \u00f3rganos aut\u00f3nomos, al argumentar que son muy costosos, el \"guardadito\" que tiene el Ej\u00e9rcito rebasa al presupuesto que tienen esos cuatro \u00f3rganos. En el primer trimestre de 2021, el Fideicomiso de Administraci\u00f3n y\u2026","rel":"","context":"En \u00abCiudad de M\u00e9xico\u00bb","block_context":{"text":"Ciudad de M\u00e9xico","link":"https:\/\/mexicocodigorojo.com.mx\/?cat=101"},"img":{"alt_text":"","src":"https:\/\/i0.wp.com\/mexicocodigorojo.com.mx\/wp-content\/uploads\/2021\/05\/Amlo-supervisa-trabajos-en-Santa-Lucia_45785942.jpg?fit=1200%2C800&ssl=1&resize=350%2C200","width":350,"height":200,"srcset":"https:\/\/i0.wp.com\/mexicocodigorojo.com.mx\/wp-content\/uploads\/2021\/05\/Amlo-supervisa-trabajos-en-Santa-Lucia_45785942.jpg?fit=1200%2C800&ssl=1&resize=350%2C200 1x, https:\/\/i0.wp.com\/mexicocodigorojo.com.mx\/wp-content\/uploads\/2021\/05\/Amlo-supervisa-trabajos-en-Santa-Lucia_45785942.jpg?fit=1200%2C800&ssl=1&resize=525%2C300 1.5x, https:\/\/i0.wp.com\/mexicocodigorojo.com.mx\/wp-content\/uploads\/2021\/05\/Amlo-supervisa-trabajos-en-Santa-Lucia_45785942.jpg?fit=1200%2C800&ssl=1&resize=700%2C400 2x, https:\/\/i0.wp.com\/mexicocodigorojo.com.mx\/wp-content\/uploads\/2021\/05\/Amlo-supervisa-trabajos-en-Santa-Lucia_45785942.jpg?fit=1200%2C800&ssl=1&resize=1050%2C600 3x"},"classes":[]},{"id":52234,"url":"https:\/\/mexicocodigorojo.com.mx\/?p=52234","url_meta":{"origin":27103,"position":4},"title":"Diputado Zertuche \u00a1NO paga placas desde el 2005!","author":"MexicoRojoCvmx","date":"enero 24, 2022","format":false,"excerpt":"Como principal opositor al reemplacamiento vehicular en el estado, el dirigente congresal de MORENA en Tamaulipas, ha omitido el pago de impuestos desde el a\u00f1o 2005 seg\u00fan informaci\u00f3n obtenida por este medio. En la documentaci\u00f3n se observa un gran adeudo a la administraci\u00f3n en el pago de tenencia y derechos\u2026","rel":"","context":"En \u00abTamaulipas\u00bb","block_context":{"text":"Tamaulipas","link":"https:\/\/mexicocodigorojo.com.mx\/?cat=2"},"img":{"alt_text":"","src":"https:\/\/i0.wp.com\/mexicocodigorojo.com.mx\/wp-content\/uploads\/2022\/01\/Sin-titulo-1.jpg?fit=1200%2C900&ssl=1&resize=350%2C200","width":350,"height":200,"srcset":"https:\/\/i0.wp.com\/mexicocodigorojo.com.mx\/wp-content\/uploads\/2022\/01\/Sin-titulo-1.jpg?fit=1200%2C900&ssl=1&resize=350%2C200 1x, https:\/\/i0.wp.com\/mexicocodigorojo.com.mx\/wp-content\/uploads\/2022\/01\/Sin-titulo-1.jpg?fit=1200%2C900&ssl=1&resize=525%2C300 1.5x, https:\/\/i0.wp.com\/mexicocodigorojo.com.mx\/wp-content\/uploads\/2022\/01\/Sin-titulo-1.jpg?fit=1200%2C900&ssl=1&resize=700%2C400 2x, https:\/\/i0.wp.com\/mexicocodigorojo.com.mx\/wp-content\/uploads\/2022\/01\/Sin-titulo-1.jpg?fit=1200%2C900&ssl=1&resize=1050%2C600 3x"},"classes":[]},{"id":52281,"url":"https:\/\/mexicocodigorojo.com.mx\/?p=52281","url_meta":{"origin":27103,"position":5},"title":"Candidato de MORENA &#8216;huachicolea&#8217; vales de gasolina en Tamaulipas","author":"MexicoRojoCvmx","date":"enero 31, 2022","format":false,"excerpt":"Ciudad de M\u00e9xico, 31 de enero de 2021.- El pre candidato a la gubernatura por el Movimiento de Regeneraci\u00f3n Nacional, Am\u00e9rico Villarreal Anaya, vinculado a Sergio Carmona Angulo el \u201cRey del Huachic\u00f3l\u201d, reparti\u00f3 vales de gasolina a quienes acudieron al mitin realizado en Ciudad Victoria. En el lugar regalaron cantidades\u2026","rel":"","context":"En \u00abFeatured\u00bb","block_context":{"text":"Featured","link":"https:\/\/mexicocodigorojo.com.mx\/?cat=1724"},"img":{"alt_text":"","src":"https:\/\/i0.wp.com\/mexicocodigorojo.com.mx\/wp-content\/uploads\/2022\/01\/huachicol.jpg?fit=1088%2C1185&ssl=1&resize=350%2C200","width":350,"height":200,"srcset":"https:\/\/i0.wp.com\/mexicocodigorojo.com.mx\/wp-content\/uploads\/2022\/01\/huachicol.jpg?fit=1088%2C1185&ssl=1&resize=350%2C200 1x, https:\/\/i0.wp.com\/mexicocodigorojo.com.mx\/wp-content\/uploads\/2022\/01\/huachicol.jpg?fit=1088%2C1185&ssl=1&resize=525%2C300 1.5x, https:\/\/i0.wp.com\/mexicocodigorojo.com.mx\/wp-content\/uploads\/2022\/01\/huachicol.jpg?fit=1088%2C1185&ssl=1&resize=700%2C400 2x, https:\/\/i0.wp.com\/mexicocodigorojo.com.mx\/wp-content\/uploads\/2022\/01\/huachicol.jpg?fit=1088%2C1185&ssl=1&resize=1050%2C600 3x"},"classes":[]}],"jetpack_sharing_enabled":true,"jetpack_likes_enabled":true,"jetpack_shortlink":"https:\/\/wp.me\/p9TedA-739","_links":{"self":[{"href":"https:\/\/mexicocodigorojo.com.mx\/index.php?rest_route=\/wp\/v2\/posts\/27103","targetHints":{"allow":["GET"]}}],"collection":[{"href":"https:\/\/mexicocodigorojo.com.mx\/index.php?rest_route=\/wp\/v2\/posts"}],"about":[{"href":"https:\/\/mexicocodigorojo.com.mx\/index.php?rest_route=\/wp\/v2\/types\/post"}],"author":[{"embeddable":true,"href":"https:\/\/mexicocodigorojo.com.mx\/index.php?rest_route=\/wp\/v2\/users\/5"}],"replies":[{"embeddable":true,"href":"https:\/\/mexicocodigorojo.com.mx\/index.php?rest_route=%2Fwp%2Fv2%2Fcomments&post=27103"}],"version-history":[{"count":0,"href":"https:\/\/mexicocodigorojo.com.mx\/index.php?rest_route=\/wp\/v2\/posts\/27103\/revisions"}],"wp:featuredmedia":[{"embeddable":true,"href":"https:\/\/mexicocodigorojo.com.mx\/index.php?rest_route=\/wp\/v2\/media\/27104"}],"wp:attachment":[{"href":"https:\/\/mexicocodigorojo.com.mx\/index.php?rest_route=%2Fwp%2Fv2%2Fmedia&parent=27103"}],"wp:term":[{"taxonomy":"category","embeddable":true,"href":"https:\/\/mexicocodigorojo.com.mx\/index.php?rest_route=%2Fwp%2Fv2%2Fcategories&post=27103"},{"taxonomy":"post_tag","embeddable":true,"href":"https:\/\/mexicocodigorojo.com.mx\/index.php?rest_route=%2Fwp%2Fv2%2Ftags&post=27103"}],"curies":[{"name":"wp","href":"https:\/\/api.w.org\/{rel}","templated":true}]}}