{"id":26999,"date":"2019-11-13T15:44:35","date_gmt":"2019-11-13T21:44:35","guid":{"rendered":"https:\/\/mexicocodigorojo.com.mx\/?p=26999"},"modified":"2019-11-13T15:44:35","modified_gmt":"2019-11-13T21:44:35","slug":"a-plena-luz-del-dia-ejecutan-a-hombre-en-cdmx","status":"publish","type":"post","link":"https:\/\/mexicocodigorojo.com.mx\/?p=26999","title":{"rendered":"A plena luz del d\u00eda, ejecutan a hombre en CDMX"},"content":{"rendered":"<div class=\"newsfull__excerpt\">\n<p>Testigos dijeron a la polic\u00eda que los responsables fueron dos sujetos, que viajaban a bordo de una motocicleta\u00a0color negro los cuales se dieron a la fuga<\/p>\n<\/div>\n<div class=\"newsfull__line\">\n<div class=\"newsfull__meta\">\n<p><strong>Ciudad de M\u00e9xico<\/strong>.- El d\u00eda de ayer, a plena luz del d\u00eda, un\u00a0<strong>hombre<\/strong>\u00a0fue\u00a0<strong>asesinado\u00a0<\/strong>en su autom\u00f3vil en la esquina de la\u00a0<strong>Calle 8<\/strong>\u00a0y\u00a0<strong>Calle 23<\/strong>, en la\u00a0<strong>colonia Pro Hogar<\/strong>, de la alcald\u00eda\u00a0<strong>Azcapotzalco<\/strong>.<\/p>\n<div class=\"banner\">\n<p>El individuo\u00a0que perdi\u00f3 la vida qued\u00f3 en el asiento del piloto, recostado hacia su lado derecho, dentro de un auto marca\u00a0<strong>Volvo\u00a0<\/strong>de color gris plata con\u00a0placas del\u00a0<strong>Estado de M\u00e9xico<\/strong>\u00a0y a quien dispararon al menos en\u00a0<strong>22 ocasiones<\/strong>.<\/p>\n<p>La v\u00edctima fue identificada\u00a0por un familiar, quien dijo desconocer las causas por las que lo ejecutaron.<\/p>\n<p>De acuerdo con los primeros reportes, los agresores huyeron en una motocicleta\u00a0sobre la calle 23 con direcci\u00f3n hacia el Poniente.<\/p>\n<\/div>\n<div class=\"banner\">\n<div class=\"sources\">\n<p>Esta nota incluye informaci\u00f3n de:\u00a0<span class=\"sources__name\">La Prensa<\/span><\/p>\n<\/div>\n<section class=\"tags\"><\/section>\n<\/div>\n<\/div>\n<\/div>\n","protected":false},"excerpt":{"rendered":"<p>Testigos dijeron a la polic\u00eda que los responsables fueron dos sujetos, que viajaban a bordo de una motocicleta\u00a0color negro los cuales se dieron a la fuga Ciudad de M\u00e9xico.- El d\u00eda de ayer, a plena luz del d\u00eda, un\u00a0hombre\u00a0fue\u00a0asesinado\u00a0en su autom\u00f3vil en la esquina de la\u00a0Calle 8\u00a0y\u00a0Calle 23, en la\u00a0colonia Pro Hogar, de la alcald\u00eda\u00a0Azcapotzalco. [&hellip;]<\/p>\n","protected":false},"author":5,"featured_media":27000,"comment_status":"open","ping_status":"open","sticky":false,"template":"","format":"standard","meta":{"_uf_show_specific_survey":0,"_uf_disable_surveys":false,"advanced_seo_description":"","jetpack_seo_html_title":"","jetpack_seo_noindex":false,"jetpack_seo_schema_type":"","_jetpack_newsletter_access":"","_jetpack_dont_email_post_to_subs":false,"_jetpack_newsletter_tier_id":0,"_jetpack_memberships_contains_paywalled_content":false,"_jetpack_feature_clip_id":0,"_jetpack_memberships_contains_paid_content":false,"footnotes":"","jetpack_publicize_message":"","jetpack_publicize_feature_enabled":true,"jetpack_social_post_already_shared":false,"jetpack_social_options":{"image_generator_settings":{"template":"highway","default_image_id":0,"font":"","enabled":false},"version":2},"jetpack_post_was_ever_published":false},"categories":[101],"tags":[858],"class_list":["post-26999","post","type-post","status-publish","format-standard","has-post-thumbnail","category-ciudad-de-mexico","tag-homicidio"],"jetpack_publicize_connections":[],"jetpack-related-posts":[{"id":57892,"url":"https:\/\/mexicocodigorojo.com.mx\/?p=57892","url_meta":{"origin":26999,"position":0},"title":"EJECUTAN A EMPRESARIO EN ATAQUE ARMADO EN SLRC SONORA VIDEO","author":"MexicoRojo","date":"octubre 29, 2023","format":false,"excerpt":"En plena luz del d\u00eda fue asesinado empresario de esta frontera.Muere empresario en una ejecuci\u00f3n en plena luz del d\u00eda cuando hacia alto en la Sonora y calle 22. \u00a0 \u00a0 La tarde de s\u00e1bado se activa el c\u00f3digo rojo tras un reporte de repetidas detonaciones de armas de alto\u2026","rel":"","context":"En \u00abFeatured\u00bb","block_context":{"text":"Featured","link":"https:\/\/mexicocodigorojo.com.mx\/?cat=1724"},"img":{"alt_text":"","src":"https:\/\/i0.wp.com\/mexicocodigorojo.com.mx\/wp-content\/uploads\/2023\/10\/FB_IMG_1698608030889.jpg?fit=720%2C540&ssl=1&resize=350%2C200","width":350,"height":200,"srcset":"https:\/\/i0.wp.com\/mexicocodigorojo.com.mx\/wp-content\/uploads\/2023\/10\/FB_IMG_1698608030889.jpg?fit=720%2C540&ssl=1&resize=350%2C200 1x, https:\/\/i0.wp.com\/mexicocodigorojo.com.mx\/wp-content\/uploads\/2023\/10\/FB_IMG_1698608030889.jpg?fit=720%2C540&ssl=1&resize=525%2C300 1.5x, https:\/\/i0.wp.com\/mexicocodigorojo.com.mx\/wp-content\/uploads\/2023\/10\/FB_IMG_1698608030889.jpg?fit=720%2C540&ssl=1&resize=700%2C400 2x"},"classes":[]},{"id":63105,"url":"https:\/\/mexicocodigorojo.com.mx\/?p=63105","url_meta":{"origin":26999,"position":1},"title":"Asesinaron en Viaducto a la abogada penalista Oralia P\u00e9rez Gardu\u00f1o","author":"Staff","date":"octubre 17, 2024","format":false,"excerpt":"Una mujer muri\u00f3 tras recibir disparos de arma de fuego, en un presunto intento de asalto a plena luz del d\u00eda, que ocurri\u00f3 mientras la afectada estaba a bordo de su camioneta, sobre cruce del Viaducto Miguel Alem\u00e1n y la avenida Cuauht\u00e9moc, en la colonia Roma Sur de la alcald\u00eda\u2026","rel":"","context":"En \u00abCiudad de M\u00e9xico\u00bb","block_context":{"text":"Ciudad de M\u00e9xico","link":"https:\/\/mexicocodigorojo.com.mx\/?cat=101"},"img":{"alt_text":"","src":"https:\/\/i0.wp.com\/mexicocodigorojo.com.mx\/wp-content\/uploads\/2024\/10\/f804x452-651928_703861_5050.webp?fit=804%2C452&ssl=1&resize=350%2C200","width":350,"height":200,"srcset":"https:\/\/i0.wp.com\/mexicocodigorojo.com.mx\/wp-content\/uploads\/2024\/10\/f804x452-651928_703861_5050.webp?fit=804%2C452&ssl=1&resize=350%2C200 1x, https:\/\/i0.wp.com\/mexicocodigorojo.com.mx\/wp-content\/uploads\/2024\/10\/f804x452-651928_703861_5050.webp?fit=804%2C452&ssl=1&resize=525%2C300 1.5x, https:\/\/i0.wp.com\/mexicocodigorojo.com.mx\/wp-content\/uploads\/2024\/10\/f804x452-651928_703861_5050.webp?fit=804%2C452&ssl=1&resize=700%2C400 2x"},"classes":[]},{"id":18068,"url":"https:\/\/mexicocodigorojo.com.mx\/?p=18068","url_meta":{"origin":26999,"position":2},"title":"DOS PRESUNTOS INTEGRANTES DEL GRUPO DELICTIVO LA UNI\u00d3N TEPITO, DETENIDOS POR ROBO DE VEH\u00cdCULO","author":"Staff","date":"junio 8, 2019","format":false,"excerpt":"Chalco, Estado de M\u00e9xico, 07 de junio de 2019.- Dos personas, un hombre y una mujer, fueron detenidas por elementos de la Secretar\u00eda de Seguridad (SS), minutos despu\u00e9s de haber presuntamente robado un taxi de servicio p\u00fablico. Los hechos se registraron en el poblado de Ayotzingo, a la altura de\u2026","rel":"","context":"En \u00abEstado de M\u00e9xico\u00bb","block_context":{"text":"Estado de M\u00e9xico","link":"https:\/\/mexicocodigorojo.com.mx\/?cat=53"},"img":{"alt_text":"","src":"https:\/\/i0.wp.com\/mexicocodigorojo.com.mx\/wp-content\/uploads\/2019\/06\/img-20190607-wa01837586840839970852059.jpg?resize=350%2C200&ssl=1","width":350,"height":200,"srcset":"https:\/\/i0.wp.com\/mexicocodigorojo.com.mx\/wp-content\/uploads\/2019\/06\/img-20190607-wa01837586840839970852059.jpg?resize=350%2C200&ssl=1 1x, https:\/\/i0.wp.com\/mexicocodigorojo.com.mx\/wp-content\/uploads\/2019\/06\/img-20190607-wa01837586840839970852059.jpg?resize=525%2C300&ssl=1 1.5x, https:\/\/i0.wp.com\/mexicocodigorojo.com.mx\/wp-content\/uploads\/2019\/06\/img-20190607-wa01837586840839970852059.jpg?resize=700%2C400&ssl=1 2x"},"classes":[]},{"id":58648,"url":"https:\/\/mexicocodigorojo.com.mx\/?p=58648","url_meta":{"origin":26999,"position":3},"title":"VIDEO A PLENA LUZ DEL DIA LEVANTAN A UNA PERSONA EN TIJUANA BAJA CALIFORNIA","author":"MexicoRojo","date":"diciembre 18, 2023","format":false,"excerpt":"A plena luz del d\u00eda sujetos desconocidos y armados dieron un levanton a un masculino sin que nadien pudiera ayudarlo. En redes sociales circula el video del momento exacto que fueron grabadas por una camara de seguridad en el que los tres sujetos privan de la libertad a la persona\u2026","rel":"","context":"En \u00abFeatured\u00bb","block_context":{"text":"Featured","link":"https:\/\/mexicocodigorojo.com.mx\/?cat=1724"},"img":{"alt_text":"","src":"https:\/\/i0.wp.com\/mexicocodigorojo.com.mx\/wp-content\/uploads\/2023\/12\/20231218_171056-scaled.jpg?fit=1200%2C1200&ssl=1&resize=350%2C200","width":350,"height":200,"srcset":"https:\/\/i0.wp.com\/mexicocodigorojo.com.mx\/wp-content\/uploads\/2023\/12\/20231218_171056-scaled.jpg?fit=1200%2C1200&ssl=1&resize=350%2C200 1x, https:\/\/i0.wp.com\/mexicocodigorojo.com.mx\/wp-content\/uploads\/2023\/12\/20231218_171056-scaled.jpg?fit=1200%2C1200&ssl=1&resize=525%2C300 1.5x, https:\/\/i0.wp.com\/mexicocodigorojo.com.mx\/wp-content\/uploads\/2023\/12\/20231218_171056-scaled.jpg?fit=1200%2C1200&ssl=1&resize=700%2C400 2x, https:\/\/i0.wp.com\/mexicocodigorojo.com.mx\/wp-content\/uploads\/2023\/12\/20231218_171056-scaled.jpg?fit=1200%2C1200&ssl=1&resize=1050%2C600 3x"},"classes":[]},{"id":46201,"url":"https:\/\/mexicocodigorojo.com.mx\/?p=46201","url_meta":{"origin":26999,"position":4},"title":"DETIENEN A PRESUNTOS ASALTANTES EN LA CIUDAD DE M\u00c9XICO","author":"Staff","date":"enero 19, 2021","format":false,"excerpt":"PERSONAL DE LA SSC DETUVO A DOCE PERSONAS POSIBLEMENTE RELACIONADAS EN DISTINTOS ASALTOS EN LA V\u00cdA P\u00daBLICA, EN DIFERENTES ALCALD\u00cdAS Como parte de las acciones de prevenci\u00f3n .seguridad y vigilancia realizadas por los uniformados de la Secretar\u00eda de Seguridad Ciudadana (SSC) en las 16 alcald\u00edas de la Ciudad de M\u00e9xico,\u2026","rel":"","context":"En \u00abCiudad de M\u00e9xico\u00bb","block_context":{"text":"Ciudad de M\u00e9xico","link":"https:\/\/mexicocodigorojo.com.mx\/?cat=101"},"img":{"alt_text":"","src":"","width":0,"height":0},"classes":[]},{"id":25223,"url":"https:\/\/mexicocodigorojo.com.mx\/?p=25223","url_meta":{"origin":26999,"position":5},"title":"Asesinan a hombre con disparos en la cabeza en Ecatepec","author":"Staff","date":"octubre 11, 2019","format":false,"excerpt":"Durante la noche del jueves un hombre fue asesinado a balazos en la colonia\u00a0Valle de Arag\u00f3n Estado de M\u00e9xico.- Un hombre de 30 a\u00f1os de edad fue asesinado con disparos en la cabeza en el municipio de Ecatepec durante la noche del jueves. Durante la noche del jueves un hombre\u2026","rel":"","context":"En \u00abEstado de M\u00e9xico\u00bb","block_context":{"text":"Estado de M\u00e9xico","link":"https:\/\/mexicocodigorojo.com.mx\/?cat=53"},"img":{"alt_text":"","src":"https:\/\/i0.wp.com\/mexicocodigorojo.com.mx\/wp-content\/uploads\/2019\/10\/matan_a_hombre_con_disparos_en_la_cabeza_en_ecatepec_crop1570807204267.jpg_219914347.jpg?fit=960%2C540&ssl=1&resize=350%2C200","width":350,"height":200,"srcset":"https:\/\/i0.wp.com\/mexicocodigorojo.com.mx\/wp-content\/uploads\/2019\/10\/matan_a_hombre_con_disparos_en_la_cabeza_en_ecatepec_crop1570807204267.jpg_219914347.jpg?fit=960%2C540&ssl=1&resize=350%2C200 1x, https:\/\/i0.wp.com\/mexicocodigorojo.com.mx\/wp-content\/uploads\/2019\/10\/matan_a_hombre_con_disparos_en_la_cabeza_en_ecatepec_crop1570807204267.jpg_219914347.jpg?fit=960%2C540&ssl=1&resize=525%2C300 1.5x, https:\/\/i0.wp.com\/mexicocodigorojo.com.mx\/wp-content\/uploads\/2019\/10\/matan_a_hombre_con_disparos_en_la_cabeza_en_ecatepec_crop1570807204267.jpg_219914347.jpg?fit=960%2C540&ssl=1&resize=700%2C400 2x"},"classes":[]}],"jetpack_sharing_enabled":true,"jetpack_likes_enabled":true,"jetpack_shortlink":"https:\/\/wp.me\/p9TedA-71t","jetpack_featured_media_url":"https:\/\/i0.wp.com\/mexicocodigorojo.com.mx\/wp-content\/uploads\/2019\/11\/1_17.jpg_112278454.jpg?fit=1069%2C563&ssl=1","_links":{"self":[{"href":"https:\/\/mexicocodigorojo.com.mx\/index.php?rest_route=\/wp\/v2\/posts\/26999","targetHints":{"allow":["GET"]}}],"collection":[{"href":"https:\/\/mexicocodigorojo.com.mx\/index.php?rest_route=\/wp\/v2\/posts"}],"about":[{"href":"https:\/\/mexicocodigorojo.com.mx\/index.php?rest_route=\/wp\/v2\/types\/post"}],"author":[{"embeddable":true,"href":"https:\/\/mexicocodigorojo.com.mx\/index.php?rest_route=\/wp\/v2\/users\/5"}],"replies":[{"embeddable":true,"href":"https:\/\/mexicocodigorojo.com.mx\/index.php?rest_route=%2Fwp%2Fv2%2Fcomments&post=26999"}],"version-history":[{"count":0,"href":"https:\/\/mexicocodigorojo.com.mx\/index.php?rest_route=\/wp\/v2\/posts\/26999\/revisions"}],"wp:featuredmedia":[{"embeddable":true,"href":"https:\/\/mexicocodigorojo.com.mx\/index.php?rest_route=\/wp\/v2\/media\/27000"}],"wp:attachment":[{"href":"https:\/\/mexicocodigorojo.com.mx\/index.php?rest_route=%2Fwp%2Fv2%2Fmedia&parent=26999"}],"wp:term":[{"taxonomy":"category","embeddable":true,"href":"https:\/\/mexicocodigorojo.com.mx\/index.php?rest_route=%2Fwp%2Fv2%2Fcategories&post=26999"},{"taxonomy":"post_tag","embeddable":true,"href":"https:\/\/mexicocodigorojo.com.mx\/index.php?rest_route=%2Fwp%2Fv2%2Ftags&post=26999"}],"curies":[{"name":"wp","href":"https:\/\/api.w.org\/{rel}","templated":true}]}}