{"id":2667,"date":"2018-09-12T11:27:37","date_gmt":"2018-09-12T11:27:37","guid":{"rendered":"https:\/\/mexicocodigorojo.com.mx\/?p=2667"},"modified":"2018-09-12T12:28:09","modified_gmt":"2018-09-12T12:28:09","slug":"chapito-guzman-las-muertes-detras-de-un-heredero-del-narco","status":"publish","type":"post","link":"https:\/\/mexicocodigorojo.com.mx\/?p=2667","title":{"rendered":"Chapito Guzm\u00e1n, Las Muertes Detr\u00e1s De Un Heredero Del Narco"},"content":{"rendered":"<p>Iv\u00e1n Archivaldo Guzm\u00e1n Salazar, hijo del Chapo Guzm\u00e1n, sigui\u00f3 los pasos de su padre desde muy temprana edad, pues desde ni\u00f1o fue sometido a guerras y violencia.<\/p>\n<p><img data-recalc-dims=\"1\" loading=\"lazy\" decoding=\"async\" data-attachment-id=\"2666\" data-permalink=\"https:\/\/mexicocodigorojo.com.mx\/?attachment_id=2666\" data-orig-file=\"https:\/\/i0.wp.com\/mexicocodigorojo.com.mx\/wp-content\/uploads\/2018\/09\/0000000000000000000000000000000000d.jpg?fit=696%2C389&amp;ssl=1\" data-orig-size=\"696,389\" data-comments-opened=\"1\" data-image-meta=\"{&quot;aperture&quot;:&quot;0&quot;,&quot;credit&quot;:&quot;&quot;,&quot;camera&quot;:&quot;&quot;,&quot;caption&quot;:&quot;&quot;,&quot;created_timestamp&quot;:&quot;0&quot;,&quot;copyright&quot;:&quot;&quot;,&quot;focal_length&quot;:&quot;0&quot;,&quot;iso&quot;:&quot;0&quot;,&quot;shutter_speed&quot;:&quot;0&quot;,&quot;title&quot;:&quot;&quot;,&quot;orientation&quot;:&quot;0&quot;}\" data-image-title=\"0000000000000000000000000000000000d.jpg\" data-image-description=\"\" data-image-caption=\"\" data-large-file=\"https:\/\/i0.wp.com\/mexicocodigorojo.com.mx\/wp-content\/uploads\/2018\/09\/0000000000000000000000000000000000d.jpg?fit=696%2C389&amp;ssl=1\" src=\"https:\/\/i0.wp.com\/mexicocodigorojo.com.mx\/wp-content\/uploads\/2018\/09\/0000000000000000000000000000000000d.jpg?resize=696%2C389&#038;ssl=1\" class=\"alignnone size-full wp-image-2666\" width=\"696\" height=\"389\" srcset=\"https:\/\/i0.wp.com\/mexicocodigorojo.com.mx\/wp-content\/uploads\/2018\/09\/0000000000000000000000000000000000d.jpg?w=696&amp;ssl=1 696w, https:\/\/i0.wp.com\/mexicocodigorojo.com.mx\/wp-content\/uploads\/2018\/09\/0000000000000000000000000000000000d.jpg?resize=300%2C168&amp;ssl=1 300w\" sizes=\"auto, (max-width: 696px) 100vw, 696px\" \/><\/p>\n<p>Uno de los casos m\u00e1s pol\u00e9micos en los que El Chapito estuvo envuelto fue el de la muerte de dos personas.<\/p>\n<p>A los 21 a\u00f1os fue se\u00f1alado como el principal sospechoso en el asesinato de una joven y un hombre que la acompa\u00f1aba.<\/p>\n<p>La mujer era una estudiante de intercambio que lleg\u00f3 de Canad\u00e1 a M\u00e9xico para continuar con su preparaci\u00f3n acad\u00e9mica.<\/p>\n<p>Seg\u00fan la informaci\u00f3n, El Chapito, la estudiante y el otro joven coincidieron en un antro popular de la Ciudad de M\u00e9xico y ah\u00ed el hijo de Guzm\u00e1n tuvo una discusi\u00f3n por un asunto menor con el amigo de la mujer.<\/p>\n<p>Iv\u00e1n Archivaldo creci\u00f3 con el ejemplo de un padre y un grupo de crimen organizado que resuelven los problemas con las armas, por lo que no dud\u00f3 en utilizar la suya para quitarse de encima a los j\u00f3venes.<\/p>\n<p><img data-recalc-dims=\"1\" loading=\"lazy\" decoding=\"async\" data-attachment-id=\"2665\" data-permalink=\"https:\/\/mexicocodigorojo.com.mx\/?attachment_id=2665\" data-orig-file=\"https:\/\/i0.wp.com\/mexicocodigorojo.com.mx\/wp-content\/uploads\/2018\/09\/images.png?fit=279%2C180&amp;ssl=1\" data-orig-size=\"279,180\" data-comments-opened=\"1\" data-image-meta=\"{&quot;aperture&quot;:&quot;0&quot;,&quot;credit&quot;:&quot;&quot;,&quot;camera&quot;:&quot;&quot;,&quot;caption&quot;:&quot;&quot;,&quot;created_timestamp&quot;:&quot;0&quot;,&quot;copyright&quot;:&quot;&quot;,&quot;focal_length&quot;:&quot;0&quot;,&quot;iso&quot;:&quot;0&quot;,&quot;shutter_speed&quot;:&quot;0&quot;,&quot;title&quot;:&quot;&quot;,&quot;orientation&quot;:&quot;0&quot;}\" data-image-title=\"images.png\" data-image-description=\"\" data-image-caption=\"\" data-large-file=\"https:\/\/i0.wp.com\/mexicocodigorojo.com.mx\/wp-content\/uploads\/2018\/09\/images.png?fit=279%2C180&amp;ssl=1\" src=\"https:\/\/i0.wp.com\/mexicocodigorojo.com.mx\/wp-content\/uploads\/2018\/09\/images.png?resize=279%2C180&#038;ssl=1\" class=\"alignnone wp-image-2665 size-full\" width=\"279\" height=\"180\"><\/p>\n<p>La estudiante de Canad\u00e1 y su acompa\u00f1ante murieron acribillados a balazos, presuntamente a manos del hijo de Guzm\u00e1n Loera.<\/p>\n<blockquote><p>Iv\u00e1n Guzm\u00e1n no fue sentenciado por las dos muertes debido a falta de pruebas que demostraran su culpabilidad, pero un a\u00f1o despu\u00e9s fue detenido por las autoridades luego de protagonizar un accidente de tr\u00e1nsito en el que se identific\u00f3 al hijo del Chapo, quien llevaba consigo documentos falsos y recibi\u00f3 una condena por cinco a\u00f1os de prisi\u00f3n al encontrarlo culpable por el delito de lavado de dinero en favor de su padre.<\/p><\/blockquote>\n<p>Cuando Iv\u00e1n Archivaldo Guzm\u00e1n Salazar cumpli\u00f3 25 a\u00f1os, corr\u00edan solo tres a\u00f1os de su sentencia y fue absuelto por un juez, de nuevo por falta de pruebas. La autoridad legal fue se\u00f1alada por estar al servicio del C\u00e1rtel de Sinaloa.<\/p>\n<p>Fuente Canal Tops Prohibidos.<\/p>\n<p><img data-recalc-dims=\"1\" loading=\"lazy\" decoding=\"async\" data-attachment-id=\"2663\" data-permalink=\"https:\/\/mexicocodigorojo.com.mx\/?attachment_id=2663\" data-orig-file=\"https:\/\/i0.wp.com\/mexicocodigorojo.com.mx\/wp-content\/uploads\/2018\/09\/12071582188b668-400x249.jpg?fit=400%2C249&amp;ssl=1\" data-orig-size=\"400,249\" data-comments-opened=\"1\" data-image-meta=\"{&quot;aperture&quot;:&quot;0&quot;,&quot;credit&quot;:&quot;&quot;,&quot;camera&quot;:&quot;&quot;,&quot;caption&quot;:&quot;&quot;,&quot;created_timestamp&quot;:&quot;0&quot;,&quot;copyright&quot;:&quot;&quot;,&quot;focal_length&quot;:&quot;0&quot;,&quot;iso&quot;:&quot;0&quot;,&quot;shutter_speed&quot;:&quot;0&quot;,&quot;title&quot;:&quot;&quot;,&quot;orientation&quot;:&quot;0&quot;}\" data-image-title=\"12071582188b668-400&amp;#215;249.jpg\" data-image-description=\"\" data-image-caption=\"\" data-large-file=\"https:\/\/i0.wp.com\/mexicocodigorojo.com.mx\/wp-content\/uploads\/2018\/09\/12071582188b668-400x249.jpg?fit=400%2C249&amp;ssl=1\" class=\"alignnone size-full wp-image-2663\" src=\"https:\/\/i0.wp.com\/mexicocodigorojo.com.mx\/wp-content\/uploads\/2018\/09\/12071582188b668-400x249.jpg?resize=400%2C249&#038;ssl=1\" width=\"400\" height=\"249\" srcset=\"https:\/\/i0.wp.com\/mexicocodigorojo.com.mx\/wp-content\/uploads\/2018\/09\/12071582188b668-400x249.jpg?resize=400%2C249&amp;ssl=1 400w, https:\/\/i0.wp.com\/mexicocodigorojo.com.mx\/wp-content\/uploads\/2018\/09\/12071582188b668-400x249.jpg?resize=300%2C187&amp;ssl=1 300w\" sizes=\"auto, (max-width: 400px) 100vw, 400px\" \/><\/p>\n","protected":false},"excerpt":{"rendered":"<p>Iv\u00e1n Archivaldo Guzm\u00e1n Salazar, hijo del Chapo Guzm\u00e1n, sigui\u00f3 los pasos de su padre desde muy temprana edad, pues desde ni\u00f1o fue sometido a guerras y violencia. Uno de los casos m\u00e1s pol\u00e9micos en los que El Chapito estuvo envuelto fue el de la muerte de dos personas. A los 21 a\u00f1os fue se\u00f1alado como [&hellip;]<\/p>\n","protected":false},"author":5,"featured_media":0,"comment_status":"open","ping_status":"open","sticky":false,"template":"","format":"standard","meta":{"_uf_show_specific_survey":0,"_uf_disable_surveys":false,"advanced_seo_description":"","jetpack_seo_html_title":"","jetpack_seo_noindex":false,"jetpack_post_was_ever_published":false,"_jetpack_newsletter_access":"","_jetpack_dont_email_post_to_subs":false,"_jetpack_newsletter_tier_id":0,"_jetpack_memberships_contains_paywalled_content":false,"_jetpack_memberships_contains_paid_content":false,"footnotes":"","jetpack_publicize_message":"","jetpack_publicize_feature_enabled":true,"jetpack_social_post_already_shared":false,"jetpack_social_options":{"image_generator_settings":{"template":"highway","default_image_id":0,"font":"","enabled":false},"version":2}},"categories":[41],"tags":[72,12],"class_list":{"0":"post-2667","1":"post","2":"type-post","3":"status-publish","4":"format-standard","6":"category-sinaloa","7":"tag-cds","8":"tag-crimen-organizado"},"jetpack_publicize_connections":[],"jetpack_featured_media_url":"","jetpack-related-posts":[{"id":25719,"url":"https:\/\/mexicocodigorojo.com.mx\/?p=25719","url_meta":{"origin":2667,"position":0},"title":"Iv\u00e1n Archivaldo Guzm\u00e1n, el otro hijo de El Chapo tambi\u00e9n fue capturado y liberado por gobierno de AMLO","author":"Staff","date":"octubre 21, 2019","format":false,"excerpt":"El diario estadounidense New York Times relata que el pasado jueves no s\u00f3lo se liber\u00f3 a Ovidio Guzm\u00e1n, en Culiac\u00e1n, Sinaloa sino a su hermano Iv\u00e1n Archivaldo, ambos hijos del narcotraficante Joaqu\u00edn El Chapo Guzm\u00e1n El diario estadounidense The New York Times revel\u00f3 que el pasado jueves 17 de octubre\u2026","rel":"","context":"En \u00abSinaloa\u00bb","block_context":{"text":"Sinaloa","link":"https:\/\/mexicocodigorojo.com.mx\/?cat=41"},"img":{"alt_text":"","src":"https:\/\/i0.wp.com\/mexicocodigorojo.com.mx\/wp-content\/uploads\/2019\/10\/Ivan_Archivaldo_Guzman_Salazar-600x400.jpg?fit=600%2C400&ssl=1&resize=350%2C200","width":350,"height":200,"srcset":"https:\/\/i0.wp.com\/mexicocodigorojo.com.mx\/wp-content\/uploads\/2019\/10\/Ivan_Archivaldo_Guzman_Salazar-600x400.jpg?fit=600%2C400&ssl=1&resize=350%2C200 1x, https:\/\/i0.wp.com\/mexicocodigorojo.com.mx\/wp-content\/uploads\/2019\/10\/Ivan_Archivaldo_Guzman_Salazar-600x400.jpg?fit=600%2C400&ssl=1&resize=525%2C300 1.5x"},"classes":[]},{"id":27769,"url":"https:\/\/mexicocodigorojo.com.mx\/?p=27769","url_meta":{"origin":2667,"position":1},"title":"EL ARBOL GENEAOLOGICO DE \u00abEL CHAPO\u00bb GUZMAN","author":"MexicoRojo","date":"noviembre 26, 2019","format":false,"excerpt":"Desde la captura de Joaqu\u00edn Guzm\u00e1n Loera, los hijo de El Chapo, incluidos Ovidio y \u201cLos Chapitos\u201d, Iv\u00e1n y Jes\u00fas, han tomado un papel m\u00e1s destacado en el c\u00e1rtel de Sinaloa, junto con el viejo l\u00edder de la guardia, Ismael \"El Mayo\" Zambada. Los hijos del \u201cEl Chapo\" Guzm\u00e1n han\u2026","rel":"","context":"En \u00abFeatured\u00bb","block_context":{"text":"Featured","link":"https:\/\/mexicocodigorojo.com.mx\/?cat=1724"},"img":{"alt_text":"","src":"https:\/\/i0.wp.com\/secureservercdn.net\/166.62.108.22\/cg1.af3.myftpupload.com\/wp-content\/uploads\/2019\/11\/fb_img_1574847109202-1045804555.jpg?resize=350%2C200&ssl=1","width":350,"height":200},"classes":[]},{"id":19432,"url":"https:\/\/mexicocodigorojo.com.mx\/?p=19432","url_meta":{"origin":2667,"position":2},"title":"Detienen a \u2018El L\u00e1tigo\u2019, presunto operador financiero del hijo de \u2018El Chapo\u2019 Guzm\u00e1n","author":"Staff","date":"julio 1, 2019","format":false,"excerpt":"El detenido est\u00e1 acusado de ser el\u00a0operador financiero\u00a0de Iv\u00e1n Archivaldo Guzm\u00e1n,\u00a0'El Chapito' En el Aeropuerto Internacional de la Ciudad de M\u00e9xico fue detenido\u00a0Sergio Miguel \u2018N\u2019, alias\u00a0\u2018David\u2019 o \u2018El L\u00e1tigo\u2019,\u00a0identificado como presunto\u00a0operador financiero del C\u00e1rtel de Sinaloa. El detenido est\u00e1 acusado de ser el\u00a0operador financiero\u00a0de\u00a0Iv\u00e1n Archivaldo Guzm\u00e1n,\u00a0\u2018El Chapito\u2019,\u00a0hijo de\u00a0Joaqu\u00edn Guzm\u00e1n Loera.\u2026","rel":"","context":"En \u00abCiudad de M\u00e9xico\u00bb","block_context":{"text":"Ciudad de M\u00e9xico","link":"https:\/\/mexicocodigorojo.com.mx\/?cat=101"},"img":{"alt_text":"","src":"https:\/\/i0.wp.com\/mexicocodigorojo.com.mx\/wp-content\/uploads\/2019\/07\/detienen-a-el-latigo-presunto-operador-financiero-de-hijo-de-el-chapo-guzman-marychuyglez.jpg?fit=1045%2C602&ssl=1&resize=350%2C200","width":350,"height":200,"srcset":"https:\/\/i0.wp.com\/mexicocodigorojo.com.mx\/wp-content\/uploads\/2019\/07\/detienen-a-el-latigo-presunto-operador-financiero-de-hijo-de-el-chapo-guzman-marychuyglez.jpg?fit=1045%2C602&ssl=1&resize=350%2C200 1x, https:\/\/i0.wp.com\/mexicocodigorojo.com.mx\/wp-content\/uploads\/2019\/07\/detienen-a-el-latigo-presunto-operador-financiero-de-hijo-de-el-chapo-guzman-marychuyglez.jpg?fit=1045%2C602&ssl=1&resize=525%2C300 1.5x, https:\/\/i0.wp.com\/mexicocodigorojo.com.mx\/wp-content\/uploads\/2019\/07\/detienen-a-el-latigo-presunto-operador-financiero-de-hijo-de-el-chapo-guzman-marychuyglez.jpg?fit=1045%2C602&ssl=1&resize=700%2C400 2x"},"classes":[]},{"id":63825,"url":"https:\/\/mexicocodigorojo.com.mx\/?p=63825","url_meta":{"origin":2667,"position":3},"title":"Detienen a Mauro,  &#8216;El Jando&#8217;, piloto y operador de &#8216;Los Chapitos&#8217;","author":"Staff","date":"febrero 11, 2025","format":false,"excerpt":"Mauro 'N', alias Jando, fue detenido durante la madrugada tras un enfrentamiento en Culiac\u00e1n, Sinaloa. El hombre es considerado un operador clave\u00a0dentro de la estructura de Los Chapitos, c\u00e9lula del C\u00e1rtel del Pac\u00edfico liderada por Iv\u00e1n Archivaldo Guzm\u00e1n Salazar, El Chapito. De acuerdo con fuentes de seguridad, la captura se\u2026","rel":"","context":"En \u00abFeatured\u00bb","block_context":{"text":"Featured","link":"https:\/\/mexicocodigorojo.com.mx\/?cat=1724"},"img":{"alt_text":"","src":"https:\/\/i0.wp.com\/mexicocodigorojo.com.mx\/wp-content\/uploads\/2025\/02\/GjR0PIEawAA5E_e.jpg?fit=1085%2C503&ssl=1&resize=350%2C200","width":350,"height":200,"srcset":"https:\/\/i0.wp.com\/mexicocodigorojo.com.mx\/wp-content\/uploads\/2025\/02\/GjR0PIEawAA5E_e.jpg?fit=1085%2C503&ssl=1&resize=350%2C200 1x, https:\/\/i0.wp.com\/mexicocodigorojo.com.mx\/wp-content\/uploads\/2025\/02\/GjR0PIEawAA5E_e.jpg?fit=1085%2C503&ssl=1&resize=525%2C300 1.5x, https:\/\/i0.wp.com\/mexicocodigorojo.com.mx\/wp-content\/uploads\/2025\/02\/GjR0PIEawAA5E_e.jpg?fit=1085%2C503&ssl=1&resize=700%2C400 2x, https:\/\/i0.wp.com\/mexicocodigorojo.com.mx\/wp-content\/uploads\/2025\/02\/GjR0PIEawAA5E_e.jpg?fit=1085%2C503&ssl=1&resize=1050%2C600 3x"},"classes":[]},{"id":26017,"url":"https:\/\/mexicocodigorojo.com.mx\/?p=26017","url_meta":{"origin":2667,"position":4},"title":"Iv\u00e1n Archivaldo promovi\u00f3 movilizaci\u00f3n de sicarios tras captura de Ovidio: Durazo","author":"Staff","date":"octubre 25, 2019","format":false,"excerpt":"Alfonso Durazo indic\u00f3 que Iv\u00e1n Archivaldo Guzm\u00e1n promovi\u00f3 la movilizaci\u00f3n de sicarios para rescatar a su medio hermano Ovidio el pasado 17 de octubre El\u00a0secretario de Seguridad y Protecci\u00f3n Ciudadana,\u00a0Alfonso Durazo Monta\u00f1o, indic\u00f3 que\u00a0Iv\u00e1n Archivaldo Guzm\u00e1n\u00a0fue una de las personas que promovi\u00f3 la movilizaci\u00f3n de sicarios en Culiac\u00e1n para rescatar\u2026","rel":"","context":"En \u00abSinaloa\u00bb","block_context":{"text":"Sinaloa","link":"https:\/\/mexicocodigorojo.com.mx\/?cat=41"},"img":{"alt_text":"","src":"https:\/\/i0.wp.com\/mexicocodigorojo.com.mx\/wp-content\/uploads\/2019\/10\/Ivan_Archivaldo_Guzman_Salazar-600x400.jpg?fit=600%2C400&ssl=1&resize=350%2C200","width":350,"height":200,"srcset":"https:\/\/i0.wp.com\/mexicocodigorojo.com.mx\/wp-content\/uploads\/2019\/10\/Ivan_Archivaldo_Guzman_Salazar-600x400.jpg?fit=600%2C400&ssl=1&resize=350%2C200 1x, https:\/\/i0.wp.com\/mexicocodigorojo.com.mx\/wp-content\/uploads\/2019\/10\/Ivan_Archivaldo_Guzman_Salazar-600x400.jpg?fit=600%2C400&ssl=1&resize=525%2C300 1.5x"},"classes":[]},{"id":25264,"url":"https:\/\/mexicocodigorojo.com.mx\/?p=25264","url_meta":{"origin":2667,"position":5},"title":"VIDEO DEL INTERIOR DEL MAUSOLEO DE EDGAR GUZM\u00c1N HIJO DE \u00abEL CHAPO\u00bb","author":"Staff","date":"octubre 12, 2019","format":false,"excerpt":"En un video que se comenzar\u00e1 a compartir en grupos de whatsapp se filtraron una im\u00e1genes en video del interior del mausoleo donde descansan los restos de \"Edgar Guzm\u00e1n L\u00f3pez\" uno de los hijos de \"Joaqu\u00edn Archivaldo Guzm\u00e1n Loera\" \"El Chapo\" ex jefe del Cartel De Sinaloa. \u00a0 \u00a0 \u00a0\u2026","rel":"","context":"En \u00abSinaloa\u00bb","block_context":{"text":"Sinaloa","link":"https:\/\/mexicocodigorojo.com.mx\/?cat=41"},"img":{"alt_text":"","src":"https:\/\/i0.wp.com\/mexicocodigorojo.com.mx\/wp-content\/uploads\/2018\/10\/edgarelmorenoguzman7016708-277x300.jpg?resize=350%2C200&ssl=1","width":350,"height":200},"classes":[]}],"jetpack_sharing_enabled":true,"jetpack_likes_enabled":true,"jetpack_shortlink":"https:\/\/wp.me\/p9TedA-H1","_links":{"self":[{"href":"https:\/\/mexicocodigorojo.com.mx\/index.php?rest_route=\/wp\/v2\/posts\/2667","targetHints":{"allow":["GET"]}}],"collection":[{"href":"https:\/\/mexicocodigorojo.com.mx\/index.php?rest_route=\/wp\/v2\/posts"}],"about":[{"href":"https:\/\/mexicocodigorojo.com.mx\/index.php?rest_route=\/wp\/v2\/types\/post"}],"author":[{"embeddable":true,"href":"https:\/\/mexicocodigorojo.com.mx\/index.php?rest_route=\/wp\/v2\/users\/5"}],"replies":[{"embeddable":true,"href":"https:\/\/mexicocodigorojo.com.mx\/index.php?rest_route=%2Fwp%2Fv2%2Fcomments&post=2667"}],"version-history":[{"count":0,"href":"https:\/\/mexicocodigorojo.com.mx\/index.php?rest_route=\/wp\/v2\/posts\/2667\/revisions"}],"wp:attachment":[{"href":"https:\/\/mexicocodigorojo.com.mx\/index.php?rest_route=%2Fwp%2Fv2%2Fmedia&parent=2667"}],"wp:term":[{"taxonomy":"category","embeddable":true,"href":"https:\/\/mexicocodigorojo.com.mx\/index.php?rest_route=%2Fwp%2Fv2%2Fcategories&post=2667"},{"taxonomy":"post_tag","embeddable":true,"href":"https:\/\/mexicocodigorojo.com.mx\/index.php?rest_route=%2Fwp%2Fv2%2Ftags&post=2667"}],"curies":[{"name":"wp","href":"https:\/\/api.w.org\/{rel}","templated":true}]}}