{"id":24681,"date":"2019-10-03T15:30:18","date_gmt":"2019-10-03T20:30:18","guid":{"rendered":"https:\/\/mexicocodigorojo.com.mx\/?p=24681"},"modified":"2019-10-03T15:30:18","modified_gmt":"2019-10-03T20:30:18","slug":"detienen-a-cuatro-y-rescatan-a-279-migrantes-en-chiapas","status":"publish","type":"post","link":"https:\/\/mexicocodigorojo.com.mx\/?p=24681","title":{"rendered":"Detienen a cuatro y  rescatan a 279 migrantes en Chiapas"},"content":{"rendered":"<div class=\"article__singular--teaser\">\n<h2>En Chiapas fueron restacados 279 migrantes centroamericanos en dos eventos distintos, acciones en donde fueron detenidas cuatro personas<\/h2>\n<\/div>\n<div class=\"sp--share-buttons item__article--shares\">\n<p>Un total de\u00a0<strong>279 migrantes centroamericanos<\/strong>\u00a0fueron\u00a0<strong>rescatados<\/strong>\u00a0de cuatro\u00a0<strong>tratantes de personas<\/strong>\u00a0en dos eventos distintos en\u00a0<strong>Chiapas<\/strong>, en donde fueron\u00a0<strong>detenidas cuatro personas<\/strong>.<\/p>\n<p>Fueron agentes de la Polic\u00eda Federal quienes detuvieron a Leonardo \u201cN\u201d y Luis \u201cN\u201d\u00a0en el momento en que llevaban, en un tracto cami\u00f3n marca Dina, a 162 personas\u00a0procedentes de Guatemala, Honduras y El Salvador, de acuerdo con reportes oficiales del primer hecho.<\/p>\n<p>Los polic\u00edas federales\u00a0alcanzaron la unidad Dina a\u00a0la altura de la caseta de peaje sobre la\u00a0<strong>carretera Las Choapas-Raudales<\/strong>.<\/p>\n<p>Los\u00a0117 migrantes restantes viajaban tambi\u00e9n en un veh\u00edculo Dina, en el que fueron interceptados por polic\u00edas federales y estatales, y luego se presentaron elementos del Instituto Nacional de Migraci\u00f3n.<\/p>\n<p>Los funcionarios vieron como los migrantes iban hacinados sobre el kil\u00f3metro 155+000 de la\u00a0<strong>carretera Las Choapas\u2013Ocozocoautla<\/strong>.<\/p>\n<p>Los polic\u00edas aprehendieron a\u00a0Juan \u201cN\u201d y Hermelindo \u201cN\u201d, a quienes les aseguraron un veh\u00edculo marca Dina con placas de circulaci\u00f3n del estado de Michoac\u00e1n.<\/p>\n<p>Con informaci\u00f3n de Notimex<\/p>\n<\/div>\n","protected":false},"excerpt":{"rendered":"<p>En Chiapas fueron restacados 279 migrantes centroamericanos en dos eventos distintos, acciones en donde fueron detenidas cuatro personas Un total de\u00a0279 migrantes centroamericanos\u00a0fueron\u00a0rescatados\u00a0de cuatro\u00a0tratantes de personas\u00a0en dos eventos distintos en\u00a0Chiapas, en donde fueron\u00a0detenidas cuatro personas. Fueron agentes de la Polic\u00eda Federal quienes detuvieron a Leonardo \u201cN\u201d y Luis \u201cN\u201d\u00a0en el momento en que llevaban, en [&hellip;]<\/p>\n","protected":false},"author":5,"featured_media":24682,"comment_status":"open","ping_status":"open","sticky":false,"template":"","format":"standard","meta":{"_uf_show_specific_survey":0,"_uf_disable_surveys":false,"advanced_seo_description":"","jetpack_seo_html_title":"","jetpack_seo_noindex":false,"jetpack_post_was_ever_published":false,"_jetpack_newsletter_access":"","_jetpack_dont_email_post_to_subs":false,"_jetpack_newsletter_tier_id":0,"_jetpack_memberships_contains_paywalled_content":false,"_jetpack_memberships_contains_paid_content":false,"footnotes":"","jetpack_publicize_message":"","jetpack_publicize_feature_enabled":true,"jetpack_social_post_already_shared":false,"jetpack_social_options":{"image_generator_settings":{"template":"highway","default_image_id":0,"font":"","enabled":false},"version":2}},"categories":[75],"tags":[325,17,32,59],"class_list":{"0":"post-24681","1":"post","2":"type-post","3":"status-publish","4":"format-standard","5":"has-post-thumbnail","7":"category-chiapas","8":"tag-inm","9":"tag-migrantes","10":"tag-policia-federal","11":"tag-seguridad"},"jetpack_publicize_connections":[],"jetpack_featured_media_url":"https:\/\/i0.wp.com\/mexicocodigorojo.com.mx\/wp-content\/uploads\/2019\/10\/migracion-inm.jpg?fit=980%2C550&ssl=1","jetpack-related-posts":[{"id":33287,"url":"https:\/\/mexicocodigorojo.com.mx\/?p=33287","url_meta":{"origin":24681,"position":0},"title":"Rescatan en Chiapas a 97 migrantes","author":"Staff","date":"febrero 23, 2020","format":false,"excerpt":"Tras una denuncia an\u00f3nima, la FGR rescat\u00f3 en Chiapas a 97 migrantes procedentes de Guatemala, El Salvador y Honduras; hay cuatro detenidos La\u00a0Fiscal\u00eda General de la Rep\u00fablica\u00a0(FGR) en\u00a0Chiapas\u00a0inici\u00f3 una investigaci\u00f3n contra cuatro personas, luego del\u00a0rescate\u00a0de 97\u00a0migrantes centroamericanos\u00a0que eran transportados en dos veh\u00edculos. El organismo aut\u00f3nomo se\u00f1al\u00f3 que elementos de la\u2026","rel":"","context":"En \u00abChiapas\u00bb","block_context":{"text":"Chiapas","link":"https:\/\/mexicocodigorojo.com.mx\/?cat=75"},"img":{"alt_text":"","src":"https:\/\/i0.wp.com\/mexicocodigorojo.com.mx\/wp-content\/uploads\/2020\/02\/rescate-de-migrantes-centroamericanos-en-chiapas.jpg?fit=980%2C550&ssl=1&resize=350%2C200","width":350,"height":200,"srcset":"https:\/\/i0.wp.com\/mexicocodigorojo.com.mx\/wp-content\/uploads\/2020\/02\/rescate-de-migrantes-centroamericanos-en-chiapas.jpg?fit=980%2C550&ssl=1&resize=350%2C200 1x, https:\/\/i0.wp.com\/mexicocodigorojo.com.mx\/wp-content\/uploads\/2020\/02\/rescate-de-migrantes-centroamericanos-en-chiapas.jpg?fit=980%2C550&ssl=1&resize=525%2C300 1.5x, https:\/\/i0.wp.com\/mexicocodigorojo.com.mx\/wp-content\/uploads\/2020\/02\/rescate-de-migrantes-centroamericanos-en-chiapas.jpg?fit=980%2C550&ssl=1&resize=700%2C400 2x"},"classes":[]},{"id":47578,"url":"https:\/\/mexicocodigorojo.com.mx\/?p=47578","url_meta":{"origin":24681,"position":1},"title":"VIDEO; INICIA FGR INVESTIGACI\u00d3N TRAS RESCATE DE 210 MIGRANTES EN CHIAPAS","author":"Staff","date":"marzo 10, 2021","format":false,"excerpt":"Ciudad de M\u00e9xico a 10 de marzo de 2021. La Fiscal\u00eda General de la Rep\u00fablica (FGR), a trav\u00e9s de la Polic\u00eda Federal Ministerial (PFM) en Chiapas, rescat\u00f3 a 210 migrantes y asegur\u00f3 a ocho personas por su problema responsabilidad en el delito de violaci\u00f3n a la Ley de Migraci\u00f3n. De\u2026","rel":"","context":"En \u00abFeatured\u00bb","block_context":{"text":"Featured","link":"https:\/\/mexicocodigorojo.com.mx\/?cat=1724"},"img":{"alt_text":"","src":"https:\/\/i0.wp.com\/mexicocodigorojo.com.mx\/wp-content\/uploads\/2021\/03\/604949305a84e.jpeg?fit=940%2C470&ssl=1&resize=350%2C200","width":350,"height":200,"srcset":"https:\/\/i0.wp.com\/mexicocodigorojo.com.mx\/wp-content\/uploads\/2021\/03\/604949305a84e.jpeg?fit=940%2C470&ssl=1&resize=350%2C200 1x, https:\/\/i0.wp.com\/mexicocodigorojo.com.mx\/wp-content\/uploads\/2021\/03\/604949305a84e.jpeg?fit=940%2C470&ssl=1&resize=525%2C300 1.5x, https:\/\/i0.wp.com\/mexicocodigorojo.com.mx\/wp-content\/uploads\/2021\/03\/604949305a84e.jpeg?fit=940%2C470&ssl=1&resize=700%2C400 2x"},"classes":[]},{"id":26725,"url":"https:\/\/mexicocodigorojo.com.mx\/?p=26725","url_meta":{"origin":24681,"position":2},"title":"Rescatan a 100 migrantes en Veracruz; hay dos detenidos","author":"Staff","date":"noviembre 8, 2019","format":false,"excerpt":"Polic\u00edas de Veracruz rescataron a\u00a0100 migrantes centroamericanos\u00a0y detuvieron a una mujer y a un hombre por presunto tr\u00e1fico de personas La\u00a0Secretar\u00eda de Seguridad P\u00fablica\u00a0(SSP) de\u00a0Veracruz\u00a0rescat\u00f3\u00a0a\u00a0100 migrantes\u00a0centroamericanos\u00a0y detuvo a una mujer y a un hombre por presunto\u00a0tr\u00e1fico de personas, inform\u00f3 el gobierno del estado. En un comunicado, indic\u00f3 que los hechos\u2026","rel":"","context":"En \u00abVeracruz\u00bb","block_context":{"text":"Veracruz","link":"https:\/\/mexicocodigorojo.com.mx\/?cat=22"},"img":{"alt_text":"","src":"https:\/\/i0.wp.com\/mexicocodigorojo.com.mx\/wp-content\/uploads\/2019\/11\/veracruz-migrantes-rescate-policias.jpg?fit=980%2C550&ssl=1&resize=350%2C200","width":350,"height":200,"srcset":"https:\/\/i0.wp.com\/mexicocodigorojo.com.mx\/wp-content\/uploads\/2019\/11\/veracruz-migrantes-rescate-policias.jpg?fit=980%2C550&ssl=1&resize=350%2C200 1x, https:\/\/i0.wp.com\/mexicocodigorojo.com.mx\/wp-content\/uploads\/2019\/11\/veracruz-migrantes-rescate-policias.jpg?fit=980%2C550&ssl=1&resize=525%2C300 1.5x, https:\/\/i0.wp.com\/mexicocodigorojo.com.mx\/wp-content\/uploads\/2019\/11\/veracruz-migrantes-rescate-policias.jpg?fit=980%2C550&ssl=1&resize=700%2C400 2x"},"classes":[]},{"id":7760,"url":"https:\/\/mexicocodigorojo.com.mx\/?p=7760","url_meta":{"origin":24681,"position":3},"title":"DETENIDOS: VIAJABAN en la CARAVANA MIGRANTE pero ERAN PROFUGOS por HOMICIDIO y DROGAS","author":"Staff","date":"noviembre 1, 2018","format":false,"excerpt":"Dos hondure\u00f1os de la caravana migrante que buscaban ingresar a M\u00e9xico fueron asegurados en Chiapas y posteriormente trasladados a su pa\u00eds, al existir \u00f3rdenes de aprehensi\u00f3n en su contra. La Secretar\u00eda de Gobernaci\u00f3n inform\u00f3 que los centroamericanos, identificados como Ad\u00edn Josu\u00e9, de 21 a\u00f1os, y Juan Carlos, de 47, fueron\u2026","rel":"","context":"En \u00abChiapas\u00bb","block_context":{"text":"Chiapas","link":"https:\/\/mexicocodigorojo.com.mx\/?cat=75"},"img":{"alt_text":"","src":"https:\/\/i0.wp.com\/mexicocodigorojo.com.mx\/wp-content\/uploads\/2018\/11\/7455799.jpg?fit=640%2C427&ssl=1&resize=350%2C200","width":350,"height":200,"srcset":"https:\/\/i0.wp.com\/mexicocodigorojo.com.mx\/wp-content\/uploads\/2018\/11\/7455799.jpg?fit=640%2C427&ssl=1&resize=350%2C200 1x, https:\/\/i0.wp.com\/mexicocodigorojo.com.mx\/wp-content\/uploads\/2018\/11\/7455799.jpg?fit=640%2C427&ssl=1&resize=525%2C300 1.5x"},"classes":[]},{"id":18378,"url":"https:\/\/mexicocodigorojo.com.mx\/?p=18378","url_meta":{"origin":24681,"position":4},"title":"TABASCO: FGR RESCATA A 95 CENTROAMERICANOS, ENTRE ELLOS 44 MENORES; DETIENEN A 3","author":"Staff","date":"junio 14, 2019","format":false,"excerpt":"La FGR rescat\u00f3 a 95 migrantes centroamericanos, (51 adultos y 44 menores) de nacionalidad hondure\u00f1a, salvadore\u00f1a y guatemalteca en Tabasco. La Fiscal\u00eda General de la Rep\u00fablica (FGR) rescat\u00f3 a\u00a095\u00a0migrantes\u00a0centroamericanos, (51 adultos y\u00a044 menores) de nacionalidad hondure\u00f1a, salvadore\u00f1a y guatemalteca que viajaban a bordo de un autob\u00fas de pasajeros con placas\u2026","rel":"","context":"En \u00abFeatured\u00bb","block_context":{"text":"Featured","link":"https:\/\/mexicocodigorojo.com.mx\/?cat=1724"},"img":{"alt_text":"","src":"https:\/\/i0.wp.com\/mexicocodigorojo.com.mx\/wp-content\/uploads\/2019\/06\/migrantes-tabasco-centroamericanos.jpg?fit=930%2C605&ssl=1&resize=350%2C200","width":350,"height":200,"srcset":"https:\/\/i0.wp.com\/mexicocodigorojo.com.mx\/wp-content\/uploads\/2019\/06\/migrantes-tabasco-centroamericanos.jpg?fit=930%2C605&ssl=1&resize=350%2C200 1x, https:\/\/i0.wp.com\/mexicocodigorojo.com.mx\/wp-content\/uploads\/2019\/06\/migrantes-tabasco-centroamericanos.jpg?fit=930%2C605&ssl=1&resize=525%2C300 1.5x, https:\/\/i0.wp.com\/mexicocodigorojo.com.mx\/wp-content\/uploads\/2019\/06\/migrantes-tabasco-centroamericanos.jpg?fit=930%2C605&ssl=1&resize=700%2C400 2x"},"classes":[]},{"id":16239,"url":"https:\/\/mexicocodigorojo.com.mx\/?p=16239","url_meta":{"origin":24681,"position":5},"title":"Chiapas recibe nueva caravana migrante con cerca de tres mil centroamericanos","author":"Staff","date":"abril 12, 2019","format":false,"excerpt":"TUXTLA GUTI\u00c9RREZ, Chis.- Una nueva caravana con cerca de tres mil migrantes entre hombres, mujeres y ni\u00f1os, la mayor\u00eda de ellos hondure\u00f1os ingresaron esta madrugada a territorio mexicano en balsas por el r\u00edo Suchiate y muchos m\u00e1s por el puente fronterizo Rodolfo Robles. A seis meses del \u00e9xodo migratorio, otro\u2026","rel":"","context":"En \u00abChiapas\u00bb","block_context":{"text":"Chiapas","link":"https:\/\/mexicocodigorojo.com.mx\/?cat=75"},"img":{"alt_text":"","src":"https:\/\/i0.wp.com\/mexicocodigorojo.com.mx\/wp-content\/uploads\/2019\/04\/c4-1078x800.jpg?fit=1078%2C800&ssl=1&resize=350%2C200","width":350,"height":200,"srcset":"https:\/\/i0.wp.com\/mexicocodigorojo.com.mx\/wp-content\/uploads\/2019\/04\/c4-1078x800.jpg?fit=1078%2C800&ssl=1&resize=350%2C200 1x, https:\/\/i0.wp.com\/mexicocodigorojo.com.mx\/wp-content\/uploads\/2019\/04\/c4-1078x800.jpg?fit=1078%2C800&ssl=1&resize=525%2C300 1.5x, https:\/\/i0.wp.com\/mexicocodigorojo.com.mx\/wp-content\/uploads\/2019\/04\/c4-1078x800.jpg?fit=1078%2C800&ssl=1&resize=700%2C400 2x, https:\/\/i0.wp.com\/mexicocodigorojo.com.mx\/wp-content\/uploads\/2019\/04\/c4-1078x800.jpg?fit=1078%2C800&ssl=1&resize=1050%2C600 3x"},"classes":[]}],"jetpack_sharing_enabled":true,"jetpack_likes_enabled":true,"jetpack_shortlink":"https:\/\/wp.me\/p9TedA-6q5","_links":{"self":[{"href":"https:\/\/mexicocodigorojo.com.mx\/index.php?rest_route=\/wp\/v2\/posts\/24681","targetHints":{"allow":["GET"]}}],"collection":[{"href":"https:\/\/mexicocodigorojo.com.mx\/index.php?rest_route=\/wp\/v2\/posts"}],"about":[{"href":"https:\/\/mexicocodigorojo.com.mx\/index.php?rest_route=\/wp\/v2\/types\/post"}],"author":[{"embeddable":true,"href":"https:\/\/mexicocodigorojo.com.mx\/index.php?rest_route=\/wp\/v2\/users\/5"}],"replies":[{"embeddable":true,"href":"https:\/\/mexicocodigorojo.com.mx\/index.php?rest_route=%2Fwp%2Fv2%2Fcomments&post=24681"}],"version-history":[{"count":0,"href":"https:\/\/mexicocodigorojo.com.mx\/index.php?rest_route=\/wp\/v2\/posts\/24681\/revisions"}],"wp:featuredmedia":[{"embeddable":true,"href":"https:\/\/mexicocodigorojo.com.mx\/index.php?rest_route=\/wp\/v2\/media\/24682"}],"wp:attachment":[{"href":"https:\/\/mexicocodigorojo.com.mx\/index.php?rest_route=%2Fwp%2Fv2%2Fmedia&parent=24681"}],"wp:term":[{"taxonomy":"category","embeddable":true,"href":"https:\/\/mexicocodigorojo.com.mx\/index.php?rest_route=%2Fwp%2Fv2%2Fcategories&post=24681"},{"taxonomy":"post_tag","embeddable":true,"href":"https:\/\/mexicocodigorojo.com.mx\/index.php?rest_route=%2Fwp%2Fv2%2Ftags&post=24681"}],"curies":[{"name":"wp","href":"https:\/\/api.w.org\/{rel}","templated":true}]}}