{"id":24675,"date":"2019-10-03T15:20:56","date_gmt":"2019-10-03T20:20:56","guid":{"rendered":"https:\/\/mexicocodigorojo.com.mx\/?p=24675"},"modified":"2019-10-03T15:20:56","modified_gmt":"2019-10-03T20:20:56","slug":"guardia-nacional-abre-convocatoria-para-reclutamiento","status":"publish","type":"post","link":"https:\/\/mexicocodigorojo.com.mx\/?p=24675","title":{"rendered":"Guardia Nacional abre convocatoria para reclutamiento"},"content":{"rendered":"<div class=\"article__singular--teaser\">\n<h2>La Comandancia de Guardia Nacional emiti\u00f3 la convocatoria para reclutar a personas interesadas en formar parte de esta corporaci\u00f3n<\/h2>\n<\/div>\n<div class=\"sp--share-buttons item__article--shares\">\n<p>La\u00a0<strong>Comandancia de Guardia Nacional<\/strong>\u00a0emiti\u00f3 la<strong>\u00a0convocatoria<\/strong>\u00a0para\u00a0<strong>reclutar<\/strong>\u00a0a personas interesadas en formar parte de esta\u00a0<strong>corporaci\u00f3n<\/strong>, a fin de servir a la naci\u00f3n y salvaguardar el<strong>\u00a0bienestar de los mexicanos<\/strong>.<\/p>\n<p>De acuerdo con la convocatoria, los hombres y mujeres deber\u00e1n ser<strong>\u00a0mexicanos<\/strong>\u00a0por nacimiento, de 18 a 30 a\u00f1os de edad, como m\u00e1ximo, y no haber pertenecido a las\u00a0<strong>Fuerzas Armadas o corporaciones policiacas<\/strong>.<\/p>\n<p>Entre otros de los requisitos que deber\u00e1n cumplir est\u00e1n: ser solteros y no vivir en concubinato; tener una estatura m\u00ednima de 1.63 metros para los hombres y 1.55 metros para las mujeres, y presentar una carta de\u00a0<strong>antecedentes no penales<\/strong>.<\/p>\n<p>Aunque no se excluye a personas con tatuajes, s\u00ed se solicita no presentar perforaciones, a excepci\u00f3n de las lobulares en el caso de las mujeres, as\u00ed como tener un\u00a0<strong>\u00cdndice de Masa Corporal (IMC)<\/strong>\u00a0entre 18.5 y 27.9.<\/p>\n<p>La Guardia Nacional ofrece un\u00a0<strong>sueldo de 19 mil pesos mensuales<\/strong>, aguinaldo, vacaciones pagadas, cr\u00e9ditos hipotecario y bancario, as\u00ed como servicio de alimentaci\u00f3n y mudanza gratuita en toda la Rep\u00fablica por cambio de adscripci\u00f3n.<\/p>\n<p>Tambi\u00e9n otorga prestaciones como fondo de vivienda y de trabajo, seguro de retiro, remuneraci\u00f3n econ\u00f3mica por cambio de adscripci\u00f3n, entre otras, dio a conocer la corporaci\u00f3n en un comunicado.<\/p>\n<p>A fin de brindar m\u00e1s informaci\u00f3n, puso a disposici\u00f3n de los interesados el n\u00famero telef\u00f3nico 57018411, extensi\u00f3n 1050, o recomend\u00f3 acudir a los 12 Centros Regionales de reclutamiento,\u00a0<a href=\"https:\/\/www.gob.mx\/guardianacional\" target=\"_blank\" rel=\"noopener noreferrer\">o consultar la p\u00e1gina de internet<\/a>.<\/p>\n<p>Con informaci\u00f3n de Notimex<\/p>\n<\/div>\n","protected":false},"excerpt":{"rendered":"<p>La Comandancia de Guardia Nacional emiti\u00f3 la convocatoria para reclutar a personas interesadas en formar parte de esta corporaci\u00f3n La\u00a0Comandancia de Guardia Nacional\u00a0emiti\u00f3 la\u00a0convocatoria\u00a0para\u00a0reclutar\u00a0a personas interesadas en formar parte de esta\u00a0corporaci\u00f3n, a fin de servir a la naci\u00f3n y salvaguardar el\u00a0bienestar de los mexicanos. De acuerdo con la convocatoria, los hombres y mujeres deber\u00e1n ser\u00a0mexicanos\u00a0por [&hellip;]<\/p>\n","protected":false},"author":5,"featured_media":24676,"comment_status":"open","ping_status":"open","sticky":false,"template":"","format":"standard","meta":{"_uf_show_specific_survey":0,"_uf_disable_surveys":false,"advanced_seo_description":"","jetpack_seo_html_title":"","jetpack_seo_noindex":false,"jetpack_post_was_ever_published":false,"_jetpack_newsletter_access":"","_jetpack_dont_email_post_to_subs":false,"_jetpack_newsletter_tier_id":0,"_jetpack_memberships_contains_paywalled_content":false,"_jetpack_memberships_contains_paid_content":false,"footnotes":"","jetpack_publicize_message":"","jetpack_publicize_feature_enabled":true,"jetpack_social_post_already_shared":false,"jetpack_social_options":{"image_generator_settings":{"template":"highway","default_image_id":0,"font":"","enabled":false},"version":2}},"categories":[101],"tags":[357,59],"class_list":{"0":"post-24675","1":"post","2":"type-post","3":"status-publish","4":"format-standard","5":"has-post-thumbnail","7":"category-ciudad-de-mexico","8":"tag-guardia-nacional","9":"tag-seguridad"},"jetpack_publicize_connections":[],"jetpack_featured_media_url":"https:\/\/i0.wp.com\/mexicocodigorojo.com.mx\/wp-content\/uploads\/2019\/10\/guardia-nacional-2.jpg?fit=980%2C550&ssl=1","jetpack-related-posts":[{"id":22380,"url":"https:\/\/mexicocodigorojo.com.mx\/?p=22380","url_meta":{"origin":24675,"position":0},"title":"Se requieren m\u00e1s  elementos de la Guardia Nacional","author":"Staff","date":"agosto 21, 2019","format":false,"excerpt":"La Mesa de Seguridad y Justicia de la zona sur de Tamaulipas reconoce que es poco personal de la GN el que opera, pues solo hay 240 y se requieren al menos 400. JES\u00daS ALBERTO GARC\u00cdA La\u00a0Guardia Nacional\u00a0en la zona sur del Estado trabaja a medias y no est\u00e1 al\u2026","rel":"","context":"En \u00abTamaulipas\u00bb","block_context":{"text":"Tamaulipas","link":"https:\/\/mexicocodigorojo.com.mx\/?cat=2"},"img":{"alt_text":"","src":"https:\/\/i0.wp.com\/mexicocodigorojo.com.mx\/wp-content\/uploads\/2019\/08\/elementos-de-la-guardia-nacional-2_147_21_874_543-780x405.jpg?fit=780%2C405&ssl=1&resize=350%2C200","width":350,"height":200,"srcset":"https:\/\/i0.wp.com\/mexicocodigorojo.com.mx\/wp-content\/uploads\/2019\/08\/elementos-de-la-guardia-nacional-2_147_21_874_543-780x405.jpg?fit=780%2C405&ssl=1&resize=350%2C200 1x, https:\/\/i0.wp.com\/mexicocodigorojo.com.mx\/wp-content\/uploads\/2019\/08\/elementos-de-la-guardia-nacional-2_147_21_874_543-780x405.jpg?fit=780%2C405&ssl=1&resize=525%2C300 1.5x, https:\/\/i0.wp.com\/mexicocodigorojo.com.mx\/wp-content\/uploads\/2019\/08\/elementos-de-la-guardia-nacional-2_147_21_874_543-780x405.jpg?fit=780%2C405&ssl=1&resize=700%2C400 2x"},"classes":[]},{"id":19823,"url":"https:\/\/mexicocodigorojo.com.mx\/?p=19823","url_meta":{"origin":24675,"position":1},"title":"Se mantendr\u00e1n evaluaciones a Polic\u00edas Federales que ingresar\u00e1n a Guardia Nacional","author":"Staff","date":"julio 9, 2019","format":false,"excerpt":"Mario Delgado sostuvo que las autoridades no pueden tolerar los \"chantajes e indisciplinas\" de los centenares de polic\u00edas federales que se han manifestado El\u00a0Gobierno de M\u00e9xico\u00a0mantendr\u00e1 las evaluaciones a los polic\u00edas federales que quieran ingresar a la\u00a0Guardia\u00a0Nacional\u00a0a pesar de sus protestas, confirm\u00f3 este domingo\u00a0Mario Delgado, l\u00edder de los diputados de\u2026","rel":"","context":"En \u00abCiudad de M\u00e9xico\u00bb","block_context":{"text":"Ciudad de M\u00e9xico","link":"https:\/\/mexicocodigorojo.com.mx\/?cat=101"},"img":{"alt_text":"","src":"https:\/\/i0.wp.com\/mexicocodigorojo.com.mx\/wp-content\/uploads\/2019\/07\/guardia-nacional-980x550.png?fit=980%2C550&ssl=1&resize=350%2C200","width":350,"height":200,"srcset":"https:\/\/i0.wp.com\/mexicocodigorojo.com.mx\/wp-content\/uploads\/2019\/07\/guardia-nacional-980x550.png?fit=980%2C550&ssl=1&resize=350%2C200 1x, https:\/\/i0.wp.com\/mexicocodigorojo.com.mx\/wp-content\/uploads\/2019\/07\/guardia-nacional-980x550.png?fit=980%2C550&ssl=1&resize=525%2C300 1.5x, https:\/\/i0.wp.com\/mexicocodigorojo.com.mx\/wp-content\/uploads\/2019\/07\/guardia-nacional-980x550.png?fit=980%2C550&ssl=1&resize=700%2C400 2x"},"classes":[]},{"id":61268,"url":"https:\/\/mexicocodigorojo.com.mx\/?p=61268","url_meta":{"origin":24675,"position":2},"title":"Denuncian a Morenista por utilizar a Guardia Nacional para liberar a un detenido","author":"MCR","date":"mayo 30, 2024","format":false,"excerpt":"Guanajuato.- El presidente municipal de Guanajuato, Alejandro Navarro, inform\u00f3 que present\u00f3 una denuncia porque elementos de la Guardia Nacional irrumpieron en la comandancia de la Polic\u00eda Municipal para liberar a un detenido. En video publicado por el funcionario se aprecia que los elementos federales fueron dirigidos por un hombre, que\u2026","rel":"","context":"En \u00abFeatured\u00bb","block_context":{"text":"Featured","link":"https:\/\/mexicocodigorojo.com.mx\/?cat=1724"},"img":{"alt_text":"","src":"https:\/\/i0.wp.com\/mexicocodigorojo.com.mx\/wp-content\/uploads\/2024\/05\/candidato-morena-guardia-nacional-guanajuato-26052024.jpeg?fit=1200%2C750&ssl=1&resize=350%2C200","width":350,"height":200,"srcset":"https:\/\/i0.wp.com\/mexicocodigorojo.com.mx\/wp-content\/uploads\/2024\/05\/candidato-morena-guardia-nacional-guanajuato-26052024.jpeg?fit=1200%2C750&ssl=1&resize=350%2C200 1x, https:\/\/i0.wp.com\/mexicocodigorojo.com.mx\/wp-content\/uploads\/2024\/05\/candidato-morena-guardia-nacional-guanajuato-26052024.jpeg?fit=1200%2C750&ssl=1&resize=525%2C300 1.5x, https:\/\/i0.wp.com\/mexicocodigorojo.com.mx\/wp-content\/uploads\/2024\/05\/candidato-morena-guardia-nacional-guanajuato-26052024.jpeg?fit=1200%2C750&ssl=1&resize=700%2C400 2x, https:\/\/i0.wp.com\/mexicocodigorojo.com.mx\/wp-content\/uploads\/2024\/05\/candidato-morena-guardia-nacional-guanajuato-26052024.jpeg?fit=1200%2C750&ssl=1&resize=1050%2C600 3x"},"classes":[]},{"id":37732,"url":"https:\/\/mexicocodigorojo.com.mx\/?p=37732","url_meta":{"origin":24675,"position":3},"title":"Ordenan a Fuerzas Armadas participar con la Guardia Nacional en tareas de seguridad p\u00fablica","author":"Staff","date":"mayo 11, 2020","format":false,"excerpt":"Acuerdo publicado hoy en el Diario Oficial asigna m\u00e1s tareas de seguridad p\u00fablica a las Fuerzas Armadas El presidente de M\u00e9xico,\u00a0Andr\u00e9s Manuel L\u00f3pez Obrador, public\u00f3 un acuerdo en el\u00a0Diario Oficial de la Federaci\u00f3n, por el que se dispone de la\u00a0Fuerza Armada\u00a0permanente\u00a0para realizar tareas de seguridad p\u00fablica de manera extraordinaria, regulada,\u2026","rel":"","context":"En \u00abCiudad de M\u00e9xico\u00bb","block_context":{"text":"Ciudad de M\u00e9xico","link":"https:\/\/mexicocodigorojo.com.mx\/?cat=101"},"img":{"alt_text":"","src":"https:\/\/i0.wp.com\/mexicocodigorojo.com.mx\/wp-content\/uploads\/2020\/05\/fuerza-armada-mexico-amlo-guardia-nacional.jpg?fit=980%2C550&ssl=1&resize=350%2C200","width":350,"height":200,"srcset":"https:\/\/i0.wp.com\/mexicocodigorojo.com.mx\/wp-content\/uploads\/2020\/05\/fuerza-armada-mexico-amlo-guardia-nacional.jpg?fit=980%2C550&ssl=1&resize=350%2C200 1x, https:\/\/i0.wp.com\/mexicocodigorojo.com.mx\/wp-content\/uploads\/2020\/05\/fuerza-armada-mexico-amlo-guardia-nacional.jpg?fit=980%2C550&ssl=1&resize=525%2C300 1.5x, https:\/\/i0.wp.com\/mexicocodigorojo.com.mx\/wp-content\/uploads\/2020\/05\/fuerza-armada-mexico-amlo-guardia-nacional.jpg?fit=980%2C550&ssl=1&resize=700%2C400 2x"},"classes":[]},{"id":19447,"url":"https:\/\/mexicocodigorojo.com.mx\/?p=19447","url_meta":{"origin":24675,"position":4},"title":"Capacitaci\u00f3n constante dar\u00e1 \u00e9xito a Guardia Nacional: Rodr\u00edguez Bucio","author":"Staff","date":"julio 1, 2019","format":false,"excerpt":"Luis Rodr\u00edguez Bucio, primer comandante de la Guardia Nacional, explica que se desarroll\u00f3 un estricto proceso de selecci\u00f3n de mujeres y hombres Al arrancar oficialmente el despliegue de la\u00a0Guardia Nacional, su comandante\u00a0Luis Rodr\u00edguez Bucio\u00a0advirti\u00f3 que no habr\u00e1 descanso ni tregua para satisfacer la demanda de mayor seguridad y paz que\u2026","rel":"","context":"En \u00abCiudad de M\u00e9xico\u00bb","block_context":{"text":"Ciudad de M\u00e9xico","link":"https:\/\/mexicocodigorojo.com.mx\/?cat=101"},"img":{"alt_text":"","src":"https:\/\/i0.wp.com\/mexicocodigorojo.com.mx\/wp-content\/uploads\/2019\/07\/rodriguez-bucio-guardia-nacional-1.jpg?fit=1045%2C602&ssl=1&resize=350%2C200","width":350,"height":200,"srcset":"https:\/\/i0.wp.com\/mexicocodigorojo.com.mx\/wp-content\/uploads\/2019\/07\/rodriguez-bucio-guardia-nacional-1.jpg?fit=1045%2C602&ssl=1&resize=350%2C200 1x, https:\/\/i0.wp.com\/mexicocodigorojo.com.mx\/wp-content\/uploads\/2019\/07\/rodriguez-bucio-guardia-nacional-1.jpg?fit=1045%2C602&ssl=1&resize=525%2C300 1.5x, https:\/\/i0.wp.com\/mexicocodigorojo.com.mx\/wp-content\/uploads\/2019\/07\/rodriguez-bucio-guardia-nacional-1.jpg?fit=1045%2C602&ssl=1&resize=700%2C400 2x"},"classes":[]},{"id":19601,"url":"https:\/\/mexicocodigorojo.com.mx\/?p=19601","url_meta":{"origin":24675,"position":5},"title":"AMLO ordena investigar corrupci\u00f3n en la Polic\u00eda Federal","author":"Staff","date":"julio 4, 2019","format":false,"excerpt":"El presidente Andr\u00e9s Manuel L\u00f3pez Obrador inform\u00f3 este jueves que orden\u00f3 una investigaci\u00f3n a fondo en la\u00a0Polic\u00eda Federal\u00a0por supuestos actos de corrupci\u00f3n \u00a0y reiter\u00f3 que hay intereses detr\u00e1s de las manifestaciones de este cuerpo de seguridad. En conferencia de prensa desde Palacio Nacional, AMLO agreg\u00f3 que a las 11 de\u2026","rel":"","context":"En \u00abCiudad de M\u00e9xico\u00bb","block_context":{"text":"Ciudad de M\u00e9xico","link":"https:\/\/mexicocodigorojo.com.mx\/?cat=101"},"img":{"alt_text":"","src":"https:\/\/i0.wp.com\/mexicocodigorojo.com.mx\/wp-content\/uploads\/2019\/07\/894a200a66c2b_position1_retina.jpg?fit=1024%2C600&ssl=1&resize=350%2C200","width":350,"height":200,"srcset":"https:\/\/i0.wp.com\/mexicocodigorojo.com.mx\/wp-content\/uploads\/2019\/07\/894a200a66c2b_position1_retina.jpg?fit=1024%2C600&ssl=1&resize=350%2C200 1x, https:\/\/i0.wp.com\/mexicocodigorojo.com.mx\/wp-content\/uploads\/2019\/07\/894a200a66c2b_position1_retina.jpg?fit=1024%2C600&ssl=1&resize=525%2C300 1.5x, https:\/\/i0.wp.com\/mexicocodigorojo.com.mx\/wp-content\/uploads\/2019\/07\/894a200a66c2b_position1_retina.jpg?fit=1024%2C600&ssl=1&resize=700%2C400 2x"},"classes":[]}],"jetpack_sharing_enabled":true,"jetpack_likes_enabled":true,"jetpack_shortlink":"https:\/\/wp.me\/p9TedA-6pZ","_links":{"self":[{"href":"https:\/\/mexicocodigorojo.com.mx\/index.php?rest_route=\/wp\/v2\/posts\/24675","targetHints":{"allow":["GET"]}}],"collection":[{"href":"https:\/\/mexicocodigorojo.com.mx\/index.php?rest_route=\/wp\/v2\/posts"}],"about":[{"href":"https:\/\/mexicocodigorojo.com.mx\/index.php?rest_route=\/wp\/v2\/types\/post"}],"author":[{"embeddable":true,"href":"https:\/\/mexicocodigorojo.com.mx\/index.php?rest_route=\/wp\/v2\/users\/5"}],"replies":[{"embeddable":true,"href":"https:\/\/mexicocodigorojo.com.mx\/index.php?rest_route=%2Fwp%2Fv2%2Fcomments&post=24675"}],"version-history":[{"count":0,"href":"https:\/\/mexicocodigorojo.com.mx\/index.php?rest_route=\/wp\/v2\/posts\/24675\/revisions"}],"wp:featuredmedia":[{"embeddable":true,"href":"https:\/\/mexicocodigorojo.com.mx\/index.php?rest_route=\/wp\/v2\/media\/24676"}],"wp:attachment":[{"href":"https:\/\/mexicocodigorojo.com.mx\/index.php?rest_route=%2Fwp%2Fv2%2Fmedia&parent=24675"}],"wp:term":[{"taxonomy":"category","embeddable":true,"href":"https:\/\/mexicocodigorojo.com.mx\/index.php?rest_route=%2Fwp%2Fv2%2Fcategories&post=24675"},{"taxonomy":"post_tag","embeddable":true,"href":"https:\/\/mexicocodigorojo.com.mx\/index.php?rest_route=%2Fwp%2Fv2%2Ftags&post=24675"}],"curies":[{"name":"wp","href":"https:\/\/api.w.org\/{rel}","templated":true}]}}