{"id":24452,"date":"2019-09-30T13:16:20","date_gmt":"2019-09-30T18:16:20","guid":{"rendered":"https:\/\/mexicocodigorojo.com.mx\/?p=24452"},"modified":"2019-09-30T13:16:20","modified_gmt":"2019-09-30T18:16:20","slug":"capturan-a-presuntos-responsables-de-enfrentamiento-en-bochil-en-el-que-murio-agente-de-la-gn","status":"publish","type":"post","link":"https:\/\/mexicocodigorojo.com.mx\/?p=24452","title":{"rendered":"Capturan a presuntos responsables de enfrentamiento en Bochil en el que muri\u00f3 agente de la GN"},"content":{"rendered":"<p>TUXTLA GUTI\u00c9RREZ, Chis.- Agentes de la\u00a0 Fiscal\u00eda General del Estado (FGE) capturaron este fin de semana en el municipio de Bochil, a cuatro presuntos responsables\u00a0 de los hechos violentos del pasado jueves donde un elemento de la Guardia Nacional fue herido a balazos y\u00a0falleci\u00f3 el s\u00e1bado por la noche. En ese pueblo, sus compa\u00f1eros le rindieron homenaje la\u00a0 noche del domingo.<\/p>\n<div id=\"stagi-823604003\" class=\"stagi-nota-general-content-1\">\n<div id=\"div-gpt-ad-1508171224718-0\">LA FGE dijo que trav\u00e9s de la Fiscal\u00eda de Distrito Norte, cumpliment\u00f3 cuatro \u00f3rdenes de aprehensi\u00f3n en contra de igual n\u00famero de hombres presuntamente relacionados con los hechos violentos\u00a0ocurridos en el municipio de Bochil.<\/div>\n<\/div>\n<div><\/div>\n<div>\n<p>Dentro de la causa penal del \u00edndice del Juzgado de Control de San Crist\u00f3bal de Las Casas, se ejecut\u00f3 orden de aprehensi\u00f3n contra Marco Antonio \u201cN\u201d,\u00a0<em>El Chup\u00f3n<\/em>, Sebasti\u00e1n \u201cN\u201d, Benancio \u201cN\u201d y Orbel\u00edn \u201cN\u201d, quienes ya fueron presentados ante el \u00f3rgano jurisdiccional para ser vinculados a proceso.<\/p>\n<div id=\"stagi-729904613\" class=\"stagi-nota-general-content-2\">\n<div id=\"div-gpt-ad-1508171289461-0\"><\/div>\n<\/div>\n<p>Marco Antonio, alias\u00a0<em>El Chup\u00f3n<\/em>\u00a0y Sebasti\u00e1n, son dos maestros de ese municipio de Bochil. Adem\u00e1s de los cuatro detenidos, son se\u00f1alados tambi\u00e9n como agitadores otras tres personas que son buscadas, Alejandro \u201cN\u201d, Ricardo Gir\u00f3n y Miguel Hern\u00e1ndez.<\/p>\n<p>Algunos de ellos est\u00e1n vinculados con Mar\u00eda Francelia L\u00f3pez G\u00f3mez, excandidata de Morena a la alcald\u00eda de Bochil, detenida el pasado 10 de abril por su presunta responsabilidad en el delito de robo ejecutado con violencia en el municipio de Bochil, se encuentra presa en el penal de El Amate.<\/p>\n<div id=\"stagi-265095676\" class=\"stagi-nota-general-content-3\">\n<div id=\"div-gpt-ad-1508171456500-0\"><\/div>\n<\/div>\n<p>El fiscal general Jorge Luis Llaven Abarca sostuvo que no habr\u00e1 impunidad en ning\u00fan hecho violento ocurrido en el municipio de Bochil, por lo que este \u00f3rgano de procuraci\u00f3n de justicia y la Mesa de Seguridad Estatal y Regional le est\u00e1n dando seguimiento de manera permanente.<\/p>\n<p>Fuerzas de seguridad integradas por la Guardia Nacional, Fiscal\u00eda General del Estado, Secretar\u00eda de Seguridad y Protecci\u00f3n Ciudadana y Polic\u00eda Municipal, se encuentran realizando operativos coordinados y an\u00e1lisis de incidencia delictiva para hacer prevalecer la paz y el Estado de derecho en la regi\u00f3n.<\/p>\n<figure id=\"attachment_601457\" class=\"wp-caption aligncenter\" aria-describedby=\"caption-attachment-601457\"><img data-recalc-dims=\"1\" loading=\"lazy\" decoding=\"async\" class=\" wp-image-601457\" src=\"https:\/\/i0.wp.com\/cdn.proceso.com.mx\/media\/2019\/09\/WhatsApp-Image-2019-09-29-at-20.51.45-2-1024x749.jpeg?resize=544%2C398&#038;ssl=1\" sizes=\"auto, (max-width: 544px) 100vw, 544px\" srcset=\"https:\/\/cdn.proceso.com.mx\/media\/2019\/09\/WhatsApp-Image-2019-09-29-at-20.51.45-2-1024x749.jpeg 1024w, https:\/\/cdn.proceso.com.mx\/media\/2019\/09\/WhatsApp-Image-2019-09-29-at-20.51.45-2-300x219.jpeg 300w, https:\/\/cdn.proceso.com.mx\/media\/2019\/09\/WhatsApp-Image-2019-09-29-at-20.51.45-2.jpeg 1280w\" alt=\"\" width=\"544\" height=\"398\" \/><figcaption id=\"caption-attachment-601457\" class=\"wp-caption-text\">Fuerzas de seguridad realizan operativos coordinados en Bochil, Chiapas. Foto: especial<\/figcaption><\/figure>\n<p>Adem\u00e1s, peritos certificados y polic\u00eda de investigaci\u00f3n de la FGE contin\u00faan las diligencias de investigaci\u00f3n para obtener datos de prueba tecnol\u00f3gicas, cient\u00edficas y entrevistas con el objeto de seguir integrando las carpetas de investigaci\u00f3n.<\/p>\n<p>Desde el d\u00eda que cay\u00f3 el elemento de la Guardia Nacional, \u00c1ngel T\u00e9llez Nicol\u00e1s, miembros de la Guardia Nacional sitiaron el pueblo y pusieron barricadas, en diversas posiciones estrat\u00e9gicas.<\/p>\n<figure id=\"attachment_601458\" class=\"wp-caption aligncenter\" aria-describedby=\"caption-attachment-601458\"><img data-recalc-dims=\"1\" loading=\"lazy\" decoding=\"async\" class=\" wp-image-601458\" src=\"https:\/\/i0.wp.com\/cdn.proceso.com.mx\/media\/2019\/09\/WhatsApp-Image-2019-09-29-at-20.51.45-3-1024x482.jpeg?resize=558%2C263&#038;ssl=1\" sizes=\"auto, (max-width: 558px) 100vw, 558px\" srcset=\"https:\/\/cdn.proceso.com.mx\/media\/2019\/09\/WhatsApp-Image-2019-09-29-at-20.51.45-3-1024x482.jpeg 1024w, https:\/\/cdn.proceso.com.mx\/media\/2019\/09\/WhatsApp-Image-2019-09-29-at-20.51.45-3-300x141.jpeg 300w, https:\/\/cdn.proceso.com.mx\/media\/2019\/09\/WhatsApp-Image-2019-09-29-at-20.51.45-3-895x420.jpeg 895w, https:\/\/cdn.proceso.com.mx\/media\/2019\/09\/WhatsApp-Image-2019-09-29-at-20.51.45-3.jpeg 1280w\" alt=\"\" width=\"558\" height=\"263\" \/><figcaption id=\"caption-attachment-601458\" class=\"wp-caption-text\">Miembros de la Guardia Nacional sitiaron el pueblo y pusieron barricadas en distintos puntos de la localidad. Foto: Especial<\/figcaption><\/figure>\n<p>Esta noche en plena plaza central realizaron un homenaje al elemento que fue herido el pasado jueves por la ma\u00f1ana y falleci\u00f3 el s\u00e1bado por la noche a consecuencia de la bala que le dio en la cabeza.<\/p>\n<blockquote class=\"twitter-tweet twitter-tweet-error\" data-width=\"550\" data-dnt=\"true\" data-twitter-extracted-i1569867003084372106=\"true\">\n<p dir=\"ltr\" lang=\"es\"><a href=\"https:\/\/twitter.com\/hashtag\/Video?src=hash&amp;ref_src=twsrc%5Etfw\">#Video<\/a>\u00a0Elementos de la Guardia nacional realizaron un homenaje en la Plaza Central de\u00a0<a href=\"https:\/\/twitter.com\/hashtag\/Bochil?src=hash&amp;ref_src=twsrc%5Etfw\">#Bochil<\/a>\u00a0al elemento que fue herido el pasado jueves y falleci\u00f3 el s\u00e1bado por la noche a consecuencia de la bala que le dio en la cabeza.\u00a0<a href=\"https:\/\/t.co\/16aoMazHEX\">pic.twitter.com\/16aoMazHEX<\/a><\/p>\n<p>\u2014 Proceso (@revistaproceso)\u00a0<a href=\"https:\/\/twitter.com\/revistaproceso\/status\/1178661645465346049?ref_src=twsrc%5Etfw\">September 30, 2019<\/a><\/p><\/blockquote>\n<p>Fuente: Proceso<\/p>\n<\/div>\n","protected":false},"excerpt":{"rendered":"<p>TUXTLA GUTI\u00c9RREZ, Chis.- Agentes de la\u00a0 Fiscal\u00eda General del Estado (FGE) capturaron este fin de semana en el municipio de Bochil, a cuatro presuntos responsables\u00a0 de los hechos violentos del pasado jueves donde un elemento de la Guardia Nacional fue herido a balazos y\u00a0falleci\u00f3 el s\u00e1bado por la noche. En ese pueblo, sus compa\u00f1eros le [&hellip;]<\/p>\n","protected":false},"author":5,"featured_media":24453,"comment_status":"open","ping_status":"open","sticky":false,"template":"","format":"standard","meta":{"_uf_show_specific_survey":0,"_uf_disable_surveys":false,"advanced_seo_description":"","jetpack_seo_html_title":"","jetpack_seo_noindex":false,"jetpack_post_was_ever_published":false,"_jetpack_newsletter_access":"","_jetpack_dont_email_post_to_subs":false,"_jetpack_newsletter_tier_id":0,"_jetpack_memberships_contains_paywalled_content":false,"_jetpack_memberships_contains_paid_content":false,"footnotes":"","jetpack_publicize_message":"","jetpack_publicize_feature_enabled":true,"jetpack_social_post_already_shared":false,"jetpack_social_options":{"image_generator_settings":{"template":"highway","default_image_id":0,"font":"","enabled":false},"version":2}},"categories":[75],"tags":[357,59],"class_list":{"0":"post-24452","1":"post","2":"type-post","3":"status-publish","4":"format-standard","5":"has-post-thumbnail","7":"category-chiapas","8":"tag-guardia-nacional","9":"tag-seguridad"},"jetpack_publicize_connections":[],"jetpack_featured_media_url":"https:\/\/i0.wp.com\/mexicocodigorojo.com.mx\/wp-content\/uploads\/2019\/09\/New-Project-6-20.jpg?fit=1200%2C750&ssl=1","jetpack-related-posts":[{"id":24280,"url":"https:\/\/mexicocodigorojo.com.mx\/?p=24280","url_meta":{"origin":24452,"position":0},"title":"VIDEO LE DAN UN BALAZO EN LA CABEZA A UN MILITAR EN BOCHIL CHIAPAS","author":"Staff","date":"septiembre 26, 2019","format":false,"excerpt":"Un militar herido es el saldo de una emboscada de habitantes a la Guardia Nacional, que se registr\u00f3 a las 10 de la ma\u00f1ana de este jueves en Bochil, Chiapas. Los pobladores de la comunidad de San Vicente llegaron enfurecidos a la Presidencia Municipal a exigir los recursos del Comit\u00e9\u2026","rel":"","context":"En \u00abFeatured\u00bb","block_context":{"text":"Featured","link":"https:\/\/mexicocodigorojo.com.mx\/?cat=1724"},"img":{"alt_text":"","src":"","width":0,"height":0},"classes":[]},{"id":24255,"url":"https:\/\/mexicocodigorojo.com.mx\/?p=24255","url_meta":{"origin":24452,"position":1},"title":"Elementos de la Guardia Nacional se enfrentan a grupo armado en Chiapas, un elemento herido","author":"Staff","date":"septiembre 26, 2019","format":false,"excerpt":"Elementos de la Guardia Nacional, tuvieron un fuerte enfrentamiento contra un grupo armado de Bochil, Chiapas; se reportan al menos tres personas heridas Bochil, Chiapas.-\u00a0A muy temprana hora de este jueves, elementos de la\u00a0Guardia Nacional, tuvieron un fuerte\u00a0enfrentamiento armado\u00a0contra los\u00a0civiles de\u00a0Bochil, Chiapas. @DeniseMaerker\u00a0confrontaci\u00f3n en bochil Chiapas gente de copal enfrentandose\u2026","rel":"","context":"En \u00abChiapas\u00bb","block_context":{"text":"Chiapas","link":"https:\/\/mexicocodigorojo.com.mx\/?cat=75"},"img":{"alt_text":"","src":"https:\/\/i0.wp.com\/mexicocodigorojo.com.mx\/wp-content\/uploads\/2019\/09\/enfrentamiento.jpg_112278454.jpg?fit=1069%2C563&ssl=1&resize=350%2C200","width":350,"height":200,"srcset":"https:\/\/i0.wp.com\/mexicocodigorojo.com.mx\/wp-content\/uploads\/2019\/09\/enfrentamiento.jpg_112278454.jpg?fit=1069%2C563&ssl=1&resize=350%2C200 1x, https:\/\/i0.wp.com\/mexicocodigorojo.com.mx\/wp-content\/uploads\/2019\/09\/enfrentamiento.jpg_112278454.jpg?fit=1069%2C563&ssl=1&resize=525%2C300 1.5x, https:\/\/i0.wp.com\/mexicocodigorojo.com.mx\/wp-content\/uploads\/2019\/09\/enfrentamiento.jpg_112278454.jpg?fit=1069%2C563&ssl=1&resize=700%2C400 2x, https:\/\/i0.wp.com\/mexicocodigorojo.com.mx\/wp-content\/uploads\/2019\/09\/enfrentamiento.jpg_112278454.jpg?fit=1069%2C563&ssl=1&resize=1050%2C600 3x"},"classes":[]},{"id":24455,"url":"https:\/\/mexicocodigorojo.com.mx\/?p=24455","url_meta":{"origin":24452,"position":2},"title":"Muere oficial de la Guardia Nacional herido en enfrentamiento con campesinos en Bochil, Chiapas","author":"Staff","date":"septiembre 30, 2019","format":false,"excerpt":"TUXTLA GUTI\u00c9RREZ, Chis.- El oficial de la Guardia Nacional herido a balazos el pasado jueves en Bochil, tras un enfrentamiento con campesinos, falleci\u00f3 la noche del s\u00e1bado al filo de las 21:40 horas. El Subagente de la Guardia Nacional (Cabo de la Polic\u00eda Militar) perteneciente al 20\/o Batall\u00f3n Polic\u00eda Militar,\u2026","rel":"","context":"En \u00abChiapas\u00bb","block_context":{"text":"Chiapas","link":"https:\/\/mexicocodigorojo.com.mx\/?cat=75"},"img":{"alt_text":"","src":"https:\/\/i0.wp.com\/mexicocodigorojo.com.mx\/wp-content\/uploads\/2019\/09\/WhatsApp-Image-2019-09-29-at-10.50.01-870x522.jpeg?fit=870%2C522&ssl=1&resize=350%2C200","width":350,"height":200,"srcset":"https:\/\/i0.wp.com\/mexicocodigorojo.com.mx\/wp-content\/uploads\/2019\/09\/WhatsApp-Image-2019-09-29-at-10.50.01-870x522.jpeg?fit=870%2C522&ssl=1&resize=350%2C200 1x, https:\/\/i0.wp.com\/mexicocodigorojo.com.mx\/wp-content\/uploads\/2019\/09\/WhatsApp-Image-2019-09-29-at-10.50.01-870x522.jpeg?fit=870%2C522&ssl=1&resize=525%2C300 1.5x, https:\/\/i0.wp.com\/mexicocodigorojo.com.mx\/wp-content\/uploads\/2019\/09\/WhatsApp-Image-2019-09-29-at-10.50.01-870x522.jpeg?fit=870%2C522&ssl=1&resize=700%2C400 2x"},"classes":[]},{"id":51157,"url":"https:\/\/mexicocodigorojo.com.mx\/?p=51157","url_meta":{"origin":24452,"position":3},"title":"ASESINAN A ELEMENTO DE LA GUARDIA NACIONAL EN JIQUIPILAS","author":"Staff","date":"septiembre 23, 2021","format":false,"excerpt":"FGE abre Carpeta de Investigaci\u00f3n por el Homicidio de un agente de la GN en Jiquipilas \u2022 Caso ser\u00e1 atra\u00eddo por la FGR La Fiscal\u00eda General del Estado (FGE), a trav\u00e9s de la Fiscal\u00eda de Distrito Centro, abri\u00f3 Carpeta de Investigaci\u00f3n por el delito de Homicidio Calificado en contra de\u2026","rel":"","context":"En \u00abChiapas\u00bb","block_context":{"text":"Chiapas","link":"https:\/\/mexicocodigorojo.com.mx\/?cat=75"},"img":{"alt_text":"","src":"https:\/\/i0.wp.com\/mexicocodigorojo.com.mx\/wp-content\/uploads\/2021\/09\/IMG-20210923-WA0133.jpg?fit=1200%2C900&ssl=1&resize=350%2C200","width":350,"height":200,"srcset":"https:\/\/i0.wp.com\/mexicocodigorojo.com.mx\/wp-content\/uploads\/2021\/09\/IMG-20210923-WA0133.jpg?fit=1200%2C900&ssl=1&resize=350%2C200 1x, https:\/\/i0.wp.com\/mexicocodigorojo.com.mx\/wp-content\/uploads\/2021\/09\/IMG-20210923-WA0133.jpg?fit=1200%2C900&ssl=1&resize=525%2C300 1.5x, https:\/\/i0.wp.com\/mexicocodigorojo.com.mx\/wp-content\/uploads\/2021\/09\/IMG-20210923-WA0133.jpg?fit=1200%2C900&ssl=1&resize=700%2C400 2x, https:\/\/i0.wp.com\/mexicocodigorojo.com.mx\/wp-content\/uploads\/2021\/09\/IMG-20210923-WA0133.jpg?fit=1200%2C900&ssl=1&resize=1050%2C600 3x"},"classes":[]},{"id":26085,"url":"https:\/\/mexicocodigorojo.com.mx\/?p=26085","url_meta":{"origin":24452,"position":4},"title":"Capturan a dos presuntos responsables de ataques en bares de Tabasco","author":"Staff","date":"octubre 28, 2019","format":false,"excerpt":"La Fiscal\u00eda General del estado detuvo a dos hombres por su presunta participaci\u00f3n en homicidios ocurridos en dos municipios de Tabasco Por su presunta participaci\u00f3n en\u00a0homicidios\u00a0registrados en\u00a0bares\u00a0de los municipios de\u00a0Comalcalco\u00a0y\u00a0Para\u00edso,\u00a0dos hombres\u00a0fueron\u00a0detenidos\u00a0por elementos de la Polic\u00eda de Investigaci\u00f3n de la\u00a0Fiscal\u00eda General de Tabasco. De igual forma, peritos criminalistas y personal ministerial\u2026","rel":"","context":"En \u00abTabasco\u00bb","block_context":{"text":"Tabasco","link":"https:\/\/mexicocodigorojo.com.mx\/?cat=116"},"img":{"alt_text":"","src":"https:\/\/i0.wp.com\/mexicocodigorojo.com.mx\/wp-content\/uploads\/2019\/10\/presuntos-responsables-tabasco-bares-homicidios.jpg?fit=980%2C550&ssl=1&resize=350%2C200","width":350,"height":200,"srcset":"https:\/\/i0.wp.com\/mexicocodigorojo.com.mx\/wp-content\/uploads\/2019\/10\/presuntos-responsables-tabasco-bares-homicidios.jpg?fit=980%2C550&ssl=1&resize=350%2C200 1x, https:\/\/i0.wp.com\/mexicocodigorojo.com.mx\/wp-content\/uploads\/2019\/10\/presuntos-responsables-tabasco-bares-homicidios.jpg?fit=980%2C550&ssl=1&resize=525%2C300 1.5x, https:\/\/i0.wp.com\/mexicocodigorojo.com.mx\/wp-content\/uploads\/2019\/10\/presuntos-responsables-tabasco-bares-homicidios.jpg?fit=980%2C550&ssl=1&resize=700%2C400 2x"},"classes":[]},{"id":40593,"url":"https:\/\/mexicocodigorojo.com.mx\/?p=40593","url_meta":{"origin":24452,"position":5},"title":"Del C\u00e1rtel de Santa Rosa de Lima, los detenidos por masacre en Irapuato: Fiscal\u00eda","author":"Staff","date":"julio 7, 2020","format":false,"excerpt":"GUANAJUATO, Gto.- Tras confirmar la detenci\u00f3n de tres de los presuntos responsables del ataque cometido el mi\u00e9rcoles 1 en el anexo\u00a0ubicado en la comunidad de Arandas, Irapuato, la Fiscal\u00eda General del estado (FGE) asegur\u00f3 que \u201cexisten datos fundados\u201d para afirmar que son integrantes del C\u00e1rtel de Santa Rosa de Lima.\u2026","rel":"","context":"En \u00abGuanajuato\u00bb","block_context":{"text":"Guanajuato","link":"https:\/\/mexicocodigorojo.com.mx\/?cat=18"},"img":{"alt_text":"","src":"https:\/\/i0.wp.com\/mexicocodigorojo.com.mx\/wp-content\/uploads\/2020\/07\/anexo-3-870x453-1.jpg?fit=870%2C453&ssl=1&resize=350%2C200","width":350,"height":200,"srcset":"https:\/\/i0.wp.com\/mexicocodigorojo.com.mx\/wp-content\/uploads\/2020\/07\/anexo-3-870x453-1.jpg?fit=870%2C453&ssl=1&resize=350%2C200 1x, https:\/\/i0.wp.com\/mexicocodigorojo.com.mx\/wp-content\/uploads\/2020\/07\/anexo-3-870x453-1.jpg?fit=870%2C453&ssl=1&resize=525%2C300 1.5x, https:\/\/i0.wp.com\/mexicocodigorojo.com.mx\/wp-content\/uploads\/2020\/07\/anexo-3-870x453-1.jpg?fit=870%2C453&ssl=1&resize=700%2C400 2x"},"classes":[]}],"jetpack_sharing_enabled":true,"jetpack_likes_enabled":true,"jetpack_shortlink":"https:\/\/wp.me\/p9TedA-6mo","_links":{"self":[{"href":"https:\/\/mexicocodigorojo.com.mx\/index.php?rest_route=\/wp\/v2\/posts\/24452","targetHints":{"allow":["GET"]}}],"collection":[{"href":"https:\/\/mexicocodigorojo.com.mx\/index.php?rest_route=\/wp\/v2\/posts"}],"about":[{"href":"https:\/\/mexicocodigorojo.com.mx\/index.php?rest_route=\/wp\/v2\/types\/post"}],"author":[{"embeddable":true,"href":"https:\/\/mexicocodigorojo.com.mx\/index.php?rest_route=\/wp\/v2\/users\/5"}],"replies":[{"embeddable":true,"href":"https:\/\/mexicocodigorojo.com.mx\/index.php?rest_route=%2Fwp%2Fv2%2Fcomments&post=24452"}],"version-history":[{"count":0,"href":"https:\/\/mexicocodigorojo.com.mx\/index.php?rest_route=\/wp\/v2\/posts\/24452\/revisions"}],"wp:featuredmedia":[{"embeddable":true,"href":"https:\/\/mexicocodigorojo.com.mx\/index.php?rest_route=\/wp\/v2\/media\/24453"}],"wp:attachment":[{"href":"https:\/\/mexicocodigorojo.com.mx\/index.php?rest_route=%2Fwp%2Fv2%2Fmedia&parent=24452"}],"wp:term":[{"taxonomy":"category","embeddable":true,"href":"https:\/\/mexicocodigorojo.com.mx\/index.php?rest_route=%2Fwp%2Fv2%2Fcategories&post=24452"},{"taxonomy":"post_tag","embeddable":true,"href":"https:\/\/mexicocodigorojo.com.mx\/index.php?rest_route=%2Fwp%2Fv2%2Ftags&post=24452"}],"curies":[{"name":"wp","href":"https:\/\/api.w.org\/{rel}","templated":true}]}}