{"id":24258,"date":"2019-09-26T13:33:40","date_gmt":"2019-09-26T18:33:40","guid":{"rendered":"https:\/\/mexicocodigorojo.com.mx\/?p=24258"},"modified":"2019-09-26T13:33:40","modified_gmt":"2019-09-26T18:33:40","slug":"juez-otorga-suspension-a-extitular-de-la-seido-para-no-ser-detenido-por-fgr","status":"publish","type":"post","link":"https:\/\/mexicocodigorojo.com.mx\/?p=24258","title":{"rendered":"Juez otorga suspensi\u00f3n a extitular de la Seido para no ser detenido por FGR"},"content":{"rendered":"<div class=\"newsfull__excerpt\">\n<p>El exfuncionario\u00a0de Inteligencia, Alonso Israel Lira Salas es investigado debido a que se detectaron presuntas irregularidades en casos que tuvo a su cargo<\/p>\n<\/div>\n<div class=\"newsfull__line\">\n<div class=\"newsfull__meta\"><strong>Ciudad de M\u00e9xico<\/strong>.-\u00a0<strong>Alonso Israel Lira Salas<\/strong>, extitular de la\u00a0<strong>Seido\u00a0<\/strong>recibi\u00f3 por parte de una jueza federal una suspensi\u00f3n provisional con la cual evita, al menos por el momento, que\u00a0pueda ser detenido por la\u00a0<strong>Fiscal\u00eda General de la Rep\u00fablica<\/strong>\u00a0(<strong>FGR<\/strong>).<\/div>\n<\/div>\n<div><\/div>\n<div>\n<p>Lira Salas\u00a0<strong>es investigado junto con otros exservidores\u00a0<\/strong>p\u00fablicos de la Seido, debido a que se detectaron presuntas\u00a0<u>irregularidades<\/u>\u00a0en casos que atendi\u00f3 la Subprocuradur\u00eda.<\/p>\n<p>Uno de ellos es el ocurrido en octubre de 2017 cuando intervinieron en el aseguramiento de m\u00e1s de mil 500 cajas de seguridad con objetos de valor en\u00a0<strong>Canc\u00fan<\/strong>,\u00a0<strong>Quintana Roo<\/strong>.<\/p>\n<p><strong>Mar\u00eda Catalina de la Rosa Ortega<\/strong>, juez Noveno de Distrito de Amparo en Materia Penal, otorg\u00f3 la medida cautelar despu\u00e9s de que admiti\u00f3 a tr\u00e1mite la demanda de garant\u00edas.<\/p>\n<p><iframe loading=\"lazy\" title=\"Tribunal ordena a juez admitir tra\u0301mite de amparo promovido por ex titular de SEIDO\" width=\"696\" height=\"392\" src=\"https:\/\/www.youtube.com\/embed\/SqXzl2YLFTo?feature=oembed\" frameborder=\"0\" allow=\"accelerometer; autoplay; clipboard-write; encrypted-media; gyroscope; picture-in-picture\" allowfullscreen><\/iframe><\/p>\n<p>En julio pasado, la misma jueza, rechaz\u00f3 dar entrada a la demanda de garant\u00edas del quejoso, porque la firma de Lira Salas no era igual a la estampada en su escrito inicial.<\/p>\n<p>Ahora, por unanimidad de votos, el\u00a0<strong>Cuarto Tribunal Colegiado en Materia Penal\u00a0<\/strong>declar\u00f3 fundado el recurso de queja interpuesto por el ex subprocurador, por lo que la juez ahora requiri\u00f3 informes no solo a la FGR, sino a diversos jueces federales para conocer si existe un mandamiento judicial.<\/p>\n<div class=\"sources\">\n<p>Esta nota incluye informaci\u00f3n de:\u00a0<span class=\"sources__name\">Milenio<\/span><\/p>\n<\/div>\n<\/div>\n","protected":false},"excerpt":{"rendered":"<p>El exfuncionario\u00a0de Inteligencia, Alonso Israel Lira Salas es investigado debido a que se detectaron presuntas irregularidades en casos que tuvo a su cargo Ciudad de M\u00e9xico.-\u00a0Alonso Israel Lira Salas, extitular de la\u00a0Seido\u00a0recibi\u00f3 por parte de una jueza federal una suspensi\u00f3n provisional con la cual evita, al menos por el momento, que\u00a0pueda ser detenido por la\u00a0Fiscal\u00eda [&hellip;]<\/p>\n","protected":false},"author":5,"featured_media":24259,"comment_status":"open","ping_status":"open","sticky":false,"template":"","format":"standard","meta":{"_uf_show_specific_survey":0,"_uf_disable_surveys":false,"advanced_seo_description":"","jetpack_seo_html_title":"","jetpack_seo_noindex":false,"jetpack_post_was_ever_published":false,"_jetpack_newsletter_access":"","_jetpack_dont_email_post_to_subs":false,"_jetpack_newsletter_tier_id":0,"_jetpack_memberships_contains_paywalled_content":false,"_jetpack_memberships_contains_paid_content":false,"footnotes":"","jetpack_publicize_message":"","jetpack_publicize_feature_enabled":true,"jetpack_social_post_already_shared":false,"jetpack_social_options":{"image_generator_settings":{"template":"highway","default_image_id":0,"font":"","enabled":false},"version":2}},"categories":[101],"tags":[221,59,67],"class_list":{"0":"post-24258","1":"post","2":"type-post","3":"status-publish","4":"format-standard","5":"has-post-thumbnail","7":"category-ciudad-de-mexico","8":"tag-fgr","9":"tag-seguridad","10":"tag-seido"},"jetpack_publicize_connections":[],"jetpack_featured_media_url":"https:\/\/i0.wp.com\/mexicocodigorojo.com.mx\/wp-content\/uploads\/2019\/09\/maxresdefault.jpg?fit=1280%2C720&ssl=1","jetpack-related-posts":[{"id":29967,"url":"https:\/\/mexicocodigorojo.com.mx\/?p=29967","url_meta":{"origin":24258,"position":0},"title":"Vinculan a proceso a exmiembro de la SEIDO","author":"Staff","date":"enero 11, 2020","format":false,"excerpt":"Un juez federal vincul\u00f3 a proceso a Gualberto Ram\u00edrez, exfuncionario de la SEIDO, por su presunta responsabilidad en los delitos de simulaci\u00f3n de pruebas y falsificaci\u00f3n de documentos Un\u00a0 juez federal vincul\u00f3 a proceso a\u00a0Gualberto Ram\u00edrez Guti\u00e9rrez, extitular de la\u00a0Unidad Antisecuestros\u00a0de la\u00a0Subprocuradur\u00eda Especializada en Investigaci\u00f3n de Delincuencia Organizada\u00a0(SEIDO), por su\u2026","rel":"","context":"En \u00abFeatured\u00bb","block_context":{"text":"Featured","link":"https:\/\/mexicocodigorojo.com.mx\/?cat=1724"},"img":{"alt_text":"","src":"https:\/\/i0.wp.com\/mexicocodigorojo.com.mx\/wp-content\/uploads\/2020\/01\/el-fiscal-de-la-seido_0_2_650_405.jpeg?fit=958%2C596&ssl=1&resize=350%2C200","width":350,"height":200,"srcset":"https:\/\/i0.wp.com\/mexicocodigorojo.com.mx\/wp-content\/uploads\/2020\/01\/el-fiscal-de-la-seido_0_2_650_405.jpeg?fit=958%2C596&ssl=1&resize=350%2C200 1x, https:\/\/i0.wp.com\/mexicocodigorojo.com.mx\/wp-content\/uploads\/2020\/01\/el-fiscal-de-la-seido_0_2_650_405.jpeg?fit=958%2C596&ssl=1&resize=525%2C300 1.5x, https:\/\/i0.wp.com\/mexicocodigorojo.com.mx\/wp-content\/uploads\/2020\/01\/el-fiscal-de-la-seido_0_2_650_405.jpeg?fit=958%2C596&ssl=1&resize=700%2C400 2x"},"classes":[]},{"id":43238,"url":"https:\/\/mexicocodigorojo.com.mx\/?p=43238","url_meta":{"origin":24258,"position":1},"title":"Ingresan al Altiplano a \u2018El Mochomo\u2019 y su abogado por delincuencia organizada","author":"Staff","date":"septiembre 20, 2020","format":false,"excerpt":"De acuerdo con la FGR, un juez de Control resolver\u00e1 la situaci\u00f3n jur\u00eddica de ambos sujetos el pr\u00f3ximo 24 de septiembre. La Fiscal\u00eda General de la Rep\u00fablica (FGR) cumpliment\u00f3 dos \u00f3rdenes de aprehensi\u00f3n contra\u00a0Jos\u00e9 \u00c1ngel Casarrubias Salgado, alias \u2018El Mochomo\u2019, y su abogado Arturo \u201cR\u201d\u00a0por la probable comisi\u00f3n del delito\u2026","rel":"","context":"En \u00abFeatured\u00bb","block_context":{"text":"Featured","link":"https:\/\/mexicocodigorojo.com.mx\/?cat=1724"},"img":{"alt_text":"","src":"https:\/\/i0.wp.com\/mexicocodigorojo.com.mx\/wp-content\/uploads\/2020\/09\/el-mochomo-y-su-abogado.jpg?fit=794%2C350&ssl=1&resize=350%2C200","width":350,"height":200,"srcset":"https:\/\/i0.wp.com\/mexicocodigorojo.com.mx\/wp-content\/uploads\/2020\/09\/el-mochomo-y-su-abogado.jpg?fit=794%2C350&ssl=1&resize=350%2C200 1x, https:\/\/i0.wp.com\/mexicocodigorojo.com.mx\/wp-content\/uploads\/2020\/09\/el-mochomo-y-su-abogado.jpg?fit=794%2C350&ssl=1&resize=525%2C300 1.5x, https:\/\/i0.wp.com\/mexicocodigorojo.com.mx\/wp-content\/uploads\/2020\/09\/el-mochomo-y-su-abogado.jpg?fit=794%2C350&ssl=1&resize=700%2C400 2x"},"classes":[]},{"id":15086,"url":"https:\/\/mexicocodigorojo.com.mx\/?p=15086","url_meta":{"origin":24258,"position":2},"title":"DETIENE FGR AL HEREDERO DEL C\u00c1RTEL DE TLAHUAC","author":"Staff","date":"marzo 5, 2019","format":false,"excerpt":"Comunicado FGR 87\/19 Ciudad de M\u00e9xico, a 04 de marzo de 2019 DETIENE FGR A PROBABLE RESPONSABLE DE DELITOS DE CONTRA LA SALUD Elementos de la Fiscal\u00eda General de la Rep\u00fablica (FGR), adscritos a la Polic\u00eda Federal Ministerial (PFM), detuvieron a Luis Felipe \"P\", quien cuenta con una orden de\u2026","rel":"","context":"En \u00abCiudad de M\u00e9xico\u00bb","block_context":{"text":"Ciudad de M\u00e9xico","link":"https:\/\/mexicocodigorojo.com.mx\/?cat=101"},"img":{"alt_text":"","src":"","width":0,"height":0},"classes":[]},{"id":44544,"url":"https:\/\/mexicocodigorojo.com.mx\/?p=44544","url_meta":{"origin":24258,"position":3},"title":"FGR OBTIENE VINCULACI\u00d3N A PROCESO EN CONTRA DE DOS PERSONAS, DETENIDAS CON M\u00c1S DE 300 MIL D\u00d3LARES EN TAMAULIPAS","author":"Staff","date":"octubre 21, 2020","format":false,"excerpt":"La Fiscal\u00eda General de la Rep\u00fablica (FGR), a trav\u00e9s de la Subprocuradur\u00eda Especializada en Investigaci\u00f3n de Delincuencia Organizada (SEIDO), obtuvo vinculaci\u00f3n a proceso en contra de dos personas por su probable responsabilidad en el delito de Operaciones con Recursos de Procedencia Il\u00edcita. La investigaci\u00f3n comenz\u00f3 el pasado 07 de octubre,\u2026","rel":"","context":"En \u00abFeatured\u00bb","block_context":{"text":"Featured","link":"https:\/\/mexicocodigorojo.com.mx\/?cat=1724"},"img":{"alt_text":"","src":"https:\/\/i0.wp.com\/mexicocodigorojo.com.mx\/wp-content\/uploads\/2020\/10\/122064127_178748890400640_621407141742578720_o.jpg?fit=1160%2C744&ssl=1&resize=350%2C200","width":350,"height":200,"srcset":"https:\/\/i0.wp.com\/mexicocodigorojo.com.mx\/wp-content\/uploads\/2020\/10\/122064127_178748890400640_621407141742578720_o.jpg?fit=1160%2C744&ssl=1&resize=350%2C200 1x, https:\/\/i0.wp.com\/mexicocodigorojo.com.mx\/wp-content\/uploads\/2020\/10\/122064127_178748890400640_621407141742578720_o.jpg?fit=1160%2C744&ssl=1&resize=525%2C300 1.5x, https:\/\/i0.wp.com\/mexicocodigorojo.com.mx\/wp-content\/uploads\/2020\/10\/122064127_178748890400640_621407141742578720_o.jpg?fit=1160%2C744&ssl=1&resize=700%2C400 2x, https:\/\/i0.wp.com\/mexicocodigorojo.com.mx\/wp-content\/uploads\/2020\/10\/122064127_178748890400640_621407141742578720_o.jpg?fit=1160%2C744&ssl=1&resize=1050%2C600 3x"},"classes":[]},{"id":28814,"url":"https:\/\/mexicocodigorojo.com.mx\/?p=28814","url_meta":{"origin":24258,"position":4},"title":"SEIDO, FGR Y POLIC\u00cdA FEDERAL DIVISI\u00d3N ANTIDROGAS DETIENEN A CINCO DURANTE CATEO EN JALISCO","author":"Staff","date":"diciembre 14, 2019","format":false,"excerpt":"FGR DETIENE A CINCO HOMBRES Y ASEGURA DIVERSAS SUSTANCIAS EN INMUEBLE CATEADO EN JALISCOElementos de la Fiscal\u00eda General de la Rep\u00fablica (FGR), a trav\u00e9s de la Subprocuradur\u00eda Especializada en Investigaci\u00f3n de Delincuencia Organizada (SEIDO), en colaboraci\u00f3n con la Divisi\u00f3n Antidrogas de Polic\u00eda Federal, ejecutaron la diligencia de cateo donde detuvieron\u2026","rel":"","context":"En \u00abJalisco\u00bb","block_context":{"text":"Jalisco","link":"https:\/\/mexicocodigorojo.com.mx\/?cat=8"},"img":{"alt_text":"","src":"https:\/\/i0.wp.com\/secureservercdn.net\/166.62.108.22\/cg1.af3.myftpupload.com\/wp-content\/uploads\/2019\/12\/6f9c718b-32e8-45f6-8413-3c519bb046c8.jpg?resize=350%2C200&ssl=1","width":350,"height":200},"classes":[]},{"id":50902,"url":"https:\/\/mexicocodigorojo.com.mx\/?p=50902","url_meta":{"origin":24258,"position":5},"title":"Militares y SEIDO trasladan al Doctor ex l\u00edder del C\u00e1rtel de Tijuana deportado al Altiplano","author":"Staff","date":"agosto 23, 2021","format":false,"excerpt":"Ciudad de M\u00e9xico a 23 de agosto de 2021. A las 17:15 horas de hoy, en el Puente Internacional Brownsville-Matamoros, la Fiscal\u00eda General de la Rep\u00fablica (FGR), y el Ej\u00e9rcito Mexicano recibieron a Eduardo \u201cA\u201d, para el cumplimiento de una orden de aprehensi\u00f3n en su contra, otorgada por un Juez\u2026","rel":"","context":"En \u00abFeatured\u00bb","block_context":{"text":"Featured","link":"https:\/\/mexicocodigorojo.com.mx\/?cat=1724"},"img":{"alt_text":"","src":"https:\/\/i0.wp.com\/mexicocodigorojo.com.mx\/wp-content\/uploads\/2021\/08\/IMG_20210823_172615.jpg?fit=1200%2C560&ssl=1&resize=350%2C200","width":350,"height":200,"srcset":"https:\/\/i0.wp.com\/mexicocodigorojo.com.mx\/wp-content\/uploads\/2021\/08\/IMG_20210823_172615.jpg?fit=1200%2C560&ssl=1&resize=350%2C200 1x, https:\/\/i0.wp.com\/mexicocodigorojo.com.mx\/wp-content\/uploads\/2021\/08\/IMG_20210823_172615.jpg?fit=1200%2C560&ssl=1&resize=525%2C300 1.5x, https:\/\/i0.wp.com\/mexicocodigorojo.com.mx\/wp-content\/uploads\/2021\/08\/IMG_20210823_172615.jpg?fit=1200%2C560&ssl=1&resize=700%2C400 2x, https:\/\/i0.wp.com\/mexicocodigorojo.com.mx\/wp-content\/uploads\/2021\/08\/IMG_20210823_172615.jpg?fit=1200%2C560&ssl=1&resize=1050%2C600 3x"},"classes":[]}],"jetpack_sharing_enabled":true,"jetpack_likes_enabled":true,"jetpack_shortlink":"https:\/\/wp.me\/p9TedA-6jg","_links":{"self":[{"href":"https:\/\/mexicocodigorojo.com.mx\/index.php?rest_route=\/wp\/v2\/posts\/24258","targetHints":{"allow":["GET"]}}],"collection":[{"href":"https:\/\/mexicocodigorojo.com.mx\/index.php?rest_route=\/wp\/v2\/posts"}],"about":[{"href":"https:\/\/mexicocodigorojo.com.mx\/index.php?rest_route=\/wp\/v2\/types\/post"}],"author":[{"embeddable":true,"href":"https:\/\/mexicocodigorojo.com.mx\/index.php?rest_route=\/wp\/v2\/users\/5"}],"replies":[{"embeddable":true,"href":"https:\/\/mexicocodigorojo.com.mx\/index.php?rest_route=%2Fwp%2Fv2%2Fcomments&post=24258"}],"version-history":[{"count":0,"href":"https:\/\/mexicocodigorojo.com.mx\/index.php?rest_route=\/wp\/v2\/posts\/24258\/revisions"}],"wp:featuredmedia":[{"embeddable":true,"href":"https:\/\/mexicocodigorojo.com.mx\/index.php?rest_route=\/wp\/v2\/media\/24259"}],"wp:attachment":[{"href":"https:\/\/mexicocodigorojo.com.mx\/index.php?rest_route=%2Fwp%2Fv2%2Fmedia&parent=24258"}],"wp:term":[{"taxonomy":"category","embeddable":true,"href":"https:\/\/mexicocodigorojo.com.mx\/index.php?rest_route=%2Fwp%2Fv2%2Fcategories&post=24258"},{"taxonomy":"post_tag","embeddable":true,"href":"https:\/\/mexicocodigorojo.com.mx\/index.php?rest_route=%2Fwp%2Fv2%2Ftags&post=24258"}],"curies":[{"name":"wp","href":"https:\/\/api.w.org\/{rel}","templated":true}]}}