{"id":24255,"date":"2019-09-26T13:29:33","date_gmt":"2019-09-26T18:29:33","guid":{"rendered":"https:\/\/mexicocodigorojo.com.mx\/?p=24255"},"modified":"2019-09-26T14:19:31","modified_gmt":"2019-09-26T19:19:31","slug":"elementos-de-la-guardia-nacional-se-enfrentan-a-grupo-armado-en-chiapas-un-elemento-herido","status":"publish","type":"post","link":"https:\/\/mexicocodigorojo.com.mx\/?p=24255","title":{"rendered":"Elementos de la Guardia Nacional se enfrentan a grupo armado en Chiapas, un elemento herido"},"content":{"rendered":"<div class=\"newsfull__excerpt\">\n<p>Elementos de la Guardia Nacional, tuvieron un fuerte enfrentamiento contra un grupo armado de Bochil, Chiapas; se reportan al menos tres personas heridas<\/p>\n<\/div>\n<div class=\"newsfull__line\">\n<div class=\"newsfull__meta\"><strong>Bochil, Chiapas.-<\/strong>\u00a0A muy temprana hora de este jueves, elementos de la\u00a0<strong>Guardia Nacional<\/strong>, tuvieron un fuerte\u00a0<strong>enfrentamiento armado<\/strong>\u00a0contra los\u00a0civiles de<strong>\u00a0Bochil, Chiapas<\/strong>.<\/div>\n<\/div>\n<div><\/div>\n<div>\n<div>\n<div id=\"twitter-53\" class=\"ck-twitter\">\n<blockquote class=\"twitter-tweet twitter-tweet-error\" data-lang=\"es\" data-twitter-extracted-i1569522320846411776=\"true\">\n<p dir=\"ltr\" lang=\"es\"><a href=\"https:\/\/twitter.com\/DeniseMaerker?ref_src=twsrc%5Etfw\">@DeniseMaerker<\/a>\u00a0confrontaci\u00f3n en bochil Chiapas gente de copal enfrentandose con personal de la guardia nacional 26\/09\/2019\u00a0<a href=\"https:\/\/t.co\/EHj0ZYbUf4\">pic.twitter.com\/EHj0ZYbUf4<\/a><\/p>\n<p>\u2014 Jos\u00e9 Manuel Trejo (@JosManuelTrej16)\u00a0<a href=\"https:\/\/twitter.com\/JosManuelTrej16\/status\/1177276308650434565?ref_src=twsrc%5Etfw\">26 de septiembre de 2019<\/a><\/p><\/blockquote>\n<\/div>\n<\/div>\n<p>De acuerdo con las indagatorias, el tiroteo comenz\u00f3 luego de que los sujetos que se encontraban a bordo de sus veh\u00edculos, accionaran sus armas contra los militares que les pidieron que se detuvieran.<\/p>\n<div>\n<div id=\"twitter-88\" class=\"ck-twitter\">\n<blockquote class=\"twitter-tweet twitter-tweet-error\" data-lang=\"es\" data-twitter-extracted-i1569522320846411776=\"true\">\n<p dir=\"ltr\" lang=\"es\"><a href=\"https:\/\/twitter.com\/hashtag\/Chiapas?src=hash&amp;ref_src=twsrc%5Etfw\">#Chiapas<\/a>\u00a0<a href=\"https:\/\/twitter.com\/hashtag\/BOCHIL?src=hash&amp;ref_src=twsrc%5Etfw\">#BOCHIL<\/a>: Polic\u00edas municipales, estatales y la Guardia Nacional se enfrenta a balazos con pobladores de comunidades que bajaron a exigir recursos del COPLADEM.\u00a0<a href=\"https:\/\/t.co\/kEzAdjcnTv\">pic.twitter.com\/kEzAdjcnTv<\/a><\/p>\n<p>\u2014 \u00c1mbar Noticias (@AmbarNoticias)\u00a0<a href=\"https:\/\/twitter.com\/AmbarNoticias\/status\/1177271043083423744?ref_src=twsrc%5Etfw\">26 de septiembre de 2019<\/a><\/p><\/blockquote>\n<\/div>\n<\/div>\n<p>Seg\u00fan un informe extrajudicial, se reportaron tres personas heridas, dos civiles y un uniformado.<\/p>\n<div class=\"youtube-embed\" data-video_id=\"bDnH_wsQj3o\"><iframe loading=\"lazy\" title=\"Se reporta enfrentamiento en Bochil, Chiapas\" width=\"696\" height=\"392\" src=\"https:\/\/www.youtube.com\/embed\/bDnH_wsQj3o?feature=oembed&#038;enablejsapi=1\" frameborder=\"0\" allow=\"accelerometer; autoplay; clipboard-write; encrypted-media; gyroscope; picture-in-picture\" allowfullscreen><\/iframe><\/div>\n<div class=\"sources\">\n<p>Esta nota incluye informaci\u00f3n de:\u00a0<span class=\"sources__name\">Noticieros Televisa<\/span><\/p>\n<\/div>\n<\/div>\n","protected":false},"excerpt":{"rendered":"<p>Elementos de la Guardia Nacional, tuvieron un fuerte enfrentamiento contra un grupo armado de Bochil, Chiapas; se reportan al menos tres personas heridas Bochil, Chiapas.-\u00a0A muy temprana hora de este jueves, elementos de la\u00a0Guardia Nacional, tuvieron un fuerte\u00a0enfrentamiento armado\u00a0contra los\u00a0civiles de\u00a0Bochil, Chiapas. @DeniseMaerker\u00a0confrontaci\u00f3n en bochil Chiapas gente de copal enfrentandose con personal de la guardia [&hellip;]<\/p>\n","protected":false},"author":5,"featured_media":24256,"comment_status":"open","ping_status":"open","sticky":false,"template":"","format":"standard","meta":{"_uf_show_specific_survey":0,"_uf_disable_surveys":false,"advanced_seo_description":"","jetpack_seo_html_title":"","jetpack_seo_noindex":false,"jetpack_post_was_ever_published":false,"_jetpack_newsletter_access":"","_jetpack_dont_email_post_to_subs":false,"_jetpack_newsletter_tier_id":0,"_jetpack_memberships_contains_paywalled_content":false,"_jetpack_memberships_contains_paid_content":false,"footnotes":"","jetpack_publicize_message":"","jetpack_publicize_feature_enabled":true,"jetpack_social_post_already_shared":false,"jetpack_social_options":{"image_generator_settings":{"template":"highway","default_image_id":0,"font":"","enabled":false},"version":2}},"categories":[75],"tags":[12,357,59],"class_list":{"0":"post-24255","1":"post","2":"type-post","3":"status-publish","4":"format-standard","5":"has-post-thumbnail","7":"category-chiapas","8":"tag-crimen-organizado","9":"tag-guardia-nacional","10":"tag-seguridad"},"jetpack_publicize_connections":[],"jetpack_featured_media_url":"https:\/\/i0.wp.com\/mexicocodigorojo.com.mx\/wp-content\/uploads\/2019\/09\/enfrentamiento.jpg_112278454.jpg?fit=1069%2C563&ssl=1","jetpack-related-posts":[{"id":24455,"url":"https:\/\/mexicocodigorojo.com.mx\/?p=24455","url_meta":{"origin":24255,"position":0},"title":"Muere oficial de la Guardia Nacional herido en enfrentamiento con campesinos en Bochil, Chiapas","author":"Staff","date":"septiembre 30, 2019","format":false,"excerpt":"TUXTLA GUTI\u00c9RREZ, Chis.- El oficial de la Guardia Nacional herido a balazos el pasado jueves en Bochil, tras un enfrentamiento con campesinos, falleci\u00f3 la noche del s\u00e1bado al filo de las 21:40 horas. El Subagente de la Guardia Nacional (Cabo de la Polic\u00eda Militar) perteneciente al 20\/o Batall\u00f3n Polic\u00eda Militar,\u2026","rel":"","context":"En \u00abChiapas\u00bb","block_context":{"text":"Chiapas","link":"https:\/\/mexicocodigorojo.com.mx\/?cat=75"},"img":{"alt_text":"","src":"https:\/\/i0.wp.com\/mexicocodigorojo.com.mx\/wp-content\/uploads\/2019\/09\/WhatsApp-Image-2019-09-29-at-10.50.01-870x522.jpeg?fit=870%2C522&ssl=1&resize=350%2C200","width":350,"height":200,"srcset":"https:\/\/i0.wp.com\/mexicocodigorojo.com.mx\/wp-content\/uploads\/2019\/09\/WhatsApp-Image-2019-09-29-at-10.50.01-870x522.jpeg?fit=870%2C522&ssl=1&resize=350%2C200 1x, https:\/\/i0.wp.com\/mexicocodigorojo.com.mx\/wp-content\/uploads\/2019\/09\/WhatsApp-Image-2019-09-29-at-10.50.01-870x522.jpeg?fit=870%2C522&ssl=1&resize=525%2C300 1.5x, https:\/\/i0.wp.com\/mexicocodigorojo.com.mx\/wp-content\/uploads\/2019\/09\/WhatsApp-Image-2019-09-29-at-10.50.01-870x522.jpeg?fit=870%2C522&ssl=1&resize=700%2C400 2x"},"classes":[]},{"id":24280,"url":"https:\/\/mexicocodigorojo.com.mx\/?p=24280","url_meta":{"origin":24255,"position":1},"title":"VIDEO LE DAN UN BALAZO EN LA CABEZA A UN MILITAR EN BOCHIL CHIAPAS","author":"Staff","date":"septiembre 26, 2019","format":false,"excerpt":"Un militar herido es el saldo de una emboscada de habitantes a la Guardia Nacional, que se registr\u00f3 a las 10 de la ma\u00f1ana de este jueves en Bochil, Chiapas. Los pobladores de la comunidad de San Vicente llegaron enfurecidos a la Presidencia Municipal a exigir los recursos del Comit\u00e9\u2026","rel":"","context":"En \u00abFeatured\u00bb","block_context":{"text":"Featured","link":"https:\/\/mexicocodigorojo.com.mx\/?cat=1724"},"img":{"alt_text":"","src":"","width":0,"height":0},"classes":[]},{"id":24452,"url":"https:\/\/mexicocodigorojo.com.mx\/?p=24452","url_meta":{"origin":24255,"position":2},"title":"Capturan a presuntos responsables de enfrentamiento en Bochil en el que muri\u00f3 agente de la GN","author":"Staff","date":"septiembre 30, 2019","format":false,"excerpt":"TUXTLA GUTI\u00c9RREZ, Chis.- Agentes de la\u00a0 Fiscal\u00eda General del Estado (FGE) capturaron este fin de semana en el municipio de Bochil, a cuatro presuntos responsables\u00a0 de los hechos violentos del pasado jueves donde un elemento de la Guardia Nacional fue herido a balazos y\u00a0falleci\u00f3 el s\u00e1bado por la noche. En\u2026","rel":"","context":"En \u00abChiapas\u00bb","block_context":{"text":"Chiapas","link":"https:\/\/mexicocodigorojo.com.mx\/?cat=75"},"img":{"alt_text":"","src":"https:\/\/i0.wp.com\/mexicocodigorojo.com.mx\/wp-content\/uploads\/2019\/09\/New-Project-6-20.jpg?fit=1200%2C750&ssl=1&resize=350%2C200","width":350,"height":200,"srcset":"https:\/\/i0.wp.com\/mexicocodigorojo.com.mx\/wp-content\/uploads\/2019\/09\/New-Project-6-20.jpg?fit=1200%2C750&ssl=1&resize=350%2C200 1x, https:\/\/i0.wp.com\/mexicocodigorojo.com.mx\/wp-content\/uploads\/2019\/09\/New-Project-6-20.jpg?fit=1200%2C750&ssl=1&resize=525%2C300 1.5x, https:\/\/i0.wp.com\/mexicocodigorojo.com.mx\/wp-content\/uploads\/2019\/09\/New-Project-6-20.jpg?fit=1200%2C750&ssl=1&resize=700%2C400 2x, https:\/\/i0.wp.com\/mexicocodigorojo.com.mx\/wp-content\/uploads\/2019\/09\/New-Project-6-20.jpg?fit=1200%2C750&ssl=1&resize=1050%2C600 3x"},"classes":[]},{"id":64886,"url":"https:\/\/mexicocodigorojo.com.mx\/?p=64886","url_meta":{"origin":24255,"position":3},"title":"ENFRENTAMIENTO EN RAY\u00d3N, CHIAPAS: GUARDIA NACIONAL SE ENFRENTA A GRUPO ARMADO","author":"Staff","date":"octubre 21, 2025","format":false,"excerpt":"Una nueva jornada de violencia se registr\u00f3 la tarde del lunes en Chiapas. Elementos de la Guardia Nacional fueron agredidos a balazos sobre la carretera Ray\u00f3n\u2013Tapilula, al interceptar un convoy de camionetas que circulaban con hombres armados. Tras repeler la agresi\u00f3n, las fuerzas federales abatieron a varios atacantes y detuvieron\u2026","rel":"","context":"En \u00abChiapas\u00bb","block_context":{"text":"Chiapas","link":"https:\/\/mexicocodigorojo.com.mx\/?cat=75"},"img":{"alt_text":"","src":"https:\/\/i0.wp.com\/mexicocodigorojo.com.mx\/wp-content\/uploads\/2025\/10\/img_2380.jpg?fit=597%2C974&ssl=1&resize=350%2C200","width":350,"height":200,"srcset":"https:\/\/i0.wp.com\/mexicocodigorojo.com.mx\/wp-content\/uploads\/2025\/10\/img_2380.jpg?fit=597%2C974&ssl=1&resize=350%2C200 1x, https:\/\/i0.wp.com\/mexicocodigorojo.com.mx\/wp-content\/uploads\/2025\/10\/img_2380.jpg?fit=597%2C974&ssl=1&resize=525%2C300 1.5x"},"classes":[]},{"id":59401,"url":"https:\/\/mexicocodigorojo.com.mx\/?p=59401","url_meta":{"origin":24255,"position":4},"title":"CHIAPAS | VIDEO ENFRENTAMIENTO ENTRE GUARDIA NACIONAL Y SICARIOS DEJA 20  ABATIDOS A 20 EN LA CONCORDIA","author":"MexicoRojo","date":"abril 1, 2024","format":false,"excerpt":"\"Sicarios atacaron a Elementos de la Guardia Nacional en el embarcadero de El Chal\u00e1n de Ni\u00f1os H\u00e9roes, en la Concordia, Chiapas, alrededor de las 13:30 horas del domingo en donde un grupo de civiles quedo en medio del fuego cruzado. \u00a0 \u00a0 Despu\u00e9s de que un convoy de Sicarios arribara\u2026","rel":"","context":"En \u00abFeatured\u00bb","block_context":{"text":"Featured","link":"https:\/\/mexicocodigorojo.com.mx\/?cat=1724"},"img":{"alt_text":"","src":"https:\/\/i0.wp.com\/mexicocodigorojo.com.mx\/wp-content\/uploads\/2024\/04\/20240401_190645.jpg?fit=1080%2C608&ssl=1&resize=350%2C200","width":350,"height":200,"srcset":"https:\/\/i0.wp.com\/mexicocodigorojo.com.mx\/wp-content\/uploads\/2024\/04\/20240401_190645.jpg?fit=1080%2C608&ssl=1&resize=350%2C200 1x, https:\/\/i0.wp.com\/mexicocodigorojo.com.mx\/wp-content\/uploads\/2024\/04\/20240401_190645.jpg?fit=1080%2C608&ssl=1&resize=525%2C300 1.5x, https:\/\/i0.wp.com\/mexicocodigorojo.com.mx\/wp-content\/uploads\/2024\/04\/20240401_190645.jpg?fit=1080%2C608&ssl=1&resize=700%2C400 2x, https:\/\/i0.wp.com\/mexicocodigorojo.com.mx\/wp-content\/uploads\/2024\/04\/20240401_190645.jpg?fit=1080%2C608&ssl=1&resize=1050%2C600 3x"},"classes":[]},{"id":53264,"url":"https:\/\/mexicocodigorojo.com.mx\/?p=53264","url_meta":{"origin":24255,"position":5},"title":"Investigan a elementos de la GN por volcadura de migrantes","author":"Staff","date":"julio 7, 2022","format":false,"excerpt":"La noche del martes\u00a0volc\u00f3\u00a0un\u00a0cami\u00f3n\u00a0en el que viajaba un grupo de cerca de 30 personas\u00a0migrantes\u00a0en el estado\u00a0Chiapas, dejando a 11 hospitalizadas. Entre las v\u00edctimas hay dos menores hospitalizados. De acuerdo con la\u00a0Secretar\u00eda de Protecci\u00f3n Civil de la entidad, el accidente\u00a0ocurri\u00f3 al rededor de las 22:12 horas del martes en el kil\u00f3metro\u2026","rel":"","context":"En \u00abChiapas\u00bb","block_context":{"text":"Chiapas","link":"https:\/\/mexicocodigorojo.com.mx\/?cat=75"},"img":{"alt_text":"","src":"https:\/\/i0.wp.com\/mexicocodigorojo.com.mx\/wp-content\/uploads\/2022\/07\/chiapas-fiscalia-migrantes-muertos.jpg?fit=1200%2C620&ssl=1&resize=350%2C200","width":350,"height":200,"srcset":"https:\/\/i0.wp.com\/mexicocodigorojo.com.mx\/wp-content\/uploads\/2022\/07\/chiapas-fiscalia-migrantes-muertos.jpg?fit=1200%2C620&ssl=1&resize=350%2C200 1x, https:\/\/i0.wp.com\/mexicocodigorojo.com.mx\/wp-content\/uploads\/2022\/07\/chiapas-fiscalia-migrantes-muertos.jpg?fit=1200%2C620&ssl=1&resize=525%2C300 1.5x, https:\/\/i0.wp.com\/mexicocodigorojo.com.mx\/wp-content\/uploads\/2022\/07\/chiapas-fiscalia-migrantes-muertos.jpg?fit=1200%2C620&ssl=1&resize=700%2C400 2x, https:\/\/i0.wp.com\/mexicocodigorojo.com.mx\/wp-content\/uploads\/2022\/07\/chiapas-fiscalia-migrantes-muertos.jpg?fit=1200%2C620&ssl=1&resize=1050%2C600 3x"},"classes":[]}],"jetpack_sharing_enabled":true,"jetpack_likes_enabled":true,"jetpack_shortlink":"https:\/\/wp.me\/p9TedA-6jd","_links":{"self":[{"href":"https:\/\/mexicocodigorojo.com.mx\/index.php?rest_route=\/wp\/v2\/posts\/24255","targetHints":{"allow":["GET"]}}],"collection":[{"href":"https:\/\/mexicocodigorojo.com.mx\/index.php?rest_route=\/wp\/v2\/posts"}],"about":[{"href":"https:\/\/mexicocodigorojo.com.mx\/index.php?rest_route=\/wp\/v2\/types\/post"}],"author":[{"embeddable":true,"href":"https:\/\/mexicocodigorojo.com.mx\/index.php?rest_route=\/wp\/v2\/users\/5"}],"replies":[{"embeddable":true,"href":"https:\/\/mexicocodigorojo.com.mx\/index.php?rest_route=%2Fwp%2Fv2%2Fcomments&post=24255"}],"version-history":[{"count":0,"href":"https:\/\/mexicocodigorojo.com.mx\/index.php?rest_route=\/wp\/v2\/posts\/24255\/revisions"}],"wp:featuredmedia":[{"embeddable":true,"href":"https:\/\/mexicocodigorojo.com.mx\/index.php?rest_route=\/wp\/v2\/media\/24256"}],"wp:attachment":[{"href":"https:\/\/mexicocodigorojo.com.mx\/index.php?rest_route=%2Fwp%2Fv2%2Fmedia&parent=24255"}],"wp:term":[{"taxonomy":"category","embeddable":true,"href":"https:\/\/mexicocodigorojo.com.mx\/index.php?rest_route=%2Fwp%2Fv2%2Fcategories&post=24255"},{"taxonomy":"post_tag","embeddable":true,"href":"https:\/\/mexicocodigorojo.com.mx\/index.php?rest_route=%2Fwp%2Fv2%2Ftags&post=24255"}],"curies":[{"name":"wp","href":"https:\/\/api.w.org\/{rel}","templated":true}]}}