{"id":24252,"date":"2019-09-26T13:23:29","date_gmt":"2019-09-26T18:23:29","guid":{"rendered":"https:\/\/mexicocodigorojo.com.mx\/?p=24252"},"modified":"2019-09-26T13:23:29","modified_gmt":"2019-09-26T18:23:29","slug":"no-habra-desaparicion-de-poderes-en-los-estados-segob","status":"publish","type":"post","link":"https:\/\/mexicocodigorojo.com.mx\/?p=24252","title":{"rendered":"No habr\u00e1 desaparici\u00f3n de poderes en los estados: Segob"},"content":{"rendered":"<h2 class=\"node-summary\">Olga S\u00e1nchez Cordero resalt\u00f3 que las propuestas de los partidos, de desaparecer poderes en Veracruz, Guanajuato y Tamaulipas, son posiciones pol\u00edticas de grupos parlamentarios<\/h2>\n<p>CIUDAD DE M\u00c9XICO.<\/p>\n<p class=\"letter-capitular\">Apesar de los altos \u00edndices de violencia que se viven, la secretaria de Gobernaci\u00f3n,\u00a0<strong>Olga S\u00e1nchez Cordero<\/strong>, asegur\u00f3 que no habr\u00e1\u00a0<strong>desaparici\u00f3n de poderes en Veracruz, Guanajuato y Tamaulipas<\/strong>\u00a0como propusieron algunos partidos pol\u00edticos en el Senado de la Rep\u00fablica.<\/p>\n<p>A\u00f1adi\u00f3 que se trata de posiciones pol\u00edticas de los grupos parlamentarios, al tiempo que enfatiz\u00f3 que hace muchas d\u00e9cadas que en el pa\u00eds no se vive una situaci\u00f3n de esta naturaleza.<\/p>\n<p>Tras participar, en el Foro Nacional: Reputaci\u00f3n, verdad, redes sociales y derechos humanos organizado por la Comisi\u00f3n Nacional de Derechos Humanos (CNDH), en entrevista, S\u00e1nchez Cordero se\u00f1al\u00f3: \u201cdesaparici\u00f3n de poderes es como desaparecer los tres Poderes y que la Federaci\u00f3n pr\u00e1cticamente tome el estado en una situaci\u00f3n, no van a desaparecer los poderes\u201d.<\/p>\n<p>Al preguntarle si considera, que esta propuesta legislativa, sea un\u00a0<strong>revanchismo pol\u00edtico<\/strong>, la secretaria de Gobernaci\u00f3n respondi\u00f3 negativamente.<\/p>\n<blockquote><p>No, no. Son temas pol\u00edticos entre los senadores\u201d, coment\u00f3.<\/p><\/blockquote>\n<p>Por otra parte, a cinco a\u00f1os de la desaparici\u00f3n de los\u00a0<strong>43 estudiantes de la Normal Rural \u201cRa\u00fal Isidro Burgos\u201d en Ayotzinapa<\/strong>, Guerrero, Olga S\u00e1nchez Cordero confirm\u00f3 que este jueves 26 de septiembre, el subsecretario de Derechos Humanos, Alejandro Encinas, presentar\u00e1 un informe detallado sobre los avances en dicha investigaci\u00f3n.<\/p>\n<p>Cabe se\u00f1alar que durante su participaci\u00f3n en el foro, S\u00e1nchez Cordero se\u00f1al\u00f3 que ante la desinformaci\u00f3n y los excesos que se dan en las redes sociales, la libertad de expresi\u00f3n debe prevalecer para mantener un equilibrio que beneficie a la sociedad.<\/p>\n<p>Enfatiz\u00f3 que es reprobable que cualquier funcionario utilice las redes sociales para promover discursos de odio o de divisi\u00f3n entre los mexicanos.<\/p>\n<blockquote><p>Las expresiones discriminatorias son reprobables en todos los casos, pero doblemente alarmantes cuando provienen de servidores p\u00fablicos, cuyo est\u00e1ndar de exigencia es naturalmente m\u00e1s alto\u201d, sentenci\u00f3.<\/p><\/blockquote>\n<p>Fuente: Excelsior<\/p>\n","protected":false},"excerpt":{"rendered":"<p>Olga S\u00e1nchez Cordero resalt\u00f3 que las propuestas de los partidos, de desaparecer poderes en Veracruz, Guanajuato y Tamaulipas, son posiciones pol\u00edticas de grupos parlamentarios CIUDAD DE M\u00c9XICO. Apesar de los altos \u00edndices de violencia que se viven, la secretaria de Gobernaci\u00f3n,\u00a0Olga S\u00e1nchez Cordero, asegur\u00f3 que no habr\u00e1\u00a0desaparici\u00f3n de poderes en Veracruz, Guanajuato y Tamaulipas\u00a0como propusieron [&hellip;]<\/p>\n","protected":false},"author":5,"featured_media":24253,"comment_status":"open","ping_status":"open","sticky":false,"template":"","format":"standard","meta":{"_uf_show_specific_survey":0,"_uf_disable_surveys":false,"advanced_seo_description":"","jetpack_seo_html_title":"","jetpack_seo_noindex":false,"jetpack_post_was_ever_published":false,"_jetpack_newsletter_access":"","_jetpack_dont_email_post_to_subs":false,"_jetpack_newsletter_tier_id":0,"_jetpack_memberships_contains_paywalled_content":false,"_jetpack_memberships_contains_paid_content":false,"footnotes":"","jetpack_publicize_message":"","jetpack_publicize_feature_enabled":true,"jetpack_social_post_already_shared":false,"jetpack_social_options":{"image_generator_settings":{"template":"highway","default_image_id":0,"font":"","enabled":false},"version":2}},"categories":[101],"tags":[643,45],"class_list":{"0":"post-24252","1":"post","2":"type-post","3":"status-publish","4":"format-standard","5":"has-post-thumbnail","7":"category-ciudad-de-mexico","8":"tag-olga-sanchez-cordero","9":"tag-politicos"},"jetpack_publicize_connections":[],"jetpack_featured_media_url":"https:\/\/i0.wp.com\/mexicocodigorojo.com.mx\/wp-content\/uploads\/2019\/09\/2225570.jpg?fit=664%2C498&ssl=1","jetpack-related-posts":[{"id":25418,"url":"https:\/\/mexicocodigorojo.com.mx\/?p=25418","url_meta":{"origin":24252,"position":0},"title":"SHEINBAUM COMO PR\u00d3XIMA PRESIDENTA: OLGA S\u00c1NCHEZ","author":"Staff","date":"octubre 15, 2019","format":false,"excerpt":"Al cuestionarle acerca de los ejemplos, S\u00e1nchez Cordero mencion\u00f3 los ejemplos de las candidatas que podr\u00edan llegar a la presidencia del pa\u00eds como Sheinbaum De acuerdo con la secretaria de gobierno,\u00a0Olga S\u00e1nchez Cordero, M\u00e9xico ya est\u00e1 listo para tener una\u00a0mujer presidenta\u00a0de la Rep\u00fablica, entre las cuales resalt\u00f3 a\u00a0Claudia Sheinbaum\u00a0y\u00a0Er\u00e9ndira Sandoval.\u2026","rel":"","context":"En \u00abCiudad de M\u00e9xico\u00bb","block_context":{"text":"Ciudad de M\u00e9xico","link":"https:\/\/mexicocodigorojo.com.mx\/?cat=101"},"img":{"alt_text":"","src":"https:\/\/i0.wp.com\/mexicocodigorojo.com.mx\/wp-content\/uploads\/2019\/10\/106_claudia_sheinbaum.jpg?fit=651%2C400&ssl=1&resize=350%2C200","width":350,"height":200,"srcset":"https:\/\/i0.wp.com\/mexicocodigorojo.com.mx\/wp-content\/uploads\/2019\/10\/106_claudia_sheinbaum.jpg?fit=651%2C400&ssl=1&resize=350%2C200 1x, https:\/\/i0.wp.com\/mexicocodigorojo.com.mx\/wp-content\/uploads\/2019\/10\/106_claudia_sheinbaum.jpg?fit=651%2C400&ssl=1&resize=525%2C300 1.5x"},"classes":[]},{"id":22347,"url":"https:\/\/mexicocodigorojo.com.mx\/?p=22347","url_meta":{"origin":24252,"position":1},"title":"Grupos armados buscan caminar hacia la paz: S\u00e1nchez Cordero","author":"Staff","date":"agosto 20, 2019","format":false,"excerpt":"La secretaria de Gobernaci\u00f3n, Olga S\u00e1nchez Cordero, revel\u00f3 que ha tenido contacto con grupos armados que tienen la intenci\u00f3n de \u201ccaminar hacia la pacificaci\u00f3n\u201d en el pa\u00eds. Tras participar en la reuni\u00f3n para definir el Cuarto Plan de Acci\u00f3n 2019-2021 de la Alianza para el Gobierno Abierto, la titular de\u2026","rel":"","context":"En \u00abCiudad de M\u00e9xico\u00bb","block_context":{"text":"Ciudad de M\u00e9xico","link":"https:\/\/mexicocodigorojo.com.mx\/?cat=101"},"img":{"alt_text":"","src":"https:\/\/i0.wp.com\/mexicocodigorojo.com.mx\/wp-content\/uploads\/2019\/08\/dba3af3cc253084da079e8f397af352a_XL.jpg?fit=900%2C520&ssl=1&resize=350%2C200","width":350,"height":200,"srcset":"https:\/\/i0.wp.com\/mexicocodigorojo.com.mx\/wp-content\/uploads\/2019\/08\/dba3af3cc253084da079e8f397af352a_XL.jpg?fit=900%2C520&ssl=1&resize=350%2C200 1x, https:\/\/i0.wp.com\/mexicocodigorojo.com.mx\/wp-content\/uploads\/2019\/08\/dba3af3cc253084da079e8f397af352a_XL.jpg?fit=900%2C520&ssl=1&resize=525%2C300 1.5x, https:\/\/i0.wp.com\/mexicocodigorojo.com.mx\/wp-content\/uploads\/2019\/08\/dba3af3cc253084da079e8f397af352a_XL.jpg?fit=900%2C520&ssl=1&resize=700%2C400 2x"},"classes":[]},{"id":22599,"url":"https:\/\/mexicocodigorojo.com.mx\/?p=22599","url_meta":{"origin":24252,"position":2},"title":"Olga S\u00e1nchez Cordero reitera que est\u00e1 firme en el cargo porque tiene la confianza del presidente AMLO","author":"Staff","date":"agosto 23, 2019","format":false,"excerpt":"La secretaria de Gobernaci\u00f3n,\u00a0Olga S\u00e1nchez Cordero, asegur\u00f3 que su puesto en el gabinete de L\u00f3pez Obrador est\u00e1 \"m\u00e1s firme que nunca\" La secretaria de Gobernaci\u00f3n,\u00a0Olga S\u00e1nchez Cordero, calific\u00f3 como \u201ctraviesos\u201d a sus adversarios y dijo que su puesto en el gabinete de\u00a0Andr\u00e9s Manuel L\u00f3pez Obrador\u00a0est\u00e1 \u201cm\u00e1s firme que nunca\u201d. Ante\u2026","rel":"","context":"En \u00abCiudad de M\u00e9xico\u00bb","block_context":{"text":"Ciudad de M\u00e9xico","link":"https:\/\/mexicocodigorojo.com.mx\/?cat=101"},"img":{"alt_text":"","src":"https:\/\/i0.wp.com\/mexicocodigorojo.com.mx\/wp-content\/uploads\/2019\/08\/olga-sanchez-cordero-segob-secretaria-de-gobernacion-2.jpg?fit=980%2C550&ssl=1&resize=350%2C200","width":350,"height":200,"srcset":"https:\/\/i0.wp.com\/mexicocodigorojo.com.mx\/wp-content\/uploads\/2019\/08\/olga-sanchez-cordero-segob-secretaria-de-gobernacion-2.jpg?fit=980%2C550&ssl=1&resize=350%2C200 1x, https:\/\/i0.wp.com\/mexicocodigorojo.com.mx\/wp-content\/uploads\/2019\/08\/olga-sanchez-cordero-segob-secretaria-de-gobernacion-2.jpg?fit=980%2C550&ssl=1&resize=525%2C300 1.5x, https:\/\/i0.wp.com\/mexicocodigorojo.com.mx\/wp-content\/uploads\/2019\/08\/olga-sanchez-cordero-segob-secretaria-de-gobernacion-2.jpg?fit=980%2C550&ssl=1&resize=700%2C400 2x"},"classes":[]},{"id":22765,"url":"https:\/\/mexicocodigorojo.com.mx\/?p=22765","url_meta":{"origin":24252,"position":3},"title":"Niega S\u00e1nchez Cordero que el Estado est\u00e9 rebasado por la inseguridad","author":"Staff","date":"agosto 30, 2019","format":false,"excerpt":"La titular de la Secretar\u00eda de Gobernaci\u00f3n (Segob), Olga S\u00e1nchez Cordero,\u00a0neg\u00f3 que\u00a0el Estado est\u00e9\u00a0rebasado por la inseguridad,\u00a0por el contrario, la atiende. Record\u00f3 que, incluso, desde la Presidencia de la Rep\u00fablica, se ha dicho que es una asignatura pendiente y se ha avanzado, \u201caunque no lo suficiente, pero estamos en eso;\u2026","rel":"","context":"En \u00abCiudad de M\u00e9xico\u00bb","block_context":{"text":"Ciudad de M\u00e9xico","link":"https:\/\/mexicocodigorojo.com.mx\/?cat=101"},"img":{"alt_text":"","src":"https:\/\/i0.wp.com\/mexicocodigorojo.com.mx\/wp-content\/uploads\/2019\/08\/2210274.jpg?fit=664%2C498&ssl=1&resize=350%2C200","width":350,"height":200,"srcset":"https:\/\/i0.wp.com\/mexicocodigorojo.com.mx\/wp-content\/uploads\/2019\/08\/2210274.jpg?fit=664%2C498&ssl=1&resize=350%2C200 1x, https:\/\/i0.wp.com\/mexicocodigorojo.com.mx\/wp-content\/uploads\/2019\/08\/2210274.jpg?fit=664%2C498&ssl=1&resize=525%2C300 1.5x"},"classes":[]},{"id":23820,"url":"https:\/\/mexicocodigorojo.com.mx\/?p=23820","url_meta":{"origin":24252,"position":4},"title":"Morena va por desaparecer poderes en Tamaulipas","author":"Staff","date":"septiembre 19, 2019","format":false,"excerpt":"Ricardo Monreal sostuvo que el Senado no puede ser un instrumento de golpeteo pol\u00edtico, adem\u00e1s de que hacer uso de este recurso lo \u00fanico que demuestra es una \u201cprofunda ignorancia\u201d Mientras que el grupo parlamentario del PAN en el Senado, anunci\u00f3 que solicitar\u00e1 la desaparici\u00f3n de poderes en Veracruz para\u2026","rel":"","context":"En \u00abCiudad de M\u00e9xico\u00bb","block_context":{"text":"Ciudad de M\u00e9xico","link":"https:\/\/mexicocodigorojo.com.mx\/?cat=101"},"img":{"alt_text":"","src":"https:\/\/i0.wp.com\/mexicocodigorojo.com.mx\/wp-content\/uploads\/2019\/09\/ricardo-monreal.jpg?fit=651%2C400&ssl=1&resize=350%2C200","width":350,"height":200,"srcset":"https:\/\/i0.wp.com\/mexicocodigorojo.com.mx\/wp-content\/uploads\/2019\/09\/ricardo-monreal.jpg?fit=651%2C400&ssl=1&resize=350%2C200 1x, https:\/\/i0.wp.com\/mexicocodigorojo.com.mx\/wp-content\/uploads\/2019\/09\/ricardo-monreal.jpg?fit=651%2C400&ssl=1&resize=525%2C300 1.5x"},"classes":[]},{"id":37129,"url":"https:\/\/mexicocodigorojo.com.mx\/?p=37129","url_meta":{"origin":24252,"position":5},"title":"Columna Armada acribilla a dos mujeres y a un ni\u00f1o; Peralta los defiende","author":"MexicoRojoCvmx","date":"abril 19, 2020","format":false,"excerpt":"Nuevamente en un acto de cobard\u00eda el grupo de autodefensas armado columna Pedro Jos\u00e9 M\u00e9ndez, el cual se mantiene enquistado en Hidalgo, Tamaulipas, bajo la sombra de autoridades estatales y nacionales, realiza una refriega en contra de la ciudadan\u00eda asentada en el ejido Buenavista. Hoy por la ma\u00f1ana, obedeciendo \u00f3rdenes\u2026","rel":"","context":"En \u00abFeatured\u00bb","block_context":{"text":"Featured","link":"https:\/\/mexicocodigorojo.com.mx\/?cat=1724"},"img":{"alt_text":"","src":"https:\/\/i0.wp.com\/mexicocodigorojo.com.mx\/wp-content\/uploads\/2020\/04\/EWApBx5WoAMvcAu.jpg?fit=1024%2C768&ssl=1&resize=350%2C200","width":350,"height":200,"srcset":"https:\/\/i0.wp.com\/mexicocodigorojo.com.mx\/wp-content\/uploads\/2020\/04\/EWApBx5WoAMvcAu.jpg?fit=1024%2C768&ssl=1&resize=350%2C200 1x, https:\/\/i0.wp.com\/mexicocodigorojo.com.mx\/wp-content\/uploads\/2020\/04\/EWApBx5WoAMvcAu.jpg?fit=1024%2C768&ssl=1&resize=525%2C300 1.5x, https:\/\/i0.wp.com\/mexicocodigorojo.com.mx\/wp-content\/uploads\/2020\/04\/EWApBx5WoAMvcAu.jpg?fit=1024%2C768&ssl=1&resize=700%2C400 2x"},"classes":[]}],"jetpack_sharing_enabled":true,"jetpack_likes_enabled":true,"jetpack_shortlink":"https:\/\/wp.me\/p9TedA-6ja","_links":{"self":[{"href":"https:\/\/mexicocodigorojo.com.mx\/index.php?rest_route=\/wp\/v2\/posts\/24252","targetHints":{"allow":["GET"]}}],"collection":[{"href":"https:\/\/mexicocodigorojo.com.mx\/index.php?rest_route=\/wp\/v2\/posts"}],"about":[{"href":"https:\/\/mexicocodigorojo.com.mx\/index.php?rest_route=\/wp\/v2\/types\/post"}],"author":[{"embeddable":true,"href":"https:\/\/mexicocodigorojo.com.mx\/index.php?rest_route=\/wp\/v2\/users\/5"}],"replies":[{"embeddable":true,"href":"https:\/\/mexicocodigorojo.com.mx\/index.php?rest_route=%2Fwp%2Fv2%2Fcomments&post=24252"}],"version-history":[{"count":0,"href":"https:\/\/mexicocodigorojo.com.mx\/index.php?rest_route=\/wp\/v2\/posts\/24252\/revisions"}],"wp:featuredmedia":[{"embeddable":true,"href":"https:\/\/mexicocodigorojo.com.mx\/index.php?rest_route=\/wp\/v2\/media\/24253"}],"wp:attachment":[{"href":"https:\/\/mexicocodigorojo.com.mx\/index.php?rest_route=%2Fwp%2Fv2%2Fmedia&parent=24252"}],"wp:term":[{"taxonomy":"category","embeddable":true,"href":"https:\/\/mexicocodigorojo.com.mx\/index.php?rest_route=%2Fwp%2Fv2%2Fcategories&post=24252"},{"taxonomy":"post_tag","embeddable":true,"href":"https:\/\/mexicocodigorojo.com.mx\/index.php?rest_route=%2Fwp%2Fv2%2Ftags&post=24252"}],"curies":[{"name":"wp","href":"https:\/\/api.w.org\/{rel}","templated":true}]}}