{"id":23889,"date":"2019-09-19T16:46:36","date_gmt":"2019-09-19T21:46:36","guid":{"rendered":"https:\/\/mexicocodigorojo.com.mx\/?p=23889"},"modified":"2019-09-19T16:46:36","modified_gmt":"2019-09-19T21:46:36","slug":"video-asi-quedo-colima-y-jalisco-tras-las-devastaciones-del-huracan-lorena","status":"publish","type":"post","link":"https:\/\/mexicocodigorojo.com.mx\/?p=23889","title":{"rendered":"Video; As\u00ed qued\u00f3 Colima y Jalisco tras las devastaciones del hurac\u00e1n &#8216;Lorena&#8217;"},"content":{"rendered":"<div class=\"newsfull__excerpt\">\n<p>Luego de que el\u00a0hurac\u00e1n &#8216;Lorena&#8217; categor\u00eda 1 pasara por los estados de Colima y Jalisco se registraron grandes inundaciones, adem\u00e1s de r\u00edos desbordados<\/p>\n<\/div>\n<div class=\"newsfull__line\">\n<div class=\"newsfull__meta\">\n<p>El <strong>hurac\u00e1n &#8216;Lorena&#8217; categor\u00eda\u00a0<\/strong>1 toc\u00f3 tierra en los estados de Colima y Jalisco, dejando grandes devastaciones como inundaciones y deslaves.<\/p>\n<div class=\"banner\">\n<p>Algunas personas que vivieron el paso de este\u00a0fen\u00f3meno natural compartieron impactantes im\u00e1genes de las\u00a0<strong>lluvias<\/strong>\u00a0provocadas por &#8216;Lorena&#8217;.<\/p>\n<div>\n<div>\n<div id=\"twitter-5\" class=\"ck-twitter\">\n<blockquote class=\"twitter-tweet twitter-tweet-error\" data-twitter-extracted-i1568929383131284776=\"true\">\n<p dir=\"ltr\" lang=\"es\">El Paso de\u00a0<a href=\"https:\/\/twitter.com\/hashtag\/Lorena?src=hash&amp;ref_src=twsrc%5Etfw\">#Lorena<\/a>\u00a0por\u00a0<a href=\"https:\/\/twitter.com\/hashtag\/Manzanillo?src=hash&amp;ref_src=twsrc%5Etfw\">#Manzanillo<\/a>\u00a0<a href=\"https:\/\/t.co\/8lLkH2lilV\">pic.twitter.com\/8lLkH2lilV<\/a><\/p>\n<p>\u2014 Fernando Castillo (@skidder89)\u00a0<a href=\"https:\/\/twitter.com\/skidder89\/status\/1174750220254466048?ref_src=twsrc%5Etfw\">September 19, 2019<\/a><\/p><\/blockquote>\n<\/div>\n<\/div>\n<\/div>\n<div>\n<div id=\"twitter-26\" class=\"ck-twitter\">\n<blockquote class=\"twitter-tweet twitter-tweet-error\" data-twitter-extracted-i1568929383131284776=\"true\">\n<p dir=\"ltr\" lang=\"es\"><a href=\"https:\/\/twitter.com\/hashtag\/19Septiembre?src=hash&amp;ref_src=twsrc%5Etfw\">#19Septiembre<\/a>\u00a0<a href=\"https:\/\/twitter.com\/hashtag\/Lorena?src=hash&amp;ref_src=twsrc%5Etfw\">#Lorena<\/a>\u00a0<a href=\"https:\/\/twitter.com\/hashtag\/HuracanLorena?src=hash&amp;ref_src=twsrc%5Etfw\">#HuracanLorena<\/a>\u00a0<a href=\"https:\/\/twitter.com\/hashtag\/PuertoVallarta?src=hash&amp;ref_src=twsrc%5Etfw\">#PuertoVallarta<\/a><br \/>\nCalle Morelos, frente a Pueblo Viejo.\u00a0<a href=\"https:\/\/t.co\/rOfAvs8ATW\">pic.twitter.com\/rOfAvs8ATW<\/a><\/p>\n<p>\u2014 Sa\u00fal Robles\ufffd\ufffd (@chuforobles)\u00a0<a href=\"https:\/\/twitter.com\/chuforobles\/status\/1174688251522609152?ref_src=twsrc%5Etfw\">September 19, 2019<\/a><\/p><\/blockquote>\n<\/div>\n<\/div>\n<p>El\u00a0<strong>arroyo Santiago\u00a0<\/strong>de Manzanillo fue uno de los que se desbordaron, alczandose con ello el nivel del agua los 40 cent\u00edmetros por las calles aleda\u00f1as.<\/p>\n<div>\n<div id=\"undefined\" class=\"ck-twitter\">\n<blockquote class=\"twitter-tweet twitter-tweet-error\" data-twitter-extracted-i1568929383131284776=\"true\">\n<p dir=\"ltr\" lang=\"es\"><a href=\"https:\/\/twitter.com\/hashtag\/Hurac%C3%A1nLorena?src=hash&amp;ref_src=twsrc%5Etfw\">#Hurac\u00e1nLorena<\/a><br \/>\nHoy por la ma\u00f1ana, fue captado el r\u00edo Marabasco en su m\u00e1xima capacidad; imagen tomada desde Cihuatl\u00e1n, Jalisco\u00a0<a href=\"https:\/\/t.co\/ea9ZmOIbK6\">pic.twitter.com\/ea9ZmOIbK6<\/a><\/p>\n<p>\u2014 Diario de Colima (@Diario_deColima)\u00a0<a href=\"https:\/\/twitter.com\/Diario_deColima\/status\/1174694232663220224?ref_src=twsrc%5Etfw\">September 19, 2019<\/a><\/p><\/blockquote>\n<\/div>\n<\/div>\n<div>\n<div id=\"instagram-66\" class=\"ck-instagram\"><iframe id=\"instagram-embed-0\" class=\"instagram-media instagram-media-rendered\" src=\"https:\/\/www.instagram.com\/p\/B2lTLcYF8ll\/embed\/captioned\/?cr=1&amp;v=12&amp;wp=690&amp;rd=https%3A%2F%2Fwww.tribuna.com.mx&amp;rp=%2Fmexico%2FVIDEO-Asi-quedo-Colima-y-Jalisco-tras-las-devastaciones-del-huracan-Lorena-20190919-0073.html%3Futm_source%3Dpushnotificactions%26utm_medium%3Dcms%26utm_campaign%3Dnoticias_push#%7B%22ci%22%3A0%2C%22os%22%3A1140.2650000090944%7D\" height=\"1133\" frameborder=\"0\" scrolling=\"no\" allowfullscreen=\"allowfullscreen\" data-instgrm-payload-id=\"instagram-media-payload-0\"><\/iframe><\/div>\n<\/div>\n<p>Cultivos de pl\u00e1tano tambi\u00e9n se muestran severamente afectados por los fuertes vientos al paso del hurac\u00e1n en Cihuatl\u00e1n Jalisco.<\/p>\n<div>\n<div id=\"twitter-16\" class=\"ck-twitter\">\n<blockquote class=\"twitter-tweet twitter-tweet-error\" data-twitter-extracted-i1568929383131284776=\"true\">\n<p dir=\"ltr\" lang=\"es\">Cultivos de\u00a0<a href=\"https:\/\/twitter.com\/hashtag\/pl%C3%A1tano?src=hash&amp;ref_src=twsrc%5Etfw\">#pl\u00e1tano<\/a>\u00a0afectados por los fuertes\u00a0<a href=\"https:\/\/twitter.com\/hashtag\/vientos?src=hash&amp;ref_src=twsrc%5Etfw\">#vientos<\/a>\u00a0al paso del\u00a0<a href=\"https:\/\/twitter.com\/hashtag\/Hurac%C3%A1n?src=hash&amp;ref_src=twsrc%5Etfw\">#Hurac\u00e1n<\/a>\u00a0<a href=\"https:\/\/twitter.com\/hashtag\/Lorena?src=hash&amp;ref_src=twsrc%5Etfw\">#Lorena<\/a>\u00a0en\u00a0<a href=\"https:\/\/twitter.com\/hashtag\/Cihuatl%C3%A1n?src=hash&amp;ref_src=twsrc%5Etfw\">#Cihuatl\u00e1n<\/a>\u00a0<a href=\"https:\/\/twitter.com\/hashtag\/Jalisco?src=hash&amp;ref_src=twsrc%5Etfw\">#Jalisco<\/a>\u00a0Los productores se manifiestan preocupados por la situaci\u00f3n econ\u00f3mica que se avecina en el corto plazo\u00a0<a href=\"https:\/\/t.co\/K7nwNaS6pN\">pic.twitter.com\/K7nwNaS6pN<\/a><\/p>\n<p>\u2014 CABECERA \/ EL TIMBRE (@cabeceramx)\u00a0<a href=\"https:\/\/twitter.com\/cabeceramx\/status\/1174693276768710658?ref_src=twsrc%5Etfw\">September 19, 2019<\/a><\/p><\/blockquote>\n<\/div>\n<\/div>\n<div class=\"sources\">\n<p>Esta nota incluye informaci\u00f3n de:\u00a0<span class=\"sources__name\">L\u00ednea Directa<\/span><\/p>\n<\/div>\n<\/div>\n<\/div>\n<\/div>\n","protected":false},"excerpt":{"rendered":"<p>Luego de que el\u00a0hurac\u00e1n &#8216;Lorena&#8217; categor\u00eda 1 pasara por los estados de Colima y Jalisco se registraron grandes inundaciones, adem\u00e1s de r\u00edos desbordados El hurac\u00e1n &#8216;Lorena&#8217; categor\u00eda\u00a01 toc\u00f3 tierra en los estados de Colima y Jalisco, dejando grandes devastaciones como inundaciones y deslaves. Algunas personas que vivieron el paso de este\u00a0fen\u00f3meno natural compartieron impactantes im\u00e1genes [&hellip;]<\/p>\n","protected":false},"author":5,"featured_media":23890,"comment_status":"open","ping_status":"open","sticky":false,"template":"","format":"standard","meta":{"_uf_show_specific_survey":0,"_uf_disable_surveys":false,"advanced_seo_description":"","jetpack_seo_html_title":"","jetpack_seo_noindex":false,"jetpack_post_was_ever_published":false,"_jetpack_newsletter_access":"","_jetpack_dont_email_post_to_subs":false,"_jetpack_newsletter_tier_id":0,"_jetpack_memberships_contains_paywalled_content":false,"_jetpack_memberships_contains_paid_content":false,"footnotes":"","jetpack_publicize_message":"","jetpack_publicize_feature_enabled":true,"jetpack_social_post_already_shared":false,"jetpack_social_options":{"image_generator_settings":{"template":"highway","default_image_id":0,"font":"","enabled":false},"version":2}},"categories":[104,8],"tags":[218],"class_list":{"0":"post-23889","1":"post","2":"type-post","3":"status-publish","4":"format-standard","5":"has-post-thumbnail","7":"category-colima","8":"category-jalisco","9":"tag-huracanes"},"jetpack_publicize_connections":[],"jetpack_featured_media_url":"https:\/\/i0.wp.com\/mexicocodigorojo.com.mx\/wp-content\/uploads\/2019\/09\/huracan1.jpg_112278454.jpg?fit=1069%2C563&ssl=1","jetpack-related-posts":[{"id":23757,"url":"https:\/\/mexicocodigorojo.com.mx\/?p=23757","url_meta":{"origin":23889,"position":0},"title":"Se forman tormentas tropicales Lorena y Mario en el Pac\u00edfico","author":"Staff","date":"septiembre 18, 2019","format":false,"excerpt":"Los fen\u00f3menos se mantendr\u00e1n en estrecha vigilancia durante las pr\u00f3ximos d\u00edas en el Pac\u00edfico mexicano Mientras que el hurac\u00e1n Kiko cada vez se aleja m\u00e1s del territorio nacional, en el oc\u00e9ano Pac\u00edfico se formaron durante las primeras horas de ayer la tormenta tropical Lorena y la tormenta tropical Mario. El\u2026","rel":"","context":"En \u00abCiudad de M\u00e9xico\u00bb","block_context":{"text":"Ciudad de M\u00e9xico","link":"https:\/\/mexicocodigorojo.com.mx\/?cat=101"},"img":{"alt_text":"","src":"https:\/\/i0.wp.com\/mexicocodigorojo.com.mx\/wp-content\/uploads\/2019\/09\/clima_sinaloa.jpg_219914347.jpg?fit=960%2C540&ssl=1&resize=350%2C200","width":350,"height":200,"srcset":"https:\/\/i0.wp.com\/mexicocodigorojo.com.mx\/wp-content\/uploads\/2019\/09\/clima_sinaloa.jpg_219914347.jpg?fit=960%2C540&ssl=1&resize=350%2C200 1x, https:\/\/i0.wp.com\/mexicocodigorojo.com.mx\/wp-content\/uploads\/2019\/09\/clima_sinaloa.jpg_219914347.jpg?fit=960%2C540&ssl=1&resize=525%2C300 1.5x, https:\/\/i0.wp.com\/mexicocodigorojo.com.mx\/wp-content\/uploads\/2019\/09\/clima_sinaloa.jpg_219914347.jpg?fit=960%2C540&ssl=1&resize=700%2C400 2x"},"classes":[]},{"id":7002,"url":"https:\/\/mexicocodigorojo.com.mx\/?p=7002","url_meta":{"origin":23889,"position":1},"title":"Comisi\u00f3n Nacional del Agua  Prev\u00e9n tormentas intensas en Nayarit, Jalisco, Colima, Michoac\u00e1n y Guerrero, debido a Willa y Vicente","author":"Staff","date":"octubre 22, 2018","format":false,"excerpt":"Comisi\u00f3n Nacional del Agua Prev\u00e9n tormentas intensas en Nayarit, Jalisco, Colima, Michoac\u00e1n y Guerrero, debido a Willa y Vicente Rachas de vientos superiores a 100 km\/h y oleaje mayor a 5.4 metros, con posibles trombas marinas, se prev\u00e9n frente a Sinaloa, Nayarit, Jalisco, Colima y Michoac\u00e1n. Comisi\u00f3n Nacional del Agua\u2026","rel":"","context":"En \u00abColima\u00bb","block_context":{"text":"Colima","link":"https:\/\/mexicocodigorojo.com.mx\/?cat=104"},"img":{"alt_text":"","src":"https:\/\/i0.wp.com\/mexicocodigorojo.com.mx\/wp-content\/uploads\/2018\/10\/img-20181022-wa0047-1363800860.jpg?resize=350%2C200&ssl=1","width":350,"height":200,"srcset":"https:\/\/i0.wp.com\/mexicocodigorojo.com.mx\/wp-content\/uploads\/2018\/10\/img-20181022-wa0047-1363800860.jpg?resize=350%2C200&ssl=1 1x, https:\/\/i0.wp.com\/mexicocodigorojo.com.mx\/wp-content\/uploads\/2018\/10\/img-20181022-wa0047-1363800860.jpg?resize=525%2C300&ssl=1 1.5x, https:\/\/i0.wp.com\/mexicocodigorojo.com.mx\/wp-content\/uploads\/2018\/10\/img-20181022-wa0047-1363800860.jpg?resize=700%2C400&ssl=1 2x, https:\/\/i0.wp.com\/mexicocodigorojo.com.mx\/wp-content\/uploads\/2018\/10\/img-20181022-wa0047-1363800860.jpg?resize=1050%2C600&ssl=1 3x"},"classes":[]},{"id":23906,"url":"https:\/\/mexicocodigorojo.com.mx\/?p=23906","url_meta":{"origin":23889,"position":2},"title":"&#8216;Imelda&#8217; inunda Texas y mata a joven con un rayo","author":"Staff","date":"septiembre 20, 2019","format":false,"excerpt":"La tormenta tropical 'Imelda' azot\u00f3 las costas de Texas el d\u00eda de martes y caus\u00f3 inundaciones \"catastr\u00f3ficas\"; un joven muri\u00f3 despu\u00e9s de ser alcanzado por un rayo mientras intentaba rescatar a varias paersonas atrapadas Texas, Estados Unidos.- El\u00a0Servicio Meteorol\u00f3gico Nacional de Estados Unidos\u00a0(NWS, por sus siglas en ingl\u00e9s) inform\u00f3 que\u2026","rel":"","context":"En \u00abInternacional\u00bb","block_context":{"text":"Internacional","link":"https:\/\/mexicocodigorojo.com.mx\/?cat=14"},"img":{"alt_text":"","src":"https:\/\/i0.wp.com\/mexicocodigorojo.com.mx\/wp-content\/uploads\/2019\/09\/2_27.jpg_112278454.jpg?fit=1069%2C563&ssl=1&resize=350%2C200","width":350,"height":200,"srcset":"https:\/\/i0.wp.com\/mexicocodigorojo.com.mx\/wp-content\/uploads\/2019\/09\/2_27.jpg_112278454.jpg?fit=1069%2C563&ssl=1&resize=350%2C200 1x, https:\/\/i0.wp.com\/mexicocodigorojo.com.mx\/wp-content\/uploads\/2019\/09\/2_27.jpg_112278454.jpg?fit=1069%2C563&ssl=1&resize=525%2C300 1.5x, https:\/\/i0.wp.com\/mexicocodigorojo.com.mx\/wp-content\/uploads\/2019\/09\/2_27.jpg_112278454.jpg?fit=1069%2C563&ssl=1&resize=700%2C400 2x, https:\/\/i0.wp.com\/mexicocodigorojo.com.mx\/wp-content\/uploads\/2019\/09\/2_27.jpg_112278454.jpg?fit=1069%2C563&ssl=1&resize=1050%2C600 3x"},"classes":[]},{"id":38922,"url":"https:\/\/mexicocodigorojo.com.mx\/?p=38922","url_meta":{"origin":23889,"position":3},"title":"Libreran a tres de los siete polic\u00edas de Colima desaparecidos en Jalisco","author":"Staff","date":"junio 1, 2020","format":false,"excerpt":"La noche del s\u00e1bado aparecieron con vida tres de los siete agentes estatales de Colima y dos civiles que\u00a0hab\u00edan sido privados de su libertad el jueves pasado, luego de su incursi\u00f3n en el estado de Jalisco. Mediante un comunicado, la Secretar\u00eda de Seguridad P\u00fablica (SSP) de Colima inform\u00f3 que son\u2026","rel":"","context":"En \u00abJalisco\u00bb","block_context":{"text":"Jalisco","link":"https:\/\/mexicocodigorojo.com.mx\/?cat=8"},"img":{"alt_text":"","src":"https:\/\/i0.wp.com\/mexicocodigorojo.com.mx\/wp-content\/uploads\/2020\/06\/camionetas-colima-870x522-1.jpg?fit=870%2C522&ssl=1&resize=350%2C200","width":350,"height":200,"srcset":"https:\/\/i0.wp.com\/mexicocodigorojo.com.mx\/wp-content\/uploads\/2020\/06\/camionetas-colima-870x522-1.jpg?fit=870%2C522&ssl=1&resize=350%2C200 1x, https:\/\/i0.wp.com\/mexicocodigorojo.com.mx\/wp-content\/uploads\/2020\/06\/camionetas-colima-870x522-1.jpg?fit=870%2C522&ssl=1&resize=525%2C300 1.5x, https:\/\/i0.wp.com\/mexicocodigorojo.com.mx\/wp-content\/uploads\/2020\/06\/camionetas-colima-870x522-1.jpg?fit=870%2C522&ssl=1&resize=700%2C400 2x"},"classes":[]},{"id":55331,"url":"https:\/\/mexicocodigorojo.com.mx\/?p=55331","url_meta":{"origin":23889,"position":4},"title":"\u00a1Arde Colima en inseguridad! Gobernadora de MORENA no puede","author":"MexicoRojoCvmx","date":"enero 17, 2023","format":false,"excerpt":"La violencia en el pa\u00eds sigue incrementando, y durante los primeros d\u00edas de este 2023 el homicidio doloso se incrementa, as\u00ed como los registros s\u00e9 su incremento durante 2022 en siete entidades federativas gobernadas por MORENA en comparaci\u00f3n con 2021, aunque descendi\u00f3 7.1 por ciento a nivel nacional. De acuerdo\u2026","rel":"","context":"En \u00abFeatured\u00bb","block_context":{"text":"Featured","link":"https:\/\/mexicocodigorojo.com.mx\/?cat=1724"},"img":{"alt_text":"","src":"https:\/\/i0.wp.com\/mexicocodigorojo.com.mx\/wp-content\/uploads\/2023\/01\/TPMKOHO25RFB7GMQH3BYQ2KNOQ.jpeg?fit=800%2C447&ssl=1&resize=350%2C200","width":350,"height":200,"srcset":"https:\/\/i0.wp.com\/mexicocodigorojo.com.mx\/wp-content\/uploads\/2023\/01\/TPMKOHO25RFB7GMQH3BYQ2KNOQ.jpeg?fit=800%2C447&ssl=1&resize=350%2C200 1x, https:\/\/i0.wp.com\/mexicocodigorojo.com.mx\/wp-content\/uploads\/2023\/01\/TPMKOHO25RFB7GMQH3BYQ2KNOQ.jpeg?fit=800%2C447&ssl=1&resize=525%2C300 1.5x, https:\/\/i0.wp.com\/mexicocodigorojo.com.mx\/wp-content\/uploads\/2023\/01\/TPMKOHO25RFB7GMQH3BYQ2KNOQ.jpeg?fit=800%2C447&ssl=1&resize=700%2C400 2x"},"classes":[]},{"id":60672,"url":"https:\/\/mexicocodigorojo.com.mx\/?p=60672","url_meta":{"origin":23889,"position":5},"title":"Se forma gran Cicl\u00f3n Tropical en costas de Oaxaca y Guerrero","author":"MCR","date":"mayo 16, 2024","format":false,"excerpt":"El Servicio Meteorol\u00f3gico Nacional (SMN) inform\u00f3 que se prev\u00e9 la formaci\u00f3n de una zona de inestable atmosf\u00e9rica con probabilidad del 40% por desarrollo cicl\u00f3nico en 7 d\u00edas al sur de las costas de Guerrero, Oaxaca y Chiapas, esto suceder\u00e1 el pr\u00f3ximo 23 de mayo. Se estima que dicho cicl\u00f3n tropical\u2026","rel":"","context":"En \u00abCiudad de M\u00e9xico\u00bb","block_context":{"text":"Ciudad de M\u00e9xico","link":"https:\/\/mexicocodigorojo.com.mx\/?cat=101"},"img":{"alt_text":"","src":"https:\/\/i0.wp.com\/mexicocodigorojo.com.mx\/wp-content\/uploads\/2024\/05\/f425x230-941489_955471_0.jpg?fit=425%2C230&ssl=1&resize=350%2C200","width":350,"height":200},"classes":[]}],"jetpack_sharing_enabled":true,"jetpack_likes_enabled":true,"jetpack_shortlink":"https:\/\/wp.me\/p9TedA-6dj","_links":{"self":[{"href":"https:\/\/mexicocodigorojo.com.mx\/index.php?rest_route=\/wp\/v2\/posts\/23889","targetHints":{"allow":["GET"]}}],"collection":[{"href":"https:\/\/mexicocodigorojo.com.mx\/index.php?rest_route=\/wp\/v2\/posts"}],"about":[{"href":"https:\/\/mexicocodigorojo.com.mx\/index.php?rest_route=\/wp\/v2\/types\/post"}],"author":[{"embeddable":true,"href":"https:\/\/mexicocodigorojo.com.mx\/index.php?rest_route=\/wp\/v2\/users\/5"}],"replies":[{"embeddable":true,"href":"https:\/\/mexicocodigorojo.com.mx\/index.php?rest_route=%2Fwp%2Fv2%2Fcomments&post=23889"}],"version-history":[{"count":0,"href":"https:\/\/mexicocodigorojo.com.mx\/index.php?rest_route=\/wp\/v2\/posts\/23889\/revisions"}],"wp:featuredmedia":[{"embeddable":true,"href":"https:\/\/mexicocodigorojo.com.mx\/index.php?rest_route=\/wp\/v2\/media\/23890"}],"wp:attachment":[{"href":"https:\/\/mexicocodigorojo.com.mx\/index.php?rest_route=%2Fwp%2Fv2%2Fmedia&parent=23889"}],"wp:term":[{"taxonomy":"category","embeddable":true,"href":"https:\/\/mexicocodigorojo.com.mx\/index.php?rest_route=%2Fwp%2Fv2%2Fcategories&post=23889"},{"taxonomy":"post_tag","embeddable":true,"href":"https:\/\/mexicocodigorojo.com.mx\/index.php?rest_route=%2Fwp%2Fv2%2Ftags&post=23889"}],"curies":[{"name":"wp","href":"https:\/\/api.w.org\/{rel}","templated":true}]}}