{"id":21570,"date":"2019-08-08T22:12:17","date_gmt":"2019-08-08T22:12:17","guid":{"rendered":"https:\/\/mexicocodigorojo.com.mx\/?p=21570"},"modified":"2019-08-08T22:12:17","modified_gmt":"2019-08-08T22:12:17","slug":"grupo-indigena-en-chiapas-libero-a-cinco-policias-que-tenian-secuestrados","status":"publish","type":"post","link":"https:\/\/mexicocodigorojo.com.mx\/?p=21570","title":{"rendered":"Grupo ind\u00edgena en Chiapas liber\u00f3 a cinco polic\u00edas que ten\u00edan secuestrados"},"content":{"rendered":"<div id=\"fpTboi1VyFP4lr\" class=\"wrapper clearfix col-lg-12 pb-feature pb-layout-item pb-f-article-header col-md-12 col-sm-12 col-xs-12 no-align\">\n<div class=\"row\">\n<header class=\"article-header hed-first col-sm-12\"><span class=\"subheadline\">La organizaci\u00f3n nombrada Frente Nacional de Lucha por el Socialismo (FNLS) tom\u00f3 a cinco agentes como rehenes para negociar con el gobierno de Rutilio Escand\u00f3n la liberaci\u00f3n de Javier Gonz\u00e1lez D\u00edaz, l\u00edder de la agrupaci\u00f3n<\/span><\/header>\n<\/div>\n<\/div>\n<div class=\"byline col-xs-12 col-print-12\"><\/div>\n<div>\n<div class=\"row pb-content-type-text\">\n<div class=\"col-xs-12 col-print-12\">\n<p class=\"element element-paragraph\">En la\u00a0<strong>comunidad de R\u00edo Florido<\/strong>, en el estado de Chiapas, un grupo de pobladores pertenecientes a la organizaci\u00f3n\u00a0<strong>Frente Nacional de Lucha por el Socialismo (FNLS)<\/strong>liber\u00f3 este mi\u00e9rcoles a<strong>\u00a0cinco polic\u00edas que hab\u00edan sido retenidos<\/strong>\u00a0desde el pasado\u00a0<strong>18 de julio.<\/strong><\/p>\n<\/div>\n<\/div>\n<div class=\"row pb-content-type-text\">\n<div class=\"col-xs-12 col-print-12\">\n<p class=\"element element-paragraph\">Los polic\u00edas fueron\u00a0<strong>privados de su libertad\u00a0en la carretera federal<\/strong>\u00a0San Crist\u00f3bal de Las Casas-Ocosingo en un<strong>\u00a0ret\u00e9n instalado<\/strong>\u00a0por integrantes del FNLS, quienes\u00a0<strong>tomaron a los agentes como rehenes<\/strong>\u00a0para\u00a0<strong>negociar con el gobierno<\/strong>\u00a0del izquierdista\u00a0<strong>Rutilio Escand\u00f3n<\/strong>la liberaci\u00f3n de Javier Gonz\u00e1lez D\u00edaz,\u00a0<strong>l\u00edder de la agrupaci\u00f3n.<\/strong><\/p>\n<\/div>\n<\/div>\n<div class=\"row pb-content-type-text\">\n<div class=\"col-xs-12 col-print-12\">\n<p class=\"element element-paragraph\">Este mi\u00e9rcoles por la tarde\u00a0<strong>fueron liberados en buen estado f\u00edsico<\/strong>\u00a0Bernal Hern\u00e1ndez Alt\u00fanar, Fredy S\u00e1nchez Garc\u00eda y Carlos Enrique Gordillo Aguilar, de la\u00a0<strong>Secretar\u00eda de Seguridad y Protecci\u00f3n Ciudadana de Chiapas<\/strong>, y Jos\u00e9 Luis Tondop\u00f3 Medina y Fernando Tondop\u00f3, de la\u00a0<strong>Fiscal\u00eda General del Estado.<\/strong><\/p>\n<\/div>\n<\/div>\n<div class=\"row pb-content-type-text\">\n<div class=\"col-xs-12 col-print-12\">\n<p class=\"element element-paragraph\">Los pobladores\u00a0<strong>se\u00f1alaron minutos antes de la liberaci\u00f3n<\/strong>\u00a0que esta acci\u00f3n es un\u00a0<strong>acto de buena voluntad<\/strong>\u00a0para que el gobierno estatal libere a Gonz\u00e1lez D\u00edaz y borre su expediente.<\/p>\n<\/div>\n<\/div>\n<div class=\"row pb-content-type-image\">\n<div id=\"\" class=\"wrapper clearfix pb-feature pb-layout-item pb-f-ads-dfp left-align\">\n<div id=\"inline\" class=\"ad-slot\"><\/div>\n<\/div>\n<figure class=\"element element-image col-xs-12\">\n<div class=\"single-image\">\n<div class=\"shares\">\n<div class=\"share-button facebook\" data-url=\"https:\/\/www.infobae.com\/america\/mexico\/2019\/08\/08\/grupo-indigena-en-chiapas-libero-a-cinco-policias-que-tenian-secuestrados-desde-el-18-de-julio\/%23M2BBJOZVD5B77N3XDY6C6JNM7M\" data-original=\"https:\/\/s3.amazonaws.com\/arc-wordpress-client-uploads\/infobae-wp\/wp-content\/uploads\/2019\/08\/07235439\/frente-socialista-polic%C3%ADas-2.jpg\"><\/div>\n<\/div>\n<p><img data-recalc-dims=\"1\" decoding=\"async\" id=\"M2BBJOZVD5B77N3XDY6C6JNM7M\" class=\"image-lazy\" src=\"https:\/\/i0.wp.com\/www.infobae.com\/new-resizer\/3cLPmofred8KlIEmVfuNCG0IQf4%3D\/750x0\/filters%3Aquality%28100%29\/s3.amazonaws.com\/arc-wordpress-client-uploads\/infobae-wp\/wp-content\/uploads\/2019\/08\/07235439\/frente-socialista-polic%C3%ADas-2.jpg?w=696&#038;ssl=1\" alt=\"El momento en el que los polic\u00edas pudieron reencontrarse con sus familiares (Foto: Twitter)\"   data-url=\"https:\/\/www.infobae.com\/america\/mexico\/2019\/08\/08\/grupo-indigena-en-chiapas-libero-a-cinco-policias-que-tenian-secuestrados-desde-el-18-de-julio\/%23M2BBJOZVD5B77N3XDY6C6JNM7M\" data-original=\"https:\/\/www.infobae.com\/new-resizer\/3cLPmofred8KlIEmVfuNCG0IQf4=\/750x0\/filters:quality(100)\/s3.amazonaws.com\/arc-wordpress-client-uploads\/infobae-wp\/wp-content\/uploads\/2019\/08\/07235439\/frente-socialista-polic%C3%ADas-2.jpg\" \/><\/div><figcaption class=\"\"><span class=\"credit\">El momento en el que los polic\u00edas pudieron reencontrarse con sus familiares (Foto: Twitter)<\/span><\/figcaption><\/figure>\n<\/div>\n<div class=\"row pb-content-type-text\">\n<div class=\"col-xs-12 col-print-12\">\n<p class=\"element element-paragraph\">\u00abEl<strong>\u00a0FNLS como muestra de voluntad pol\u00edtica<\/strong>\u00a0y en un<strong>\u00a0acto de humanismo proletario<\/strong>decide liberar a los cinco polic\u00edas retenidos\u00bb, dijo un vocero del Frente.<\/p>\n<\/div>\n<\/div>\n<div class=\"row pb-content-type-text\">\n<div class=\"col-xs-12 col-print-12\">\n<p class=\"element element-paragraph\">Afirmaron que ante el pueblo<strong>\u00a0queda demostrado que los gobiernos<\/strong>\u00a0federal y estatal se han<strong>\u00a0manifestado como enemigos<\/strong>\u00a0\u00aba trav\u00e9s de sus\u00a0<strong>fuerzas polic\u00edaca y militar<\/strong>\u00a0que hostigan, persiguen, esp\u00edan y\u00a0<strong>detienen de manera arbitraria, torturan<\/strong>, asesinan y desaparecen a los hijos del pueblo\u00bb.<\/p>\n<\/div>\n<\/div>\n<div class=\"row pb-content-type-text\">\n<div class=\"col-xs-12 col-print-12\">\n<p class=\"element element-paragraph\">\u00abAnte\u00a0<strong>semejante aberraci\u00f3n<\/strong>\u00a0los<strong>\u00a0oprimidos tenemos el derecho leg\u00edtimo a defendernos.<\/strong>\u00a0Ante semejante bajeza,\u00a0<strong>el pueblo no se quedar\u00e1 de brazos cruzados<\/strong>cuando se atenta contra la vida de un hijo del pueblo\u00bb, agregaron.<\/p>\n<\/div>\n<\/div>\n<div class=\"row pb-content-type-text\">\n<div class=\"col-xs-12 col-print-12\">\n<p class=\"element element-paragraph\">Manifestaron que<strong>\u00a0no descansar\u00e1n en exigir la libertad<\/strong>\u00a0inmediata<strong>\u00a0de sus compa\u00f1eros<\/strong>Javier Gonz\u00e1lez y Fidencio G\u00f3mez S\u00e1ntiz, y justicia por las muertes de Humberto Morales S\u00e1ntiz, Mario Moreno L\u00f3pez, V\u00edctor Alfonso P\u00e9rez L\u00f3pez y H\u00e9ctor S\u00e1ntiz L\u00f3pez, presuntamente ejecutados.<\/p>\n<\/div>\n<\/div>\n<div class=\"row pb-content-type-image\">\n<figure class=\"element element-image col-xs-12\">\n<div class=\"single-image\">\n<div class=\"shares\">\n<div class=\"share-button facebook\" data-url=\"https:\/\/www.infobae.com\/america\/mexico\/2019\/08\/08\/grupo-indigena-en-chiapas-libero-a-cinco-policias-que-tenian-secuestrados-desde-el-18-de-julio\/%23D6VWBDTIFVFM5E3DK4C3I6OIIA\" data-original=\"https:\/\/s3.amazonaws.com\/arc-wordpress-client-uploads\/infobae-wp\/wp-content\/uploads\/2019\/08\/07235431\/frente-socialista-polic%C3%ADas-1.jpg\"><\/div>\n<\/div>\n<p><img data-recalc-dims=\"1\" decoding=\"async\" id=\"D6VWBDTIFVFM5E3DK4C3I6OIIA\" class=\"image-lazy\" src=\"https:\/\/i0.wp.com\/www.infobae.com\/new-resizer\/i31to83qOA5Vbxs85rj-bD_AXZs%3D\/750x0\/filters%3Aquality%28100%29\/s3.amazonaws.com\/arc-wordpress-client-uploads\/infobae-wp\/wp-content\/uploads\/2019\/08\/07235431\/frente-socialista-polic%C3%ADas-1.jpg?w=696&#038;ssl=1\" alt=\"El FSL volvi\u00f3 a alzar la voz contra los abusos del gobierno en el estado chiapaneco (Foto: Twitter)\"   data-url=\"https:\/\/www.infobae.com\/america\/mexico\/2019\/08\/08\/grupo-indigena-en-chiapas-libero-a-cinco-policias-que-tenian-secuestrados-desde-el-18-de-julio\/%23D6VWBDTIFVFM5E3DK4C3I6OIIA\" data-original=\"https:\/\/www.infobae.com\/new-resizer\/i31to83qOA5Vbxs85rj-bD_AXZs=\/750x0\/filters:quality(100)\/s3.amazonaws.com\/arc-wordpress-client-uploads\/infobae-wp\/wp-content\/uploads\/2019\/08\/07235431\/frente-socialista-polic%C3%ADas-1.jpg\" \/><\/div><figcaption class=\"\"><span class=\"credit\">El FSL volvi\u00f3 a alzar la voz contra los abusos del gobierno en el estado chiapaneco (Foto: Twitter)<\/span><\/figcaption><\/figure>\n<\/div>\n<div class=\"row pb-content-type-text\">\n<div class=\"col-xs-12 col-print-12\">\n<p class=\"element element-paragraph\">Uno de los\u00a0<strong>polic\u00edas liberados agradeci\u00f3<\/strong>\u00a0a los pobladores su\u00a0<strong>\u00abhospitalidad\u00bb<\/strong>, ya que les dieron comida, techo y ropa.<\/p>\n<div class=\"row pb-content-type-text\">\n<div class=\"col-xs-12 col-print-12\">\n<p class=\"element element-paragraph\"><strong>\u00abNos trataron<\/strong>\u00a0como ellos dicen\u00a0<strong>en humanismo<\/strong>. No me cansar\u00e9 de agradecer y decirles que\u00a0<strong>en nuestro coraz\u00f3n no hay rencor ni odio<\/strong>. Cristo nos ense\u00f1a a amarnos como hermanos. Est\u00e1 limpio nuestro coraz\u00f3n y as\u00ed lo hemos dicho, expresado y platicado con mis compa\u00f1eros y yo porque\u00a0<strong>somos un equipo de trabajo,<\/strong>\u00a0y no hemos faltado el respeto a nadie\u00bb, declar\u00f3.<\/p>\n<\/div>\n<\/div>\n<div class=\"row pb-content-type-text\">\n<div class=\"col-xs-12 col-print-12\">\n<p class=\"element element-paragraph\">Por su parte, el\u00a0<strong>comit\u00e9 de negociaci\u00f3n<\/strong>, en voz de Armando Falconi Borras,\u00a0<strong>exigi\u00f3 al gobierno cumplir su promesa<\/strong>\u00a0de que al momento de la\u00a0<strong>liberaci\u00f3n de los polic\u00edas<\/strong>\u00a0se instale una\u00a0<strong>mesa pol\u00edtica<\/strong>\u00a0de primer nivel donde tenga presencia el FNLS \u00abpara atender las mesas agrarias, mesas pol\u00edticas, para una salida favorable\u00bb.<\/p>\n<\/div>\n<\/div>\n<div class=\"row pb-content-type-image\">\n<figure class=\"element element-image col-xs-12\">\n<div class=\"single-image\">\n<div class=\"shares\">\n<div class=\"share-button facebook\" data-url=\"https:\/\/www.infobae.com\/america\/mexico\/2019\/08\/08\/grupo-indigena-en-chiapas-libero-a-cinco-policias-que-tenian-secuestrados-desde-el-18-de-julio\/%235T4BLD2J3FFWJNLBLSPW7GXTCY\" data-original=\"https:\/\/s3.amazonaws.com\/arc-wordpress-client-uploads\/infobae-wp\/wp-content\/uploads\/2019\/01\/04125851\/rutilio-escandon-gobernador-de-chiapas.jpg\"><\/div>\n<\/div>\n<p><img data-recalc-dims=\"1\" decoding=\"async\" id=\"5T4BLD2J3FFWJNLBLSPW7GXTCY\" class=\"image-lazy\" src=\"https:\/\/i0.wp.com\/www.infobae.com\/new-resizer\/fxZAO2RlJJ2w2b0TjDdks0wVSy0%3D\/750x0\/filters%3Aquality%28100%29\/s3.amazonaws.com\/arc-wordpress-client-uploads\/infobae-wp\/wp-content\/uploads\/2019\/01\/04125851\/rutilio-escandon-gobernador-de-chiapas.jpg?w=696&#038;ssl=1\" alt=\"Rutilio Escand\u00f3n, gobernador de Chiapas (Foto: Gobierno de Chiapas)\"   data-url=\"https:\/\/www.infobae.com\/america\/mexico\/2019\/08\/08\/grupo-indigena-en-chiapas-libero-a-cinco-policias-que-tenian-secuestrados-desde-el-18-de-julio\/%235T4BLD2J3FFWJNLBLSPW7GXTCY\" data-original=\"https:\/\/www.infobae.com\/new-resizer\/fxZAO2RlJJ2w2b0TjDdks0wVSy0=\/750x0\/filters:quality(100)\/s3.amazonaws.com\/arc-wordpress-client-uploads\/infobae-wp\/wp-content\/uploads\/2019\/01\/04125851\/rutilio-escandon-gobernador-de-chiapas.jpg\" \/><\/div><figcaption class=\"\"><span class=\"credit\">Rutilio Escand\u00f3n, gobernador de Chiapas (Foto: Gobierno de Chiapas)<\/span><\/figcaption><\/figure>\n<\/div>\n<div class=\"row pb-content-type-text\">\n<div class=\"col-xs-12 col-print-12\">\n<p class=\"element element-paragraph\">Gonzalo Duarte,\u00a0<strong>vicario de la Di\u00f3cesis de San Crist\u00f3bal de Las Casas<\/strong>, testigo de la entrega de los polic\u00edas retenidos, indic\u00f3 que<strong>\u00a0\u00abla Iglesia Cat\u00f3lica<\/strong>\u00a0siempre estar\u00e1\u00a0<strong>dispuesta a ser testigo en favor de causas justas\u00bb.<\/strong><\/p>\n<p>Mientras tanto, unos\u00a0<strong>siete camiones de diferentes empresas<\/strong>\u00a0se encuentra a\u00fan\u00a0<strong>en poder de los pobladores<\/strong>, quienes han pedido mesas de negociaci\u00f3n para lograr la\u00a0<strong>liberaci\u00f3n del l\u00edder del Frente,<\/strong>\u00a0detenido el 17 de julio y\u00a0<strong>acusado de pertenecer a una banda de asaltantes<\/strong>, y que se atiendan los problemas agrarios de la regi\u00f3n.<\/p>\n<p>Con informaci\u00f3n de infobae<\/p>\n<\/div>\n<\/div>\n<\/div>\n<\/div>\n<\/div>\n","protected":false},"excerpt":{"rendered":"<p>La organizaci\u00f3n nombrada Frente Nacional de Lucha por el Socialismo (FNLS) tom\u00f3 a cinco agentes como rehenes para negociar con el gobierno de Rutilio Escand\u00f3n la liberaci\u00f3n de Javier Gonz\u00e1lez D\u00edaz, l\u00edder de la agrupaci\u00f3n En la\u00a0comunidad de R\u00edo Florido, en el estado de Chiapas, un grupo de pobladores pertenecientes a la organizaci\u00f3n\u00a0Frente Nacional de [&hellip;]<\/p>\n","protected":false},"author":5,"featured_media":21571,"comment_status":"open","ping_status":"open","sticky":false,"template":"","format":"standard","meta":{"_uf_show_specific_survey":0,"_uf_disable_surveys":false,"advanced_seo_description":"","jetpack_seo_html_title":"","jetpack_seo_noindex":false,"jetpack_post_was_ever_published":false,"_jetpack_newsletter_access":"","_jetpack_dont_email_post_to_subs":false,"_jetpack_newsletter_tier_id":0,"_jetpack_memberships_contains_paywalled_content":false,"_jetpack_memberships_contains_paid_content":false,"footnotes":"","jetpack_publicize_message":"","jetpack_publicize_feature_enabled":true,"jetpack_social_post_already_shared":false,"jetpack_social_options":{"image_generator_settings":{"template":"highway","default_image_id":0,"font":"","enabled":false},"version":2}},"categories":[75],"tags":[30,59],"class_list":{"0":"post-21570","1":"post","2":"type-post","3":"status-publish","4":"format-standard","5":"has-post-thumbnail","7":"category-chiapas","8":"tag-secuestro","9":"tag-seguridad"},"jetpack_publicize_connections":[],"jetpack_featured_media_url":"https:\/\/i0.wp.com\/mexicocodigorojo.com.mx\/wp-content\/uploads\/2019\/08\/grupo-indigena-en-chiapas-libero-a-cinco-policias-que-tenian-secuestrados-desde-el-18-de-julio.jpg?fit=1920%2C1080&ssl=1","jetpack-related-posts":[{"id":64257,"url":"https:\/\/mexicocodigorojo.com.mx\/?p=64257","url_meta":{"origin":21570,"position":0},"title":"Pakales abatieron a cuatro implicados en la emboscada a polic\u00edas en Chiapas","author":"Staff","date":"junio 9, 2025","format":false,"excerpt":"Polic\u00edas federales y estatales abatieron este domingo en el municipio de Frontera Comalapa, fronterizo con Guatemala, a cuatro presuntos implicados en el ataque en que murieron cinco polic\u00edas el pasado lunes 2, donde el C\u00e1rtel Jalisco Nueva Generaci\u00f3n (CJNG) y el de Sinaloa se disputan la frontera, confirm\u00f3 la Secretar\u00eda\u2026","rel":"","context":"En \u00abChiapas\u00bb","block_context":{"text":"Chiapas","link":"https:\/\/mexicocodigorojo.com.mx\/?cat=75"},"img":{"alt_text":"","src":"https:\/\/i0.wp.com\/mexicocodigorojo.com.mx\/wp-content\/uploads\/2025\/06\/aaa1f1d4-c7f8-4abe-80d3-5cb1e9707f82-1.jpg?fit=1200%2C900&ssl=1&resize=350%2C200","width":350,"height":200,"srcset":"https:\/\/i0.wp.com\/mexicocodigorojo.com.mx\/wp-content\/uploads\/2025\/06\/aaa1f1d4-c7f8-4abe-80d3-5cb1e9707f82-1.jpg?fit=1200%2C900&ssl=1&resize=350%2C200 1x, https:\/\/i0.wp.com\/mexicocodigorojo.com.mx\/wp-content\/uploads\/2025\/06\/aaa1f1d4-c7f8-4abe-80d3-5cb1e9707f82-1.jpg?fit=1200%2C900&ssl=1&resize=525%2C300 1.5x, https:\/\/i0.wp.com\/mexicocodigorojo.com.mx\/wp-content\/uploads\/2025\/06\/aaa1f1d4-c7f8-4abe-80d3-5cb1e9707f82-1.jpg?fit=1200%2C900&ssl=1&resize=700%2C400 2x, https:\/\/i0.wp.com\/mexicocodigorojo.com.mx\/wp-content\/uploads\/2025\/06\/aaa1f1d4-c7f8-4abe-80d3-5cb1e9707f82-1.jpg?fit=1200%2C900&ssl=1&resize=1050%2C600 3x"},"classes":[]},{"id":50319,"url":"https:\/\/mexicocodigorojo.com.mx\/?p=50319","url_meta":{"origin":21570,"position":1},"title":"ALTOS DE CHIAPAS PRESENTA AL EJERCITO MACHETE de AUTODEFENSAS VS NARCO","author":"Staff","date":"julio 19, 2021","format":false,"excerpt":"19 DE JULIO 2021 ANTECEDENTES CHIAPAS ESTADO QUE VIO NACER AL EJERCITO ZAPATISTA DE LIBERACION NACIONAL \"EZLN\" EL 1 DE ENERO DE 1994 FU\u00c8 ORGANIZADO POR UN TAMAULIPECO LLAMADO RAFAEL SEBASTIAN GUILLEN ORIUNDO DE TAMPICO TAMAULIPAS ALIAS ...EL SUBCOMANDANTE MARCOS, SUBCOMANDANTE GALEANO Y SUBCOMANDANTE ZERO ERA UNA ORGANIZACION POLITICO MILITAR\u2026","rel":"","context":"En \u00abFeatured\u00bb","block_context":{"text":"Featured","link":"https:\/\/mexicocodigorojo.com.mx\/?cat=1724"},"img":{"alt_text":"","src":"https:\/\/i0.wp.com\/mexicocodigorojo.com.mx\/wp-content\/uploads\/2021\/07\/IMG-20210719-WA0088-1.jpg?fit=720%2C481&ssl=1&resize=350%2C200","width":350,"height":200,"srcset":"https:\/\/i0.wp.com\/mexicocodigorojo.com.mx\/wp-content\/uploads\/2021\/07\/IMG-20210719-WA0088-1.jpg?fit=720%2C481&ssl=1&resize=350%2C200 1x, https:\/\/i0.wp.com\/mexicocodigorojo.com.mx\/wp-content\/uploads\/2021\/07\/IMG-20210719-WA0088-1.jpg?fit=720%2C481&ssl=1&resize=525%2C300 1.5x, https:\/\/i0.wp.com\/mexicocodigorojo.com.mx\/wp-content\/uploads\/2021\/07\/IMG-20210719-WA0088-1.jpg?fit=720%2C481&ssl=1&resize=700%2C400 2x"},"classes":[]},{"id":50032,"url":"https:\/\/mexicocodigorojo.com.mx\/?p=50032","url_meta":{"origin":21570,"position":2},"title":"Emboscada deja 6 polic\u00edas y 3 soldados baleados en Pantelh\u00f3, Chiapas","author":"Staff","date":"julio 8, 2021","format":false,"excerpt":"TUXTLA GUTI\u00c9RREZ, Chiapas.\u2013 Seis polic\u00edas estatales y tres soldados del Ej\u00e9rcito Mexicano fueron emboscados a tiros la ma\u00f1ana de este jueves por un grupo civil armado cuando pretend\u00edan despejar un bloqueo carretero antes de llegar al pueblo de Pantelh\u00f3, en la regi\u00f3n Altos de Chiapas. Te recomendamos:\u00a0NARCOTERRORISMO: CUATRO EJECUTADOS EN\u2026","rel":"","context":"En \u00abChiapas\u00bb","block_context":{"text":"Chiapas","link":"https:\/\/mexicocodigorojo.com.mx\/?cat=75"},"img":{"alt_text":"","src":"https:\/\/i0.wp.com\/mexicocodigorojo.com.mx\/wp-content\/uploads\/2021\/07\/E5thaCRXIAEFr1g.jpg?fit=1200%2C675&ssl=1&resize=350%2C200","width":350,"height":200,"srcset":"https:\/\/i0.wp.com\/mexicocodigorojo.com.mx\/wp-content\/uploads\/2021\/07\/E5thaCRXIAEFr1g.jpg?fit=1200%2C675&ssl=1&resize=350%2C200 1x, https:\/\/i0.wp.com\/mexicocodigorojo.com.mx\/wp-content\/uploads\/2021\/07\/E5thaCRXIAEFr1g.jpg?fit=1200%2C675&ssl=1&resize=525%2C300 1.5x, https:\/\/i0.wp.com\/mexicocodigorojo.com.mx\/wp-content\/uploads\/2021\/07\/E5thaCRXIAEFr1g.jpg?fit=1200%2C675&ssl=1&resize=700%2C400 2x, https:\/\/i0.wp.com\/mexicocodigorojo.com.mx\/wp-content\/uploads\/2021\/07\/E5thaCRXIAEFr1g.jpg?fit=1200%2C675&ssl=1&resize=1050%2C600 3x"},"classes":[]},{"id":23708,"url":"https:\/\/mexicocodigorojo.com.mx\/?p=23708","url_meta":{"origin":21570,"position":3},"title":"Localizan cuerpo de ni\u00f1a de cinco a\u00f1os secuestrada en Chiapas","author":"Staff","date":"septiembre 15, 2019","format":false,"excerpt":"La ni\u00f1era de Ximena y un c\u00f3mplice drogaron a la ni\u00f1a con cloroformo para facilitar su secuestro, sin embargo, muri\u00f3 por inhalar la sustancia El s\u00e1bado fue descubierto el\u00a0cuerpo sin vida\u00a0de\u00a0Ximena \u201cN\u201d, la\u00a0ni\u00f1a\u00a0de solo 5 a\u00f1os\u00a0secuestrada\u00a0en Chiapas por la mujer contratada como su\u00a0ni\u00f1era, as\u00ed como por cuatro presuntos c\u00f3mplices. La\u2026","rel":"","context":"En \u00abChiapas\u00bb","block_context":{"text":"Chiapas","link":"https:\/\/mexicocodigorojo.com.mx\/?cat=75"},"img":{"alt_text":"","src":"https:\/\/i0.wp.com\/mexicocodigorojo.com.mx\/wp-content\/uploads\/2019\/09\/ximena-nina-secuestrada-chiapas.jpg?fit=980%2C550&ssl=1&resize=350%2C200","width":350,"height":200,"srcset":"https:\/\/i0.wp.com\/mexicocodigorojo.com.mx\/wp-content\/uploads\/2019\/09\/ximena-nina-secuestrada-chiapas.jpg?fit=980%2C550&ssl=1&resize=350%2C200 1x, https:\/\/i0.wp.com\/mexicocodigorojo.com.mx\/wp-content\/uploads\/2019\/09\/ximena-nina-secuestrada-chiapas.jpg?fit=980%2C550&ssl=1&resize=525%2C300 1.5x, https:\/\/i0.wp.com\/mexicocodigorojo.com.mx\/wp-content\/uploads\/2019\/09\/ximena-nina-secuestrada-chiapas.jpg?fit=980%2C550&ssl=1&resize=700%2C400 2x"},"classes":[]},{"id":64590,"url":"https:\/\/mexicocodigorojo.com.mx\/?p=64590","url_meta":{"origin":21570,"position":4},"title":"Caen cinco presuntos del CJNG en Chiapas","author":"MexicoRojoCvmx","date":"agosto 17, 2025","format":false,"excerpt":"Un operativo interinstitucional en la autopista San Crist\u00f3bal de Las Casas\u2013Chiapa de Corzo permiti\u00f3 la captura de cinco personas que aseguraron pertenecer al C\u00e1rtel Jalisco Nueva Generaci\u00f3n; se les decomisaron drogas, equipo t\u00e1ctico y material con insignias del grupo criminal. En un golpe directo contra el crimen organizado, autoridades de\u2026","rel":"","context":"En \u00abChiapas\u00bb","block_context":{"text":"Chiapas","link":"https:\/\/mexicocodigorojo.com.mx\/?cat=75"},"img":{"alt_text":"","src":"https:\/\/i0.wp.com\/mexicocodigorojo.com.mx\/wp-content\/uploads\/2025\/08\/Chiapas.jpg?fit=678%2C349&ssl=1&resize=350%2C200","width":350,"height":200,"srcset":"https:\/\/i0.wp.com\/mexicocodigorojo.com.mx\/wp-content\/uploads\/2025\/08\/Chiapas.jpg?fit=678%2C349&ssl=1&resize=350%2C200 1x, https:\/\/i0.wp.com\/mexicocodigorojo.com.mx\/wp-content\/uploads\/2025\/08\/Chiapas.jpg?fit=678%2C349&ssl=1&resize=525%2C300 1.5x"},"classes":[]},{"id":59674,"url":"https:\/\/mexicocodigorojo.com.mx\/?p=59674","url_meta":{"origin":21570,"position":5},"title":"Chiapas | video Sicarios de Ocozocoatla se atribuyen la muerte de dos polic\u00edas y amenazan con mas ataques si no se cumplen sus demandas","author":"MexicoRojo","date":"abril 14, 2024","format":false,"excerpt":"Ocozocoautla, Chiapas - Un video ha surgido donde miembros de un grupo armado hacen una serie de graves acusaciones contra las autoridades locales y espec\u00edficamente contra algunos mandos policiales en Ocozocoautla, Chiapas. \u00a0 \u00a0 En el video, los individuos encapuchados declaran haber asesinado a dos polic\u00edas el 8 de abril\u2026","rel":"","context":"En \u00abChiapas\u00bb","block_context":{"text":"Chiapas","link":"https:\/\/mexicocodigorojo.com.mx\/?cat=75"},"img":{"alt_text":"","src":"https:\/\/i0.wp.com\/mexicocodigorojo.com.mx\/wp-content\/uploads\/2024\/04\/VideoCapture_20240413-204958.jpg?fit=576%2C332&ssl=1&resize=350%2C200","width":350,"height":200,"srcset":"https:\/\/i0.wp.com\/mexicocodigorojo.com.mx\/wp-content\/uploads\/2024\/04\/VideoCapture_20240413-204958.jpg?fit=576%2C332&ssl=1&resize=350%2C200 1x, https:\/\/i0.wp.com\/mexicocodigorojo.com.mx\/wp-content\/uploads\/2024\/04\/VideoCapture_20240413-204958.jpg?fit=576%2C332&ssl=1&resize=525%2C300 1.5x"},"classes":[]}],"jetpack_sharing_enabled":true,"jetpack_likes_enabled":true,"jetpack_shortlink":"https:\/\/wp.me\/p9TedA-5BU","_links":{"self":[{"href":"https:\/\/mexicocodigorojo.com.mx\/index.php?rest_route=\/wp\/v2\/posts\/21570","targetHints":{"allow":["GET"]}}],"collection":[{"href":"https:\/\/mexicocodigorojo.com.mx\/index.php?rest_route=\/wp\/v2\/posts"}],"about":[{"href":"https:\/\/mexicocodigorojo.com.mx\/index.php?rest_route=\/wp\/v2\/types\/post"}],"author":[{"embeddable":true,"href":"https:\/\/mexicocodigorojo.com.mx\/index.php?rest_route=\/wp\/v2\/users\/5"}],"replies":[{"embeddable":true,"href":"https:\/\/mexicocodigorojo.com.mx\/index.php?rest_route=%2Fwp%2Fv2%2Fcomments&post=21570"}],"version-history":[{"count":0,"href":"https:\/\/mexicocodigorojo.com.mx\/index.php?rest_route=\/wp\/v2\/posts\/21570\/revisions"}],"wp:featuredmedia":[{"embeddable":true,"href":"https:\/\/mexicocodigorojo.com.mx\/index.php?rest_route=\/wp\/v2\/media\/21571"}],"wp:attachment":[{"href":"https:\/\/mexicocodigorojo.com.mx\/index.php?rest_route=%2Fwp%2Fv2%2Fmedia&parent=21570"}],"wp:term":[{"taxonomy":"category","embeddable":true,"href":"https:\/\/mexicocodigorojo.com.mx\/index.php?rest_route=%2Fwp%2Fv2%2Fcategories&post=21570"},{"taxonomy":"post_tag","embeddable":true,"href":"https:\/\/mexicocodigorojo.com.mx\/index.php?rest_route=%2Fwp%2Fv2%2Ftags&post=21570"}],"curies":[{"name":"wp","href":"https:\/\/api.w.org\/{rel}","templated":true}]}}