{"id":21054,"date":"2019-08-02T19:46:34","date_gmt":"2019-08-02T19:46:34","guid":{"rendered":"https:\/\/mexicocodigorojo.com.mx\/?p=21054"},"modified":"2019-08-02T19:47:43","modified_gmt":"2019-08-02T19:47:43","slug":"ejecutan-al-periodista-edgar-alberto-nava-en-zihuatanejo-guerrero","status":"publish","type":"post","link":"https:\/\/mexicocodigorojo.com.mx\/?p=21054","title":{"rendered":"Ejecutan al periodista Edgar Alberto Nava en Zihuatanejo, Guerrero"},"content":{"rendered":"<p>La Fiscal\u00eda General del Estado de Guerrero inform\u00f3 que ya est\u00e1 realizando las investigaciones pertinentes.<\/p>\n<p>El periodista Edgar Alberto Nava, director y editor del portal de noticias La verdad de Zihuatanejo y director de Reglamentos y Espect\u00e1culos de ese municipio, fue asesinado en Guerrero, inform\u00f3 este viernes la Fiscal\u00eda General del Estado (FGE).<\/p>\n<p>De acuerdo con las primeras investigaciones, la v\u00edctima recibi\u00f3 un disparo con arma de fuego calibre 9mm por parte de una persona no identificada cuando se encontraba en las inmediaciones del Museo de la Costa Grande, que se localiza en el centro de Zihuatanejo.<\/p>\n<p>Al lugar de los hechos acudieron elementos de seguridad de los tres niveles de Gobierno, mientras que peritos de la Fiscal\u00eda acordonaron la zona, donde fue asegurado un casquillo percutido.<\/p>\n<p>A penas el lunes, Rogelio Barrag\u00e1n, director del portal de noticias Guerrero al Instante, fue hallado muerto dentro de la cajuela de un coche en Zacatepec, Morelos.<\/p>\n<p>La Fiscal\u00eda General de Morelos se\u00f1al\u00f3 que a las 18:20 horas de este martes, elementos de la Coordinaci\u00f3n General de Servicios Periciales, localizaron el cad\u00e1ver de un hombre, con lesiones contusas en rostro y una lesi\u00f3n en el \u00e1rea encef\u00e1lica, dentro de la cajuela de un veh\u00edculo de la marca Volkswagen.<\/p>\n<p>De acuerdo con Art\u00edculo 19, en lo que va del a\u00f1o, este ser\u00eda el octavo asesinato de periodistas en M\u00e9xico, en posible relaci\u00f3n con su labor.<\/p>\n","protected":false},"excerpt":{"rendered":"<p>La Fiscal\u00eda General del Estado de Guerrero inform\u00f3 que ya est\u00e1 realizando las investigaciones pertinentes. El periodista Edgar Alberto Nava, director y editor del portal de noticias La verdad de Zihuatanejo y director de Reglamentos y Espect\u00e1culos de ese municipio, fue asesinado en Guerrero, inform\u00f3 este viernes la Fiscal\u00eda General del Estado (FGE). De acuerdo [&hellip;]<\/p>\n","protected":false},"author":5,"featured_media":0,"comment_status":"open","ping_status":"open","sticky":false,"template":"","format":"standard","meta":{"_uf_show_specific_survey":0,"_uf_disable_surveys":false,"advanced_seo_description":"","jetpack_seo_html_title":"","jetpack_seo_noindex":false,"jetpack_post_was_ever_published":false,"_jetpack_newsletter_access":"","_jetpack_dont_email_post_to_subs":false,"_jetpack_newsletter_tier_id":0,"_jetpack_memberships_contains_paywalled_content":false,"_jetpack_memberships_contains_paid_content":false,"footnotes":"","jetpack_publicize_message":"","jetpack_publicize_feature_enabled":true,"jetpack_social_post_already_shared":false,"jetpack_social_options":{"image_generator_settings":{"template":"highway","default_image_id":0,"font":"","enabled":false},"version":2}},"categories":[26],"tags":[35,59],"class_list":{"0":"post-21054","1":"post","2":"type-post","3":"status-publish","4":"format-standard","6":"category-guerrero","7":"tag-periodistas","8":"tag-seguridad"},"jetpack_publicize_connections":[],"jetpack_featured_media_url":"","jetpack-related-posts":[{"id":21097,"url":"https:\/\/mexicocodigorojo.com.mx\/?p=21097","url_meta":{"origin":21054,"position":0},"title":"Asesinan a otro periodista, ahora en Veracruz","author":"Staff","date":"agosto 3, 2019","format":false,"excerpt":"Jorge Ru\u00edz, reportero de El Gr\u00e1fico de Xalapa en Veracruz, fue acribillado esta noche en la comunidad de La Bocanita, en el municipio de Actopan. Ejecutan al periodista Edgar Alberto Nava en Zihuatanejo, Guerrero \u00a0 De acuerdo con autoridades, el periodista hab\u00eda sido amenazado de muerte y en tres ocasiones\u2026","rel":"","context":"En \u00abVeracruz\u00bb","block_context":{"text":"Veracruz","link":"https:\/\/mexicocodigorojo.com.mx\/?cat=22"},"img":{"alt_text":"","src":"","width":0,"height":0},"classes":[]},{"id":21850,"url":"https:\/\/mexicocodigorojo.com.mx\/?p=21850","url_meta":{"origin":21054,"position":1},"title":"&#8216;El Monstruo&#8217;: Tanque de &#8216;El Carrete&#8217;","author":"Staff","date":"agosto 12, 2019","format":false,"excerpt":"'El Carrete', presunto l\u00edder del grupo criminal Los Rojos fue detenido hace unos d\u00edas; ahora algunos polic\u00edas comunitarios en Guerrero, M\u00e9xico encontraron uno de sus veh\u00edculos m\u00e1s particulares Heliodoro Castillo, Guerrero.- Algunos integrantes del Frente Unido de Polic\u00edas Comunitarias del Estado de Guerrero (Fupceg) informaron que Santiago Mazari Hern\u00e1ndez, 'El\u2026","rel":"","context":"En \u00abGuerrero\u00bb","block_context":{"text":"Guerrero","link":"https:\/\/mexicocodigorojo.com.mx\/?cat=26"},"img":{"alt_text":"","src":"https:\/\/i0.wp.com\/mexicocodigorojo.com.mx\/wp-content\/uploads\/2019\/08\/elm1.jpg_112278454.jpg?fit=1069%2C563&ssl=1&resize=350%2C200","width":350,"height":200,"srcset":"https:\/\/i0.wp.com\/mexicocodigorojo.com.mx\/wp-content\/uploads\/2019\/08\/elm1.jpg_112278454.jpg?fit=1069%2C563&ssl=1&resize=350%2C200 1x, https:\/\/i0.wp.com\/mexicocodigorojo.com.mx\/wp-content\/uploads\/2019\/08\/elm1.jpg_112278454.jpg?fit=1069%2C563&ssl=1&resize=525%2C300 1.5x, https:\/\/i0.wp.com\/mexicocodigorojo.com.mx\/wp-content\/uploads\/2019\/08\/elm1.jpg_112278454.jpg?fit=1069%2C563&ssl=1&resize=700%2C400 2x, https:\/\/i0.wp.com\/mexicocodigorojo.com.mx\/wp-content\/uploads\/2019\/08\/elm1.jpg_112278454.jpg?fit=1069%2C563&ssl=1&resize=1050%2C600 3x"},"classes":[]},{"id":13954,"url":"https:\/\/mexicocodigorojo.com.mx\/?p=13954","url_meta":{"origin":21054,"position":2},"title":"Balean a coordinador de la Cruz Roja en Guerrero","author":"Staff","date":"febrero 11, 2019","format":false,"excerpt":"Zihuatanejo Guerrero La Cruz Roja de Zihuatanejo cerr\u00f3 este s\u00e1bado sus instalaciones despu\u00e9s de que su coordinador de socorros fuera ultimado a balazos y sus colaboradores y trabajadores recibieran amenazas. Una persona a\u00fan sin identificar asesin\u00f3 en la tarde del viernes de un balazo en la cabeza a Daniel N.,\u2026","rel":"","context":"En \u00abGuerrero\u00bb","block_context":{"text":"Guerrero","link":"https:\/\/mexicocodigorojo.com.mx\/?cat=26"},"img":{"alt_text":"","src":"https:\/\/i0.wp.com\/mexicocodigorojo.com.mx\/wp-content\/uploads\/2019\/02\/img-20190210-wa01216739147459645026917.jpg?resize=350%2C200&ssl=1","width":350,"height":200,"srcset":"https:\/\/i0.wp.com\/mexicocodigorojo.com.mx\/wp-content\/uploads\/2019\/02\/img-20190210-wa01216739147459645026917.jpg?resize=350%2C200&ssl=1 1x, https:\/\/i0.wp.com\/mexicocodigorojo.com.mx\/wp-content\/uploads\/2019\/02\/img-20190210-wa01216739147459645026917.jpg?resize=525%2C300&ssl=1 1.5x, https:\/\/i0.wp.com\/mexicocodigorojo.com.mx\/wp-content\/uploads\/2019\/02\/img-20190210-wa01216739147459645026917.jpg?resize=700%2C400&ssl=1 2x"},"classes":[]},{"id":41702,"url":"https:\/\/mexicocodigorojo.com.mx\/?p=41702","url_meta":{"origin":21054,"position":3},"title":"Cae presunto asesino de youtuber \u2018La Nana Pelucas\u2019","author":"Staff","date":"agosto 12, 2020","format":false,"excerpt":"La Fiscal\u00eda de Guerrero inform\u00f3 la detenci\u00f3n de Edgar Sa\u00fal 'L', alias el 'Negro Pipa', acusado por el asesinato de la youtuber conocida como 'La Nana Pelucas' La\u00a0Fiscal\u00eda General del Estado\u00a0de Guerrero inform\u00f3 que se logr\u00f3 la detenci\u00f3n de Edgar Sa\u00fal \u2018L\u2019, alias el \u2018Negro Pipa\u2018, por el delito de\u2026","rel":"","context":"En \u00abFeatured\u00bb","block_context":{"text":"Featured","link":"https:\/\/mexicocodigorojo.com.mx\/?cat=1724"},"img":{"alt_text":"","src":"https:\/\/i0.wp.com\/mexicocodigorojo.com.mx\/wp-content\/uploads\/2020\/08\/negro-pipa-homicidio-guerrero-nana-pelucas.jpg?fit=980%2C550&ssl=1&resize=350%2C200","width":350,"height":200,"srcset":"https:\/\/i0.wp.com\/mexicocodigorojo.com.mx\/wp-content\/uploads\/2020\/08\/negro-pipa-homicidio-guerrero-nana-pelucas.jpg?fit=980%2C550&ssl=1&resize=350%2C200 1x, https:\/\/i0.wp.com\/mexicocodigorojo.com.mx\/wp-content\/uploads\/2020\/08\/negro-pipa-homicidio-guerrero-nana-pelucas.jpg?fit=980%2C550&ssl=1&resize=525%2C300 1.5x, https:\/\/i0.wp.com\/mexicocodigorojo.com.mx\/wp-content\/uploads\/2020\/08\/negro-pipa-homicidio-guerrero-nana-pelucas.jpg?fit=980%2C550&ssl=1&resize=700%2C400 2x"},"classes":[]},{"id":26008,"url":"https:\/\/mexicocodigorojo.com.mx\/?p=26008","url_meta":{"origin":21054,"position":4},"title":"Balacera entre civiles armados deja nueve muertos Guerrero","author":"Staff","date":"octubre 24, 2019","format":false,"excerpt":"Autoridades del estado de Guerrero relacionan a las personas que perdieron la vida con el grupo de \u201cLos Rojos\u201d, que fue dirigida por \u2018El Carrete\u2019 y Zenen Nava S\u00e1nchez, antes de que fueran detenidos. Nueve presuntos sicarios del C\u00e1rtel Los Rojos\u00a0 perdieron la vida la noche de este mi\u00e9rcoles tras\u2026","rel":"","context":"En \u00abGuerrero\u00bb","block_context":{"text":"Guerrero","link":"https:\/\/mexicocodigorojo.com.mx\/?cat=26"},"img":{"alt_text":"","src":"https:\/\/i0.wp.com\/mexicocodigorojo.com.mx\/wp-content\/uploads\/2019\/10\/enfrentamiento-guerrero-718x405.jpg?fit=718%2C405&ssl=1&resize=350%2C200","width":350,"height":200,"srcset":"https:\/\/i0.wp.com\/mexicocodigorojo.com.mx\/wp-content\/uploads\/2019\/10\/enfrentamiento-guerrero-718x405.jpg?fit=718%2C405&ssl=1&resize=350%2C200 1x, https:\/\/i0.wp.com\/mexicocodigorojo.com.mx\/wp-content\/uploads\/2019\/10\/enfrentamiento-guerrero-718x405.jpg?fit=718%2C405&ssl=1&resize=525%2C300 1.5x, https:\/\/i0.wp.com\/mexicocodigorojo.com.mx\/wp-content\/uploads\/2019\/10\/enfrentamiento-guerrero-718x405.jpg?fit=718%2C405&ssl=1&resize=700%2C400 2x"},"classes":[]},{"id":3613,"url":"https:\/\/mexicocodigorojo.com.mx\/?p=3613","url_meta":{"origin":21054,"position":5},"title":"Ejecutan a tiros a taxista en Zihuatanejo","author":"Staff","date":"septiembre 21, 2018","format":false,"excerpt":"MATAN A TIROS A TAXISTA ZIHUATANEJO. Zihuatanejo, Gro.- La noche de este jueves dispararon en contra del chofer del taxi 0386, a un costado del jard\u00edn de ni\u00f1os Gabriela Mistral, en el Infonavit El Hujal. Tras recibir balazos en el cr\u00e1neo y en el cuello, el transportista falleci\u00f3 y qued\u00f3\u2026","rel":"","context":"En \u00abGuerrero\u00bb","block_context":{"text":"Guerrero","link":"https:\/\/mexicocodigorojo.com.mx\/?cat=26"},"img":{"alt_text":"","src":"https:\/\/i0.wp.com\/mexicocodigorojo.com.mx\/wp-content\/uploads\/2018\/09\/74A4BB91-0C74-4861-90B3-EC737AD12D29.jpeg?fit=1152%2C864&ssl=1&resize=350%2C200","width":350,"height":200,"srcset":"https:\/\/i0.wp.com\/mexicocodigorojo.com.mx\/wp-content\/uploads\/2018\/09\/74A4BB91-0C74-4861-90B3-EC737AD12D29.jpeg?fit=1152%2C864&ssl=1&resize=350%2C200 1x, https:\/\/i0.wp.com\/mexicocodigorojo.com.mx\/wp-content\/uploads\/2018\/09\/74A4BB91-0C74-4861-90B3-EC737AD12D29.jpeg?fit=1152%2C864&ssl=1&resize=525%2C300 1.5x, https:\/\/i0.wp.com\/mexicocodigorojo.com.mx\/wp-content\/uploads\/2018\/09\/74A4BB91-0C74-4861-90B3-EC737AD12D29.jpeg?fit=1152%2C864&ssl=1&resize=700%2C400 2x, https:\/\/i0.wp.com\/mexicocodigorojo.com.mx\/wp-content\/uploads\/2018\/09\/74A4BB91-0C74-4861-90B3-EC737AD12D29.jpeg?fit=1152%2C864&ssl=1&resize=1050%2C600 3x"},"classes":[]}],"jetpack_sharing_enabled":true,"jetpack_likes_enabled":true,"jetpack_shortlink":"https:\/\/wp.me\/p9TedA-5tA","_links":{"self":[{"href":"https:\/\/mexicocodigorojo.com.mx\/index.php?rest_route=\/wp\/v2\/posts\/21054","targetHints":{"allow":["GET"]}}],"collection":[{"href":"https:\/\/mexicocodigorojo.com.mx\/index.php?rest_route=\/wp\/v2\/posts"}],"about":[{"href":"https:\/\/mexicocodigorojo.com.mx\/index.php?rest_route=\/wp\/v2\/types\/post"}],"author":[{"embeddable":true,"href":"https:\/\/mexicocodigorojo.com.mx\/index.php?rest_route=\/wp\/v2\/users\/5"}],"replies":[{"embeddable":true,"href":"https:\/\/mexicocodigorojo.com.mx\/index.php?rest_route=%2Fwp%2Fv2%2Fcomments&post=21054"}],"version-history":[{"count":0,"href":"https:\/\/mexicocodigorojo.com.mx\/index.php?rest_route=\/wp\/v2\/posts\/21054\/revisions"}],"wp:attachment":[{"href":"https:\/\/mexicocodigorojo.com.mx\/index.php?rest_route=%2Fwp%2Fv2%2Fmedia&parent=21054"}],"wp:term":[{"taxonomy":"category","embeddable":true,"href":"https:\/\/mexicocodigorojo.com.mx\/index.php?rest_route=%2Fwp%2Fv2%2Fcategories&post=21054"},{"taxonomy":"post_tag","embeddable":true,"href":"https:\/\/mexicocodigorojo.com.mx\/index.php?rest_route=%2Fwp%2Fv2%2Ftags&post=21054"}],"curies":[{"name":"wp","href":"https:\/\/api.w.org\/{rel}","templated":true}]}}