{"id":20632,"date":"2019-07-27T18:04:41","date_gmt":"2019-07-27T18:04:41","guid":{"rendered":"https:\/\/mexicocodigorojo.com.mx\/?p=20632"},"modified":"2019-07-27T18:06:50","modified_gmt":"2019-07-27T18:06:50","slug":"en-san-jose-del-cabo-bcs-asesinaron-al-papa-de-samuel-kim-cantante-de-k-pop","status":"publish","type":"post","link":"https:\/\/mexicocodigorojo.com.mx\/?p=20632","title":{"rendered":"EN SAN JOSE DEL CABO BCS ASESINARON AL PAPA DE SAMUEL KIM CANTANTE DE K-POP"},"content":{"rendered":"<p style=\"box-sizing:inherit; margin:5px0px; padding:0px; border:0px; font-style:normal; font-variant-ligatures:normal; font-variant-caps:normal; font-variant-numeric:inherit; font-variant-east-asian:inherit; font-weight:400; font-stretch:inherit; font-size:0.9em; line-height:1.5em; font-family:helvetica,sans-serif; vertical-align:baseline; cursor:default; color:rgb(37,37,37); letter-spacing:normal; orphans:2text-indent:0px; text-transform:none; white-space:normal; widows:2; word-spacing:0px; -webkit-text-stroke-width:0px; background-color:rgb(255,255,255); text-decoration-style:initial; text-decoration-color:initial; text-align:left;\">La Procuradur\u00eda General de Justicia del Estado de Baja California Sur, investiga el homicidio del empresario mexicano y ciudadano estadounidense, Jos\u00e9 Arredondo, asesinado aparentemente a golpes en la ciudad de San Jos\u00e9 del Cabo.<\/p>\n<p style=\"box-sizing:inherit; margin:5px0px; padding:0px; border:0px; font-style:normal; font-variant-ligatures:normal; font-variant-caps:normal; font-variant-numeric:inherit; font-variant-east-asian:inherit; font-weight:400; font-stretch:inherit; font-size:0.9em; line-height:1.5em; font-family:helvetica,sans-serif; vertical-align:baseline; cursor:default; color:rgb(37,37,37); letter-spacing:normal; orphans:2text-indent:0px; text-transform:none; white-space:normal; widows:2; word-spacing:0px; -webkit-text-stroke-width:0px; background-color:rgb(255,255,255); text-decoration-style:initial; text-decoration-color:initial; text-align:left;\">La v\u00edctima de 58 a\u00f1os, es padre del cantante de K-POP e \u00eddolo juvenil, conocido como Samuel Kim.<\/p>\n<p style=\"box-sizing:inherit; margin:5px0px; padding:0px; border:0px; font-style:normal; font-variant-ligatures:normal; font-variant-caps:normal; font-variant-numeric:inherit; font-variant-east-asian:inherit; font-weight:400; font-stretch:inherit; font-size:0.9em; line-height:1.5em; font-family:helvetica,sans-serif; vertical-align:baseline; cursor:default; color:rgb(37,37,37); letter-spacing:normal; orphans:2text-indent:0px; text-transform:none; white-space:normal; widows:2; word-spacing:0px; -webkit-text-stroke-width:0px; background-color:rgb(255,255,255); text-decoration-style:initial; text-decoration-color:initial; text-align:left;\">El crimen que se hab\u00eda mantenido en silencio, deton\u00f3 en Estados Unidos y Korea, cuando medios nacionales, revelaron el asesinado del empresario que \u201cpresentaba huellas de violencia con golpes contusos\u201d.<\/p>\n<p><img data-recalc-dims=\"1\" loading=\"lazy\" decoding=\"async\" data-attachment-id=\"20631\" data-permalink=\"https:\/\/mexicocodigorojo.com.mx\/?attachment_id=20631\" data-orig-file=\"https:\/\/i0.wp.com\/mexicocodigorojo.com.mx\/wp-content\/uploads\/2019\/07\/fb_img_1564180002654351311509.jpg?fit=720%2C540&amp;ssl=1\" data-orig-size=\"720,540\" data-comments-opened=\"1\" data-image-meta=\"{&quot;aperture&quot;:&quot;0&quot;,&quot;credit&quot;:&quot;&quot;,&quot;camera&quot;:&quot;&quot;,&quot;caption&quot;:&quot;&quot;,&quot;created_timestamp&quot;:&quot;0&quot;,&quot;copyright&quot;:&quot;&quot;,&quot;focal_length&quot;:&quot;0&quot;,&quot;iso&quot;:&quot;0&quot;,&quot;shutter_speed&quot;:&quot;0&quot;,&quot;title&quot;:&quot;&quot;,&quot;orientation&quot;:&quot;0&quot;}\" data-image-title=\"fb_img_1564180002654351311509.jpg\" data-image-description=\"\" data-image-caption=\"\" data-large-file=\"https:\/\/i0.wp.com\/mexicocodigorojo.com.mx\/wp-content\/uploads\/2019\/07\/fb_img_1564180002654351311509.jpg?fit=696%2C522&amp;ssl=1\" src=\"https:\/\/i0.wp.com\/mexicocodigorojo.com.mx\/wp-content\/uploads\/2019\/07\/fb_img_1564180002654351311509.jpg?resize=696%2C522&#038;ssl=1\" class=\"alignnone wp-image-20631 size-full\" width=\"696\" height=\"522\" srcset=\"https:\/\/i0.wp.com\/mexicocodigorojo.com.mx\/wp-content\/uploads\/2019\/07\/fb_img_1564180002654351311509.jpg?w=720&amp;ssl=1 720w, https:\/\/i0.wp.com\/mexicocodigorojo.com.mx\/wp-content\/uploads\/2019\/07\/fb_img_1564180002654351311509.jpg?resize=300%2C225&amp;ssl=1 300w\" sizes=\"auto, (max-width: 696px) 100vw, 696px\" \/><\/p>\n<p style=\"box-sizing:inherit; margin:5px0px; padding:0px; border:0px; font-style:normal; font-variant-ligatures:normal; font-variant-caps:normal; font-variant-numeric:inherit; font-variant-east-asian:inherit; font-weight:400; font-stretch:inherit; font-size:0.9em; line-height:1.5em; font-family:helvetica,sans-serif; vertical-align:baseline; cursor:default; color:rgb(37,37,37); letter-spacing:normal; orphans:2text-indent:0px; text-transform:none; white-space:normal; widows:2; word-spacing:0px; -webkit-text-stroke-width:0px; background-color:rgb(255,255,255); text-decoration-style:initial; text-decoration-color:initial; text-align:left;\">El empresario era concesionario de una agencia automotriz en Bakersfield, California y propietario de una agencia inmobiliaria en Los Cabos.<\/p>\n<p style=\"box-sizing:inherit; margin:5px0px; padding:0px; border:0px; font-style:normal; font-variant-ligatures:normal; font-variant-caps:normal; font-variant-numeric:inherit; font-variant-east-asian:inherit; font-weight:400; font-stretch:inherit; font-size:0.9em; line-height:1.5em; font-family:helvetica,sans-serif; vertical-align:baseline; cursor:default; color:rgb(37,37,37); letter-spacing:normal; orphans:2text-indent:0px; text-transform:none; white-space:normal; widows:2; word-spacing:0px; -webkit-text-stroke-width:0px; background-color:rgb(255,255,255); text-decoration-style:initial; text-decoration-color:initial; text-align:left;\">A la par del crimen del padre del famoso \u00eddolo juvenil,  fue reportada la desaparici\u00f3n de Roberto Guadalupe Gonz\u00e1lez Mart\u00ednez, un agente de la agencia inmobiliaria de Jos\u00e9 Arredondo, el pasado 21 de julio, seg\u00fan la Carpeta de Investigaci\u00f3n, bajo el n\u00famero de expediente LPZ\/4882\/2019.<\/p>\n<p>Imagenes e Informaci\u00f3n de Metropolis MX<\/p>\n","protected":false},"excerpt":{"rendered":"<p>La Procuradur\u00eda General de Justicia del Estado de Baja California Sur, investiga el homicidio del empresario mexicano y ciudadano estadounidense, Jos\u00e9 Arredondo, asesinado aparentemente a golpes en la ciudad de San Jos\u00e9 del Cabo. La v\u00edctima de 58 a\u00f1os, es padre del cantante de K-POP e \u00eddolo juvenil, conocido como Samuel Kim. El crimen que [&hellip;]<\/p>\n","protected":false},"author":5,"featured_media":0,"comment_status":"open","ping_status":"open","sticky":false,"template":"","format":"standard","meta":{"_uf_show_specific_survey":0,"_uf_disable_surveys":false,"advanced_seo_description":"","jetpack_seo_html_title":"","jetpack_seo_noindex":false,"jetpack_post_was_ever_published":false,"_jetpack_newsletter_access":"","_jetpack_dont_email_post_to_subs":false,"_jetpack_newsletter_tier_id":0,"_jetpack_memberships_contains_paywalled_content":false,"_jetpack_memberships_contains_paid_content":false,"footnotes":"","jetpack_publicize_message":"","jetpack_publicize_feature_enabled":true,"jetpack_social_post_already_shared":false,"jetpack_social_options":{"image_generator_settings":{"template":"highway","default_image_id":0,"font":"","enabled":false},"version":2}},"categories":[134],"tags":[12],"class_list":{"0":"post-20632","1":"post","2":"type-post","3":"status-publish","4":"format-standard","6":"category-baja-california-sur","7":"tag-crimen-organizado"},"jetpack_publicize_connections":[],"jetpack_featured_media_url":"","jetpack-related-posts":[{"id":1985,"url":"https:\/\/mexicocodigorojo.com.mx\/?p=1985","url_meta":{"origin":20632,"position":0},"title":"Comando Armado Rafaguea Una Estaquita En San Jose Del Cabo Baja California Sur.","author":"Staff","date":"septiembre 2, 2018","format":false,"excerpt":"Regres\u00f3 la ola de violencia al Municipio de Los Cabos,rafaguean en San Jos\u00e9 del cabo a la altura de Costa Azul a dos personas quienes se trasladaban en una estaquita color blanca donde sicarios del crimen organizado abrieron fuego. La camioneta localizada presenta impactos de arma de fuego en el\u2026","rel":"","context":"En \u00abBaja California Sur\u00bb","block_context":{"text":"Baja California Sur","link":"https:\/\/mexicocodigorojo.com.mx\/?cat=134"},"img":{"alt_text":"","src":"https:\/\/i0.wp.com\/mexicocodigorojo.com.mx\/wp-content\/uploads\/2018\/09\/IMG_20180902_030654_368-2.jpg?resize=350%2C200&ssl=1","width":350,"height":200},"classes":[]},{"id":2835,"url":"https:\/\/mexicocodigorojo.com.mx\/?p=2835","url_meta":{"origin":20632,"position":1},"title":"BALACERA EN SAN JOSE DEL CABO EN BAJA CALIFORNIA SUR","author":"Staff","date":"septiembre 13, 2018","format":false,"excerpt":"San Jos\u00e9 del Cabo (California).- Residentes de la colonia Guaymitas informaron a las tres de la tarde de hoy que se realizaba la persecuci\u00f3n por varias unidades de las corporaciones de seguridad, de un autom\u00f3vil blanco de modelo reciente que no obedeci\u00f3 indicaciones de detenerse. Esta persecuci\u00f3n, en la que\u2026","rel":"","context":"En \u00abBaja California Sur\u00bb","block_context":{"text":"Baja California Sur","link":"https:\/\/mexicocodigorojo.com.mx\/?cat=134"},"img":{"alt_text":"","src":"https:\/\/i0.wp.com\/mexicocodigorojo.com.mx\/wp-content\/uploads\/2018\/09\/IMG_20180913_164045.jpg?resize=350%2C200&ssl=1","width":350,"height":200,"srcset":"https:\/\/i0.wp.com\/mexicocodigorojo.com.mx\/wp-content\/uploads\/2018\/09\/IMG_20180913_164045.jpg?resize=350%2C200&ssl=1 1x, https:\/\/i0.wp.com\/mexicocodigorojo.com.mx\/wp-content\/uploads\/2018\/09\/IMG_20180913_164045.jpg?resize=525%2C300&ssl=1 1.5x, https:\/\/i0.wp.com\/mexicocodigorojo.com.mx\/wp-content\/uploads\/2018\/09\/IMG_20180913_164045.jpg?resize=700%2C400&ssl=1 2x"},"classes":[]},{"id":2450,"url":"https:\/\/mexicocodigorojo.com.mx\/?p=2450","url_meta":{"origin":20632,"position":2},"title":"EJECUTAN A UNA PERSONA EN SAN JOS\u00c9 DEL CABO EN BAJA CALIFORNIA SUR","author":"Staff","date":"septiembre 9, 2018","format":false,"excerpt":"A las 12:40 de la tarde de este domingo, se inform\u00f3 a los n\u00fameros de emergencia de que se hab\u00edan escuchado detonaciones de arma de fuego en una de las brechas que conduce a varios ranchos a un kil\u00f3metro de distancia frente al Centro de Convenciones de Los Cabos. Al\u2026","rel":"","context":"En \u00abBaja California Sur\u00bb","block_context":{"text":"Baja California Sur","link":"https:\/\/mexicocodigorojo.com.mx\/?cat=134"},"img":{"alt_text":"","src":"https:\/\/i0.wp.com\/mexicocodigorojo.com.mx\/wp-content\/uploads\/2018\/09\/FB_IMG_1536524498417.jpg?resize=350%2C200&ssl=1","width":350,"height":200},"classes":[]},{"id":7859,"url":"https:\/\/mexicocodigorojo.com.mx\/?p=7859","url_meta":{"origin":20632,"position":3},"title":"Detienen a implicado en el homicidio y desaparici\u00f3n de las 2 j\u00f3venes en San Jos\u00e9 del Cabo","author":"Staff","date":"noviembre 3, 2018","format":false,"excerpt":"El implicado fue localizado en otra entidad, mismo que ya fue capturado y regresado a Baja California Sur. La Paz, Baja California Sur (BCS). La Procuradur\u00eda General de Justicia del Estado (PGJE) dio a conocer, en una conferencia de prensa, que la detenci\u00f3n del supuesto autor material del homicidio de\u2026","rel":"","context":"En \u00abBaja California Sur\u00bb","block_context":{"text":"Baja California Sur","link":"https:\/\/mexicocodigorojo.com.mx\/?cat=134"},"img":{"alt_text":"","src":"https:\/\/i0.wp.com\/mexicocodigorojo.com.mx\/wp-content\/uploads\/2018\/11\/joselyn-jesenia-990x660.jpg?fit=990%2C660&ssl=1&resize=350%2C200","width":350,"height":200,"srcset":"https:\/\/i0.wp.com\/mexicocodigorojo.com.mx\/wp-content\/uploads\/2018\/11\/joselyn-jesenia-990x660.jpg?fit=990%2C660&ssl=1&resize=350%2C200 1x, https:\/\/i0.wp.com\/mexicocodigorojo.com.mx\/wp-content\/uploads\/2018\/11\/joselyn-jesenia-990x660.jpg?fit=990%2C660&ssl=1&resize=525%2C300 1.5x, https:\/\/i0.wp.com\/mexicocodigorojo.com.mx\/wp-content\/uploads\/2018\/11\/joselyn-jesenia-990x660.jpg?fit=990%2C660&ssl=1&resize=700%2C400 2x"},"classes":[]},{"id":7427,"url":"https:\/\/mexicocodigorojo.com.mx\/?p=7427","url_meta":{"origin":20632,"position":4},"title":"ENCUENTRAN FOSA CLANDESTINA EN SAN JOSE DEL CABO BCS","author":"Staff","date":"octubre 28, 2018","format":false,"excerpt":"Dos mujeres y un hombre, los cuerpos hallados en Zacatitos,en San Jos\u00e9 Del Cabo BCS. *La PGJE trabaja en la identificaci\u00f3n de las v\u00edctimas y avanza en las l\u00edneas de investigaci\u00f3n de los hechos La Procuradur\u00eda General de Justicia del Estado (PGJE) informa que derivado del trabajo conjunto entre las\u2026","rel":"","context":"En \u00abBaja California Sur\u00bb","block_context":{"text":"Baja California Sur","link":"https:\/\/mexicocodigorojo.com.mx\/?cat=134"},"img":{"alt_text":"","src":"","width":0,"height":0},"classes":[]},{"id":57255,"url":"https:\/\/mexicocodigorojo.com.mx\/?p=57255","url_meta":{"origin":20632,"position":5},"title":"La doctora Al\u00ed Jasel \u00abN\u00bb fue asesinada y encontrada dentro de una maleta que estaba en la cama de su departamento en San Jos\u00e9 del Cabo","author":"MexicoRojo","date":"septiembre 19, 2023","format":false,"excerpt":"La doctora trabajaba en una cl\u00ednica del IMSS en San Jos\u00e9 del Cabo; sus amigos no la ve\u00edan desde hace tres d\u00edas \u00a0 \u00a0 En San Jos\u00e9 del Cabo, Baja California Sur, gran consternaci\u00f3n en la comunidad m\u00e9dica de la localidad ha causado la muerte de una doctora que hab\u00eda\u2026","rel":"","context":"En \u00abFeatured\u00bb","block_context":{"text":"Featured","link":"https:\/\/mexicocodigorojo.com.mx\/?cat=1724"},"img":{"alt_text":"","src":"https:\/\/i0.wp.com\/mexicocodigorojo.com.mx\/wp-content\/uploads\/2023\/09\/Screenshot_20230919-142216_Chrome.jpg?fit=720%2C480&ssl=1&resize=350%2C200","width":350,"height":200,"srcset":"https:\/\/i0.wp.com\/mexicocodigorojo.com.mx\/wp-content\/uploads\/2023\/09\/Screenshot_20230919-142216_Chrome.jpg?fit=720%2C480&ssl=1&resize=350%2C200 1x, https:\/\/i0.wp.com\/mexicocodigorojo.com.mx\/wp-content\/uploads\/2023\/09\/Screenshot_20230919-142216_Chrome.jpg?fit=720%2C480&ssl=1&resize=525%2C300 1.5x, https:\/\/i0.wp.com\/mexicocodigorojo.com.mx\/wp-content\/uploads\/2023\/09\/Screenshot_20230919-142216_Chrome.jpg?fit=720%2C480&ssl=1&resize=700%2C400 2x"},"classes":[]}],"jetpack_sharing_enabled":true,"jetpack_likes_enabled":true,"jetpack_shortlink":"https:\/\/wp.me\/p9TedA-5mM","_links":{"self":[{"href":"https:\/\/mexicocodigorojo.com.mx\/index.php?rest_route=\/wp\/v2\/posts\/20632","targetHints":{"allow":["GET"]}}],"collection":[{"href":"https:\/\/mexicocodigorojo.com.mx\/index.php?rest_route=\/wp\/v2\/posts"}],"about":[{"href":"https:\/\/mexicocodigorojo.com.mx\/index.php?rest_route=\/wp\/v2\/types\/post"}],"author":[{"embeddable":true,"href":"https:\/\/mexicocodigorojo.com.mx\/index.php?rest_route=\/wp\/v2\/users\/5"}],"replies":[{"embeddable":true,"href":"https:\/\/mexicocodigorojo.com.mx\/index.php?rest_route=%2Fwp%2Fv2%2Fcomments&post=20632"}],"version-history":[{"count":0,"href":"https:\/\/mexicocodigorojo.com.mx\/index.php?rest_route=\/wp\/v2\/posts\/20632\/revisions"}],"wp:attachment":[{"href":"https:\/\/mexicocodigorojo.com.mx\/index.php?rest_route=%2Fwp%2Fv2%2Fmedia&parent=20632"}],"wp:term":[{"taxonomy":"category","embeddable":true,"href":"https:\/\/mexicocodigorojo.com.mx\/index.php?rest_route=%2Fwp%2Fv2%2Fcategories&post=20632"},{"taxonomy":"post_tag","embeddable":true,"href":"https:\/\/mexicocodigorojo.com.mx\/index.php?rest_route=%2Fwp%2Fv2%2Ftags&post=20632"}],"curies":[{"name":"wp","href":"https:\/\/api.w.org\/{rel}","templated":true}]}}