{"id":1954,"date":"2018-09-02T01:27:14","date_gmt":"2018-09-02T01:27:14","guid":{"rendered":"https:\/\/mexicocodigorojo.com.mx\/?p=1954"},"modified":"2018-09-02T01:27:14","modified_gmt":"2018-09-02T01:27:14","slug":"camarografo-ejecutado-en-cancun-entierran-sus-restos-el-dia-de-su-boda-3","status":"publish","type":"post","link":"https:\/\/mexicocodigorojo.com.mx\/?p=1954","title":{"rendered":"CAMAR\u00d3GRAFO EJECUTADO EN CANCUN ENTIERRAN SUS RESTOS EL DIA DE SU BODA."},"content":{"rendered":"<p style=\"font-style:normal; font-weight:400; font-family:Raleway; vertical-align:baseline; margin:0px0px10px; border:0px; padding:0px; outline:0px; font-size:19.6px; line-height:1.7em; color:rgb(0,0,0); font-variant-ligatures:normal; font-variant-caps:normal; letter-spacing:normal; orphans:2text-indent:0px; text-transform:none; white-space:normal; widows:2; word-spacing:0px; -webkit-text-stroke-width:0px; text-decoration-style:initial; text-decoration-color:initial; text-align:left;\">Canc\u00fan, Quintana Roo.- Este viernes se ofici\u00f3 una misa de cuerpo presente en honor de Javier Rodr\u00edguez Valladares, el camar\u00f3grafo de Canal 10, asesinado el mi\u00e9rcoles pasado y quien justo este viernes ten\u00eda una cita en el Registro Civil para contraer matrimonio.<\/p>\n<p style=\"font-style:normal; font-weight:400; font-family:Raleway; vertical-align:baseline; margin:0px0px10px; border:0px; padding:0px; outline:0px; font-size:19.6px; line-height:1.7em; color:rgb(0,0,0); font-variant-ligatures:normal; font-variant-caps:normal; letter-spacing:normal; orphans:2text-indent:0px; text-transform:none; white-space:normal; widows:2; word-spacing:0px; -webkit-text-stroke-width:0px; text-decoration-style:initial; text-decoration-color:initial; text-align:left;\">Sus padres, familiares, amigos, compa\u00f1eros de trabajo, colegas del gremio period\u00edstico y activistas en pro de los derechos humanos acudieron a la Catedral de Canc\u00fan, ubicada en el llamado Ombligo Verde, en donde se celebr\u00f3 la misa, para despu\u00e9s enterrar sus restos.<\/p>\n<p style=\"font-style:normal; font-weight:400; font-family:Raleway; vertical-align:baseline; margin:0px0px10px; border:0px; padding:0px; outline:0px; font-size:19.6px; line-height:1.7em; color:rgb(0,0,0); font-variant-ligatures:normal; font-variant-caps:normal; letter-spacing:normal; orphans:2text-indent:0px; text-transform:none; white-space:normal; widows:2; word-spacing:0px; -webkit-text-stroke-width:0px; text-decoration-style:initial; text-decoration-color:initial; text-align:left;\">\u201cNo hemos perdido a un hermano; hemos ganado a un intercesor en el para\u00edso, por cada uno de nosotros, y as\u00ed como Jesucristo fue a prepararnos un lugar en el cielo, tambi\u00e9n Javier estar\u00e1 esperando con los brazos abiertos a que cada uno de nosotros lleguemos para recibirnos con la alegr\u00eda de los justos, de los santos, de los que est\u00e1n ya gozando con la eternidad de Dios\u201d, expres\u00f3 el sacerdote.<\/p>\n<p style=\"font-style:normal; font-weight:400; font-family:Raleway; vertical-align:baseline; margin:0px0px10px; border:0px; padding:0px; outline:0px; font-size:19.6px; line-height:1.7em; color:rgb(0,0,0); font-variant-ligatures:normal; font-variant-caps:normal; letter-spacing:normal; orphans:2text-indent:0px; text-transform:none; white-space:normal; widows:2; word-spacing:0px; -webkit-text-stroke-width:0px; text-decoration-style:initial; text-decoration-color:initial; text-align:left;\">Pasado el mediod\u00eda, en Chetumal, comunicadores de los municipios de Oth\u00f3n P. Blanco, Bacalar y Felipe Carrillo Puerto se manifestaron pac\u00edficamente afuera de las instalaciones de la Comisi\u00f3n Estatal de los Derechos Humanos (Cedhqroo), en protesta por los homicidios de Javier, de Jos\u00e9 Guadalupe Chan y Rub\u00e9n Pat, registrados en Canc\u00fan, Felipe Carrillo Puerto y Playa del Carmen, estos dos \u00faltimos en junio y julio pasado.<\/p>\n<p style=\"font-style:normal; font-weight:400; font-family:Raleway; vertical-align:baseline; margin:0px0px10px; border:0px; padding:0px; outline:0px; font-size:19.6px; line-height:1.7em; color:rgb(0,0,0); font-variant-ligatures:normal; font-variant-caps:normal; letter-spacing:normal; orphans:2text-indent:0px; text-transform:none; white-space:normal; widows:2; word-spacing:0px; -webkit-text-stroke-width:0px; text-decoration-style:initial; text-decoration-color:initial; text-align:left;\">Durante el acto, tambi\u00e9n condenaron la postura de la Fiscal\u00eda de Quintana Roo (FGE), a cargo de Miguel \u00c1ngel Pech Cen, con relaci\u00f3n al asesinato de Rodr\u00edguez Valladares, que fue descartado de origen como un ataque a la libertad de expresi\u00f3n, con el argumento de que el joven no portaba su uniforme ni estaba en horas de trabajo cuando le dispararon a \u00e9l y a la otra v\u00edctima.<\/p>\n<p style=\"font-style:normal; font-weight:400; font-family:Raleway; vertical-align:baseline; margin:0px0px10px; border:0px; padding:0px; outline:0px; font-size:19.6px; line-height:1.7em; color:rgb(0,0,0); font-variant-ligatures:normal; font-variant-caps:normal; letter-spacing:normal; orphans:2text-indent:0px; text-transform:none; white-space:normal; widows:2; word-spacing:0px; -webkit-text-stroke-width:0px; text-decoration-style:initial; text-decoration-color:initial; text-align:left;\">Asimismo, la oficina del alto comisionado de las Naciones Unidad para los Derechos Humanos en M\u00e9xico (ONU-DH) repudi\u00f3 el asesinato del camar\u00f3grafo y exigi\u00f3 a las autoridades de Quintana Roo justicia por estos hechos.<\/p>\n<p style=\"font-style:normal; font-weight:400; font-family:Raleway; vertical-align:baseline; margin:0px0px10px; border:0px; padding:0px; outline:0px; font-size:19.6px; line-height:1.7em; color:rgb(0,0,0); font-variant-ligatures:normal; font-variant-caps:normal; letter-spacing:normal; orphans:2text-indent:0px; text-transform:none; white-space:normal; widows:2; word-spacing:0px; -webkit-text-stroke-width:0px; text-decoration-style:initial; text-decoration-color:initial; text-align:left;\">Durante el acto, tambi\u00e9n condenaron la postura de la Fiscal\u00eda de Quintana Roo (FGE), a cargo de Miguel \u00c1ngel Pech Cen, con relaci\u00f3n al asesinato de Rodr\u00edguez Valladares, que fue descartado de origen como un ataque a la libertad de expresi\u00f3n, con el argumento de que el joven no portaba su uniforme ni estaba en horas de trabajo cuando le dispararon a \u00e9l y a la otra v\u00edctima.<\/p>\n<p style=\"font-style:normal; font-weight:400; font-family:Raleway; vertical-align:baseline; margin:0px0px10px; border:0px; padding:0px; outline:0px; font-size:19.6px; line-height:1.7em; color:rgb(0,0,0); font-variant-ligatures:normal; font-variant-caps:normal; letter-spacing:normal; orphans:2text-indent:0px; text-transform:none; white-space:normal; widows:2; word-spacing:0px; -webkit-text-stroke-width:0px; text-decoration-style:initial; text-decoration-color:initial; text-align:left;\">Asimismo, la oficina del alto comisionado de las Naciones Unidad para los Derechos Humanos en M\u00e9xico (ONU-DH) repudi\u00f3 el asesinato del camar\u00f3grafo y exigi\u00f3 a las autoridades de Quintana Roo justicia por estos hechos.<\/p>\n<div class=\"sharedaddy sd-sharing-enabled\" style=\"font-style:normal; font-weight:400; font-family:Raleway; vertical-align:baseline; margin:0px; border:0px; padding:0px; outline:0px; font-size:14px; clear:both; color:rgb(0,0,0); font-variant-ligatures:normal; font-variant-caps:normal; letter-spacing:normal; orphans:2text-indent:0px; text-transform:none; white-space:normal; widows:2; word-spacing:0px; -webkit-text-stroke-width:0px; text-decoration-style:initial; text-decoration-color:initial; text-align:left;\">\n<div class=\"robots-nocontent sd-block sd-social sd-social-icon sd-sharing\" style=\"font-style:inherit; font-weight:inherit; font-family:Raleway; vertical-align:baseline; margin:0px; border:0px; padding:0px; outline:0px; font-size:14px;\">Fuente Punto Informativo.<\/div>\n<\/div>\n<p><img data-recalc-dims=\"1\" loading=\"lazy\" decoding=\"async\" data-attachment-id=\"1949\" data-permalink=\"https:\/\/mexicocodigorojo.com.mx\/?attachment_id=1949\" data-orig-file=\"https:\/\/i0.wp.com\/mexicocodigorojo.com.mx\/wp-content\/uploads\/2018\/09\/12-1.jpg?fit=396%2C222&amp;ssl=1\" data-orig-size=\"396,222\" data-comments-opened=\"1\" data-image-meta=\"{&quot;aperture&quot;:&quot;0&quot;,&quot;credit&quot;:&quot;&quot;,&quot;camera&quot;:&quot;&quot;,&quot;caption&quot;:&quot;&quot;,&quot;created_timestamp&quot;:&quot;0&quot;,&quot;copyright&quot;:&quot;&quot;,&quot;focal_length&quot;:&quot;0&quot;,&quot;iso&quot;:&quot;0&quot;,&quot;shutter_speed&quot;:&quot;0&quot;,&quot;title&quot;:&quot;&quot;,&quot;orientation&quot;:&quot;0&quot;}\" data-image-title=\"12.jpg\" data-image-description=\"\" data-image-caption=\"\" data-large-file=\"https:\/\/i0.wp.com\/mexicocodigorojo.com.mx\/wp-content\/uploads\/2018\/09\/12-1.jpg?fit=396%2C222&amp;ssl=1\" src=\"https:\/\/i0.wp.com\/mexicocodigorojo.com.mx\/wp-content\/uploads\/2018\/09\/12-1.jpg?resize=396%2C222&#038;ssl=1\" class=\"alignnone size-full wp-image-1949\" width=\"396\" height=\"222\" srcset=\"https:\/\/i0.wp.com\/mexicocodigorojo.com.mx\/wp-content\/uploads\/2018\/09\/12-1.jpg?w=396&amp;ssl=1 396w, https:\/\/i0.wp.com\/mexicocodigorojo.com.mx\/wp-content\/uploads\/2018\/09\/12-1.jpg?resize=300%2C168&amp;ssl=1 300w\" sizes=\"auto, (max-width: 396px) 100vw, 396px\" \/><\/p>\n","protected":false},"excerpt":{"rendered":"<p>Canc\u00fan, Quintana Roo.- Este viernes se ofici\u00f3 una misa de cuerpo presente en honor de Javier Rodr\u00edguez Valladares, el camar\u00f3grafo de Canal 10, asesinado el mi\u00e9rcoles pasado y quien justo este viernes ten\u00eda una cita en el Registro Civil para contraer matrimonio. Sus padres, familiares, amigos, compa\u00f1eros de trabajo, colegas del gremio period\u00edstico y activistas [&hellip;]<\/p>\n","protected":false},"author":5,"featured_media":0,"comment_status":"open","ping_status":"open","sticky":false,"template":"","format":"standard","meta":{"_uf_show_specific_survey":0,"_uf_disable_surveys":false,"advanced_seo_description":"","jetpack_seo_html_title":"","jetpack_seo_noindex":false,"jetpack_post_was_ever_published":false,"_jetpack_newsletter_access":"","_jetpack_dont_email_post_to_subs":false,"_jetpack_newsletter_tier_id":0,"_jetpack_memberships_contains_paywalled_content":false,"_jetpack_memberships_contains_paid_content":false,"footnotes":"","jetpack_publicize_message":"","jetpack_publicize_feature_enabled":true,"jetpack_social_post_already_shared":false,"jetpack_social_options":{"image_generator_settings":{"template":"highway","default_image_id":0,"font":"","enabled":false},"version":2}},"categories":[1724],"tags":[12],"class_list":{"0":"post-1954","1":"post","2":"type-post","3":"status-publish","4":"format-standard","6":"category-featured","7":"tag-crimen-organizado"},"jetpack_publicize_connections":[],"jetpack_featured_media_url":"","jetpack-related-posts":[{"id":1950,"url":"https:\/\/mexicocodigorojo.com.mx\/?p=1950","url_meta":{"origin":1954,"position":0},"title":"CAMAR\u00d3GRAFO EJECUTADO EN CANCUN ENTIERRAN SUS RESTOS EL DIA DE SU BODA.","author":"Staff","date":"septiembre 2, 2018","format":false,"excerpt":"Canc\u00fan, Quintana Roo.- Este viernes se ofici\u00f3 una misa de cuerpo presente en honor de Javier Rodr\u00edguez Valladares, el camar\u00f3grafo de Canal 10, asesinado el mi\u00e9rcoles pasado y quien justo este viernes ten\u00eda una cita en el Registro Civil para contraer matrimonio. Sus padres, familiares, amigos, compa\u00f1eros de trabajo, colegas\u2026","rel":"","context":"En \u00abFeatured\u00bb","block_context":{"text":"Featured","link":"https:\/\/mexicocodigorojo.com.mx\/?cat=1724"},"img":{"alt_text":"","src":"https:\/\/i0.wp.com\/mexicocodigorojo.com.mx\/wp-content\/uploads\/2018\/09\/12-1.jpg?resize=350%2C200&ssl=1","width":350,"height":200},"classes":[]},{"id":1952,"url":"https:\/\/mexicocodigorojo.com.mx\/?p=1952","url_meta":{"origin":1954,"position":1},"title":"CAMAR\u00d3GRAFO EJECUTADO EN CANCUN ENTIERRAN SUS RESTOS EL DIA DE SU BODA.","author":"Staff","date":"septiembre 2, 2018","format":false,"excerpt":"Canc\u00fan, Quintana Roo.- Este viernes se ofici\u00f3 una misa de cuerpo presente en honor de Javier Rodr\u00edguez Valladares, el camar\u00f3grafo de Canal 10, asesinado el mi\u00e9rcoles pasado y quien justo este viernes ten\u00eda una cita en el Registro Civil para contraer matrimonio. Sus padres, familiares, amigos, compa\u00f1eros de trabajo, colegas\u2026","rel":"","context":"En \u00abFeatured\u00bb","block_context":{"text":"Featured","link":"https:\/\/mexicocodigorojo.com.mx\/?cat=1724"},"img":{"alt_text":"","src":"https:\/\/i0.wp.com\/mexicocodigorojo.com.mx\/wp-content\/uploads\/2018\/09\/12-1.jpg?resize=350%2C200&ssl=1","width":350,"height":200},"classes":[]},{"id":1781,"url":"https:\/\/mexicocodigorojo.com.mx\/?p=1781","url_meta":{"origin":1954,"position":2},"title":"Asesinan A Javier Valladares, Camar\u00f3grafo Del Canal 10 De Qroo; Van 3 Periodistas Muertos En El Estado Quintana Roo","author":"Staff","date":"agosto 31, 2018","format":false,"excerpt":"Javier Rodr\u00edguez Valladares, camar\u00f3grafo de Canal 10 de Canc\u00fan fue asesinado este mi\u00e9rcoles, reportaron medios locales. El comunicador y otro hombre, identificado como un artesano, fueron atacados a tiros cerca de la avenida Palenque, de acuerdo al sitio Pedro Canch\u00e9 Noticias. La Fiscal\u00eda General del Estado inform\u00f3 que los hechos\u2026","rel":"","context":"En \u00abQuintana Roo\u00bb","block_context":{"text":"Quintana Roo","link":"https:\/\/mexicocodigorojo.com.mx\/?cat=151"},"img":{"alt_text":"","src":"","width":0,"height":0},"classes":[]},{"id":1864,"url":"https:\/\/mexicocodigorojo.com.mx\/?p=1864","url_meta":{"origin":1954,"position":3},"title":"Bajo el lema \u201cNo tengo uniforme ni horario laboral fijo, pero soy periodista\u201d, comitiva exige investigaci\u00f3n a Pech Cen","author":"Staff","date":"septiembre 1, 2018","format":false,"excerpt":"Canc\u00fan, Quintana Roo.- Amigos y compa\u00f1eros de profesi\u00f3n recordaron hoy a Javier Rodr\u00edguez Valladares. Ir\u00f3nicamente hoy \u201cWinnie Pooh\u201d, como de cari\u00f1o lo conoc\u00edan, iba a ser centro de atenci\u00f3n en un registro civil ya que hoy ten\u00eda previsto casarse por lo civil y el 8 de Septiembre por la Iglesia\u2026","rel":"","context":"En \u00abQuintana Roo\u00bb","block_context":{"text":"Quintana Roo","link":"https:\/\/mexicocodigorojo.com.mx\/?cat=151"},"img":{"alt_text":"","src":"https:\/\/i0.wp.com\/mexicocodigorojo.com.mx\/wp-content\/uploads\/2018\/09\/WhatsApp-Image-2018-08-31-at-8.52.21-PM1-300x225.jpeg?resize=350%2C200&ssl=1","width":350,"height":200},"classes":[]},{"id":6680,"url":"https:\/\/mexicocodigorojo.com.mx\/?p=6680","url_meta":{"origin":1954,"position":4},"title":"Viernes de terror; tres muertos en Canc\u00fan y uno en Puerto Morelos","author":"Staff","date":"octubre 20, 2018","format":false,"excerpt":"Canc\u00fan.- Cuatro personas perdieron la vida, asesinadas a balazos, en ciudades del norte de Quintana Roo. Por la tarde, un hombre fue ejecutado en Puerto Morelos en la v\u00eda p\u00fablica, siendo este el tercer incidente en la semana en este otrora tranquilo lugar. En la semana aventaron una granada que\u2026","rel":"","context":"En \u00abFeatured\u00bb","block_context":{"text":"Featured","link":"https:\/\/mexicocodigorojo.com.mx\/?cat=1724"},"img":{"alt_text":"","src":"","width":0,"height":0},"classes":[]},{"id":27865,"url":"https:\/\/mexicocodigorojo.com.mx\/?p=27865","url_meta":{"origin":1954,"position":5},"title":"Video: Agreden y asaltan a reportero y camar\u00f3grafo en EdoMex","author":"Staff","date":"noviembre 28, 2019","format":false,"excerpt":"En Coacalco, Estado de M\u00e9xico, sujetos agredieron y asaltaron al reportero Aar\u00f3n Tagle y al camar\u00f3grafo\u00a0Jonathan Loyo Durante una transmisi\u00f3n en vivo desde\u00a0Coacalco,\u00a0Estado de M\u00e9xico,\u00a0sujetos\u00a0agredieron y robaron\u00a0al reportero\u00a0Aar\u00f3n Tagle\u00a0y el camar\u00f3grafo\u00a0Jonathan Loyo,\u00a0ambos pertenecientes al medio\u00a0Telediario. Esta agresi\u00f3n habr\u00eda sido perpetrada por\u00a0presuntos choferes de la\u00a0Ruta 5 de Coacalco, quienes rodearon y\u2026","rel":"","context":"En \u00abEstado de M\u00e9xico\u00bb","block_context":{"text":"Estado de M\u00e9xico","link":"https:\/\/mexicocodigorojo.com.mx\/?cat=53"},"img":{"alt_text":"","src":"https:\/\/i0.wp.com\/mexicocodigorojo.com.mx\/wp-content\/uploads\/2019\/11\/agresion-equipo-telediarion-coacalco.jpg?fit=980%2C550&ssl=1&resize=350%2C200","width":350,"height":200,"srcset":"https:\/\/i0.wp.com\/mexicocodigorojo.com.mx\/wp-content\/uploads\/2019\/11\/agresion-equipo-telediarion-coacalco.jpg?fit=980%2C550&ssl=1&resize=350%2C200 1x, https:\/\/i0.wp.com\/mexicocodigorojo.com.mx\/wp-content\/uploads\/2019\/11\/agresion-equipo-telediarion-coacalco.jpg?fit=980%2C550&ssl=1&resize=525%2C300 1.5x, https:\/\/i0.wp.com\/mexicocodigorojo.com.mx\/wp-content\/uploads\/2019\/11\/agresion-equipo-telediarion-coacalco.jpg?fit=980%2C550&ssl=1&resize=700%2C400 2x"},"classes":[]}],"jetpack_sharing_enabled":true,"jetpack_likes_enabled":true,"jetpack_shortlink":"https:\/\/wp.me\/p9TedA-vw","_links":{"self":[{"href":"https:\/\/mexicocodigorojo.com.mx\/index.php?rest_route=\/wp\/v2\/posts\/1954","targetHints":{"allow":["GET"]}}],"collection":[{"href":"https:\/\/mexicocodigorojo.com.mx\/index.php?rest_route=\/wp\/v2\/posts"}],"about":[{"href":"https:\/\/mexicocodigorojo.com.mx\/index.php?rest_route=\/wp\/v2\/types\/post"}],"author":[{"embeddable":true,"href":"https:\/\/mexicocodigorojo.com.mx\/index.php?rest_route=\/wp\/v2\/users\/5"}],"replies":[{"embeddable":true,"href":"https:\/\/mexicocodigorojo.com.mx\/index.php?rest_route=%2Fwp%2Fv2%2Fcomments&post=1954"}],"version-history":[{"count":0,"href":"https:\/\/mexicocodigorojo.com.mx\/index.php?rest_route=\/wp\/v2\/posts\/1954\/revisions"}],"wp:attachment":[{"href":"https:\/\/mexicocodigorojo.com.mx\/index.php?rest_route=%2Fwp%2Fv2%2Fmedia&parent=1954"}],"wp:term":[{"taxonomy":"category","embeddable":true,"href":"https:\/\/mexicocodigorojo.com.mx\/index.php?rest_route=%2Fwp%2Fv2%2Fcategories&post=1954"},{"taxonomy":"post_tag","embeddable":true,"href":"https:\/\/mexicocodigorojo.com.mx\/index.php?rest_route=%2Fwp%2Fv2%2Ftags&post=1954"}],"curies":[{"name":"wp","href":"https:\/\/api.w.org\/{rel}","templated":true}]}}