{"id":1778,"date":"2018-08-30T23:35:41","date_gmt":"2018-08-30T23:35:41","guid":{"rendered":"https:\/\/mexicocodigorojo.com.mx\/?p=1778"},"modified":"2018-08-31T01:28:29","modified_gmt":"2018-08-31T01:28:29","slug":"madre-vio-por-facebook-como-quemaban-a-su-hijo-en-puebla","status":"publish","type":"post","link":"https:\/\/mexicocodigorojo.com.mx\/?p=1778","title":{"rendered":"Madre Vio Por Facebook Como Quemaban A Su Hijo En Puebla"},"content":{"rendered":"<p>&#8216;Ti\u00e9ntense el coraz\u00f3n por favor. \u00c9l es mi hijo, no le hagan da\u00f1o por favor\u2026 Mi ni\u00f1o, me lo mataron\u2019, escribi\u00f3 Charo Rodr\u00edguez en Facebook Alberto Flores Morales de 53 a\u00f1os y Ricardo Flores Rodr\u00edguez de 21, fueron quemados vivos en Acatl\u00e1n de Osorio, en Puebla, acusados de robar ni\u00f1os. Sin embargo, la Fiscal\u00eda General del Estado de Puebla confirm\u00f3 que ambos no hab\u00edan cometido ning\u00fan delito, eran inocentes. La mam\u00e1 de Ricardo, quien estudiana Derecho, vio como lo quemaban en una transmisi\u00f3n de Facebook Live y pidi\u00f3 clemencia para \u00e9l.<\/p>\n<p>\u00c9L ES MI HIJO NO LE HAGAN DA\u00d1O POR FAVOR, \u00c9L NO ES NING\u00daN SECUESTRADOR \u00c9L ES DE TIANGUISTENGO JUNTO CON SU T\u00cdO, INGRATOS POR QU\u00c9 QUEMARON SU CAMIONETA SI ELLOS NO SON SECUESTRADORES SOY MADRE, TI\u00c9NTENSE EL CORAZ\u00d3N POR FAVOR. \u00c9L ES MI HIJO, NO LE HAGAN DA\u00d1O POR FAVOR SON DE TIANGUISTENGO\u201d, ESCRIBI\u00d3 CHARO RODR\u00cdGUEZ EN LA TRANSMISI\u00d3N DE FACEBOOK.<\/p>\n<p>M\u00e1s tarde, comparti\u00f3 en su cuenta de Facebook una de las notas de los hechos y escribi\u00f3: \u201cMi ni\u00f1o, me lo mataron\u201d. La Fiscal\u00eda de Puebla inform\u00f3 que inici\u00f3 una carpeta de investigaci\u00f3n por el delito de homicidio calificado.<\/p>\n<p>Fuente EME Noticias.<\/p>\n<p>Enlace para ver el V\u00eddeo a continuaci\u00f3n ??https:\/\/m.facebook.com\/story.php?story_fbid=402615390268795&amp;id=221105808300006<\/p>\n","protected":false},"excerpt":{"rendered":"<p>&#8216;Ti\u00e9ntense el coraz\u00f3n por favor. \u00c9l es mi hijo, no le hagan da\u00f1o por favor\u2026 Mi ni\u00f1o, me lo mataron\u2019, escribi\u00f3 Charo Rodr\u00edguez en Facebook Alberto Flores Morales de 53 a\u00f1os y Ricardo Flores Rodr\u00edguez de 21, fueron quemados vivos en Acatl\u00e1n de Osorio, en Puebla, acusados de robar ni\u00f1os. Sin embargo, la Fiscal\u00eda General [&hellip;]<\/p>\n","protected":false},"author":5,"featured_media":0,"comment_status":"open","ping_status":"open","sticky":false,"template":"","format":"standard","meta":{"_uf_show_specific_survey":0,"_uf_disable_surveys":false,"advanced_seo_description":"","jetpack_seo_html_title":"","jetpack_seo_noindex":false,"jetpack_post_was_ever_published":false,"_jetpack_newsletter_access":"","_jetpack_dont_email_post_to_subs":false,"_jetpack_newsletter_tier_id":0,"_jetpack_memberships_contains_paywalled_content":false,"_jetpack_memberships_contains_paid_content":false,"footnotes":"","jetpack_publicize_message":"","jetpack_publicize_feature_enabled":true,"jetpack_social_post_already_shared":false,"jetpack_social_options":{"image_generator_settings":{"template":"highway","default_image_id":0,"font":"","enabled":false},"version":2}},"categories":[46],"tags":[12],"class_list":{"0":"post-1778","1":"post","2":"type-post","3":"status-publish","4":"format-standard","6":"category-puebla","7":"tag-crimen-organizado"},"jetpack_publicize_connections":[],"jetpack_featured_media_url":"","jetpack-related-posts":[{"id":1759,"url":"https:\/\/mexicocodigorojo.com.mx\/?p=1759","url_meta":{"origin":1778,"position":0},"title":"No eran robachicos, eran campesinos los hombres quemados vivos en Puebla: Fiscal\u00eda","author":"Staff","date":"agosto 30, 2018","format":false,"excerpt":"Puebla, Pue. (apro).- La Fiscal\u00eda General de Puebla confirm\u00f3 que las dos personas que fueron quemadas vivas la tarde de este mi\u00e9rcoles en Acatl\u00e1n de Osorio, realmente eran campesinos y que se descarta que hubieran participado en un delito, aunque los pobladores los acusaron de robachicos. En un comunicado, la\u2026","rel":"","context":"En \u00abPuebla\u00bb","block_context":{"text":"Puebla","link":"https:\/\/mexicocodigorojo.com.mx\/?cat=46"},"img":{"alt_text":"","src":"https:\/\/i0.wp.com\/mexicocodigorojo.com.mx\/wp-content\/uploads\/2018\/08\/3F56A9F4-7FFC-4DA7-A6EE-E35559604F94.jpeg?fit=1078%2C808&ssl=1&resize=350%2C200","width":350,"height":200,"srcset":"https:\/\/i0.wp.com\/mexicocodigorojo.com.mx\/wp-content\/uploads\/2018\/08\/3F56A9F4-7FFC-4DA7-A6EE-E35559604F94.jpeg?fit=1078%2C808&ssl=1&resize=350%2C200 1x, https:\/\/i0.wp.com\/mexicocodigorojo.com.mx\/wp-content\/uploads\/2018\/08\/3F56A9F4-7FFC-4DA7-A6EE-E35559604F94.jpeg?fit=1078%2C808&ssl=1&resize=525%2C300 1.5x, https:\/\/i0.wp.com\/mexicocodigorojo.com.mx\/wp-content\/uploads\/2018\/08\/3F56A9F4-7FFC-4DA7-A6EE-E35559604F94.jpeg?fit=1078%2C808&ssl=1&resize=700%2C400 2x, https:\/\/i0.wp.com\/mexicocodigorojo.com.mx\/wp-content\/uploads\/2018\/08\/3F56A9F4-7FFC-4DA7-A6EE-E35559604F94.jpeg?fit=1078%2C808&ssl=1&resize=1050%2C600 3x"},"classes":[]},{"id":5881,"url":"https:\/\/mexicocodigorojo.com.mx\/?p=5881","url_meta":{"origin":1778,"position":1},"title":"Desgarradoras palabras de la madre de joven asesinado por sus &#8216;amigos&#8217; en Puebla","author":"Staff","date":"octubre 11, 2018","format":false,"excerpt":"Lorena Canalizo, la madre de Jos\u00e9 Andr\u00e9s Larra\u00f1aga dedic\u00f3 una carta a trav\u00e9s de Facebook donde agradeci\u00f3 a la ciudadan\u00eda de Tuxtepec, Oaxaca, y de Puebla el apoyo para la localizaci\u00f3n del joven asesinado. A una semana de que se viera con vida por \u00faltima vez al joven asesinado por\u2026","rel":"","context":"En \u00abPuebla\u00bb","block_context":{"text":"Puebla","link":"https:\/\/mexicocodigorojo.com.mx\/?cat=46"},"img":{"alt_text":"","src":"https:\/\/i0.wp.com\/mexicocodigorojo.com.mx\/wp-content\/uploads\/2018\/10\/desgarradora_carta-2.jpg_1835716012-2.jpg?resize=350%2C200&ssl=1","width":350,"height":200},"classes":[]},{"id":28744,"url":"https:\/\/mexicocodigorojo.com.mx\/?p=28744","url_meta":{"origin":1778,"position":2},"title":"45 a\u00f1os de c\u00e1rcel a sujeto que asesin\u00f3 a su esposa en Puebla","author":"Staff","date":"diciembre 13, 2019","format":false,"excerpt":"El 24 de abril de 2018, Alejandro M\u00e1rquez Ram\u00edrez lleg\u00f3 al local donde estaba su esposa y la atac\u00f3 con un cuchillo, en Puebla M\u00e1s de un a\u00f1o despu\u00e9s de cometer el\u00a0asesinato\u00a0de su\u00a0esposa, un sujeto fue\u00a0sentenciado\u00a0a 45 a\u00f1os de c\u00e1rcel en el estado de\u00a0Puebla. El 24 de abril de 2018,\u00a0Alejandro\u2026","rel":"","context":"En \u00abPuebla\u00bb","block_context":{"text":"Puebla","link":"https:\/\/mexicocodigorojo.com.mx\/?cat=46"},"img":{"alt_text":"","src":"https:\/\/i0.wp.com\/mexicocodigorojo.com.mx\/wp-content\/uploads\/2019\/12\/feminicida-de-su-esposa-en-puebla.jpg?fit=980%2C550&ssl=1&resize=350%2C200","width":350,"height":200,"srcset":"https:\/\/i0.wp.com\/mexicocodigorojo.com.mx\/wp-content\/uploads\/2019\/12\/feminicida-de-su-esposa-en-puebla.jpg?fit=980%2C550&ssl=1&resize=350%2C200 1x, https:\/\/i0.wp.com\/mexicocodigorojo.com.mx\/wp-content\/uploads\/2019\/12\/feminicida-de-su-esposa-en-puebla.jpg?fit=980%2C550&ssl=1&resize=525%2C300 1.5x, https:\/\/i0.wp.com\/mexicocodigorojo.com.mx\/wp-content\/uploads\/2019\/12\/feminicida-de-su-esposa-en-puebla.jpg?fit=980%2C550&ssl=1&resize=700%2C400 2x"},"classes":[]},{"id":1871,"url":"https:\/\/mexicocodigorojo.com.mx\/?p=1871","url_meta":{"origin":1778,"position":3},"title":"Caen Principales Instigadores Del Linchamiento De Inocentes En Puebla","author":"Staff","date":"septiembre 1, 2018","format":false,"excerpt":"Las v\u00edctimas fueron golpeadas por una turba y todav\u00eda con vida, los rociaron con gasolina y les prendieron fuego. La Fiscal\u00eda General del Estado (FGE) inform\u00f3 que detuvo a dos implicados del doble homicidio de Acatl\u00e1n de Osorio que responden a los nombres de Petronilo N. y Manuel N., quienes\u2026","rel":"","context":"En \u00abPuebla\u00bb","block_context":{"text":"Puebla","link":"https:\/\/mexicocodigorojo.com.mx\/?cat=46"},"img":{"alt_text":"","src":"","width":0,"height":0},"classes":[]},{"id":53466,"url":"https:\/\/mexicocodigorojo.com.mx\/?p=53466","url_meta":{"origin":1778,"position":4},"title":"Mam\u00e1 lanza video para recuperar a su hijo de 9 a\u00f1os; pide intervenci\u00f3n del gobernador de Jalisco","author":"MexicoRojoCvmx","date":"julio 25, 2022","format":false,"excerpt":"A trav\u00e9s de un video que circula en redes sociales, \u00c1ngela Mar\u00eda Barba Ascencio solicit\u00f3 la intervenci\u00f3n del gobernador de Jalisco, Enrique Alfaro, para poder recuperar a su hijo de 9 a\u00f1os, pues su expareja sentimental \u2013quien es hermano de dos integrantes del gabinete estatal y cu\u00f1ado de la diputada\u2026","rel":"","context":"En \u00abFeatured\u00bb","block_context":{"text":"Featured","link":"https:\/\/mexicocodigorojo.com.mx\/?cat=1724"},"img":{"alt_text":"","src":"https:\/\/i0.wp.com\/mexicocodigorojo.com.mx\/wp-content\/uploads\/2022\/07\/Captura-de-pantalla-2022-07-25-100514.jpg?fit=1164%2C716&ssl=1&resize=350%2C200","width":350,"height":200,"srcset":"https:\/\/i0.wp.com\/mexicocodigorojo.com.mx\/wp-content\/uploads\/2022\/07\/Captura-de-pantalla-2022-07-25-100514.jpg?fit=1164%2C716&ssl=1&resize=350%2C200 1x, https:\/\/i0.wp.com\/mexicocodigorojo.com.mx\/wp-content\/uploads\/2022\/07\/Captura-de-pantalla-2022-07-25-100514.jpg?fit=1164%2C716&ssl=1&resize=525%2C300 1.5x, https:\/\/i0.wp.com\/mexicocodigorojo.com.mx\/wp-content\/uploads\/2022\/07\/Captura-de-pantalla-2022-07-25-100514.jpg?fit=1164%2C716&ssl=1&resize=700%2C400 2x, https:\/\/i0.wp.com\/mexicocodigorojo.com.mx\/wp-content\/uploads\/2022\/07\/Captura-de-pantalla-2022-07-25-100514.jpg?fit=1164%2C716&ssl=1&resize=1050%2C600 3x"},"classes":[]},{"id":4063,"url":"https:\/\/mexicocodigorojo.com.mx\/?p=4063","url_meta":{"origin":1778,"position":5},"title":"ERA EL CUERPO DE PAOLO PRATO, ITALIANO DESAPARECIDO EN PUEBLA","author":"Staff","date":"septiembre 25, 2018","format":false,"excerpt":"cad\u00e1ver hallado la semana pasada en la zona lim\u00edtrofe de Puebla y Tlaxcala corresponde al del italiano Paolo Prato, joven reportado como desaparecido desde el pasado 19 de septiembre en la zona del mercado Uni\u00f3n. De acuerdo a los primeros reportes, los familiares del tambi\u00e9n mexicano de nacionalidad identificaron el\u2026","rel":"","context":"En \u00abPuebla\u00bb","block_context":{"text":"Puebla","link":"https:\/\/mexicocodigorojo.com.mx\/?cat=46"},"img":{"alt_text":"","src":"https:\/\/i0.wp.com\/mexicocodigorojo.com.mx\/wp-content\/uploads\/2018\/09\/IMG_20180924_235931_598.jpg?resize=350%2C200&ssl=1","width":350,"height":200},"classes":[]}],"jetpack_sharing_enabled":true,"jetpack_likes_enabled":true,"jetpack_shortlink":"https:\/\/wp.me\/p9TedA-sG","_links":{"self":[{"href":"https:\/\/mexicocodigorojo.com.mx\/index.php?rest_route=\/wp\/v2\/posts\/1778","targetHints":{"allow":["GET"]}}],"collection":[{"href":"https:\/\/mexicocodigorojo.com.mx\/index.php?rest_route=\/wp\/v2\/posts"}],"about":[{"href":"https:\/\/mexicocodigorojo.com.mx\/index.php?rest_route=\/wp\/v2\/types\/post"}],"author":[{"embeddable":true,"href":"https:\/\/mexicocodigorojo.com.mx\/index.php?rest_route=\/wp\/v2\/users\/5"}],"replies":[{"embeddable":true,"href":"https:\/\/mexicocodigorojo.com.mx\/index.php?rest_route=%2Fwp%2Fv2%2Fcomments&post=1778"}],"version-history":[{"count":0,"href":"https:\/\/mexicocodigorojo.com.mx\/index.php?rest_route=\/wp\/v2\/posts\/1778\/revisions"}],"wp:attachment":[{"href":"https:\/\/mexicocodigorojo.com.mx\/index.php?rest_route=%2Fwp%2Fv2%2Fmedia&parent=1778"}],"wp:term":[{"taxonomy":"category","embeddable":true,"href":"https:\/\/mexicocodigorojo.com.mx\/index.php?rest_route=%2Fwp%2Fv2%2Fcategories&post=1778"},{"taxonomy":"post_tag","embeddable":true,"href":"https:\/\/mexicocodigorojo.com.mx\/index.php?rest_route=%2Fwp%2Fv2%2Ftags&post=1778"}],"curies":[{"name":"wp","href":"https:\/\/api.w.org\/{rel}","templated":true}]}}