{"id":1759,"date":"2018-08-30T21:25:23","date_gmt":"2018-08-30T21:25:23","guid":{"rendered":"https:\/\/mexicocodigorojo.com.mx\/?p=1759"},"modified":"2018-08-30T21:25:23","modified_gmt":"2018-08-30T21:25:23","slug":"no-eran-robachicos-eran-campesinos-los-hombres-quemados-vivos-en-puebla-fiscalia","status":"publish","type":"post","link":"https:\/\/mexicocodigorojo.com.mx\/?p=1759","title":{"rendered":"No eran robachicos, eran campesinos los hombres quemados vivos en Puebla: Fiscal\u00eda"},"content":{"rendered":"<p>Puebla, Pue. (apro).- La Fiscal\u00eda General de Puebla confirm\u00f3 que las dos personas que fueron quemadas vivas la tarde de este mi\u00e9rcoles en Acatl\u00e1n de Osorio, realmente eran campesinos y que se descarta que hubieran participado en un delito, aunque los pobladores los acusaron de robachicos.<\/p>\n<p>En un comunicado, la Fiscal\u00eda inform\u00f3 que inici\u00f3 carpeta de investigaci\u00f3n por el delito de homicidio calificado en contra de quien resulte responsable de estos hechos en los cuales fueron asesinados Alberto N, de 56 a\u00f1os de edad y Ricardo N, de 21 a\u00f1os.<\/p>\n<p><img data-recalc-dims=\"1\" loading=\"lazy\" decoding=\"async\" data-attachment-id=\"1761\" data-permalink=\"https:\/\/mexicocodigorojo.com.mx\/?attachment_id=1761\" data-orig-file=\"https:\/\/i0.wp.com\/mexicocodigorojo.com.mx\/wp-content\/uploads\/2018\/08\/AD81512A-6638-41F9-9A1C-75155E00AEEF.jpeg?fit=630%2C315&amp;ssl=1\" data-orig-size=\"630,315\" data-comments-opened=\"1\" data-image-meta=\"{&quot;aperture&quot;:&quot;5.6&quot;,&quot;credit&quot;:&quot;\\u00a9 IDALIA MEDINA\/CUARTOSCURO.COM&quot;,&quot;camera&quot;:&quot;Canon EOS 60D&quot;,&quot;caption&quot;:&quot;ACATL\\u00c1N DE OSORIO, PUEBLA, 29AGOSTO2018.- Dos hombre fueron linchados por pobladores frente al Centro de Readaptaci\\u00f3n Social de Acatl\\u00e1n de Osorio, fueron acusados de intentar robar a dos menores de edad en la comunidad de San Vicente Boquer\\u00f3n. Los hechos ocurrieron pasada las 16:00 horas, cuando una turba ingres\\u00f3 a la penitenciaria y los saco del lugar para prenderles fuego a\\u00fan con vida, enfrente de decenas que presenciari\\u00f3n los hechos. \\rFOTO: IDALIA MEDINA \/CUARTOSCURO.COM&quot;,&quot;created_timestamp&quot;:&quot;1535560492&quot;,&quot;copyright&quot;:&quot;\\u00a9 IDALIA MEDINA\/CUARTOSCURO.COM&quot;,&quot;focal_length&quot;:&quot;87&quot;,&quot;iso&quot;:&quot;100&quot;,&quot;shutter_speed&quot;:&quot;0.0025&quot;,&quot;title&quot;:&quot;&quot;,&quot;orientation&quot;:&quot;0&quot;}\" data-image-title=\"AD81512A-6638-41F9-9A1C-75155E00AEEF\" data-image-description=\"\" data-image-caption=\"&lt;p&gt;ACATL\u00c1N DE OSORIO, PUEBLA, 29AGOSTO2018.- Dos hombre fueron linchados por pobladores frente al Centro de Readaptaci\u00f3n Social de Acatl\u00e1n de Osorio, fueron acusados de intentar robar a dos menores de edad en la comunidad de San Vicente Boquer\u00f3n. Los hechos ocurrieron pasada las 16:00 horas, cuando una turba ingres\u00f3 a la penitenciaria y los saco del lugar para prenderles fuego a\u00fan con vida, enfrente de decenas que presenciari\u00f3n los hechos.&lt;br \/&gt;\nFOTO: IDALIA MEDINA \/CUARTOSCURO.COM&lt;\/p&gt;\n\" data-large-file=\"https:\/\/i0.wp.com\/mexicocodigorojo.com.mx\/wp-content\/uploads\/2018\/08\/AD81512A-6638-41F9-9A1C-75155E00AEEF.jpeg?fit=630%2C315&amp;ssl=1\" class=\"size-medium wp-image-1761\" src=\"https:\/\/i0.wp.com\/mexicocodigorojo.com.mx\/wp-content\/uploads\/2018\/08\/AD81512A-6638-41F9-9A1C-75155E00AEEF.jpeg?resize=300%2C150&#038;ssl=1\" alt=\"\" width=\"300\" height=\"150\" srcset=\"https:\/\/i0.wp.com\/mexicocodigorojo.com.mx\/wp-content\/uploads\/2018\/08\/AD81512A-6638-41F9-9A1C-75155E00AEEF.jpeg?resize=300%2C150&amp;ssl=1 300w, https:\/\/i0.wp.com\/mexicocodigorojo.com.mx\/wp-content\/uploads\/2018\/08\/AD81512A-6638-41F9-9A1C-75155E00AEEF.jpeg?w=630&amp;ssl=1 630w\" sizes=\"auto, (max-width: 300px) 100vw, 300px\" \/><\/p>\n<p>\u201cDe manera preliminar se descarta que los occisos hubieran participado en alg\u00fan delito, presuntamente se dedicaban a labores del campo\u201d, asent\u00f3 la dependencia en el comunicado.<\/p>\n<p>Por las redes sociales, una mujer identificada como Charo y quien asegur\u00f3 ser madre de Ricardo particip\u00f3 en la transmisi\u00f3n en Facebook Live que hizo uno de los pobladores.<\/p>\n<p>En un mensaje desesperado, la mujer pidi\u00f3 a los pobladores de Acatl\u00e1n de Osorio que no le hicieran da\u00f1o a su hijo y a la otra persona que ubica como t\u00edo del joven, pues asegur\u00f3 que no eran secuestradores y que eran originarios de Tianguistengo.<\/p>\n<p><img data-recalc-dims=\"1\" loading=\"lazy\" decoding=\"async\" data-attachment-id=\"1762\" data-permalink=\"https:\/\/mexicocodigorojo.com.mx\/?attachment_id=1762\" data-orig-file=\"https:\/\/i0.wp.com\/mexicocodigorojo.com.mx\/wp-content\/uploads\/2018\/08\/D9130186-C7D3-4540-B9DA-35E9A36B2F16.jpeg?fit=750%2C448&amp;ssl=1\" data-orig-size=\"750,448\" data-comments-opened=\"1\" data-image-meta=\"{&quot;aperture&quot;:&quot;0&quot;,&quot;credit&quot;:&quot;&quot;,&quot;camera&quot;:&quot;&quot;,&quot;caption&quot;:&quot;&quot;,&quot;created_timestamp&quot;:&quot;0&quot;,&quot;copyright&quot;:&quot;&quot;,&quot;focal_length&quot;:&quot;0&quot;,&quot;iso&quot;:&quot;0&quot;,&quot;shutter_speed&quot;:&quot;0&quot;,&quot;title&quot;:&quot;&quot;,&quot;orientation&quot;:&quot;1&quot;}\" data-image-title=\"D9130186-C7D3-4540-B9DA-35E9A36B2F16\" data-image-description=\"\" data-image-caption=\"\" data-large-file=\"https:\/\/i0.wp.com\/mexicocodigorojo.com.mx\/wp-content\/uploads\/2018\/08\/D9130186-C7D3-4540-B9DA-35E9A36B2F16.jpeg?fit=696%2C416&amp;ssl=1\" class=\"alignnone size-medium wp-image-1762\" src=\"https:\/\/i0.wp.com\/mexicocodigorojo.com.mx\/wp-content\/uploads\/2018\/08\/D9130186-C7D3-4540-B9DA-35E9A36B2F16.jpeg?resize=300%2C179&#038;ssl=1\" alt=\"\" width=\"300\" height=\"179\" srcset=\"https:\/\/i0.wp.com\/mexicocodigorojo.com.mx\/wp-content\/uploads\/2018\/08\/D9130186-C7D3-4540-B9DA-35E9A36B2F16.jpeg?resize=300%2C179&amp;ssl=1 300w, https:\/\/i0.wp.com\/mexicocodigorojo.com.mx\/wp-content\/uploads\/2018\/08\/D9130186-C7D3-4540-B9DA-35E9A36B2F16.jpeg?w=750&amp;ssl=1 750w\" sizes=\"auto, (max-width: 300px) 100vw, 300px\" \/><\/p>\n<p>\u201cEstaban en la hora equivocada en el momento equivocado, mi hijo es inocente. En el nombre de la virgencita se los pido, no le hagan da\u00f1o a mi hijo\u201d, suplic\u00f3 la mujer.<\/p>\n<p>\u201cNo s\u00e9, no sean ingratos. \u00c9l es mi hijo, no le hagan da\u00f1o por favor, \u00e9l no es ning\u00fan secuestrador, \u00e9l es de Tianguistengo junto con su t\u00edo. Ingratos. \u00bfPor qu\u00e9 quemaron su camioneta si ellos no son secuestradores? Soy madre, si\u00e9ntanse el coraz\u00f3n por favor, \u00e9l es mi hijo no le hagan da\u00f1o por favor, son de Tianguistengo\u201d, insisti\u00f3 en otro de los mensajes que envi\u00f3 pero que no fueron escuchados por los pobladores.<\/p>\n<p>De acuerdo con versiones extraoficiales, Alberto Flores Morales y Ricardo Flores Rodr\u00edguez fueron detenidos en el poblado de San Vicente Boquer\u00f3n por tomar bebidas embriagantes en la v\u00eda p\u00fablica y fueron trasladados a la comandancia de la cabecera municipal en Acatl\u00e1n de Osorio por faltas administrativas.<\/p>\n<p><img data-recalc-dims=\"1\" loading=\"lazy\" decoding=\"async\" data-attachment-id=\"1763\" data-permalink=\"https:\/\/mexicocodigorojo.com.mx\/?attachment_id=1763\" data-orig-file=\"https:\/\/i0.wp.com\/mexicocodigorojo.com.mx\/wp-content\/uploads\/2018\/08\/4E500BDE-4823-40FD-AC0E-D8DE9ACC3067.jpeg?fit=600%2C400&amp;ssl=1\" data-orig-size=\"600,400\" data-comments-opened=\"1\" data-image-meta=\"{&quot;aperture&quot;:&quot;0&quot;,&quot;credit&quot;:&quot;Rocio Cardona&quot;,&quot;camera&quot;:&quot;&quot;,&quot;caption&quot;:&quot;&quot;,&quot;created_timestamp&quot;:&quot;0&quot;,&quot;copyright&quot;:&quot;&quot;,&quot;focal_length&quot;:&quot;0&quot;,&quot;iso&quot;:&quot;0&quot;,&quot;shutter_speed&quot;:&quot;0&quot;,&quot;title&quot;:&quot;&quot;,&quot;orientation&quot;:&quot;0&quot;}\" data-image-title=\"4E500BDE-4823-40FD-AC0E-D8DE9ACC3067\" data-image-description=\"\" data-image-caption=\"\" data-large-file=\"https:\/\/i0.wp.com\/mexicocodigorojo.com.mx\/wp-content\/uploads\/2018\/08\/4E500BDE-4823-40FD-AC0E-D8DE9ACC3067.jpeg?fit=600%2C400&amp;ssl=1\" class=\"alignnone size-medium wp-image-1763\" src=\"https:\/\/i0.wp.com\/mexicocodigorojo.com.mx\/wp-content\/uploads\/2018\/08\/4E500BDE-4823-40FD-AC0E-D8DE9ACC3067.jpeg?resize=300%2C200&#038;ssl=1\" alt=\"\" width=\"300\" height=\"200\" srcset=\"https:\/\/i0.wp.com\/mexicocodigorojo.com.mx\/wp-content\/uploads\/2018\/08\/4E500BDE-4823-40FD-AC0E-D8DE9ACC3067.jpeg?resize=300%2C200&amp;ssl=1 300w, https:\/\/i0.wp.com\/mexicocodigorojo.com.mx\/wp-content\/uploads\/2018\/08\/4E500BDE-4823-40FD-AC0E-D8DE9ACC3067.jpeg?w=600&amp;ssl=1 600w\" sizes=\"auto, (max-width: 300px) 100vw, 300px\" \/><\/p>\n<p>Sin embargo, algunos pobladores empezaron a divulgar de boca en boca, por WhatsApp y otras redes sociales que los dos detenidos hab\u00edan intentado robar a dos ni\u00f1os.<\/p>\n<p>Esta acusaci\u00f3n caus\u00f3 la ira de los pobladores que aseguran estar cansados de la inseguridad que los afecta d\u00eda a d\u00eda y de que las autoridades dejen en libertad a los delincuentes.<\/p>\n<p>As\u00ed, unos 200 lugare\u00f1os se congregaron afuera de la comandancia de la localidad para sacar por la fuerza a las dos personas detenidas a fin de lincharlas y, seg\u00fan ellos, enviar un supuesto mensaje de escarmiento al resto de los delincuentes que pretendieran atacar en su comunidad.<\/p>\n<p>Al dar por hecho que los dos detenidos eran robachicos los sometieron a golpes, los amarraron, los rociaron con gasolina y les prendieron fuego cuando a\u00fan estaban con vida.<\/p>\n<p>Un poblador incluso transmiti\u00f3 en vivo el ajusticiamiento de quienes aseguraba eran delincuentes y se escuchan las voces de los pobladores gritar \u201c\u00a1M\u00e1tenlos, qu\u00e9menlos vivos!\u201d.<\/p>\n<p>Trascendi\u00f3 que cinco polic\u00edas municipales de esa localidad fueron detenidos por omisi\u00f3n y por no haber accionado los protocolos que incluyen pedir el apoyo de la Secretar\u00eda General de Gobierno y la Secretar\u00eda de Seguridad P\u00fablica Estatal.<\/p>\n<p><img data-recalc-dims=\"1\" loading=\"lazy\" decoding=\"async\" data-attachment-id=\"1764\" data-permalink=\"https:\/\/mexicocodigorojo.com.mx\/?attachment_id=1764\" data-orig-file=\"https:\/\/i0.wp.com\/mexicocodigorojo.com.mx\/wp-content\/uploads\/2018\/08\/F5906DBE-53CE-4C0F-877B-D00C0EAAEC2E.jpeg?fit=1024%2C668&amp;ssl=1\" data-orig-size=\"1024,668\" data-comments-opened=\"1\" data-image-meta=\"{&quot;aperture&quot;:&quot;0&quot;,&quot;credit&quot;:&quot;&quot;,&quot;camera&quot;:&quot;&quot;,&quot;caption&quot;:&quot;&quot;,&quot;created_timestamp&quot;:&quot;1535588936&quot;,&quot;copyright&quot;:&quot;&quot;,&quot;focal_length&quot;:&quot;0&quot;,&quot;iso&quot;:&quot;0&quot;,&quot;shutter_speed&quot;:&quot;0&quot;,&quot;title&quot;:&quot;&quot;,&quot;orientation&quot;:&quot;1&quot;}\" data-image-title=\"F5906DBE-53CE-4C0F-877B-D00C0EAAEC2E\" data-image-description=\"\" data-image-caption=\"\" data-large-file=\"https:\/\/i0.wp.com\/mexicocodigorojo.com.mx\/wp-content\/uploads\/2018\/08\/F5906DBE-53CE-4C0F-877B-D00C0EAAEC2E.jpeg?fit=696%2C454&amp;ssl=1\" class=\"alignnone size-medium wp-image-1764\" src=\"https:\/\/i0.wp.com\/mexicocodigorojo.com.mx\/wp-content\/uploads\/2018\/08\/F5906DBE-53CE-4C0F-877B-D00C0EAAEC2E.jpeg?resize=300%2C196&#038;ssl=1\" alt=\"\" width=\"300\" height=\"196\" srcset=\"https:\/\/i0.wp.com\/mexicocodigorojo.com.mx\/wp-content\/uploads\/2018\/08\/F5906DBE-53CE-4C0F-877B-D00C0EAAEC2E.jpeg?resize=300%2C196&amp;ssl=1 300w, https:\/\/i0.wp.com\/mexicocodigorojo.com.mx\/wp-content\/uploads\/2018\/08\/F5906DBE-53CE-4C0F-877B-D00C0EAAEC2E.jpeg?resize=768%2C501&amp;ssl=1 768w, https:\/\/i0.wp.com\/mexicocodigorojo.com.mx\/wp-content\/uploads\/2018\/08\/F5906DBE-53CE-4C0F-877B-D00C0EAAEC2E.jpeg?w=1024&amp;ssl=1 1024w\" sizes=\"auto, (max-width: 300px) 100vw, 300px\" \/><\/p>\n<p>En el bolet\u00edn, la Fiscal\u00eda indica que se llevan a cabo investigaciones para dar con los responsables de este hecho.<\/p>\n<p>Un linchamiento similar ocurri\u00f3 el 19 de octubre de 2015, cuando los hermanos Rey David y Jos\u00e9 Abraham Copado levantaban encuestas en el municipio de Ajalpan y fueron acusados de ser secuestradores de ni\u00f1os. Igual que en esta ocasi\u00f3n, los pobladores dieron por cierta la informaci\u00f3n que divulgaron unos cuantos y los quemaron vivos.<\/p>\n<p>Desde entonces a la fecha, los linchamientos en localidades rurales de Puebla se han vuelto algo cotidiano. S\u00f3lo en este a\u00f1o, 16 personas han muerto por mano de los propios pobladores que aseguran que esto es la \u00fanica certeza de justicia que tienen a su alcance.<\/p>\n<pre>Fuente: Proceso<\/pre>\n","protected":false},"excerpt":{"rendered":"<p>Puebla, Pue. (apro).- La Fiscal\u00eda General de Puebla confirm\u00f3 que las dos personas que fueron quemadas vivas la tarde de este mi\u00e9rcoles en Acatl\u00e1n de Osorio, realmente eran campesinos y que se descarta que hubieran participado en un delito, aunque los pobladores los acusaron de robachicos. En un comunicado, la Fiscal\u00eda inform\u00f3 que inici\u00f3 carpeta [&hellip;]<\/p>\n","protected":false},"author":5,"featured_media":1760,"comment_status":"open","ping_status":"open","sticky":false,"template":"","format":"standard","meta":{"_uf_show_specific_survey":0,"_uf_disable_surveys":false,"advanced_seo_description":"","jetpack_seo_html_title":"","jetpack_seo_noindex":false,"jetpack_post_was_ever_published":false,"_jetpack_newsletter_access":"","_jetpack_dont_email_post_to_subs":false,"_jetpack_newsletter_tier_id":0,"_jetpack_memberships_contains_paywalled_content":false,"_jetpack_memberships_contains_paid_content":false,"footnotes":"","jetpack_publicize_message":"","jetpack_publicize_feature_enabled":true,"jetpack_social_post_already_shared":false,"jetpack_social_options":{"image_generator_settings":{"template":"highway","default_image_id":0,"font":"","enabled":false},"version":2}},"categories":[46],"tags":[],"class_list":{"0":"post-1759","1":"post","2":"type-post","3":"status-publish","4":"format-standard","5":"has-post-thumbnail","7":"category-puebla"},"jetpack_publicize_connections":[],"jetpack_featured_media_url":"https:\/\/i0.wp.com\/mexicocodigorojo.com.mx\/wp-content\/uploads\/2018\/08\/3F56A9F4-7FFC-4DA7-A6EE-E35559604F94.jpeg?fit=1078%2C808&ssl=1","jetpack-related-posts":[{"id":53401,"url":"https:\/\/mexicocodigorojo.com.mx\/?p=53401","url_meta":{"origin":1759,"position":0},"title":"Detienen a \u201cEl J\u00edcaras\u201d, quinto implicado en linchamiento de dos hombres en Puebla en 2020","author":"MexicoRojoCvmx","date":"julio 18, 2022","format":false,"excerpt":"Elementos minestirales lograron la captura de un quinto involucrado en el linchamiento de dos hombres en el municipio de Puebla, hechos ocurridos en mayo del 2020. Se trata de Leonel N. alias \u201cEl J\u00edcaras\u201d, a quien autoridades se\u00f1alan de haber incitado, junto con al menos cuatro personas m\u00e1s, a pobladores\u2026","rel":"","context":"En \u00abFeatured\u00bb","block_context":{"text":"Featured","link":"https:\/\/mexicocodigorojo.com.mx\/?cat=1724"},"img":{"alt_text":"","src":"https:\/\/i0.wp.com\/mexicocodigorojo.com.mx\/wp-content\/uploads\/2022\/07\/Captura-de-pantalla-2022-07-18-105754.jpg?fit=812%2C698&ssl=1&resize=350%2C200","width":350,"height":200,"srcset":"https:\/\/i0.wp.com\/mexicocodigorojo.com.mx\/wp-content\/uploads\/2022\/07\/Captura-de-pantalla-2022-07-18-105754.jpg?fit=812%2C698&ssl=1&resize=350%2C200 1x, https:\/\/i0.wp.com\/mexicocodigorojo.com.mx\/wp-content\/uploads\/2022\/07\/Captura-de-pantalla-2022-07-18-105754.jpg?fit=812%2C698&ssl=1&resize=525%2C300 1.5x, https:\/\/i0.wp.com\/mexicocodigorojo.com.mx\/wp-content\/uploads\/2022\/07\/Captura-de-pantalla-2022-07-18-105754.jpg?fit=812%2C698&ssl=1&resize=700%2C400 2x"},"classes":[]},{"id":59481,"url":"https:\/\/mexicocodigorojo.com.mx\/?p=59481","url_meta":{"origin":1759,"position":1},"title":"Ejecutan a Vielka Pulido y su novio en Puebla","author":"Staff","date":"abril 4, 2024","format":false,"excerpt":"La influencer Vielka Pulido de 21 a\u00f1os de edad, quien en 2018 fue apodada \u201cLady Humilladora\u201d por obligar a una mujer a pedirle perd\u00f3n de rodillas, fue asesinada a balazos, junto con su pareja en la colonia Santa Cruz Buenavista de la ciudad de Puebla, donde las v\u00edctimas sal\u00edan de\u2026","rel":"","context":"En \u00abFeatured\u00bb","block_context":{"text":"Featured","link":"https:\/\/mexicocodigorojo.com.mx\/?cat=1724"},"img":{"alt_text":"","src":"https:\/\/i0.wp.com\/mexicocodigorojo.com.mx\/wp-content\/uploads\/2024\/04\/img_2735-1.jpg?fit=425%2C230&ssl=1&resize=350%2C200","width":350,"height":200},"classes":[]},{"id":33462,"url":"https:\/\/mexicocodigorojo.com.mx\/?p=33462","url_meta":{"origin":1759,"position":2},"title":"Asesinan a tres estudiantes y a conductor de Uber en Huejotzingo, Puebla","author":"Staff","date":"febrero 25, 2020","format":false,"excerpt":"Polic\u00edas de Huejotzingo localizaron los\u00a0cuerpos sin vida de cuatro personas, tres estudiantes de medicina y un conductor de Uber, en la localidad de Santa Ana Xalmimilulco. De acuerdo con la Fiscal\u00eda General del Estado de Puebla (FGE) sostuvo que el hallazgo se dio este lunes en el\u00a0camino de terracer\u00eda que\u2026","rel":"","context":"En \u00abPuebla\u00bb","block_context":{"text":"Puebla","link":"https:\/\/mexicocodigorojo.com.mx\/?cat=46"},"img":{"alt_text":"","src":"https:\/\/i0.wp.com\/mexicocodigorojo.com.mx\/wp-content\/uploads\/2020\/02\/publa-huejotzingo-carnaval-tres-estudiantes-conductor-uber-fiscalia-tres-detenidos-24022020-877x400-1.jpg?fit=877%2C400&ssl=1&resize=350%2C200","width":350,"height":200,"srcset":"https:\/\/i0.wp.com\/mexicocodigorojo.com.mx\/wp-content\/uploads\/2020\/02\/publa-huejotzingo-carnaval-tres-estudiantes-conductor-uber-fiscalia-tres-detenidos-24022020-877x400-1.jpg?fit=877%2C400&ssl=1&resize=350%2C200 1x, https:\/\/i0.wp.com\/mexicocodigorojo.com.mx\/wp-content\/uploads\/2020\/02\/publa-huejotzingo-carnaval-tres-estudiantes-conductor-uber-fiscalia-tres-detenidos-24022020-877x400-1.jpg?fit=877%2C400&ssl=1&resize=525%2C300 1.5x, https:\/\/i0.wp.com\/mexicocodigorojo.com.mx\/wp-content\/uploads\/2020\/02\/publa-huejotzingo-carnaval-tres-estudiantes-conductor-uber-fiscalia-tres-detenidos-24022020-877x400-1.jpg?fit=877%2C400&ssl=1&resize=700%2C400 2x"},"classes":[]},{"id":1778,"url":"https:\/\/mexicocodigorojo.com.mx\/?p=1778","url_meta":{"origin":1759,"position":3},"title":"Madre Vio Por Facebook Como Quemaban A Su Hijo En Puebla","author":"Staff","date":"agosto 30, 2018","format":false,"excerpt":"'Ti\u00e9ntense el coraz\u00f3n por favor. \u00c9l es mi hijo, no le hagan da\u00f1o por favor\u2026 Mi ni\u00f1o, me lo mataron\u2019, escribi\u00f3 Charo Rodr\u00edguez en Facebook Alberto Flores Morales de 53 a\u00f1os y Ricardo Flores Rodr\u00edguez de 21, fueron quemados vivos en Acatl\u00e1n de Osorio, en Puebla, acusados de robar ni\u00f1os.\u2026","rel":"","context":"En \u00abPuebla\u00bb","block_context":{"text":"Puebla","link":"https:\/\/mexicocodigorojo.com.mx\/?cat=46"},"img":{"alt_text":"","src":"","width":0,"height":0},"classes":[]},{"id":5988,"url":"https:\/\/mexicocodigorojo.com.mx\/?p=5988","url_meta":{"origin":1759,"position":4},"title":"Zacatl\u00e1n: Acribillan a \u201cLa Parka\u201d, l\u00edder huachicolero y a su familia; eran originarios de Poza Rica, Ver.","author":"Staff","date":"octubre 12, 2018","format":false,"excerpt":"Puebla.- Al filo de las 20:50 h de este jueves \u00a0una familia fue asesinada por un grupo armado en las calles del municipio de Zacatl\u00e1n, Puebla, el reporte al 911 de una balacera se\u00f1al\u00f3 la calle Matamoros, a la altura del n\u00famero 21 de la colonia Centro; entre las v\u00edctimas\u2026","rel":"","context":"En \u00abPuebla\u00bb","block_context":{"text":"Puebla","link":"https:\/\/mexicocodigorojo.com.mx\/?cat=46"},"img":{"alt_text":"","src":"https:\/\/i0.wp.com\/mexicocodigorojo.com.mx\/wp-content\/uploads\/2018\/10\/583D4CF2-DA9D-479C-91A2-8AD198CB64D0.jpeg?fit=664%2C498&ssl=1&resize=350%2C200","width":350,"height":200,"srcset":"https:\/\/i0.wp.com\/mexicocodigorojo.com.mx\/wp-content\/uploads\/2018\/10\/583D4CF2-DA9D-479C-91A2-8AD198CB64D0.jpeg?fit=664%2C498&ssl=1&resize=350%2C200 1x, https:\/\/i0.wp.com\/mexicocodigorojo.com.mx\/wp-content\/uploads\/2018\/10\/583D4CF2-DA9D-479C-91A2-8AD198CB64D0.jpeg?fit=664%2C498&ssl=1&resize=525%2C300 1.5x"},"classes":[]},{"id":34579,"url":"https:\/\/mexicocodigorojo.com.mx\/?p=34579","url_meta":{"origin":1759,"position":5},"title":"Cae asesino de 3 turistas en Puebla","author":"Staff","date":"marzo 10, 2020","format":false,"excerpt":"Her\u00f3n \u2018N\u2019 fue detenido el pasado 25 de febrero en Cuetzalan; en 2017 asalt\u00f3 y asesin\u00f3 a tres turistas tras un recorrido por las grutas de Chivostoc PUEBLA La\u00a0Fiscal\u00eda General del Estado\u00a0(FGE) de Puebla inform\u00f3 que fue detenido Her\u00f3n N., presunto responsable del delito de homicidio calificado en agravio de\u2026","rel":"","context":"En \u00abPuebla\u00bb","block_context":{"text":"Puebla","link":"https:\/\/mexicocodigorojo.com.mx\/?cat=46"},"img":{"alt_text":"","src":"https:\/\/i0.wp.com\/mexicocodigorojo.com.mx\/wp-content\/uploads\/2020\/03\/2321759.jpg?fit=664%2C498&ssl=1&resize=350%2C200","width":350,"height":200,"srcset":"https:\/\/i0.wp.com\/mexicocodigorojo.com.mx\/wp-content\/uploads\/2020\/03\/2321759.jpg?fit=664%2C498&ssl=1&resize=350%2C200 1x, https:\/\/i0.wp.com\/mexicocodigorojo.com.mx\/wp-content\/uploads\/2020\/03\/2321759.jpg?fit=664%2C498&ssl=1&resize=525%2C300 1.5x"},"classes":[]}],"jetpack_sharing_enabled":true,"jetpack_likes_enabled":true,"jetpack_shortlink":"https:\/\/wp.me\/p9TedA-sn","_links":{"self":[{"href":"https:\/\/mexicocodigorojo.com.mx\/index.php?rest_route=\/wp\/v2\/posts\/1759","targetHints":{"allow":["GET"]}}],"collection":[{"href":"https:\/\/mexicocodigorojo.com.mx\/index.php?rest_route=\/wp\/v2\/posts"}],"about":[{"href":"https:\/\/mexicocodigorojo.com.mx\/index.php?rest_route=\/wp\/v2\/types\/post"}],"author":[{"embeddable":true,"href":"https:\/\/mexicocodigorojo.com.mx\/index.php?rest_route=\/wp\/v2\/users\/5"}],"replies":[{"embeddable":true,"href":"https:\/\/mexicocodigorojo.com.mx\/index.php?rest_route=%2Fwp%2Fv2%2Fcomments&post=1759"}],"version-history":[{"count":0,"href":"https:\/\/mexicocodigorojo.com.mx\/index.php?rest_route=\/wp\/v2\/posts\/1759\/revisions"}],"wp:featuredmedia":[{"embeddable":true,"href":"https:\/\/mexicocodigorojo.com.mx\/index.php?rest_route=\/wp\/v2\/media\/1760"}],"wp:attachment":[{"href":"https:\/\/mexicocodigorojo.com.mx\/index.php?rest_route=%2Fwp%2Fv2%2Fmedia&parent=1759"}],"wp:term":[{"taxonomy":"category","embeddable":true,"href":"https:\/\/mexicocodigorojo.com.mx\/index.php?rest_route=%2Fwp%2Fv2%2Fcategories&post=1759"},{"taxonomy":"post_tag","embeddable":true,"href":"https:\/\/mexicocodigorojo.com.mx\/index.php?rest_route=%2Fwp%2Fv2%2Ftags&post=1759"}],"curies":[{"name":"wp","href":"https:\/\/api.w.org\/{rel}","templated":true}]}}