{"id":1543,"date":"2018-08-25T03:16:28","date_gmt":"2018-08-25T03:16:28","guid":{"rendered":"https:\/\/mexicocodigorojo.com.mx\/?p=1543"},"modified":"2018-08-25T03:16:28","modified_gmt":"2018-08-25T03:16:28","slug":"cae-la-yegua-operador-del-cartel-del-golfo-en-nuevo-leon-y-tamaulipas","status":"publish","type":"post","link":"https:\/\/mexicocodigorojo.com.mx\/?p=1543","title":{"rendered":"CAE LA YEGUA, OPERADOR DEL C\u00c1RTEL DEL GOLFO EN NUEVO LEON Y TAMAULIPAS"},"content":{"rendered":"<p>Ciudad Victoria, Tamaulipas.- La Procuradur\u00eda General de Justicia de Tamaulipas informa que Christian Aar\u00f3n \u201cN\u201d y H\u00e9ctor Adri\u00e1n \u201cN\u201d, al\u00edas \u201cLa Yegua\u201d, fueron internados en el Centro de Ejecuci\u00f3n de Sanciones de Altamira.<\/p>\n<p><img data-recalc-dims=\"1\" loading=\"lazy\" decoding=\"async\" data-attachment-id=\"1546\" data-permalink=\"https:\/\/mexicocodigorojo.com.mx\/?attachment_id=1546\" data-orig-file=\"https:\/\/i0.wp.com\/mexicocodigorojo.com.mx\/wp-content\/uploads\/2018\/08\/IMG-20180824-WA0022.jpg?fit=1280%2C1124&amp;ssl=1\" data-orig-size=\"1280,1124\" data-comments-opened=\"1\" data-image-meta=\"{&quot;aperture&quot;:&quot;0&quot;,&quot;credit&quot;:&quot;&quot;,&quot;camera&quot;:&quot;&quot;,&quot;caption&quot;:&quot;&quot;,&quot;created_timestamp&quot;:&quot;0&quot;,&quot;copyright&quot;:&quot;&quot;,&quot;focal_length&quot;:&quot;0&quot;,&quot;iso&quot;:&quot;0&quot;,&quot;shutter_speed&quot;:&quot;0&quot;,&quot;title&quot;:&quot;&quot;,&quot;orientation&quot;:&quot;0&quot;}\" data-image-title=\"IMG-20180824-WA0022\" data-image-description=\"\" data-image-caption=\"\" data-large-file=\"https:\/\/i0.wp.com\/mexicocodigorojo.com.mx\/wp-content\/uploads\/2018\/08\/IMG-20180824-WA0022.jpg?fit=696%2C611&amp;ssl=1\" class=\"alignnone size-medium wp-image-1546\" src=\"https:\/\/i0.wp.com\/mexicocodigorojo.com.mx\/wp-content\/uploads\/2018\/08\/IMG-20180824-WA0022.jpg?resize=300%2C263&#038;ssl=1\" alt=\"\" width=\"300\" height=\"263\" srcset=\"https:\/\/i0.wp.com\/mexicocodigorojo.com.mx\/wp-content\/uploads\/2018\/08\/IMG-20180824-WA0022.jpg?resize=300%2C263&amp;ssl=1 300w, https:\/\/i0.wp.com\/mexicocodigorojo.com.mx\/wp-content\/uploads\/2018\/08\/IMG-20180824-WA0022.jpg?resize=768%2C674&amp;ssl=1 768w, https:\/\/i0.wp.com\/mexicocodigorojo.com.mx\/wp-content\/uploads\/2018\/08\/IMG-20180824-WA0022.jpg?resize=1024%2C899&amp;ssl=1 1024w, https:\/\/i0.wp.com\/mexicocodigorojo.com.mx\/wp-content\/uploads\/2018\/08\/IMG-20180824-WA0022.jpg?w=1280&amp;ssl=1 1280w\" sizes=\"auto, (max-width: 300px) 100vw, 300px\" \/><\/p>\n<p><img data-recalc-dims=\"1\" loading=\"lazy\" decoding=\"async\" data-attachment-id=\"1547\" data-permalink=\"https:\/\/mexicocodigorojo.com.mx\/?attachment_id=1547\" data-orig-file=\"https:\/\/i0.wp.com\/mexicocodigorojo.com.mx\/wp-content\/uploads\/2018\/08\/IMG-20180824-WA0021.jpg?fit=1267%2C1280&amp;ssl=1\" data-orig-size=\"1267,1280\" data-comments-opened=\"1\" data-image-meta=\"{&quot;aperture&quot;:&quot;0&quot;,&quot;credit&quot;:&quot;&quot;,&quot;camera&quot;:&quot;&quot;,&quot;caption&quot;:&quot;&quot;,&quot;created_timestamp&quot;:&quot;0&quot;,&quot;copyright&quot;:&quot;&quot;,&quot;focal_length&quot;:&quot;0&quot;,&quot;iso&quot;:&quot;0&quot;,&quot;shutter_speed&quot;:&quot;0&quot;,&quot;title&quot;:&quot;&quot;,&quot;orientation&quot;:&quot;0&quot;}\" data-image-title=\"IMG-20180824-WA0021\" data-image-description=\"\" data-image-caption=\"\" data-large-file=\"https:\/\/i0.wp.com\/mexicocodigorojo.com.mx\/wp-content\/uploads\/2018\/08\/IMG-20180824-WA0021.jpg?fit=696%2C703&amp;ssl=1\" class=\"alignnone size-medium wp-image-1547\" src=\"https:\/\/i0.wp.com\/mexicocodigorojo.com.mx\/wp-content\/uploads\/2018\/08\/IMG-20180824-WA0021.jpg?resize=297%2C300&#038;ssl=1\" alt=\"\" width=\"297\" height=\"300\" srcset=\"https:\/\/i0.wp.com\/mexicocodigorojo.com.mx\/wp-content\/uploads\/2018\/08\/IMG-20180824-WA0021.jpg?resize=297%2C300&amp;ssl=1 297w, https:\/\/i0.wp.com\/mexicocodigorojo.com.mx\/wp-content\/uploads\/2018\/08\/IMG-20180824-WA0021.jpg?resize=768%2C776&amp;ssl=1 768w, https:\/\/i0.wp.com\/mexicocodigorojo.com.mx\/wp-content\/uploads\/2018\/08\/IMG-20180824-WA0021.jpg?resize=1014%2C1024&amp;ssl=1 1014w, https:\/\/i0.wp.com\/mexicocodigorojo.com.mx\/wp-content\/uploads\/2018\/08\/IMG-20180824-WA0021.jpg?w=1267&amp;ssl=1 1267w\" sizes=\"auto, (max-width: 297px) 100vw, 297px\" \/><\/p>\n<p>Un Juez de Control emiti\u00f3 la orden de aprehensi\u00f3n en contra de Christian Aar\u00f3n \u201cN\u201d y H\u00e9ctor Adri\u00e1n \u201cN\u201d, al\u00edas \u201cLa Yegua\u201d, por el delito de secuestro agravado, toda vez que el agente del Ministerio P\u00fablico presento elementos suficientes que muestran la probable responsabilidad de los imputados en el secuestro de una persona del sur del estado, por la que exig\u00edan la cantidad de 10 millones de pesos para su liberaci\u00f3n.<\/p>\n<figure id=\"attachment_1550\" aria-describedby=\"caption-attachment-1550\" style=\"width: 300px\" class=\"wp-caption alignnone\"><img data-recalc-dims=\"1\" loading=\"lazy\" decoding=\"async\" data-attachment-id=\"1550\" data-permalink=\"https:\/\/mexicocodigorojo.com.mx\/?attachment_id=1550\" data-orig-file=\"https:\/\/i0.wp.com\/mexicocodigorojo.com.mx\/wp-content\/uploads\/2018\/08\/IMG-20180824-WA0023.jpg?fit=1280%2C1280&amp;ssl=1\" data-orig-size=\"1280,1280\" data-comments-opened=\"1\" data-image-meta=\"{&quot;aperture&quot;:&quot;0&quot;,&quot;credit&quot;:&quot;&quot;,&quot;camera&quot;:&quot;&quot;,&quot;caption&quot;:&quot;&quot;,&quot;created_timestamp&quot;:&quot;0&quot;,&quot;copyright&quot;:&quot;&quot;,&quot;focal_length&quot;:&quot;0&quot;,&quot;iso&quot;:&quot;0&quot;,&quot;shutter_speed&quot;:&quot;0&quot;,&quot;title&quot;:&quot;&quot;,&quot;orientation&quot;:&quot;0&quot;}\" data-image-title=\"IMG-20180824-WA0023\" data-image-description=\"\" data-image-caption=\"&lt;p&gt;H\u00e9ctor Adri\u00e1n \u00abN\u00bb (con bigote y barba) y Christian Aar\u00f3n \u00abN\u00bb (sin bigote)&lt;\/p&gt;\n\" data-large-file=\"https:\/\/i0.wp.com\/mexicocodigorojo.com.mx\/wp-content\/uploads\/2018\/08\/IMG-20180824-WA0023.jpg?fit=696%2C696&amp;ssl=1\" class=\"size-medium wp-image-1550\" src=\"https:\/\/i0.wp.com\/mexicocodigorojo.com.mx\/wp-content\/uploads\/2018\/08\/IMG-20180824-WA0023.jpg?resize=300%2C300&#038;ssl=1\" alt=\"\" width=\"300\" height=\"300\" srcset=\"https:\/\/i0.wp.com\/mexicocodigorojo.com.mx\/wp-content\/uploads\/2018\/08\/IMG-20180824-WA0023.jpg?resize=300%2C300&amp;ssl=1 300w, https:\/\/i0.wp.com\/mexicocodigorojo.com.mx\/wp-content\/uploads\/2018\/08\/IMG-20180824-WA0023.jpg?resize=150%2C150&amp;ssl=1 150w, https:\/\/i0.wp.com\/mexicocodigorojo.com.mx\/wp-content\/uploads\/2018\/08\/IMG-20180824-WA0023.jpg?resize=768%2C768&amp;ssl=1 768w, https:\/\/i0.wp.com\/mexicocodigorojo.com.mx\/wp-content\/uploads\/2018\/08\/IMG-20180824-WA0023.jpg?resize=1024%2C1024&amp;ssl=1 1024w, https:\/\/i0.wp.com\/mexicocodigorojo.com.mx\/wp-content\/uploads\/2018\/08\/IMG-20180824-WA0023.jpg?w=1280&amp;ssl=1 1280w\" sizes=\"auto, (max-width: 300px) 100vw, 300px\" \/><figcaption id=\"caption-attachment-1550\" class=\"wp-caption-text\">H\u00e9ctor Adri\u00e1n \u00abN\u00bb (con bigote y barba) y Christian Aar\u00f3n \u00abN\u00bb (sin bigote)<\/figcaption><\/figure>\n<p>Los imputados fueron detenidos en la ciudad de Monterrey, Nuevo Le\u00f3n, derivado de los trabajos de colaboraci\u00f3n interinstitucional entre la Coordinaci\u00f3n Estatal Antisecuestros, Polic\u00eda Federal Divisi\u00f3n de Gendarmer\u00eda y personal de la Agencia Estatal de Investigaci\u00f3n del Estado de Nuevo Le\u00f3n.<\/p>\n<p><img data-recalc-dims=\"1\" loading=\"lazy\" decoding=\"async\" data-attachment-id=\"1549\" data-permalink=\"https:\/\/mexicocodigorojo.com.mx\/?attachment_id=1549\" data-orig-file=\"https:\/\/i0.wp.com\/mexicocodigorojo.com.mx\/wp-content\/uploads\/2018\/08\/IMG-20180824-WA0015.jpg?fit=1280%2C960&amp;ssl=1\" data-orig-size=\"1280,960\" data-comments-opened=\"1\" data-image-meta=\"{&quot;aperture&quot;:&quot;0&quot;,&quot;credit&quot;:&quot;&quot;,&quot;camera&quot;:&quot;&quot;,&quot;caption&quot;:&quot;&quot;,&quot;created_timestamp&quot;:&quot;0&quot;,&quot;copyright&quot;:&quot;&quot;,&quot;focal_length&quot;:&quot;0&quot;,&quot;iso&quot;:&quot;0&quot;,&quot;shutter_speed&quot;:&quot;0&quot;,&quot;title&quot;:&quot;&quot;,&quot;orientation&quot;:&quot;0&quot;}\" data-image-title=\"IMG-20180824-WA0015\" data-image-description=\"\" data-image-caption=\"\" data-large-file=\"https:\/\/i0.wp.com\/mexicocodigorojo.com.mx\/wp-content\/uploads\/2018\/08\/IMG-20180824-WA0015.jpg?fit=696%2C522&amp;ssl=1\" class=\"alignnone size-medium wp-image-1549\" src=\"https:\/\/i0.wp.com\/mexicocodigorojo.com.mx\/wp-content\/uploads\/2018\/08\/IMG-20180824-WA0015.jpg?resize=300%2C225&#038;ssl=1\" alt=\"\" width=\"300\" height=\"225\" srcset=\"https:\/\/i0.wp.com\/mexicocodigorojo.com.mx\/wp-content\/uploads\/2018\/08\/IMG-20180824-WA0015.jpg?resize=300%2C225&amp;ssl=1 300w, https:\/\/i0.wp.com\/mexicocodigorojo.com.mx\/wp-content\/uploads\/2018\/08\/IMG-20180824-WA0015.jpg?resize=768%2C576&amp;ssl=1 768w, https:\/\/i0.wp.com\/mexicocodigorojo.com.mx\/wp-content\/uploads\/2018\/08\/IMG-20180824-WA0015.jpg?resize=1024%2C768&amp;ssl=1 1024w, https:\/\/i0.wp.com\/mexicocodigorojo.com.mx\/wp-content\/uploads\/2018\/08\/IMG-20180824-WA0015.jpg?w=1280&amp;ssl=1 1280w\" sizes=\"auto, (max-width: 300px) 100vw, 300px\" \/><\/p>\n<p>El Gobierno de Tamaulipas, a trav\u00e9s de la Procuradur\u00eda General de Justicia del Estado, refrenda su compromiso de colaborar con las instituciones de seguridad de los tres niveles de gobierno, para combatir el delito, as\u00ed como perseguir y castigar a todos aquellos que atenten contra la libertad, las paz y tranquilidad de los tamaulipecos.<\/p>\n","protected":false},"excerpt":{"rendered":"<p>Ciudad Victoria, Tamaulipas.- La Procuradur\u00eda General de Justicia de Tamaulipas informa que Christian Aar\u00f3n \u201cN\u201d y H\u00e9ctor Adri\u00e1n \u201cN\u201d, al\u00edas \u201cLa Yegua\u201d, fueron internados en el Centro de Ejecuci\u00f3n de Sanciones de Altamira. Un Juez de Control emiti\u00f3 la orden de aprehensi\u00f3n en contra de Christian Aar\u00f3n \u201cN\u201d y H\u00e9ctor Adri\u00e1n \u201cN\u201d, al\u00edas \u201cLa Yegua\u201d, [&hellip;]<\/p>\n","protected":false},"author":5,"featured_media":1548,"comment_status":"open","ping_status":"open","sticky":false,"template":"","format":"standard","meta":{"_uf_show_specific_survey":0,"_uf_disable_surveys":false,"advanced_seo_description":"","jetpack_seo_html_title":"","jetpack_seo_noindex":false,"jetpack_post_was_ever_published":false,"_jetpack_newsletter_access":"","_jetpack_dont_email_post_to_subs":false,"_jetpack_newsletter_tier_id":0,"_jetpack_memberships_contains_paywalled_content":false,"_jetpack_memberships_contains_paid_content":false,"footnotes":"","jetpack_publicize_message":"","jetpack_publicize_feature_enabled":true,"jetpack_social_post_already_shared":false,"jetpack_social_options":{"image_generator_settings":{"template":"highway","default_image_id":0,"font":"","enabled":false},"version":2}},"categories":[29,2],"tags":[38,12,13],"class_list":{"0":"post-1543","1":"post","2":"type-post","3":"status-publish","4":"format-standard","5":"has-post-thumbnail","7":"category-nuevo-leon","8":"category-tamaulipas","9":"tag-cdg","10":"tag-crimen-organizado","11":"tag-narcos"},"jetpack_publicize_connections":[],"jetpack_featured_media_url":"https:\/\/i0.wp.com\/mexicocodigorojo.com.mx\/wp-content\/uploads\/2018\/08\/IMG-20180824-WA0016.jpg?fit=1280%2C960&ssl=1","jetpack-related-posts":[{"id":2111,"url":"https:\/\/mexicocodigorojo.com.mx\/?p=2111","url_meta":{"origin":1543,"position":0},"title":"PGJE Inicia Carpeta De Investigaci\u00f3n Por Asesinato De \u2018la Yegua\u2019 En El Cedes. Homicidas Est\u00e1n Identificados.","author":"Staff","date":"septiembre 4, 2018","format":false,"excerpt":"Ciudad Victoria, Tamaulipas, 4 de septiembre.-La Procuradur\u00eda General de Justicia del Estado informa que inici\u00f3 carpeta de investigaci\u00f3n con relaci\u00f3n al homicidio de H\u00e9ctor Adri\u00e1n \u201cN\u201d, alias La Yegua, cometido en en el interior del Centro de Ejecuci\u00f3n de Sanciones (Cedes) de Altamira. H\u00e9ctor Adri\u00e1n \u201cN\u201d fue ingresado el pasado\u2026","rel":"","context":"En \u00abBaja California Sur\u00bb","block_context":{"text":"Baja California Sur","link":"https:\/\/mexicocodigorojo.com.mx\/?cat=134"},"img":{"alt_text":"","src":"https:\/\/i0.wp.com\/mexicocodigorojo.com.mx\/wp-content\/uploads\/2018\/09\/IMG-20180904-WA0011.jpg?resize=350%2C200&ssl=1","width":350,"height":200,"srcset":"https:\/\/i0.wp.com\/mexicocodigorojo.com.mx\/wp-content\/uploads\/2018\/09\/IMG-20180904-WA0011.jpg?resize=350%2C200&ssl=1 1x, https:\/\/i0.wp.com\/mexicocodigorojo.com.mx\/wp-content\/uploads\/2018\/09\/IMG-20180904-WA0011.jpg?resize=525%2C300&ssl=1 1.5x, https:\/\/i0.wp.com\/mexicocodigorojo.com.mx\/wp-content\/uploads\/2018\/09\/IMG-20180904-WA0011.jpg?resize=700%2C400&ssl=1 2x, https:\/\/i0.wp.com\/mexicocodigorojo.com.mx\/wp-content\/uploads\/2018\/09\/IMG-20180904-WA0011.jpg?resize=1050%2C600&ssl=1 3x"},"classes":[]},{"id":40244,"url":"https:\/\/mexicocodigorojo.com.mx\/?p=40244","url_meta":{"origin":1543,"position":1},"title":"Grupo de Operaciones Especiales de Tamaulipas detuvieron a Jes\u00fas Adalberto \u00abN\u00bb, alias Chuy Lavadas, jefe delincuencial en R\u00edo Bravo y H\u00e9ctor \u00abN\u00bb, alias \u00abEl Ori\u00f3n\u00bb","author":"Staff","date":"junio 24, 2020","format":false,"excerpt":"En\u00a0dos\u00a0acciones por parte del elementos del Grupo de Operaciones Especiales de la Polic\u00eda Estatal lograron arrestar a\u00a0dos miembros del crimen organizado en Reynosa y R\u00edo Bravo, a quienes les aseguraron armas, ponchallantas y equipo de comunicaci\u00f3n, entre otras cosas. Extraoficialmente se dijo que en Reynosa las autoridades estatales\u00a0 capturaron a\u2026","rel":"","context":"En \u00abTamaulipas\u00bb","block_context":{"text":"Tamaulipas","link":"https:\/\/mexicocodigorojo.com.mx\/?cat=2"},"img":{"alt_text":"","src":"https:\/\/i0.wp.com\/mexicocodigorojo.com.mx\/wp-content\/uploads\/2020\/06\/EbOnEEPX0AAcBLG.jpg?fit=960%2C616&ssl=1&resize=350%2C200","width":350,"height":200,"srcset":"https:\/\/i0.wp.com\/mexicocodigorojo.com.mx\/wp-content\/uploads\/2020\/06\/EbOnEEPX0AAcBLG.jpg?fit=960%2C616&ssl=1&resize=350%2C200 1x, https:\/\/i0.wp.com\/mexicocodigorojo.com.mx\/wp-content\/uploads\/2020\/06\/EbOnEEPX0AAcBLG.jpg?fit=960%2C616&ssl=1&resize=525%2C300 1.5x, https:\/\/i0.wp.com\/mexicocodigorojo.com.mx\/wp-content\/uploads\/2020\/06\/EbOnEEPX0AAcBLG.jpg?fit=960%2C616&ssl=1&resize=700%2C400 2x"},"classes":[]},{"id":12412,"url":"https:\/\/mexicocodigorojo.com.mx\/?p=12412","url_meta":{"origin":1543,"position":2},"title":"Huyen de Tamaulipas para delinquir en NL","author":"Staff","date":"enero 17, 2019","format":false,"excerpt":"Delincuentes dejan Tamaulipas y llegan a Nuevo Le\u00f3n para escapar de los operativos de seguridad que las autoridades han implementado en el vecino estado Monterrey.- El refuerzo de la seguridad en Tamaulipas tiene un efecto negativo en Nuevo Le\u00f3n, pues los delincuentes ahora buscan cometer sus delitos en nuestro Estado,\u2026","rel":"","context":"En \u00abTamaulipas\u00bb","block_context":{"text":"Tamaulipas","link":"https:\/\/mexicocodigorojo.com.mx\/?cat=2"},"img":{"alt_text":"","src":"","width":0,"height":0},"classes":[]},{"id":7120,"url":"https:\/\/mexicocodigorojo.com.mx\/?p=7120","url_meta":{"origin":1543,"position":3},"title":"Cae Juan Alfonso \u201cN\u201d, alias \u201cGafe y\/o Chucho\u201d en Nuevo Le\u00f3n","author":"Staff","date":"octubre 24, 2018","format":false,"excerpt":"Ciudad Victoria, Tamaulipas.- La Procuradur\u00eda General de Justicia de Tamaulipas, ejecut\u00f3 una orden de aprehensi\u00f3n en contra de Juan Alfonso \u201cN\u201d, alias \u201cGafe y\/o Chucho\u201d, por los delitos de extorsi\u00f3n y asociaci\u00f3n delictuosa. Agentes de la Polic\u00eda Investigadora realizaron la detenci\u00f3n del imputado en colaboraci\u00f3n con la Delegaci\u00f3n de la\u2026","rel":"","context":"En \u00abNuevo Le\u00f3n\u00bb","block_context":{"text":"Nuevo Le\u00f3n","link":"https:\/\/mexicocodigorojo.com.mx\/?cat=29"},"img":{"alt_text":"","src":"https:\/\/i0.wp.com\/mexicocodigorojo.com.mx\/wp-content\/uploads\/2018\/10\/img_-4nomre6430104033078316277.jpg?resize=350%2C200&ssl=1","width":350,"height":200,"srcset":"https:\/\/i0.wp.com\/mexicocodigorojo.com.mx\/wp-content\/uploads\/2018\/10\/img_-4nomre6430104033078316277.jpg?resize=350%2C200&ssl=1 1x, https:\/\/i0.wp.com\/mexicocodigorojo.com.mx\/wp-content\/uploads\/2018\/10\/img_-4nomre6430104033078316277.jpg?resize=525%2C300&ssl=1 1.5x, https:\/\/i0.wp.com\/mexicocodigorojo.com.mx\/wp-content\/uploads\/2018\/10\/img_-4nomre6430104033078316277.jpg?resize=700%2C400&ssl=1 2x"},"classes":[]},{"id":48169,"url":"https:\/\/mexicocodigorojo.com.mx\/?p=48169","url_meta":{"origin":1543,"position":4},"title":"CAE EVARISTO CRUZ S\u00c1NCHEZ ALIAS EL VAQUERO EN NUEVO LE\u00d3N","author":"Staff","date":"abril 6, 2021","format":false,"excerpt":"Ciudad Victoria, Tamaulipas.- La Fiscal\u00eda General de Justicia del Estado de Tamaulipas informa que derivado de las acciones realizada por el Agente del Ministerio P\u00fablico, en abril del 2019, obtuvo orden de aprehensi\u00f3n en contra de Evaristo \u201cC\u201d alias \u201cVaquero\u201d, quien es identificado como l\u00edder de la organizaci\u00f3n criminal denominada\u2026","rel":"","context":"En \u00abFeatured\u00bb","block_context":{"text":"Featured","link":"https:\/\/mexicocodigorojo.com.mx\/?cat=1724"},"img":{"alt_text":"","src":"https:\/\/i0.wp.com\/secureservercdn.net\/166.62.108.22\/cg1.af3.myftpupload.com\/wp-content\/uploads\/2021\/04\/img-20210406-wa01511600333460.jpg?resize=350%2C200&ssl=1","width":350,"height":200,"srcset":"https:\/\/i0.wp.com\/secureservercdn.net\/166.62.108.22\/cg1.af3.myftpupload.com\/wp-content\/uploads\/2021\/04\/img-20210406-wa01511600333460.jpg?resize=350%2C200&ssl=1 1x, https:\/\/i0.wp.com\/secureservercdn.net\/166.62.108.22\/cg1.af3.myftpupload.com\/wp-content\/uploads\/2021\/04\/img-20210406-wa01511600333460.jpg?resize=525%2C300&ssl=1 1.5x"},"classes":[]},{"id":2304,"url":"https:\/\/mexicocodigorojo.com.mx\/?p=2304","url_meta":{"origin":1543,"position":5},"title":"TAMAULIPAS: IMPUTAN A \u00b4PELOCHAS\u00b4 Y \u00b4PANTERA 16\u00b4 NUEVO CARGO DE SECUESTRO","author":"Staff","date":"septiembre 7, 2018","format":false,"excerpt":"Cd. Victoria, Tam.- Agentes de la Coordinaci\u00f3n Estatal Antisecuestros (CEA) de la Procuradur\u00eda General de Justicia de Tamaulipas cumplimentaron una orden de aprehensi\u00f3n en contra de V\u00edctor Manuel \"N\", al\u00edas \"Pantera 16\" o Comandante Viento\"; y Luis Alberto \"N\", alias \"Pelochas o M28\", por el delito de secuestro agravado. Acusan\u2026","rel":"","context":"En \u00abTamaulipas\u00bb","block_context":{"text":"Tamaulipas","link":"https:\/\/mexicocodigorojo.com.mx\/?cat=2"},"img":{"alt_text":"","src":"https:\/\/i0.wp.com\/mexicocodigorojo.com.mx\/wp-content\/uploads\/2018\/09\/whatsappimage20180905at3.17.45pm-focus-min0.53-0.36-628-524-1.jpg?resize=350%2C200&ssl=1","width":350,"height":200,"srcset":"https:\/\/i0.wp.com\/mexicocodigorojo.com.mx\/wp-content\/uploads\/2018\/09\/whatsappimage20180905at3.17.45pm-focus-min0.53-0.36-628-524-1.jpg?resize=350%2C200&ssl=1 1x, https:\/\/i0.wp.com\/mexicocodigorojo.com.mx\/wp-content\/uploads\/2018\/09\/whatsappimage20180905at3.17.45pm-focus-min0.53-0.36-628-524-1.jpg?resize=525%2C300&ssl=1 1.5x"},"classes":[]}],"jetpack_sharing_enabled":true,"jetpack_likes_enabled":true,"jetpack_shortlink":"https:\/\/wp.me\/p9TedA-oT","_links":{"self":[{"href":"https:\/\/mexicocodigorojo.com.mx\/index.php?rest_route=\/wp\/v2\/posts\/1543","targetHints":{"allow":["GET"]}}],"collection":[{"href":"https:\/\/mexicocodigorojo.com.mx\/index.php?rest_route=\/wp\/v2\/posts"}],"about":[{"href":"https:\/\/mexicocodigorojo.com.mx\/index.php?rest_route=\/wp\/v2\/types\/post"}],"author":[{"embeddable":true,"href":"https:\/\/mexicocodigorojo.com.mx\/index.php?rest_route=\/wp\/v2\/users\/5"}],"replies":[{"embeddable":true,"href":"https:\/\/mexicocodigorojo.com.mx\/index.php?rest_route=%2Fwp%2Fv2%2Fcomments&post=1543"}],"version-history":[{"count":0,"href":"https:\/\/mexicocodigorojo.com.mx\/index.php?rest_route=\/wp\/v2\/posts\/1543\/revisions"}],"wp:featuredmedia":[{"embeddable":true,"href":"https:\/\/mexicocodigorojo.com.mx\/index.php?rest_route=\/wp\/v2\/media\/1548"}],"wp:attachment":[{"href":"https:\/\/mexicocodigorojo.com.mx\/index.php?rest_route=%2Fwp%2Fv2%2Fmedia&parent=1543"}],"wp:term":[{"taxonomy":"category","embeddable":true,"href":"https:\/\/mexicocodigorojo.com.mx\/index.php?rest_route=%2Fwp%2Fv2%2Fcategories&post=1543"},{"taxonomy":"post_tag","embeddable":true,"href":"https:\/\/mexicocodigorojo.com.mx\/index.php?rest_route=%2Fwp%2Fv2%2Ftags&post=1543"}],"curies":[{"name":"wp","href":"https:\/\/api.w.org\/{rel}","templated":true}]}}