{"id":15095,"date":"2019-03-05T17:16:52","date_gmt":"2019-03-05T17:16:52","guid":{"rendered":"https:\/\/mexicocodigorojo.com.mx\/?p=15095"},"modified":"2019-03-05T17:16:52","modified_gmt":"2019-03-05T17:16:52","slug":"renuncia-director-de-policia-de-san-pedro-demandara-a-fuerza-civil","status":"publish","type":"post","link":"https:\/\/mexicocodigorojo.com.mx\/?p=15095","title":{"rendered":"Renuncia director de Polic\u00eda de San Pedro; demandar\u00e1 a Fuerza Civil"},"content":{"rendered":"<p>MONTERREY, N.L.- El director de Polic\u00eda y Tr\u00e1nsito de San Pedro, Ra\u00fal Leal Tamez, detenido en d\u00edas pasados por supuestamente haber liberado a dos personas con \u00f3rdenes de aprehensi\u00f3n, renunci\u00f3 hoy a su puesto para emprender acciones legales contra la corporaci\u00f3n estatal Fuerza Civil (FC), que particip\u00f3 en su detenci\u00f3n.<\/p>\n<p>Mediante un video que difunde en la cuenta oficial del ayuntamiento sampetrino @SanPedroNL, el comandante se dirige a los habitantes de ese municipio para afirmar que no ha incurrido en il\u00edcitos y que actuar\u00e1 contra los agentes que lo privaron de la libertad la semana pasada.<\/p>\n<p>&nbsp;<\/p>\n<blockquote class=\"twitter-tweet\" data-width=\"550\" data-dnt=\"true\">\n<p lang=\"es\" dir=\"ltr\">A trav\u00e9s de este medio, el Director General de Polic\u00eda y Tr\u00e1nsito, Ra\u00fal Leal Tamez, env\u00eda un mensaje a la comunidad de San Pedro <a href=\"https:\/\/twitter.com\/hashtag\/SPGG?src=hash&amp;ref_src=twsrc%5Etfw\">#SPGG<\/a> <a href=\"https:\/\/t.co\/n2R3dcHX8A\">pic.twitter.com\/n2R3dcHX8A<\/a><\/p>\n<p>&mdash; San Pedro (@SanPedroNL) <a href=\"https:\/\/twitter.com\/SanPedroNL\/status\/1102725695099285504?ref_src=twsrc%5Etfw\">March 5, 2019<\/a><\/p><\/blockquote>\n<p><script async src=\"https:\/\/platform.twitter.com\/widgets.js\" charset=\"utf-8\"><\/script><\/p>\n<p>\u201cTras lo sucedido la semana pasada, considero importante emprender acciones legales para aclarar los hechos e impedir que se pretenda desprestigiarme. Para dedicarme a eso, he presentado mi renuncia al se\u00f1or alcalde, a quien le agradezco haberme otorgado su voto de confianza en estos dif\u00edciles momentos\u201d, expuso el exservidor p\u00fablico.<\/p>\n<p>El pasado mi\u00e9rcoles 27 de febrero, Leal Tamez particip\u00f3 en la supuesta liberaci\u00f3n de dos personas que hab\u00edan sido detenidas por elementos municipales bajo su mando, en San Pedro.<\/p>\n<p>Estas personas hab\u00edan sido denunciadas por un vecino por supuestamente haberlo extorsionado.<\/p>\n<p>Ese mismo d\u00eda por la tarde, elementos de la Agencia Estatal de Investigaciones fueron al cuartel municipal a detenerlo, pero fue puesto en libertad horas despu\u00e9s, luego de que el detenido presentara un amparo, adem\u00e1s de que no se comprob\u00f3 que hubiera flagrancia en su detenci\u00f3n.<\/p>\n<p>Al d\u00eda siguiente de los hechos, el alcalde Miguel Trevi\u00f1o p\u00fablicamente extern\u00f3 su respaldo al director de Polic\u00eda y Tr\u00e1nsito, y dijo que se reintegrar\u00eda sus labores, aunque ahora, el mismo comandante anunci\u00f3 que dejaba el puesto.<\/p>\n<p>No se sabe cu\u00e1les ser\u00e1n los t\u00e9rminos de la demanda que presentar\u00e1 contra FC.<\/p>\n<p>San Pedro se encuentra actualmente en medio de una ola de hechos violentos, que motivaron que los integrantes de su corporaci\u00f3n policiaca fueran acuartelados, para someterlos a pruebas de confianza con el prop\u00f3sito de evitar infiltraciones de los c\u00e1rteles.<\/p>\n<p>Los patrullajes preventivos son efectuados ah\u00ed por polic\u00edas estatales de Fuerza Civil y militares.<\/p>\n<p>&nbsp;<\/p>\n<p><a href=\"https:\/\/www.proceso.com.mx\/574045\/renuncia-director-de-policia-de-san-pedro-demandara-a-fuerza-civil\">Proceso<\/a><\/p>\n","protected":false},"excerpt":{"rendered":"<p>MONTERREY, N.L.- El director de Polic\u00eda y Tr\u00e1nsito de San Pedro, Ra\u00fal Leal Tamez, detenido en d\u00edas pasados por supuestamente haber liberado a dos personas con \u00f3rdenes de aprehensi\u00f3n, renunci\u00f3 hoy a su puesto para emprender acciones legales contra la corporaci\u00f3n estatal Fuerza Civil (FC), que particip\u00f3 en su detenci\u00f3n. Mediante un video que difunde [&hellip;]<\/p>\n","protected":false},"author":5,"featured_media":15096,"comment_status":"open","ping_status":"open","sticky":false,"template":"","format":"standard","meta":{"_uf_show_specific_survey":0,"_uf_disable_surveys":false,"advanced_seo_description":"","jetpack_seo_html_title":"","jetpack_seo_noindex":false,"jetpack_post_was_ever_published":false,"_jetpack_newsletter_access":"","_jetpack_dont_email_post_to_subs":false,"_jetpack_newsletter_tier_id":0,"_jetpack_memberships_contains_paywalled_content":false,"_jetpack_memberships_contains_paid_content":false,"footnotes":"","jetpack_publicize_message":"","jetpack_publicize_feature_enabled":true,"jetpack_social_post_already_shared":false,"jetpack_social_options":{"image_generator_settings":{"template":"highway","default_image_id":0,"font":"","enabled":false},"version":2}},"categories":[29],"tags":[59],"class_list":{"0":"post-15095","1":"post","2":"type-post","3":"status-publish","4":"format-standard","5":"has-post-thumbnail","7":"category-nuevo-leon","8":"tag-seguridad"},"jetpack_publicize_connections":[],"jetpack_featured_media_url":"https:\/\/i0.wp.com\/mexicocodigorojo.com.mx\/wp-content\/uploads\/2019\/03\/WhatsApp-Image-2019-03-04-at-10.31.34-PM-1078x617.jpeg?fit=1078%2C617&ssl=1","jetpack-related-posts":[{"id":60179,"url":"https:\/\/mexicocodigorojo.com.mx\/?p=60179","url_meta":{"origin":15095,"position":0},"title":"Acusan al director de Fuerza Civil en Veracruz, \u201cF\u00e9nix\u201d de cometer desapariciones forzadas, detenciones arbitrarias y tener nexos con \u201chuachicoleros\u201d","author":"Staff","date":"mayo 2, 2024","format":false,"excerpt":"Dejan lonas en la zona sur de Veracruz contra el \"F\u00c9NIX\" nuevo director de la Fuerza Civil. Cosoleacaque, Ver. - En diversos puntos de la regi\u00f3n sur de Veracruz, principalmente en Coatzacoalcos, Cosoleacaque, Minatitl\u00e1n, Nanchital e Ixhuatl\u00e1n del Sureste fueron colocadas varias lonas en las que acusan de constantes abusos\u2026","rel":"","context":"En \u00abFeatured\u00bb","block_context":{"text":"Featured","link":"https:\/\/mexicocodigorojo.com.mx\/?cat=1724"},"img":{"alt_text":"","src":"https:\/\/i0.wp.com\/mexicocodigorojo.com.mx\/wp-content\/uploads\/2024\/05\/738f0f82-4652-4651-9bfa-19ec9f618e78-1.jpg?fit=1080%2C813&ssl=1&resize=350%2C200","width":350,"height":200,"srcset":"https:\/\/i0.wp.com\/mexicocodigorojo.com.mx\/wp-content\/uploads\/2024\/05\/738f0f82-4652-4651-9bfa-19ec9f618e78-1.jpg?fit=1080%2C813&ssl=1&resize=350%2C200 1x, https:\/\/i0.wp.com\/mexicocodigorojo.com.mx\/wp-content\/uploads\/2024\/05\/738f0f82-4652-4651-9bfa-19ec9f618e78-1.jpg?fit=1080%2C813&ssl=1&resize=525%2C300 1.5x, https:\/\/i0.wp.com\/mexicocodigorojo.com.mx\/wp-content\/uploads\/2024\/05\/738f0f82-4652-4651-9bfa-19ec9f618e78-1.jpg?fit=1080%2C813&ssl=1&resize=700%2C400 2x, https:\/\/i0.wp.com\/mexicocodigorojo.com.mx\/wp-content\/uploads\/2024\/05\/738f0f82-4652-4651-9bfa-19ec9f618e78-1.jpg?fit=1080%2C813&ssl=1&resize=1050%2C600 3x"},"classes":[]},{"id":8906,"url":"https:\/\/mexicocodigorojo.com.mx\/?p=8906","url_meta":{"origin":15095,"position":1},"title":"CARTEL del NORESTE \u00abLEVANTO y VIOLO\u00bb POLICIAS ESTATALES\u00bb de N.L y los INTERROGO por CAPTURA del \u00abGAFE\u00bb","author":"Staff","date":"noviembre 15, 2018","format":false,"excerpt":"Las autoridades mexicanas est\u00e1n investigando el secuestro de un grupo de agentes de la polic\u00eda estatal y la presunta violaci\u00f3n de otro polic\u00eda como recompensa por la reciente detenci\u00f3n de un l\u00edder del c\u00e1rtel. \u00a0 En los d\u00edas posteriores a los ataques, el director de Seguridad P\u00fablica de Nuevo Le\u00f3n,\u2026","rel":"","context":"En \u00abNuevo Le\u00f3n\u00bb","block_context":{"text":"Nuevo Le\u00f3n","link":"https:\/\/mexicocodigorojo.com.mx\/?cat=29"},"img":{"alt_text":"Fuerza Civil","src":"https:\/\/i0.wp.com\/mexicocodigorojo.com.mx\/wp-content\/uploads\/2018\/11\/Screen-Shot-2018-11-13-at-08.42.39.png?fit=630%2C418&ssl=1&resize=350%2C200","width":350,"height":200,"srcset":"https:\/\/i0.wp.com\/mexicocodigorojo.com.mx\/wp-content\/uploads\/2018\/11\/Screen-Shot-2018-11-13-at-08.42.39.png?fit=630%2C418&ssl=1&resize=350%2C200 1x, https:\/\/i0.wp.com\/mexicocodigorojo.com.mx\/wp-content\/uploads\/2018\/11\/Screen-Shot-2018-11-13-at-08.42.39.png?fit=630%2C418&ssl=1&resize=525%2C300 1.5x"},"classes":[]},{"id":20451,"url":"https:\/\/mexicocodigorojo.com.mx\/?p=20451","url_meta":{"origin":15095,"position":2},"title":"Ejecutan a polic\u00eda y a su hija en Ac\u00e1mbaro, Guanajuato","author":"Staff","date":"julio 23, 2019","format":false,"excerpt":"Este hecho ocurre 34 horas despu\u00e9s del asesinato de un agente ministerial y su hija de ocho meses de edad, cuando se encontraba en un parque p\u00fablico en el municipio de Celaya, Guanajuato. Matan a polic\u00eda y a su hija en Ac\u00e1mbaro, Guanajuato Un elemento de la Polic\u00eda Municipal de\u2026","rel":"","context":"En \u00abGuanajuato\u00bb","block_context":{"text":"Guanajuato","link":"https:\/\/mexicocodigorojo.com.mx\/?cat=18"},"img":{"alt_text":"","src":"https:\/\/i0.wp.com\/mexicocodigorojo.com.mx\/wp-content\/uploads\/2019\/07\/policia_asesinado_acambaro1.jpg_806131413.jpg?fit=958%2C596&ssl=1&resize=350%2C200","width":350,"height":200,"srcset":"https:\/\/i0.wp.com\/mexicocodigorojo.com.mx\/wp-content\/uploads\/2019\/07\/policia_asesinado_acambaro1.jpg_806131413.jpg?fit=958%2C596&ssl=1&resize=350%2C200 1x, https:\/\/i0.wp.com\/mexicocodigorojo.com.mx\/wp-content\/uploads\/2019\/07\/policia_asesinado_acambaro1.jpg_806131413.jpg?fit=958%2C596&ssl=1&resize=525%2C300 1.5x, https:\/\/i0.wp.com\/mexicocodigorojo.com.mx\/wp-content\/uploads\/2019\/07\/policia_asesinado_acambaro1.jpg_806131413.jpg?fit=958%2C596&ssl=1&resize=700%2C400 2x"},"classes":[]},{"id":41469,"url":"https:\/\/mexicocodigorojo.com.mx\/?p=41469","url_meta":{"origin":15095,"position":3},"title":"Acusan a pareja de abuso sexual en San Pedro","author":"Staff","date":"agosto 9, 2020","format":false,"excerpt":"Los hechos ocurren en la colonia L\u00e1zaro Garza Ayala, en San Pedro Garza Garc\u00eda San Pedro\u00a0Garza Garc\u00eda.- Un hombre y una mujer fueron detenidos por elementos de la Polic\u00eda de\u00a0San Pedro\u00a0tras ser acusados de violaci\u00f3n por una menor de 14 a\u00f1os. La detenci\u00f3n se realiz\u00f3 a las 05:57 horas de\u2026","rel":"","context":"En \u00abFeatured\u00bb","block_context":{"text":"Featured","link":"https:\/\/mexicocodigorojo.com.mx\/?cat=1724"},"img":{"alt_text":"","src":"https:\/\/i0.wp.com\/mexicocodigorojo.com.mx\/wp-content\/uploads\/2020\/08\/cropw454h297sanpedro-focus-0-0-940-615.jpg?fit=940%2C615&ssl=1&resize=350%2C200","width":350,"height":200,"srcset":"https:\/\/i0.wp.com\/mexicocodigorojo.com.mx\/wp-content\/uploads\/2020\/08\/cropw454h297sanpedro-focus-0-0-940-615.jpg?fit=940%2C615&ssl=1&resize=350%2C200 1x, https:\/\/i0.wp.com\/mexicocodigorojo.com.mx\/wp-content\/uploads\/2020\/08\/cropw454h297sanpedro-focus-0-0-940-615.jpg?fit=940%2C615&ssl=1&resize=525%2C300 1.5x, https:\/\/i0.wp.com\/mexicocodigorojo.com.mx\/wp-content\/uploads\/2020\/08\/cropw454h297sanpedro-focus-0-0-940-615.jpg?fit=940%2C615&ssl=1&resize=700%2C400 2x"},"classes":[]},{"id":25500,"url":"https:\/\/mexicocodigorojo.com.mx\/?p=25500","url_meta":{"origin":15095,"position":4},"title":"Se enfrentan polic\u00edas y delincuentes en Bustamante, NL","author":"Staff","date":"octubre 16, 2019","format":false,"excerpt":"Un elemento de Fuerza Civil result\u00f3 lesionado luego de que volcara la unidad en la que viajaba Bustamante.-\u00a0Un enfrentamiento entre elementos de Fuerza Civil y civiles armados dej\u00f3 como saldo un polic\u00eda herido luego de que la unidad en la que viajaba se volc\u00f3 en el municipio de Bustamante. El\u2026","rel":"","context":"En \u00abNuevo Le\u00f3n\u00bb","block_context":{"text":"Nuevo Le\u00f3n","link":"https:\/\/mexicocodigorojo.com.mx\/?cat=29"},"img":{"alt_text":"","src":"https:\/\/i0.wp.com\/mexicocodigorojo.com.mx\/wp-content\/uploads\/2019\/10\/cropw0h0bustamante1-focus-0-0-940-615.jpg?fit=940%2C615&ssl=1&resize=350%2C200","width":350,"height":200,"srcset":"https:\/\/i0.wp.com\/mexicocodigorojo.com.mx\/wp-content\/uploads\/2019\/10\/cropw0h0bustamante1-focus-0-0-940-615.jpg?fit=940%2C615&ssl=1&resize=350%2C200 1x, https:\/\/i0.wp.com\/mexicocodigorojo.com.mx\/wp-content\/uploads\/2019\/10\/cropw0h0bustamante1-focus-0-0-940-615.jpg?fit=940%2C615&ssl=1&resize=525%2C300 1.5x, https:\/\/i0.wp.com\/mexicocodigorojo.com.mx\/wp-content\/uploads\/2019\/10\/cropw0h0bustamante1-focus-0-0-940-615.jpg?fit=940%2C615&ssl=1&resize=700%2C400 2x"},"classes":[]},{"id":56420,"url":"https:\/\/mexicocodigorojo.com.mx\/?p=56420","url_meta":{"origin":15095,"position":5},"title":"Raptan y violan a adolescente de 15 a\u00f1os en Culiac\u00e1n","author":"Staff","date":"junio 20, 2023","format":false,"excerpt":"Las autoridades de Sinaloa investigan el rapto de una adolescente de 15 a\u00f1os de edad, cuya identidad se mantiene en reserva, en la colonia Reforma de Culiac\u00e1n, Sinaloa. La jovencita fue localizada abandonada a un costado de la carretera M\u00e9xico-Nogales, en el municipio de Salvador Alvarado, golpeada y presuntamente v\u00edctima\u2026","rel":"","context":"En \u00abFeatured\u00bb","block_context":{"text":"Featured","link":"https:\/\/mexicocodigorojo.com.mx\/?cat=1724"},"img":{"alt_text":"","src":"https:\/\/i0.wp.com\/mexicocodigorojo.com.mx\/wp-content\/uploads\/2023\/06\/Captura-de-Pantalla-2019-11-20-a-las-13.10.04.png?fit=628%2C424&ssl=1&resize=350%2C200","width":350,"height":200,"srcset":"https:\/\/i0.wp.com\/mexicocodigorojo.com.mx\/wp-content\/uploads\/2023\/06\/Captura-de-Pantalla-2019-11-20-a-las-13.10.04.png?fit=628%2C424&ssl=1&resize=350%2C200 1x, https:\/\/i0.wp.com\/mexicocodigorojo.com.mx\/wp-content\/uploads\/2023\/06\/Captura-de-Pantalla-2019-11-20-a-las-13.10.04.png?fit=628%2C424&ssl=1&resize=525%2C300 1.5x"},"classes":[]}],"jetpack_sharing_enabled":true,"jetpack_likes_enabled":true,"jetpack_shortlink":"https:\/\/wp.me\/p9TedA-3Vt","_links":{"self":[{"href":"https:\/\/mexicocodigorojo.com.mx\/index.php?rest_route=\/wp\/v2\/posts\/15095","targetHints":{"allow":["GET"]}}],"collection":[{"href":"https:\/\/mexicocodigorojo.com.mx\/index.php?rest_route=\/wp\/v2\/posts"}],"about":[{"href":"https:\/\/mexicocodigorojo.com.mx\/index.php?rest_route=\/wp\/v2\/types\/post"}],"author":[{"embeddable":true,"href":"https:\/\/mexicocodigorojo.com.mx\/index.php?rest_route=\/wp\/v2\/users\/5"}],"replies":[{"embeddable":true,"href":"https:\/\/mexicocodigorojo.com.mx\/index.php?rest_route=%2Fwp%2Fv2%2Fcomments&post=15095"}],"version-history":[{"count":0,"href":"https:\/\/mexicocodigorojo.com.mx\/index.php?rest_route=\/wp\/v2\/posts\/15095\/revisions"}],"wp:featuredmedia":[{"embeddable":true,"href":"https:\/\/mexicocodigorojo.com.mx\/index.php?rest_route=\/wp\/v2\/media\/15096"}],"wp:attachment":[{"href":"https:\/\/mexicocodigorojo.com.mx\/index.php?rest_route=%2Fwp%2Fv2%2Fmedia&parent=15095"}],"wp:term":[{"taxonomy":"category","embeddable":true,"href":"https:\/\/mexicocodigorojo.com.mx\/index.php?rest_route=%2Fwp%2Fv2%2Fcategories&post=15095"},{"taxonomy":"post_tag","embeddable":true,"href":"https:\/\/mexicocodigorojo.com.mx\/index.php?rest_route=%2Fwp%2Fv2%2Ftags&post=15095"}],"curies":[{"name":"wp","href":"https:\/\/api.w.org\/{rel}","templated":true}]}}