{"id":14101,"date":"2019-02-14T14:06:39","date_gmt":"2019-02-14T14:06:39","guid":{"rendered":"https:\/\/mexicocodigorojo.com.mx\/?p=14101"},"modified":"2019-02-14T15:09:59","modified_gmt":"2019-02-14T15:09:59","slug":"video-de-el-comandante-cejas-interrogando-asesinando-brutalmente-a-una-persona","status":"publish","type":"post","link":"https:\/\/mexicocodigorojo.com.mx\/?p=14101","title":{"rendered":"(VIDEO) DE EL \u00abCOMANDANTE CEJAS\u00bb INTERROGANDO &#038; ASESINANDO BRUTALMENTE A UNA PERSONA"},"content":{"rendered":"<p><strong>(VIDEO) DE EL \u00abCOMANDANTE CEJAS\u00bb INTERROGANDO &amp; ASESINANDO BRUTALMENTE A UNA PERSONA<\/strong><\/p>\n<p>A casi cuatro meses de la detenci\u00f3n de Juan P. R., alias el Comandante Cejas, en redes sociales circula un video de una de las macabras ejecuciones que llev\u00f3 a cabo.<\/p>\n<p>El Comandante Cejas se hac\u00eda pasar por miembro del C\u00e1rtel Jalisco Nueva Generaci\u00f3n (CJNG) y lideraba una banda de criminales que se dedicaban a secuestrar y asesinar a taxistas que trabajaban en municipios de Valles Centrales, Oaxaca.<\/p>\n<p>El Comandante Cejas era conocido por su sanguinaria forma de delinquir; incluso, grababa los homicidios, lanzaba amenazas en contra de sindicatos, pol\u00edticos y hasta funcionarios.<\/p>\n<p><img data-recalc-dims=\"1\" loading=\"lazy\" decoding=\"async\" data-attachment-id=\"14094\" data-permalink=\"https:\/\/mexicocodigorojo.com.mx\/?attachment_id=14094\" data-orig-file=\"https:\/\/i0.wp.com\/mexicocodigorojo.com.mx\/wp-content\/uploads\/2019\/02\/taxista_el-Cejas-400x202.jpg?fit=400%2C202&amp;ssl=1\" data-orig-size=\"400,202\" data-comments-opened=\"1\" data-image-meta=\"{&quot;aperture&quot;:&quot;0&quot;,&quot;credit&quot;:&quot;&quot;,&quot;camera&quot;:&quot;&quot;,&quot;caption&quot;:&quot;&quot;,&quot;created_timestamp&quot;:&quot;0&quot;,&quot;copyright&quot;:&quot;&quot;,&quot;focal_length&quot;:&quot;0&quot;,&quot;iso&quot;:&quot;0&quot;,&quot;shutter_speed&quot;:&quot;0&quot;,&quot;title&quot;:&quot;&quot;,&quot;orientation&quot;:&quot;0&quot;}\" data-image-title=\"taxista_el-Cejas-400&amp;#215;202.jpg\" data-image-description=\"\" data-image-caption=\"\" data-large-file=\"https:\/\/i0.wp.com\/mexicocodigorojo.com.mx\/wp-content\/uploads\/2019\/02\/taxista_el-Cejas-400x202.jpg?fit=400%2C202&amp;ssl=1\" class=\"alignnone wp-image-14094 size-full\" src=\"https:\/\/i0.wp.com\/mexicocodigorojo.com.mx\/wp-content\/uploads\/2019\/02\/taxista_el-Cejas-400x202.jpg?resize=400%2C202&#038;ssl=1\" width=\"400\" height=\"202\" srcset=\"https:\/\/i0.wp.com\/mexicocodigorojo.com.mx\/wp-content\/uploads\/2019\/02\/taxista_el-Cejas-400x202.jpg?resize=400%2C202&amp;ssl=1 400w, https:\/\/i0.wp.com\/mexicocodigorojo.com.mx\/wp-content\/uploads\/2019\/02\/taxista_el-Cejas-400x202.jpg?resize=300%2C152&amp;ssl=1 300w\" sizes=\"auto, (max-width: 400px) 100vw, 400px\" \/><\/p>\n<p>Uno de los videos m\u00e1s estremecedores fue retomado por internautas. En las im\u00e1genes se observa a al menos tres hombres con la cara cubierta y bien armados.<\/p>\n<p>En el centro se mira a un joven de tez morena, sin playera, con los ojos vendados, las manos atadas y de rodillas.Mientras sicarios encapuchados apuntan a su v\u00edctima, un hombre fuera de cuadro lanza amenazas con palabras altisonantes. En la web, se atribuye la voz a El Comandante Cejas.<\/p>\n<p>Tras terminar el amago, uno de los sujetos pone una soga al cuello del martirizado, lo tira al piso y despu\u00e9s comienza a ahorcarlo.<\/p>\n<p><img data-recalc-dims=\"1\" loading=\"lazy\" decoding=\"async\" data-attachment-id=\"14095\" data-permalink=\"https:\/\/mexicocodigorojo.com.mx\/?attachment_id=14095\" data-orig-file=\"https:\/\/i0.wp.com\/mexicocodigorojo.com.mx\/wp-content\/uploads\/2019\/02\/Comandante-Cejas-640x343-400x214.jpg?fit=400%2C214&amp;ssl=1\" data-orig-size=\"400,214\" data-comments-opened=\"1\" data-image-meta=\"{&quot;aperture&quot;:&quot;0&quot;,&quot;credit&quot;:&quot;&quot;,&quot;camera&quot;:&quot;&quot;,&quot;caption&quot;:&quot;&quot;,&quot;created_timestamp&quot;:&quot;0&quot;,&quot;copyright&quot;:&quot;&quot;,&quot;focal_length&quot;:&quot;0&quot;,&quot;iso&quot;:&quot;0&quot;,&quot;shutter_speed&quot;:&quot;0&quot;,&quot;title&quot;:&quot;&quot;,&quot;orientation&quot;:&quot;0&quot;}\" data-image-title=\"Comandante-Cejas-640&amp;#215;343-400&amp;#215;214.jpg\" data-image-description=\"\" data-image-caption=\"\" data-large-file=\"https:\/\/i0.wp.com\/mexicocodigorojo.com.mx\/wp-content\/uploads\/2019\/02\/Comandante-Cejas-640x343-400x214.jpg?fit=400%2C214&amp;ssl=1\" class=\"alignnone wp-image-14095 size-full\" src=\"https:\/\/i0.wp.com\/mexicocodigorojo.com.mx\/wp-content\/uploads\/2019\/02\/Comandante-Cejas-640x343-400x214.jpg?resize=400%2C214&#038;ssl=1\" width=\"400\" height=\"214\" srcset=\"https:\/\/i0.wp.com\/mexicocodigorojo.com.mx\/wp-content\/uploads\/2019\/02\/Comandante-Cejas-640x343-400x214.jpg?resize=400%2C214&amp;ssl=1 400w, https:\/\/i0.wp.com\/mexicocodigorojo.com.mx\/wp-content\/uploads\/2019\/02\/Comandante-Cejas-640x343-400x214.jpg?resize=300%2C161&amp;ssl=1 300w\" sizes=\"auto, (max-width: 400px) 100vw, 400px\" \/><\/p>\n<p><img data-recalc-dims=\"1\" loading=\"lazy\" decoding=\"async\" data-attachment-id=\"14096\" data-permalink=\"https:\/\/mexicocodigorojo.com.mx\/?attachment_id=14096\" data-orig-file=\"https:\/\/i0.wp.com\/mexicocodigorojo.com.mx\/wp-content\/uploads\/2019\/02\/Dn3ji_lU0AAlDbR-400x277.jpg?fit=400%2C277&amp;ssl=1\" data-orig-size=\"400,277\" data-comments-opened=\"1\" data-image-meta=\"{&quot;aperture&quot;:&quot;0&quot;,&quot;credit&quot;:&quot;&quot;,&quot;camera&quot;:&quot;&quot;,&quot;caption&quot;:&quot;&quot;,&quot;created_timestamp&quot;:&quot;0&quot;,&quot;copyright&quot;:&quot;&quot;,&quot;focal_length&quot;:&quot;0&quot;,&quot;iso&quot;:&quot;0&quot;,&quot;shutter_speed&quot;:&quot;0&quot;,&quot;title&quot;:&quot;&quot;,&quot;orientation&quot;:&quot;0&quot;}\" data-image-title=\"Dn3ji_lU0AAlDbR-400&amp;#215;277.jpg\" data-image-description=\"\" data-image-caption=\"\" data-large-file=\"https:\/\/i0.wp.com\/mexicocodigorojo.com.mx\/wp-content\/uploads\/2019\/02\/Dn3ji_lU0AAlDbR-400x277.jpg?fit=400%2C277&amp;ssl=1\" class=\"alignnone wp-image-14096 size-full\" src=\"https:\/\/i0.wp.com\/mexicocodigorojo.com.mx\/wp-content\/uploads\/2019\/02\/Dn3ji_lU0AAlDbR-400x277.jpg?resize=400%2C277&#038;ssl=1\" width=\"400\" height=\"277\" data-temp-aztec-id=\"40f02182-802e-4049-9418-be6257c2f2cb\" srcset=\"https:\/\/i0.wp.com\/mexicocodigorojo.com.mx\/wp-content\/uploads\/2019\/02\/Dn3ji_lU0AAlDbR-400x277.jpg?resize=400%2C277&amp;ssl=1 400w, https:\/\/i0.wp.com\/mexicocodigorojo.com.mx\/wp-content\/uploads\/2019\/02\/Dn3ji_lU0AAlDbR-400x277.jpg?resize=300%2C208&amp;ssl=1 300w, https:\/\/i0.wp.com\/mexicocodigorojo.com.mx\/wp-content\/uploads\/2019\/02\/Dn3ji_lU0AAlDbR-400x277.jpg?resize=392%2C272&amp;ssl=1 392w, https:\/\/i0.wp.com\/mexicocodigorojo.com.mx\/wp-content\/uploads\/2019\/02\/Dn3ji_lU0AAlDbR-400x277.jpg?resize=130%2C90&amp;ssl=1 130w\" sizes=\"auto, (max-width: 400px) 100vw, 400px\" \/><\/p>\n<p>La escena es sumamente aterradora, pues todos los hombres colaboran para privar de la vida al joven; algunos tiraron de la cuerda, mientras que otros pisaron su cuerpo y cabeza.<\/p>\n<p>El hombre fue identificado como Te\u00f3dulo R. R., quien trabajaba como taxista y despu\u00e9s de que fue torturado y asesinado por El Comandante Cejas, su cuerpo fue hallado dentro de la cajuela de su auto.<\/p>\n<p>https:\/\/twitter.com\/Mexico_RojoMx\/status\/1096047540116500481?s=19<\/p>\n","protected":false},"excerpt":{"rendered":"<p>(VIDEO) DE EL \u00abCOMANDANTE CEJAS\u00bb INTERROGANDO &amp; ASESINANDO BRUTALMENTE A UNA PERSONA A casi cuatro meses de la detenci\u00f3n de Juan P. R., alias el Comandante Cejas, en redes sociales circula un video de una de las macabras ejecuciones que llev\u00f3 a cabo. El Comandante Cejas se hac\u00eda pasar por miembro del C\u00e1rtel Jalisco Nueva [&hellip;]<\/p>\n","protected":false},"author":5,"featured_media":0,"comment_status":"open","ping_status":"open","sticky":false,"template":"","format":"standard","meta":{"_uf_show_specific_survey":0,"_uf_disable_surveys":false,"advanced_seo_description":"","jetpack_seo_html_title":"","jetpack_seo_noindex":false,"jetpack_post_was_ever_published":false,"_jetpack_newsletter_access":"","_jetpack_dont_email_post_to_subs":false,"_jetpack_newsletter_tier_id":0,"_jetpack_memberships_contains_paywalled_content":false,"_jetpack_memberships_contains_paid_content":false,"footnotes":"","jetpack_publicize_message":"","jetpack_publicize_feature_enabled":true,"jetpack_social_post_already_shared":false,"jetpack_social_options":{"image_generator_settings":{"template":"highway","default_image_id":0,"font":"","enabled":false},"version":2}},"categories":[36],"tags":[12],"class_list":{"0":"post-14101","1":"post","2":"type-post","3":"status-publish","4":"format-standard","6":"category-oaxaca","7":"tag-crimen-organizado"},"jetpack_publicize_connections":[],"jetpack_featured_media_url":"","jetpack-related-posts":[{"id":17324,"url":"https:\/\/mexicocodigorojo.com.mx\/?p=17324","url_meta":{"origin":14101,"position":0},"title":"Ejecutan a comandante de la polic\u00eda de Tezonapa, Veracruz","author":"Staff","date":"mayo 16, 2019","format":false,"excerpt":"XALAPA, Ver. -Aurelio R\u00edos Avenda\u00f1o, Palma, comandante de la Polic\u00eda Municipal de Tezonapa y exdelegado de la Secretar\u00eda de Seguridad P\u00fablica en Fort\u00edn de las Flores fue privado de la libertad anoche por sujetos armado y hoy apareci\u00f3 sin vida en un camino de terracer\u00eda cerca de la carretera Olmeaca-Tezonapa,\u2026","rel":"","context":"En \u00abVeracruz\u00bb","block_context":{"text":"Veracruz","link":"https:\/\/mexicocodigorojo.com.mx\/?cat=22"},"img":{"alt_text":"","src":"https:\/\/i0.wp.com\/mexicocodigorojo.com.mx\/wp-content\/uploads\/2019\/05\/Sin-t%C3%ADtulo-3.jpg?fit=709%2C439&ssl=1&resize=350%2C200","width":350,"height":200,"srcset":"https:\/\/i0.wp.com\/mexicocodigorojo.com.mx\/wp-content\/uploads\/2019\/05\/Sin-t%C3%ADtulo-3.jpg?fit=709%2C439&ssl=1&resize=350%2C200 1x, https:\/\/i0.wp.com\/mexicocodigorojo.com.mx\/wp-content\/uploads\/2019\/05\/Sin-t%C3%ADtulo-3.jpg?fit=709%2C439&ssl=1&resize=525%2C300 1.5x, https:\/\/i0.wp.com\/mexicocodigorojo.com.mx\/wp-content\/uploads\/2019\/05\/Sin-t%C3%ADtulo-3.jpg?fit=709%2C439&ssl=1&resize=700%2C400 2x"},"classes":[]},{"id":24115,"url":"https:\/\/mexicocodigorojo.com.mx\/?p=24115","url_meta":{"origin":14101,"position":1},"title":"Video; Grupo armado anuncia \u00ablimpia\u00bb en el Estado de M\u00e9xico","author":"Staff","date":"septiembre 24, 2019","format":false,"excerpt":"Un nuevo grupo armado bajo el mando del \"Comandante R-10\" anunci\u00f3 una \"limpia\" de secuestradores y extorsionadores en el Estado de M\u00e9xico A trav\u00e9s de redes sociales circula un video donde aparece un grupo de hombres encapuchados y fuermente armados, comandados por un sujeto identificado como \"Comandante 10\", quien anuncia\u2026","rel":"","context":"En \u00abEstado de M\u00e9xico\u00bb","block_context":{"text":"Estado de M\u00e9xico","link":"https:\/\/mexicocodigorojo.com.mx\/?cat=53"},"img":{"alt_text":"","src":"https:\/\/i0.wp.com\/mexicocodigorojo.com.mx\/wp-content\/uploads\/2019\/09\/comandante_r-10.jpg_219914347.jpg?fit=960%2C540&ssl=1&resize=350%2C200","width":350,"height":200,"srcset":"https:\/\/i0.wp.com\/mexicocodigorojo.com.mx\/wp-content\/uploads\/2019\/09\/comandante_r-10.jpg_219914347.jpg?fit=960%2C540&ssl=1&resize=350%2C200 1x, https:\/\/i0.wp.com\/mexicocodigorojo.com.mx\/wp-content\/uploads\/2019\/09\/comandante_r-10.jpg_219914347.jpg?fit=960%2C540&ssl=1&resize=525%2C300 1.5x, https:\/\/i0.wp.com\/mexicocodigorojo.com.mx\/wp-content\/uploads\/2019\/09\/comandante_r-10.jpg_219914347.jpg?fit=960%2C540&ssl=1&resize=700%2C400 2x"},"classes":[]},{"id":53224,"url":"https:\/\/mexicocodigorojo.com.mx\/?p=53224","url_meta":{"origin":14101,"position":2},"title":"Masacre en Oaxaca, ejecutan a una familia y en otro hecho a tres polic\u00edas","author":"Staff","date":"julio 4, 2022","format":false,"excerpt":"Una familia fue acribillada a balazos en San Nicol\u00e1s de Hidalgo, en la regi\u00f3n mixteca de Oaxaca. La polic\u00eda municipal inform\u00f3 que la familia fue atacada a balazos cuando transitaba en el paraje Cerro del Caballo. Un comando intercept\u00f3 a la familia y dispar\u00f3 contra ellos. De manera preliminar, informaron\u2026","rel":"","context":"En \u00abFeatured\u00bb","block_context":{"text":"Featured","link":"https:\/\/mexicocodigorojo.com.mx\/?cat=1724"},"img":{"alt_text":"","src":"https:\/\/i0.wp.com\/mexicocodigorojo.com.mx\/wp-content\/uploads\/2022\/07\/FW1au8nVEAAT9jZ.jpg?fit=720%2C405&ssl=1&resize=350%2C200","width":350,"height":200,"srcset":"https:\/\/i0.wp.com\/mexicocodigorojo.com.mx\/wp-content\/uploads\/2022\/07\/FW1au8nVEAAT9jZ.jpg?fit=720%2C405&ssl=1&resize=350%2C200 1x, https:\/\/i0.wp.com\/mexicocodigorojo.com.mx\/wp-content\/uploads\/2022\/07\/FW1au8nVEAAT9jZ.jpg?fit=720%2C405&ssl=1&resize=525%2C300 1.5x, https:\/\/i0.wp.com\/mexicocodigorojo.com.mx\/wp-content\/uploads\/2022\/07\/FW1au8nVEAAT9jZ.jpg?fit=720%2C405&ssl=1&resize=700%2C400 2x"},"classes":[]},{"id":23994,"url":"https:\/\/mexicocodigorojo.com.mx\/?p=23994","url_meta":{"origin":14101,"position":3},"title":"Comandante de la polic\u00eda estatal secuestrado y decapitado en Canc\u00fan","author":"Staff","date":"septiembre 23, 2019","format":false,"excerpt":"Un grupo de pistoleros del c\u00e1rtel en Canc\u00fan secuestr\u00f3, tortur\u00f3 y decapit\u00f3 a un alto comandante de la ley estatal. Aparentemente, el caso descubri\u00f3 una ola de corrupci\u00f3n en la que los funcionarios presuntamente favorecen a ciertas organizaciones criminales sobre otras. El domingo, las autoridades descubrieron el cuerpo decapitado de\u2026","rel":"","context":"En \u00abQuintana Roo\u00bb","block_context":{"text":"Quintana Roo","link":"https:\/\/mexicocodigorojo.com.mx\/?cat=151"},"img":{"alt_text":"","src":"https:\/\/i0.wp.com\/mexicocodigorojo.com.mx\/wp-content\/uploads\/2019\/09\/Cancun-Beach-Security-Getty-Images-640x480.jpg?fit=640%2C480&ssl=1&resize=350%2C200","width":350,"height":200,"srcset":"https:\/\/i0.wp.com\/mexicocodigorojo.com.mx\/wp-content\/uploads\/2019\/09\/Cancun-Beach-Security-Getty-Images-640x480.jpg?fit=640%2C480&ssl=1&resize=350%2C200 1x, https:\/\/i0.wp.com\/mexicocodigorojo.com.mx\/wp-content\/uploads\/2019\/09\/Cancun-Beach-Security-Getty-Images-640x480.jpg?fit=640%2C480&ssl=1&resize=525%2C300 1.5x"},"classes":[]},{"id":42113,"url":"https:\/\/mexicocodigorojo.com.mx\/?p=42113","url_meta":{"origin":14101,"position":4},"title":"(VIDEO) COMANDANTE DEL GRUPO DE LA  POLICIA,ACCION &#038; REACCION  (PAR) TENIA AMENAZADO AL VALEDOR TV EN PIEDRAS NEGRAS COAHUILA","author":"MexicoRojo","date":"agosto 22, 2020","format":false,"excerpt":"A pesar de las distintas versiones sobre la muerte del Valedor a manos de agentes de la fiscalia del estado, se logro filtrar otra versi\u00f3n en la que el grupo de sicarios de los politicos del estado dirigidos por Sonia Villarreal y conocidos por sus siglas PAR fueron los que\u2026","rel":"","context":"En \u00abFeatured\u00bb","block_context":{"text":"Featured","link":"https:\/\/mexicocodigorojo.com.mx\/?cat=1724"},"img":{"alt_text":"","src":"https:\/\/i0.wp.com\/secureservercdn.net\/166.62.108.22\/cg1.af3.myftpupload.com\/wp-content\/uploads\/2020\/08\/fb_img_15981438681749124528855466097752.jpg?resize=350%2C200&ssl=1","width":350,"height":200},"classes":[]},{"id":28880,"url":"https:\/\/mexicocodigorojo.com.mx\/?p=28880","url_meta":{"origin":14101,"position":5},"title":"CJNG INCURSIONA EN TAXCO GUERRERO &#038; ANUNCIA LIMPIA DE LACRAS COBRA CUOTAS","author":"MexicoRojo","date":"diciembre 17, 2019","format":false,"excerpt":"Un video difundido en redes sociales anunci\u00f3 la supuesta llegada del C\u00e1rtel Jalisco Nueva Generaci\u00f3n (CJNG) al municipio de Taxco, en el estado de Guerrero. En la grabaci\u00f3n se observa a seis presuntos integrantes de la organizaci\u00f3n criminal encabezada por Nemesio Oseguera Cervantes, alias \u201cEl Mencho\u201d. La grabaci\u00f3n, de poco\u2026","rel":"","context":"En \u00abGuerrero\u00bb","block_context":{"text":"Guerrero","link":"https:\/\/mexicocodigorojo.com.mx\/?cat=26"},"img":{"alt_text":"","src":"","width":0,"height":0},"classes":[]}],"jetpack_sharing_enabled":true,"jetpack_likes_enabled":true,"jetpack_shortlink":"https:\/\/wp.me\/p9TedA-3Fr","_links":{"self":[{"href":"https:\/\/mexicocodigorojo.com.mx\/index.php?rest_route=\/wp\/v2\/posts\/14101","targetHints":{"allow":["GET"]}}],"collection":[{"href":"https:\/\/mexicocodigorojo.com.mx\/index.php?rest_route=\/wp\/v2\/posts"}],"about":[{"href":"https:\/\/mexicocodigorojo.com.mx\/index.php?rest_route=\/wp\/v2\/types\/post"}],"author":[{"embeddable":true,"href":"https:\/\/mexicocodigorojo.com.mx\/index.php?rest_route=\/wp\/v2\/users\/5"}],"replies":[{"embeddable":true,"href":"https:\/\/mexicocodigorojo.com.mx\/index.php?rest_route=%2Fwp%2Fv2%2Fcomments&post=14101"}],"version-history":[{"count":0,"href":"https:\/\/mexicocodigorojo.com.mx\/index.php?rest_route=\/wp\/v2\/posts\/14101\/revisions"}],"wp:attachment":[{"href":"https:\/\/mexicocodigorojo.com.mx\/index.php?rest_route=%2Fwp%2Fv2%2Fmedia&parent=14101"}],"wp:term":[{"taxonomy":"category","embeddable":true,"href":"https:\/\/mexicocodigorojo.com.mx\/index.php?rest_route=%2Fwp%2Fv2%2Fcategories&post=14101"},{"taxonomy":"post_tag","embeddable":true,"href":"https:\/\/mexicocodigorojo.com.mx\/index.php?rest_route=%2Fwp%2Fv2%2Ftags&post=14101"}],"curies":[{"name":"wp","href":"https:\/\/api.w.org\/{rel}","templated":true}]}}